{"id":51289,"date":"2020-03-04T00:30:35","date_gmt":"2020-03-04T03:30:35","guid":{"rendered":"http:\/\/www.adf.org.br\/home\/?p=51289"},"modified":"2020-03-04T00:30:35","modified_gmt":"2020-03-04T03:30:35","slug":"invocacao-a-nossa-senhora-aparecida-para-voce","status":"publish","type":"post","link":"https:\/\/www.adf.org.br\/home\/invocacao-a-nossa-senhora-aparecida-para-voce\/","title":{"rendered":"Invoca\u00e7\u00e3o \u00e0 Nossa Senhora Aparecida"},"content":{"rendered":"<p style=\"text-align: center;\"><a href=\"https:\/\/go.hotmart.com\/U9378331D\" target=\"_blank\" rel=\"noopener noreferrer\"><img loading=\"lazy\" class=\"alignnone wp-image-51290\" src=\"https:\/\/www.adf.org.br\/home\/wp-content\/uploads\/2019\/03\/Nossa-Senhora-Aparecida-PNG.png\" alt=\"Aparecida\" width=\"335\" height=\"335\" \/><\/a><\/p>\n<p style=\"text-align: center;\"><span style=\"font-weight: 400; font-size: 14pt; color: #000000; font-family: verdana, geneva, sans-serif;\"><strong>\u201c\u00d3 minha Nossa Senhora Aparecida,\u00a0<\/strong>Virgem pur\u00edssima,<br \/>\nconcebida sem pecado, eu Vos suplico para que aben\u00e7oe o dia da hoje,<br \/>\nme fa\u00e7a tomar as decis\u00f5es mais corretas em minha vida.\u201d<\/span><\/p>\n<p>&nbsp;<\/p>\n<p><span style=\"font-weight: 400; font-size: 12pt; color: #000000; font-family: verdana, geneva, sans-serif;\">Essa \u00e9 uma breve invoca\u00e7\u00e3o a Nossa Senhora, extra\u00edda do Livro Digital &#8211; <strong><span style=\"color: #0000ff;\"><a style=\"color: #0000ff;\" href=\"https:\/\/checkout.hotmart.com\/V5555540P?hp=1&amp;checkoutMode=10&amp;sck=8736&amp;bid=1493302867695&amp;fev=76384262&amp;fol=2372&amp;ref=U9378331D\" target=\"_blank\" rel=\"noopener noreferrer\">30 Dias com Nossa Senhora Aparecida.<\/a><\/span><\/strong><\/span><\/p>\n<p><span style=\"color: #ffffff;\">.<\/span><\/p>\n<p style=\"padding-left: 60px;\"><span style=\"font-size: 12pt; color: #000000; font-family: verdana, geneva, sans-serif;\"><strong>Com certeza voc\u00ea j\u00e1 deve conhecer os milagres operados por Nossa Senhora aqui no Brasil!<\/strong><\/span><\/p>\n<p style=\"padding-left: 60px;\"><span style=\"color: #ffffff;\">.<\/span><\/p>\n<p><span style=\"font-size: 12pt; color: #000000; font-family: verdana, geneva, sans-serif;\"><span style=\"font-weight: 400;\">Portanto, n\u00e3o hesite em sempre que precisar, fazer essa jaculat\u00f3rio a Maria Sant\u00edssima.\u00a0<\/span><\/span><span style=\"font-size: 12pt; color: #000000; font-family: verdana, geneva, sans-serif;\"><span style=\"font-weight: 400;\">Al\u00e9m dessa, voc\u00ea poder\u00e1 conhecer muitas outras lendo o e-book citado acima. <\/span><span style=\"font-weight: 400;\"><br \/>\n<\/span><span style=\"font-weight: 400;\"><br \/>\n<\/span><strong><span style=\"color: #0000ff;\"><a style=\"color: #0000ff;\" href=\"https:\/\/go.hotmart.com\/U9378331D\" target=\"_blank\" rel=\"noopener noreferrer\">Voc\u00ea poder\u00e1 saber mais clicando aqui!<\/a><\/span><\/strong><\/span><\/p>\n<h1 style=\"text-align: center;\"><span style=\"font-family: georgia, palatino, serif; font-size: 14pt;\"><strong><span style=\"color: #800080;\"><em>Nossa Senhora Aparecida, Rogai por n\u00f3s!<\/em><\/span><\/strong><\/span><\/h1>\n<h1><span style=\"font-weight: 400; font-size: 12pt; color: #000000; font-family: verdana, geneva, sans-serif;\">Outras recomenda\u00e7\u00f5es? <span style=\"color: #0000ff;\"><a style=\"color: #0000ff;\" href=\"https:\/\/www.adf.org.br\/home\/recomendacoes\/\" target=\"_blank\" rel=\"noopener noreferrer\">Veja aqui.<\/a><\/span><\/span><\/h1>\n<p><span style=\"color: #ffffff;\">.<\/span><\/p>\n","protected":false},"excerpt":{"rendered":"<p>\u201c\u00d3 minha Nossa Senhora Aparecida,\u00a0Virgem pur\u00edssima, concebida sem pecado, eu Vos suplico para que aben\u00e7oe o dia da hoje, me fa\u00e7a tomar as decis\u00f5es mais corretas em minha vida.\u201d &nbsp; Essa \u00e9 uma breve invoca\u00e7\u00e3o a Nossa Senhora, extra\u00edda do Livro Digital &#8211; 30 Dias com Nossa Senhora Aparecida. . Com certeza voc\u00ea j\u00e1 deve [&hellip;]<\/p>\n","protected":false},"author":27,"featured_media":51292,"comment_status":"open","ping_status":"open","sticky":false,"template":"","format":"standard","meta":[],"categories":[2224,20,1954],"tags":[2910,2911,188,2314,1987,2315,2316,38,470,2912],"yoast_head":"<!-- This site is optimized with the Yoast SEO plugin v17.4 - https:\/\/yoast.com\/wordpress\/plugins\/seo\/ -->\n<title>Invoca\u00e7\u00e3o a Nossa Senhora Aparecida! Leia<\/title>\n<meta name=\"description\" content=\"Invoca\u00e7\u00e3o a Nossa Senhora Aparecida! Clique e fa\u00e7a agora mesmo. \u201c\u00d3 minha Nossa Senhora Aparecida, Virgem pur\u00edssima, con..&quot;\" \/>\n<meta name=\"robots\" content=\"index, follow, max-snippet:-1, max-image-preview:large, max-video-preview:-1\" \/>\n<link rel=\"canonical\" href=\"https:\/\/www.adf.org.br\/home\/invocacao-a-nossa-senhora-aparecida-para-voce\/\" \/>\n<meta property=\"og:locale\" content=\"pt_BR\" \/>\n<meta property=\"og:type\" content=\"article\" \/>\n<meta property=\"og:title\" content=\"Invoca\u00e7\u00e3o a Nossa Senhora Aparecida! Leia\" \/>\n<meta property=\"og:description\" content=\"Invoca\u00e7\u00e3o a Nossa Senhora Aparecida! Clique e fa\u00e7a agora mesmo. \u201c\u00d3 minha Nossa Senhora Aparecida, Virgem pur\u00edssima, con..&quot;\" \/>\n<meta property=\"og:url\" content=\"https:\/\/www.adf.org.br\/home\/invocacao-a-nossa-senhora-aparecida-para-voce\/\" \/>\n<meta property=\"og:site_name\" content=\"Associa\u00e7\u00e3o Devotos de F\u00e1tima\" \/>\n<meta property=\"article:published_time\" content=\"2020-03-04T03:30:35+00:00\" \/>\n<meta name=\"twitter:card\" content=\"summary_large_image\" \/>\n<meta name=\"twitter:label1\" content=\"Escrito por\" \/>\n\t<meta name=\"twitter:data1\" content=\"Gabriel Barbosa\" \/>\n\t<meta name=\"twitter:label2\" content=\"Est. tempo de leitura\" \/>\n\t<meta name=\"twitter:data2\" content=\"1 minuto\" \/>\n<script type=\"application\/ld+json\" class=\"yoast-schema-graph\">{\"@context\":\"https:\/\/schema.org\",\"@graph\":[{\"@type\":\"WebSite\",\"@id\":\"https:\/\/www.adf.org.br\/home\/#website\",\"url\":\"https:\/\/www.adf.org.br\/home\/\",\"name\":\"Associa\\u00e7\\u00e3o Devotos de F\\u00e1tima\",\"description\":\"Associa\\u00e7\\u00e3o Devotos de F\\u00e1tima\",\"potentialAction\":[{\"@type\":\"SearchAction\",\"target\":{\"@type\":\"EntryPoint\",\"urlTemplate\":\"https:\/\/www.adf.org.br\/home\/?s={search_term_string}\"},\"query-input\":\"required name=search_term_string\"}],\"inLanguage\":\"pt-BR\"},{\"@type\":\"ImageObject\",\"@id\":\"https:\/\/www.adf.org.br\/home\/invocacao-a-nossa-senhora-aparecida-para-voce\/#primaryimage\",\"inLanguage\":\"pt-BR\",\"url\":\"\",\"contentUrl\":\"\"},{\"@type\":\"WebPage\",\"@id\":\"https:\/\/www.adf.org.br\/home\/invocacao-a-nossa-senhora-aparecida-para-voce\/#webpage\",\"url\":\"https:\/\/www.adf.org.br\/home\/invocacao-a-nossa-senhora-aparecida-para-voce\/\",\"name\":\"Invoca\\u00e7\\u00e3o a Nossa Senhora Aparecida! Leia\",\"isPartOf\":{\"@id\":\"https:\/\/www.adf.org.br\/home\/#website\"},\"primaryImageOfPage\":{\"@id\":\"https:\/\/www.adf.org.br\/home\/invocacao-a-nossa-senhora-aparecida-para-voce\/#primaryimage\"},\"datePublished\":\"2020-03-04T03:30:35+00:00\",\"dateModified\":\"2020-03-04T03:30:35+00:00\",\"author\":{\"@id\":\"https:\/\/www.adf.org.br\/home\/#\/schema\/person\/affa494ecf91434f3620f5392de44327\"},\"description\":\"Invoca\\u00e7\\u00e3o a Nossa Senhora Aparecida! Clique e fa\\u00e7a agora mesmo. \\u201c\\u00d3 minha Nossa Senhora Aparecida, Virgem pur\\u00edssima, con..\\\"\",\"breadcrumb\":{\"@id\":\"https:\/\/www.adf.org.br\/home\/invocacao-a-nossa-senhora-aparecida-para-voce\/#breadcrumb\"},\"inLanguage\":\"pt-BR\",\"potentialAction\":[{\"@type\":\"ReadAction\",\"target\":[\"https:\/\/www.adf.org.br\/home\/invocacao-a-nossa-senhora-aparecida-para-voce\/\"]}]},{\"@type\":\"BreadcrumbList\",\"@id\":\"https:\/\/www.adf.org.br\/home\/invocacao-a-nossa-senhora-aparecida-para-voce\/#breadcrumb\",\"itemListElement\":[{\"@type\":\"ListItem\",\"position\":1,\"name\":\"Home\",\"item\":\"https:\/\/www.adf.org.br\/home\/\"},{\"@type\":\"ListItem\",\"position\":2,\"name\":\"Invoca\\u00e7\\u00e3o \\u00e0 Nossa Senhora Aparecida\"}]},{\"@type\":\"Person\",\"@id\":\"https:\/\/www.adf.org.br\/home\/#\/schema\/person\/affa494ecf91434f3620f5392de44327\",\"name\":\"Gabriel Barbosa\",\"image\":{\"@type\":\"ImageObject\",\"@id\":\"https:\/\/www.adf.org.br\/home\/#personlogo\",\"inLanguage\":\"pt-BR\",\"url\":\"https:\/\/secure.gravatar.com\/avatar\/ecf2eab02e30486a7038f8b2858de06a?s=96&d=mm&r=g\",\"contentUrl\":\"https:\/\/secure.gravatar.com\/avatar\/ecf2eab02e30486a7038f8b2858de06a?s=96&d=mm&r=g\",\"caption\":\"Gabriel Barbosa\"},\"url\":\"https:\/\/www.adf.org.br\/home\/author\/gabriel-aascj\/\"}]}<\/script>\n<!-- \/ Yoast SEO plugin. -->","yoast_head_json":{"title":"Invoca\u00e7\u00e3o a Nossa Senhora Aparecida! Leia","description":"Invoca\u00e7\u00e3o a Nossa Senhora Aparecida! Clique e fa\u00e7a agora mesmo. \u201c\u00d3 minha Nossa Senhora Aparecida, Virgem pur\u00edssima, con..\"","robots":{"index":"index","follow":"follow","max-snippet":"max-snippet:-1","max-image-preview":"max-image-preview:large","max-video-preview":"max-video-preview:-1"},"canonical":"https:\/\/www.adf.org.br\/home\/invocacao-a-nossa-senhora-aparecida-para-voce\/","og_locale":"pt_BR","og_type":"article","og_title":"Invoca\u00e7\u00e3o a Nossa Senhora Aparecida! Leia","og_description":"Invoca\u00e7\u00e3o a Nossa Senhora Aparecida! Clique e fa\u00e7a agora mesmo. \u201c\u00d3 minha Nossa Senhora Aparecida, Virgem pur\u00edssima, con..\"","og_url":"https:\/\/www.adf.org.br\/home\/invocacao-a-nossa-senhora-aparecida-para-voce\/","og_site_name":"Associa\u00e7\u00e3o Devotos de F\u00e1tima","article_published_time":"2020-03-04T03:30:35+00:00","twitter_card":"summary_large_image","twitter_misc":{"Escrito por":"Gabriel Barbosa","Est. tempo de leitura":"1 minuto"},"schema":{"@context":"https:\/\/schema.org","@graph":[{"@type":"WebSite","@id":"https:\/\/www.adf.org.br\/home\/#website","url":"https:\/\/www.adf.org.br\/home\/","name":"Associa\u00e7\u00e3o Devotos de F\u00e1tima","description":"Associa\u00e7\u00e3o Devotos de F\u00e1tima","potentialAction":[{"@type":"SearchAction","target":{"@type":"EntryPoint","urlTemplate":"https:\/\/www.adf.org.br\/home\/?s={search_term_string}"},"query-input":"required name=search_term_string"}],"inLanguage":"pt-BR"},{"@type":"ImageObject","@id":"https:\/\/www.adf.org.br\/home\/invocacao-a-nossa-senhora-aparecida-para-voce\/#primaryimage","inLanguage":"pt-BR","url":"","contentUrl":""},{"@type":"WebPage","@id":"https:\/\/www.adf.org.br\/home\/invocacao-a-nossa-senhora-aparecida-para-voce\/#webpage","url":"https:\/\/www.adf.org.br\/home\/invocacao-a-nossa-senhora-aparecida-para-voce\/","name":"Invoca\u00e7\u00e3o a Nossa Senhora Aparecida! Leia","isPartOf":{"@id":"https:\/\/www.adf.org.br\/home\/#website"},"primaryImageOfPage":{"@id":"https:\/\/www.adf.org.br\/home\/invocacao-a-nossa-senhora-aparecida-para-voce\/#primaryimage"},"datePublished":"2020-03-04T03:30:35+00:00","dateModified":"2020-03-04T03:30:35+00:00","author":{"@id":"https:\/\/www.adf.org.br\/home\/#\/schema\/person\/affa494ecf91434f3620f5392de44327"},"description":"Invoca\u00e7\u00e3o a Nossa Senhora Aparecida! Clique e fa\u00e7a agora mesmo. \u201c\u00d3 minha Nossa Senhora Aparecida, Virgem pur\u00edssima, con..\"","breadcrumb":{"@id":"https:\/\/www.adf.org.br\/home\/invocacao-a-nossa-senhora-aparecida-para-voce\/#breadcrumb"},"inLanguage":"pt-BR","potentialAction":[{"@type":"ReadAction","target":["https:\/\/www.adf.org.br\/home\/invocacao-a-nossa-senhora-aparecida-para-voce\/"]}]},{"@type":"BreadcrumbList","@id":"https:\/\/www.adf.org.br\/home\/invocacao-a-nossa-senhora-aparecida-para-voce\/#breadcrumb","itemListElement":[{"@type":"ListItem","position":1,"name":"Home","item":"https:\/\/www.adf.org.br\/home\/"},{"@type":"ListItem","position":2,"name":"Invoca\u00e7\u00e3o \u00e0 Nossa Senhora Aparecida"}]},{"@type":"Person","@id":"https:\/\/www.adf.org.br\/home\/#\/schema\/person\/affa494ecf91434f3620f5392de44327","name":"Gabriel Barbosa","image":{"@type":"ImageObject","@id":"https:\/\/www.adf.org.br\/home\/#personlogo","inLanguage":"pt-BR","url":"https:\/\/secure.gravatar.com\/avatar\/ecf2eab02e30486a7038f8b2858de06a?s=96&d=mm&r=g","contentUrl":"https:\/\/secure.gravatar.com\/avatar\/ecf2eab02e30486a7038f8b2858de06a?s=96&d=mm&r=g","caption":"Gabriel Barbosa"},"url":"https:\/\/www.adf.org.br\/home\/author\/gabriel-aascj\/"}]}},"_links":{"self":[{"href":"https:\/\/www.adf.org.br\/home\/wp-json\/wp\/v2\/posts\/51289"}],"collection":[{"href":"https:\/\/www.adf.org.br\/home\/wp-json\/wp\/v2\/posts"}],"about":[{"href":"https:\/\/www.adf.org.br\/home\/wp-json\/wp\/v2\/types\/post"}],"author":[{"embeddable":true,"href":"https:\/\/www.adf.org.br\/home\/wp-json\/wp\/v2\/users\/27"}],"replies":[{"embeddable":true,"href":"https:\/\/www.adf.org.br\/home\/wp-json\/wp\/v2\/comments?post=51289"}],"version-history":[{"count":0,"href":"https:\/\/www.adf.org.br\/home\/wp-json\/wp\/v2\/posts\/51289\/revisions"}],"wp:featuredmedia":[{"embeddable":true,"href":"https:\/\/www.adf.org.br\/home\/wp-json\/wp\/v2\/media\/51292"}],"wp:attachment":[{"href":"https:\/\/www.adf.org.br\/home\/wp-json\/wp\/v2\/media?parent=51289"}],"wp:term":[{"taxonomy":"category","embeddable":true,"href":"https:\/\/www.adf.org.br\/home\/wp-json\/wp\/v2\/categories?post=51289"},{"taxonomy":"post_tag","embeddable":true,"href":"https:\/\/www.adf.org.br\/home\/wp-json\/wp\/v2\/tags?post=51289"}],"curies":[{"name":"wp","href":"https:\/\/api.w.org\/{rel}","templated":true}]}}