{"id":51179,"date":"2019-03-22T00:00:45","date_gmt":"2019-03-22T03:00:45","guid":{"rendered":"http:\/\/www.adf.org.br\/home\/?p=51179"},"modified":"2019-03-22T00:00:45","modified_gmt":"2019-03-22T03:00:45","slug":"mensagem-de-nossa-senhora-de-fatima","status":"publish","type":"post","link":"https:\/\/www.adf.org.br\/home\/mensagem-de-nossa-senhora-de-fatima\/","title":{"rendered":"Os desastres comprovam que as mensagens de Nossa Senhora em F\u00e1tima est\u00e3o se cumprindo"},"content":{"rendered":"<figure id=\"attachment_51182\" aria-describedby=\"caption-attachment-51182\" style=\"width: 450px\" class=\"wp-caption aligncenter\"><img loading=\"lazy\" class=\"wp-image-51182\" src=\"https:\/\/www.adf.org.br\/home\/wp-content\/uploads\/2019\/03\/Imaculado-Cora\u00e7\u00e3o-de-Maria.jpg\" alt=\"Imaculado Cora\u00e7\u00e3o de Maria Nossa Senhora de F\u00e1tima\" width=\"450\" height=\"338\" \/><figcaption id=\"caption-attachment-51182\" class=\"wp-caption-text\"><em><span style=\"font-size: 12pt; color: #000000; font-family: georgia, palatino, serif;\">Imaculado Cora\u00e7\u00e3o de Maria.<\/span><\/em><\/figcaption><\/figure>\n<h3 style=\"padding-left: 60px;\"><span style=\"font-weight: 400; font-size: 12pt; color: #000000; font-family: verdana, geneva, sans-serif;\"><span style=\"font-size: 18pt;\"><strong><span style=\"color: #ffffff;\">.<\/span><br \/>\nO<\/strong><\/span> que mais ser\u00e1 necess\u00e1rio para que reconhe\u00e7amos as mensagens reveladas em F\u00e1tima por Nosso Senhor? Principalmente a falta da <strong>Devo\u00e7\u00e3o ao Imaculado Cora\u00e7\u00e3o de Maria.<\/strong><\/span><\/h3>\n<p><span style=\"font-weight: 400; font-size: 12pt; color: #000000; font-family: verdana, geneva, sans-serif;\">Acima de tudo, essa \u00e9 a pr\u00e1tica que ir\u00e1 cobrir o buraco no mundo, que vem se alargando diariamente, causado pelo homem.<\/span><\/p>\n<p><span style=\"font-weight: 400; font-size: 12pt; color: #000000; font-family: verdana, geneva, sans-serif;\">O aviso de Nossa Senhora em F\u00e1tima, 1917, se mostra t\u00e3o ignorado. Ao decorrer de cada dia as pessoas conseguem notar os resultados.<\/span><\/p>\n<p><em><span style=\"font-weight: 400; font-size: 12pt; color: #000000; font-family: verdana, geneva, sans-serif;\">Os Vossos pedidos foram realmente compridos? Quantos rezam o Santo Ros\u00e1rio? Quantos oferecem sacrif\u00edcios? Quantos partilham o seu pedido?<\/span><\/em><\/p>\n<h1 style=\"padding-left: 60px;\"><span style=\"font-weight: 400; font-size: 14pt; color: #000080; font-family: verdana, geneva, sans-serif;\"><strong>V<\/strong>oc\u00ea j\u00e1 se perguntou como ser\u00e1 o fim do mundo?<\/span><\/h1>\n<p><span style=\"font-weight: 400; font-size: 12pt; color: #000000; font-family: verdana, geneva, sans-serif;\">Tirando aquela vis\u00e3o que a m\u00eddia, filmes, s\u00e9ries ou desenhos, busca nos impor; <em>apocalipse zumbi e outro m\u00e9todos grotescos<\/em>\u2026 <strong>Devemos encarar a nossa realidade. Pois o terr\u00edvel est\u00e1 acontecendo.<\/strong>\u00a0E j\u00e1 fomos alertados.<\/span><\/p>\n<p><span style=\"font-weight: 400; font-size: 12pt; color: #000000; font-family: verdana, geneva, sans-serif;\">Quantos desastres voc\u00ea j\u00e1\u00a0tomou conhecimento em nosso pa\u00eds? <\/span><\/p>\n<p style=\"padding-left: 60px;\"><em><span style=\"font-weight: 400; font-size: 12pt; color: #000000; font-family: verdana, geneva, sans-serif;\">Brumadinho. Ataques no Cear\u00e1. Mortes\u00a0causada por fortes chuvas.\u00a0Jovens mortos na CT do Flamengo.\u00a0S surto de dengue que se alavanca a cada dia.\u00a0A recente chacina em Suzano\u2026<\/span><\/em><\/p>\n<p><span style=\"font-weight: 400; font-size: 12pt; color: #000000; font-family: verdana, geneva, sans-serif;\">Sem contar os que ocorrem no mundo afora, distantes dos nossos olhos e ouvidos. Nesta semana, segunda-feira(18), houve uma inunda\u00e7\u00e3o na Indon\u00e9sia que deixou mais de 70 mortos. Na semana passada um ciclone que deixou mais de 150 mortos no Sul da \u00c1frica. Na quinta-feira(14), houve um atentado na Nova Zel\u00e2ndia que deixou 50 mortos\u2026<\/span><\/p>\n<p><span style=\"font-weight: 400; font-size: 12pt; color: #000000; font-family: verdana, geneva, sans-serif;\">Para algumas pessoas isso \u00e9 algo causado pelo homem&#8230; Mas n\u00e3o veem o verdadeiro motivo.\u00a0<\/span><span style=\"font-size: 12pt; color: #000000; font-family: verdana, geneva, sans-serif;\"><span style=\"font-weight: 400;\">Tudo est\u00e1 ligado ao pecado<\/span><span style=\"font-weight: 400;\">;<\/span><i><span style=\"font-weight: 400;\"> gan\u00e2ncia, falta de amor ao pr\u00f3ximo, assassinatos, roubos e etc&#8230;<\/span><\/i><\/span><\/p>\n<p><span style=\"font-size: 12pt; color: #000000; font-family: verdana, geneva, sans-serif;\"><span style=\"font-weight: 400;\">Quando Nossa Senhora se revelou em F\u00e1tima aos Tr\u00eas Pastorinhos, 1917, estava claro que, carregava a mensagem de Deus,\u00a0<\/span><strong><i>O fim estava pr\u00f3ximo.<\/i><\/strong><\/span><\/p>\n<p><span style=\"font-weight: 400; font-size: 12pt; color: #000000; font-family: verdana, geneva, sans-serif;\">Sem contar que a Irm\u00e3 L\u00facia dissera em 1957 ao Padre Agust\u00edn Fuentes:<\/span><\/p>\n<p style=\"padding-left: 60px;\"><strong><span style=\"font-size: 12pt; color: #000000; font-family: verdana, geneva, sans-serif;\">\u201cMas creia-me, Senhor Padre, Deus vai castigar o mundo, e vai castig\u00e1-lo de uma maneira tremenda. O castigo do C\u00e9u est\u00e1 iminente.\u201d<\/span><\/strong><\/p>\n<p><span style=\"font-weight: 400; font-size: 12pt; color: #000000; font-family: verdana, geneva, sans-serif;\">Mas Nossa Senhora alertou que &#8221; Por fim Meu Imaculado Cora\u00e7\u00e3o Triunfar\u00e1&#8221;, o<\/span><span style=\"font-weight: 400; font-size: 12pt; color: #000000; font-family: verdana, geneva, sans-serif;\">u seja, a ira de Deus j\u00e1 havia sido anunciado!<\/span><\/p>\n<p><span style=\"font-size: 12pt; color: #000000; font-family: verdana, geneva, sans-serif;\">Al\u00e9m disso, vemos que a R\u00fassia vem tomando o mesmo caminho que outrora se encontrava. E Ela havia pedido a\u00a0consagra\u00e7\u00e3o deste pa\u00eds.<\/span><\/p>\n<h5 style=\"padding-left: 30px;\"><span style=\"font-size: 14pt;\"><strong><span style=\"color: #000000; font-family: verdana, geneva, sans-serif;\">O que mais ser\u00e1 necess\u00e1rio para compreendermos que a Ira de Deus, aos poucos, se faz presente?<\/span><\/strong><\/span><\/h5>\n<p><span style=\"color: #000000; font-size: 12pt; font-family: verdana, geneva, sans-serif;\">De acordo com\u00a0<strong>Pl\u00ednio Corr\u00eaa de Oliveira:\u00a0<\/strong><em>\u201cCada desastre n\u00e3o individual, mas sim global ou nacional \u00e9 claro dizer que s\u00e3o as revela\u00e7\u00f5es de Nossa Senhora de F\u00e1tima est\u00e3o se cumprindo em nossas vidas.\u201d<\/em><\/span><\/p>\n<p><span style=\"color: #000000; font-size: 12pt; font-family: verdana, geneva, sans-serif;\">Em 2017, o\u00a0Cardeal Raymond Burke disse que: <em>&#8220;O triunfo do Imaculado Cora\u00e7\u00e3o significaria muito mais do que o fim das guerras mundiais e dos desastres naturais que Nossa Senhora de F\u00e1tima previu&#8221;.<\/em><\/span><\/p>\n<p><span style=\"color: #000000; font-size: 12pt; font-family: verdana, geneva, sans-serif;\">Voc\u00ea se preocupa com a situa\u00e7\u00e3o do mundo ou o qu\u00e3o pior poder\u00e1 ficar?\u00a0<\/span><\/p>\n<p><span style=\"font-size: 12pt; color: #000000; font-family: verdana, geneva, sans-serif;\">Se a resposta for SIM, voc\u00ea precisa os Ap\u00f3stolos de F\u00e1tima. Um grupo voltado em propagar e difundir a Devo\u00e7\u00e3o ao Imaculado Cora\u00e7\u00e3o de Maria. Ligue para:<\/span><\/p>\n<p style=\"text-align: center;\"><span style=\"color: #0000ff;\"><a style=\"color: #0000ff;\" href=\"tel:08006082128\" target=\"_blank\" rel=\"noopener noreferrer\"><span style=\"font-size: 24pt; font-family: verdana, geneva, sans-serif;\">0800 608 2128<\/span><\/a><\/span><\/p>\n<p><span style=\"color: #000000;\"><em><span style=\"font-size: 14pt; font-family: georgia, palatino, serif;\">Nossa Senhora de F\u00e1tima, tende piedade de\u00a0n\u00f3s!<\/span><\/em><\/span><\/p>\n<p style=\"text-align: center;\"><em><span style=\"font-size: 12pt; color: #000000; font-family: georgia, palatino, serif;\"><span style=\"color: #800080;\">Compartilhe essa mat\u00e9ria. <\/span><br \/>\nFa\u00e7a com que todos vejam a falta que a Devo\u00e7\u00e3o ao Imaculado Cora\u00e7\u00e3o de Maria est\u00e1 fazendo.<\/span><\/em><\/p>\n<hr \/>\n<p><span style=\"font-size: 12pt; color: #000000; font-family: 'trebuchet ms', geneva, sans-serif;\">Cadastre-se no WhatsApp da Associa\u00e7\u00e3o Devotos de F\u00e1tima <span style=\"color: #0000ff;\"><a style=\"color: #0000ff;\" href=\"https:\/\/api.whatsapp.com\/send?phone=5511967231000&amp;text=Ol%C3%A1,%20quero%20meu%20nome%20na%20Santa%20Missa%20de%20Nossa%20Senhora%20de%20F%C3%A1tima%20e%20receber%20conte%C3%BAdos%20di%C3%A1rios%20sobre%20F%C3%A1tima\" target=\"_blank\" rel=\"noopener noreferrer\">clicando aqui!<\/a><\/span><\/span><\/p>\n","protected":false},"excerpt":{"rendered":"<p>. O que mais ser\u00e1 necess\u00e1rio para que reconhe\u00e7amos as mensagens reveladas em F\u00e1tima por Nosso Senhor? Principalmente a falta da Devo\u00e7\u00e3o ao Imaculado Cora\u00e7\u00e3o de Maria. Acima de tudo, essa \u00e9 a pr\u00e1tica que ir\u00e1 cobrir o buraco no mundo, que vem se alargando diariamente, causado pelo homem. O aviso de Nossa Senhora em [&hellip;]<\/p>\n","protected":false},"author":27,"featured_media":51180,"comment_status":"open","ping_status":"open","sticky":false,"template":"","format":"standard","meta":[],"categories":[20],"tags":[2731,2732,347,184,57,2722,2733],"yoast_head":"<!-- This site is optimized with the Yoast SEO plugin v17.4 - https:\/\/yoast.com\/wordpress\/plugins\/seo\/ -->\n<title>Os desastres comprovam que as mensagens de Nossa Senhora em F\u00e1tima est\u00e3o se cumprindo<\/title>\n<meta name=\"description\" content=\"Nossa Senhora de F\u00e1tima nos alertou diversas vezes sobre o Fim do Mundo. L\u00facia nos alertou. Veja por onde estamos caminhando. Leia essa mat\u00e9ria\" \/>\n<meta name=\"robots\" content=\"index, follow, max-snippet:-1, max-image-preview:large, max-video-preview:-1\" \/>\n<link rel=\"canonical\" href=\"https:\/\/www.adf.org.br\/home\/mensagem-de-nossa-senhora-de-fatima\/\" \/>\n<meta property=\"og:locale\" content=\"pt_BR\" \/>\n<meta property=\"og:type\" content=\"article\" \/>\n<meta property=\"og:title\" content=\"Os desastres comprovam que as mensagens de Nossa Senhora em F\u00e1tima est\u00e3o se cumprindo\" \/>\n<meta property=\"og:description\" content=\"Nossa Senhora de F\u00e1tima nos alertou diversas vezes sobre o Fim do Mundo. L\u00facia nos alertou. Veja por onde estamos caminhando. Leia essa mat\u00e9ria\" \/>\n<meta property=\"og:url\" content=\"https:\/\/www.adf.org.br\/home\/mensagem-de-nossa-senhora-de-fatima\/\" \/>\n<meta property=\"og:site_name\" content=\"Associa\u00e7\u00e3o Devotos de F\u00e1tima\" \/>\n<meta property=\"article:published_time\" content=\"2019-03-22T03:00:45+00:00\" \/>\n<meta name=\"twitter:card\" content=\"summary_large_image\" \/>\n<meta name=\"twitter:label1\" content=\"Escrito por\" \/>\n\t<meta name=\"twitter:data1\" content=\"Gabriel Barbosa\" \/>\n\t<meta name=\"twitter:label2\" content=\"Est. tempo de leitura\" \/>\n\t<meta name=\"twitter:data2\" content=\"3 minutos\" \/>\n<script type=\"application\/ld+json\" class=\"yoast-schema-graph\">{\"@context\":\"https:\/\/schema.org\",\"@graph\":[{\"@type\":\"WebSite\",\"@id\":\"https:\/\/www.adf.org.br\/home\/#website\",\"url\":\"https:\/\/www.adf.org.br\/home\/\",\"name\":\"Associa\\u00e7\\u00e3o Devotos de F\\u00e1tima\",\"description\":\"Associa\\u00e7\\u00e3o Devotos de F\\u00e1tima\",\"potentialAction\":[{\"@type\":\"SearchAction\",\"target\":{\"@type\":\"EntryPoint\",\"urlTemplate\":\"https:\/\/www.adf.org.br\/home\/?s={search_term_string}\"},\"query-input\":\"required name=search_term_string\"}],\"inLanguage\":\"pt-BR\"},{\"@type\":\"ImageObject\",\"@id\":\"https:\/\/www.adf.org.br\/home\/mensagem-de-nossa-senhora-de-fatima\/#primaryimage\",\"inLanguage\":\"pt-BR\",\"url\":\"\",\"contentUrl\":\"\"},{\"@type\":\"WebPage\",\"@id\":\"https:\/\/www.adf.org.br\/home\/mensagem-de-nossa-senhora-de-fatima\/#webpage\",\"url\":\"https:\/\/www.adf.org.br\/home\/mensagem-de-nossa-senhora-de-fatima\/\",\"name\":\"Os desastres comprovam que as mensagens de Nossa Senhora em F\\u00e1tima est\\u00e3o se cumprindo\",\"isPartOf\":{\"@id\":\"https:\/\/www.adf.org.br\/home\/#website\"},\"primaryImageOfPage\":{\"@id\":\"https:\/\/www.adf.org.br\/home\/mensagem-de-nossa-senhora-de-fatima\/#primaryimage\"},\"datePublished\":\"2019-03-22T03:00:45+00:00\",\"dateModified\":\"2019-03-22T03:00:45+00:00\",\"author\":{\"@id\":\"https:\/\/www.adf.org.br\/home\/#\/schema\/person\/affa494ecf91434f3620f5392de44327\"},\"description\":\"Nossa Senhora de F\\u00e1tima nos alertou diversas vezes sobre o Fim do Mundo. L\\u00facia nos alertou. Veja por onde estamos caminhando. Leia essa mat\\u00e9ria\",\"breadcrumb\":{\"@id\":\"https:\/\/www.adf.org.br\/home\/mensagem-de-nossa-senhora-de-fatima\/#breadcrumb\"},\"inLanguage\":\"pt-BR\",\"potentialAction\":[{\"@type\":\"ReadAction\",\"target\":[\"https:\/\/www.adf.org.br\/home\/mensagem-de-nossa-senhora-de-fatima\/\"]}]},{\"@type\":\"BreadcrumbList\",\"@id\":\"https:\/\/www.adf.org.br\/home\/mensagem-de-nossa-senhora-de-fatima\/#breadcrumb\",\"itemListElement\":[{\"@type\":\"ListItem\",\"position\":1,\"name\":\"Home\",\"item\":\"https:\/\/www.adf.org.br\/home\/\"},{\"@type\":\"ListItem\",\"position\":2,\"name\":\"Os desastres comprovam que as mensagens de Nossa Senhora em F\\u00e1tima est\\u00e3o se cumprindo\"}]},{\"@type\":\"Person\",\"@id\":\"https:\/\/www.adf.org.br\/home\/#\/schema\/person\/affa494ecf91434f3620f5392de44327\",\"name\":\"Gabriel Barbosa\",\"image\":{\"@type\":\"ImageObject\",\"@id\":\"https:\/\/www.adf.org.br\/home\/#personlogo\",\"inLanguage\":\"pt-BR\",\"url\":\"https:\/\/secure.gravatar.com\/avatar\/ecf2eab02e30486a7038f8b2858de06a?s=96&d=mm&r=g\",\"contentUrl\":\"https:\/\/secure.gravatar.com\/avatar\/ecf2eab02e30486a7038f8b2858de06a?s=96&d=mm&r=g\",\"caption\":\"Gabriel Barbosa\"},\"url\":\"https:\/\/www.adf.org.br\/home\/author\/gabriel-aascj\/\"}]}<\/script>\n<!-- \/ Yoast SEO plugin. -->","yoast_head_json":{"title":"Os desastres comprovam que as mensagens de Nossa Senhora em F\u00e1tima est\u00e3o se cumprindo","description":"Nossa Senhora de F\u00e1tima nos alertou diversas vezes sobre o Fim do Mundo. L\u00facia nos alertou. Veja por onde estamos caminhando. Leia essa mat\u00e9ria","robots":{"index":"index","follow":"follow","max-snippet":"max-snippet:-1","max-image-preview":"max-image-preview:large","max-video-preview":"max-video-preview:-1"},"canonical":"https:\/\/www.adf.org.br\/home\/mensagem-de-nossa-senhora-de-fatima\/","og_locale":"pt_BR","og_type":"article","og_title":"Os desastres comprovam que as mensagens de Nossa Senhora em F\u00e1tima est\u00e3o se cumprindo","og_description":"Nossa Senhora de F\u00e1tima nos alertou diversas vezes sobre o Fim do Mundo. L\u00facia nos alertou. Veja por onde estamos caminhando. Leia essa mat\u00e9ria","og_url":"https:\/\/www.adf.org.br\/home\/mensagem-de-nossa-senhora-de-fatima\/","og_site_name":"Associa\u00e7\u00e3o Devotos de F\u00e1tima","article_published_time":"2019-03-22T03:00:45+00:00","twitter_card":"summary_large_image","twitter_misc":{"Escrito por":"Gabriel Barbosa","Est. tempo de leitura":"3 minutos"},"schema":{"@context":"https:\/\/schema.org","@graph":[{"@type":"WebSite","@id":"https:\/\/www.adf.org.br\/home\/#website","url":"https:\/\/www.adf.org.br\/home\/","name":"Associa\u00e7\u00e3o Devotos de F\u00e1tima","description":"Associa\u00e7\u00e3o Devotos de F\u00e1tima","potentialAction":[{"@type":"SearchAction","target":{"@type":"EntryPoint","urlTemplate":"https:\/\/www.adf.org.br\/home\/?s={search_term_string}"},"query-input":"required name=search_term_string"}],"inLanguage":"pt-BR"},{"@type":"ImageObject","@id":"https:\/\/www.adf.org.br\/home\/mensagem-de-nossa-senhora-de-fatima\/#primaryimage","inLanguage":"pt-BR","url":"","contentUrl":""},{"@type":"WebPage","@id":"https:\/\/www.adf.org.br\/home\/mensagem-de-nossa-senhora-de-fatima\/#webpage","url":"https:\/\/www.adf.org.br\/home\/mensagem-de-nossa-senhora-de-fatima\/","name":"Os desastres comprovam que as mensagens de Nossa Senhora em F\u00e1tima est\u00e3o se cumprindo","isPartOf":{"@id":"https:\/\/www.adf.org.br\/home\/#website"},"primaryImageOfPage":{"@id":"https:\/\/www.adf.org.br\/home\/mensagem-de-nossa-senhora-de-fatima\/#primaryimage"},"datePublished":"2019-03-22T03:00:45+00:00","dateModified":"2019-03-22T03:00:45+00:00","author":{"@id":"https:\/\/www.adf.org.br\/home\/#\/schema\/person\/affa494ecf91434f3620f5392de44327"},"description":"Nossa Senhora de F\u00e1tima nos alertou diversas vezes sobre o Fim do Mundo. L\u00facia nos alertou. Veja por onde estamos caminhando. Leia essa mat\u00e9ria","breadcrumb":{"@id":"https:\/\/www.adf.org.br\/home\/mensagem-de-nossa-senhora-de-fatima\/#breadcrumb"},"inLanguage":"pt-BR","potentialAction":[{"@type":"ReadAction","target":["https:\/\/www.adf.org.br\/home\/mensagem-de-nossa-senhora-de-fatima\/"]}]},{"@type":"BreadcrumbList","@id":"https:\/\/www.adf.org.br\/home\/mensagem-de-nossa-senhora-de-fatima\/#breadcrumb","itemListElement":[{"@type":"ListItem","position":1,"name":"Home","item":"https:\/\/www.adf.org.br\/home\/"},{"@type":"ListItem","position":2,"name":"Os desastres comprovam que as mensagens de Nossa Senhora em F\u00e1tima est\u00e3o se cumprindo"}]},{"@type":"Person","@id":"https:\/\/www.adf.org.br\/home\/#\/schema\/person\/affa494ecf91434f3620f5392de44327","name":"Gabriel Barbosa","image":{"@type":"ImageObject","@id":"https:\/\/www.adf.org.br\/home\/#personlogo","inLanguage":"pt-BR","url":"https:\/\/secure.gravatar.com\/avatar\/ecf2eab02e30486a7038f8b2858de06a?s=96&d=mm&r=g","contentUrl":"https:\/\/secure.gravatar.com\/avatar\/ecf2eab02e30486a7038f8b2858de06a?s=96&d=mm&r=g","caption":"Gabriel Barbosa"},"url":"https:\/\/www.adf.org.br\/home\/author\/gabriel-aascj\/"}]}},"_links":{"self":[{"href":"https:\/\/www.adf.org.br\/home\/wp-json\/wp\/v2\/posts\/51179"}],"collection":[{"href":"https:\/\/www.adf.org.br\/home\/wp-json\/wp\/v2\/posts"}],"about":[{"href":"https:\/\/www.adf.org.br\/home\/wp-json\/wp\/v2\/types\/post"}],"author":[{"embeddable":true,"href":"https:\/\/www.adf.org.br\/home\/wp-json\/wp\/v2\/users\/27"}],"replies":[{"embeddable":true,"href":"https:\/\/www.adf.org.br\/home\/wp-json\/wp\/v2\/comments?post=51179"}],"version-history":[{"count":0,"href":"https:\/\/www.adf.org.br\/home\/wp-json\/wp\/v2\/posts\/51179\/revisions"}],"wp:featuredmedia":[{"embeddable":true,"href":"https:\/\/www.adf.org.br\/home\/wp-json\/wp\/v2\/media\/51180"}],"wp:attachment":[{"href":"https:\/\/www.adf.org.br\/home\/wp-json\/wp\/v2\/media?parent=51179"}],"wp:term":[{"taxonomy":"category","embeddable":true,"href":"https:\/\/www.adf.org.br\/home\/wp-json\/wp\/v2\/categories?post=51179"},{"taxonomy":"post_tag","embeddable":true,"href":"https:\/\/www.adf.org.br\/home\/wp-json\/wp\/v2\/tags?post=51179"}],"curies":[{"name":"wp","href":"https:\/\/api.w.org\/{rel}","templated":true}]}}