{"id":50973,"date":"2020-02-19T00:30:36","date_gmt":"2020-02-19T03:30:36","guid":{"rendered":"http:\/\/www.adf.org.br\/home\/?p=50973"},"modified":"2020-02-19T00:30:36","modified_gmt":"2020-02-19T03:30:36","slug":"quantos-sonhos-voce-ja-abandonou-ao-longo-de-vida-veja-o-santo-que-podera-ajudar","status":"publish","type":"post","link":"https:\/\/www.adf.org.br\/home\/quantos-sonhos-voce-ja-abandonou-ao-longo-de-vida-veja-o-santo-que-podera-ajudar\/","title":{"rendered":"Quantos sonhos voc\u00ea j\u00e1 abandonou ao longo de vida? Veja o santo que poder\u00e1 ajudar a superar o imposs\u00edvel"},"content":{"rendered":"<p><a href=\"https:\/\/go.hotmart.com\/B9378163P\" target=\"_blank\" rel=\"noopener noreferrer\"><img loading=\"lazy\" class=\"aligncenter wp-image-55314 size-full\" src=\"https:\/\/www.adf.org.br\/home\/wp-content\/uploads\/2019\/10\/stjude-main_full1.jpg\" alt=\"stjude-main_full1\" width=\"337\" height=\"599\" \/><\/a><\/p>\n<p><span style=\"font-weight: 400; font-size: 12pt; color: #000000; font-family: verdana, geneva, sans-serif;\"><span style=\"font-size: 18pt;\">A<\/span>l\u00e9m de ser conhecido como <span style=\"color: #0000ff;\"><a style=\"color: #0000ff;\" href=\"https:\/\/checkout.hotmart.com\/R6709279A?checkoutMode=10&amp;sck=8736&amp;bid=1511798290131&amp;fev=107712956&amp;fol=2779&amp;ref=B9378163P\" target=\"_blank\" rel=\"noopener noreferrer\">Santo das Causas Imposs\u00edveis, S\u00e3o Judas Tadeu carrega o t\u00edtulo da \u201cSanto das Causas Perdidas\u201d<\/a><\/span>, portanto, algumas gra\u00e7as que voc\u00ea deve ter deixado ao longo da vida, ser\u00e1 ele a quem v\u00f3s deve recorrer.<\/span><\/p>\n<p><span style=\"color: #ffffff;\">.<\/span><\/p>\n<p style=\"padding-left: 60px;\"><span style=\"font-weight: 400; font-size: 12pt; color: #800080; font-family: verdana, geneva, sans-serif;\"><strong>A cada dia, \u00e9 como se o mundo nos incentiva a abrir de muitas coisas que queremos construir.<\/strong> <\/span><\/p>\n<p style=\"padding-left: 60px;\"><span style=\"color: #ffffff;\">.<\/span><\/p>\n<p><span style=\"font-weight: 400; font-size: 12pt; color: #000000; font-family: verdana, geneva, sans-serif;\">Devido a isso, criamos objetivos atr\u00e1s de objetivos. Poucas vezes conseguimos finalizar um determinado projeto.<\/span><\/p>\n<p><span style=\"font-weight: 400; font-size: 12pt; color: #000000; font-family: verdana, geneva, sans-serif;\">Infelizmente, essa \u00e9 a hist\u00f3ria de muitas pessoas. E as causas ou motivos, podem chegar a n\u00f3s de diversas formas:<\/span><\/p>\n<blockquote>\n<p style=\"padding-left: 30px;\"><strong><span style=\"color: #000000; font-size: 12pt; font-family: verdana, geneva, sans-serif;\"><em>Desemprego.<\/em><\/span><\/strong><\/p>\n<p style=\"padding-left: 30px;\"><strong><span style=\"color: #000000; font-size: 12pt; font-family: verdana, geneva, sans-serif;\"><em>Alguma doen\u00e7a.<\/em><\/span><\/strong><\/p>\n<p style=\"padding-left: 30px;\"><strong><span style=\"color: #000000; font-size: 12pt; font-family: verdana, geneva, sans-serif;\"><em>Problemas familiares ou nos estudos.<\/em><\/span><\/strong><\/p>\n<p style=\"padding-left: 30px;\"><strong><span style=\"color: #000000; font-size: 12pt; font-family: verdana, geneva, sans-serif;\"><em>Entre outros\u2026<\/em><\/span><\/strong><\/p>\n<\/blockquote>\n<p><span style=\"font-size: 12pt; font-family: verdana, geneva, sans-serif; color: #000000;\"><i><\/i>Nunca saberemos que tipo de problema bater\u00e1 \u00e1 nossa porta quando menos esperar. E alguns problemas al\u00e9m de termos da abandonar, parecer\u00e3o imposs\u00edvel.<\/span><\/p>\n<p><span style=\"font-weight: 400; font-size: 12pt; color: #000000; font-family: verdana, geneva, sans-serif;\">Mas S\u00e3o Judas Tadeu \u00e9 a solu\u00e7\u00e3o para ambas situa\u00e7\u00f5es, conhecido como <span style=\"color: #800080;\"><strong>Santo das Causas Imposs\u00edveis e das Causas Perdidas<\/strong><span style=\"color: #000000;\">.<\/span><\/span><\/span><\/p>\n<p><span style=\"color: #ffffff;\">.<\/span><\/p>\n<h6><span style=\"font-size: 14pt;\"><strong><span style=\"color: #000000; font-family: verdana, geneva, sans-serif;\">Mas por qual raz\u00e3o?<\/span><\/strong><\/span><\/h6>\n<p><span style=\"font-weight: 400; font-size: 12pt; color: #000000; font-family: verdana, geneva, sans-serif;\"> Voc\u00ea saber\u00e1 no e-book: <span style=\"color: #0000ff;\"><a style=\"color: #0000ff;\" href=\"https:\/\/checkout.hotmart.com\/R6709279A?checkoutMode=10&amp;sck=8736&amp;bid=1511798290131&amp;fev=107712956&amp;fol=2779&amp;ref=B9378163P\" target=\"_blank\" rel=\"noopener noreferrer\">O Livro das Causas Imposs\u00edveis:<\/a><\/span><\/span><\/p>\n<figure id=\"attachment_50974\" aria-describedby=\"caption-attachment-50974\" style=\"width: 190px\" class=\"wp-caption alignleft\"><a style=\"color: #000000;\" href=\"https:\/\/checkout.hotmart.com\/R6709279A?checkoutMode=10&amp;sck=8736&amp;bid=1511798290131&amp;fev=107712956&amp;fol=2779&amp;ref=B9378163P\" target=\"_blank\" rel=\"noopener noreferrer\"><img loading=\"lazy\" class=\"wp-image-50974\" src=\"https:\/\/www.adf.org.br\/home\/wp-content\/uploads\/2019\/03\/Causas.png\" alt=\"Causas\" width=\"190\" height=\"237\" \/><\/a><figcaption id=\"caption-attachment-50974\" class=\"wp-caption-text\"><span style=\"color: #000000; font-size: 12pt; font-family: georgia, palatino, serif;\">Clique na imagem para saber mais!<\/span><\/figcaption><\/figure>\n<p><span style=\"color: #000000; font-size: 12pt; font-family: verdana, geneva, sans-serif;\"><span style=\"font-weight: 400;\"><span style=\"color: #ffffff;\">.<\/span><br \/>\n<\/span><\/span><span style=\"font-size: 12pt; color: #000000; font-family: verdana, geneva, sans-serif;\"><i><span style=\"font-weight: 400;\">&#8211; Quem foi S\u00e3o Judas Tadeu?<\/span><\/i><\/span><\/p>\n<p style=\"padding-left: 60px;\"><span style=\"font-size: 12pt; color: #000000; font-family: verdana, geneva, sans-serif;\"><i><span style=\"font-weight: 400;\">&#8211; Quais as ora\u00e7\u00f5es para recorrer a ele?<\/span><\/i><\/span><\/p>\n<p style=\"padding-left: 60px;\"><span style=\"font-size: 12pt; color: #000000; font-family: verdana, geneva, sans-serif;\"><i><span style=\"font-weight: 400;\">&#8211; Outras pessoas j\u00e1 receberam milagres dele quando tudo parecia perdido?<\/span><\/i><\/span><\/p>\n<p style=\"padding-left: 60px;\"><span style=\"color: #000000; font-size: 12pt; font-family: verdana, geneva, sans-serif;\">Essas informa\u00e7\u00f5es valiosas estar\u00e3o na palma da sua m\u00e3o. A leitura pode ser feita atrav\u00e9s do celular, tablet ou Kindle.\u00a0<\/span><\/p>\n<p style=\"padding-left: 60px;\"><span style=\"color: #000000; font-size: 12pt; font-family: verdana, geneva, sans-serif;\">E seu nome ser\u00e1 lembrado na pr\u00f3xima Santa Missa de S\u00e3o Judas Tadeu que ser\u00e1 celebrada!<\/span><\/p>\n<p style=\"padding-left: 60px;\"><span style=\"color: #000000; font-size: 12pt; font-family: verdana, geneva, sans-serif;\">Recupere os seus sonhos, objetivos e planos. O imposs\u00edvel poder\u00e1 se tornar poss\u00edvel e este e-book ajudar\u00e1, assim como forneceu aux\u00edlio para diversas fam\u00edlias.<\/span><\/p>\n<p style=\"padding-left: 60px;\"><span style=\"color: #ffffff;\">.<\/span><\/p>\n<h5 style=\"padding-left: 60px; text-align: center;\"><a href=\"https:\/\/checkout.hotmart.com\/R6709279A?checkoutMode=10&amp;sck=8736&amp;bid=1511798290131&amp;fev=107712956&amp;fol=2779&amp;ref=B9378163P\" target=\"_blank\" rel=\"noopener noreferrer\"><span style=\"color: #0000ff;\"><strong><span style=\"font-size: 12pt; font-family: verdana, geneva, sans-serif;\">Clique aqui e\u00a0veja como receb\u00ea-lo!<\/span><\/strong><\/span><\/a><\/h5>\n<p><span style=\"color: #ffffff;\">.<\/span><\/p>\n","protected":false},"excerpt":{"rendered":"<p>Al\u00e9m de ser conhecido como Santo das Causas Imposs\u00edveis, S\u00e3o Judas Tadeu carrega o t\u00edtulo da \u201cSanto das Causas Perdidas\u201d, portanto, algumas gra\u00e7as que voc\u00ea deve ter deixado ao longo da vida, ser\u00e1 ele a quem v\u00f3s deve recorrer. . A cada dia, \u00e9 como se o mundo nos incentiva a abrir de muitas coisas [&hellip;]<\/p>\n","protected":false},"author":27,"featured_media":50984,"comment_status":"open","ping_status":"open","sticky":false,"template":"","format":"standard","meta":[],"categories":[2224,20],"tags":[2849,2850,2851,2852,2853,2854,2855],"yoast_head":"<!-- This site is optimized with the Yoast SEO plugin v17.4 - https:\/\/yoast.com\/wordpress\/plugins\/seo\/ -->\n<title>Quantos sonhos voc\u00ea j\u00e1 abandonou ao longo de vida? Veja o santo que poder\u00e1 ajudar<\/title>\n<meta name=\"description\" content=\"Voc\u00ea j\u00e1 pensou em dar um basta nos problemas imposs\u00edveis ou recuperar os sonhos deixados para tr\u00e1s? Veja o santo que poder\u00e1 ajudar....\" \/>\n<meta name=\"robots\" content=\"index, follow, max-snippet:-1, max-image-preview:large, max-video-preview:-1\" \/>\n<link rel=\"canonical\" href=\"https:\/\/www.adf.org.br\/home\/quantos-sonhos-voce-ja-abandonou-ao-longo-de-vida-veja-o-santo-que-podera-ajudar\/\" \/>\n<meta property=\"og:locale\" content=\"pt_BR\" \/>\n<meta property=\"og:type\" content=\"article\" \/>\n<meta property=\"og:title\" content=\"Quantos sonhos voc\u00ea j\u00e1 abandonou ao longo de vida? Veja o santo que poder\u00e1 ajudar\" \/>\n<meta property=\"og:description\" content=\"Voc\u00ea j\u00e1 pensou em dar um basta nos problemas imposs\u00edveis ou recuperar os sonhos deixados para tr\u00e1s? Veja o santo que poder\u00e1 ajudar....\" \/>\n<meta property=\"og:url\" content=\"https:\/\/www.adf.org.br\/home\/quantos-sonhos-voce-ja-abandonou-ao-longo-de-vida-veja-o-santo-que-podera-ajudar\/\" \/>\n<meta property=\"og:site_name\" content=\"Associa\u00e7\u00e3o Devotos de F\u00e1tima\" \/>\n<meta property=\"article:published_time\" content=\"2020-02-19T03:30:36+00:00\" \/>\n<meta name=\"twitter:card\" content=\"summary_large_image\" \/>\n<meta name=\"twitter:label1\" content=\"Escrito por\" \/>\n\t<meta name=\"twitter:data1\" content=\"Gabriel Barbosa\" \/>\n\t<meta name=\"twitter:label2\" content=\"Est. tempo de leitura\" \/>\n\t<meta name=\"twitter:data2\" content=\"1 minuto\" \/>\n<script type=\"application\/ld+json\" class=\"yoast-schema-graph\">{\"@context\":\"https:\/\/schema.org\",\"@graph\":[{\"@type\":\"WebSite\",\"@id\":\"https:\/\/www.adf.org.br\/home\/#website\",\"url\":\"https:\/\/www.adf.org.br\/home\/\",\"name\":\"Associa\\u00e7\\u00e3o Devotos de F\\u00e1tima\",\"description\":\"Associa\\u00e7\\u00e3o Devotos de F\\u00e1tima\",\"potentialAction\":[{\"@type\":\"SearchAction\",\"target\":{\"@type\":\"EntryPoint\",\"urlTemplate\":\"https:\/\/www.adf.org.br\/home\/?s={search_term_string}\"},\"query-input\":\"required name=search_term_string\"}],\"inLanguage\":\"pt-BR\"},{\"@type\":\"ImageObject\",\"@id\":\"https:\/\/www.adf.org.br\/home\/quantos-sonhos-voce-ja-abandonou-ao-longo-de-vida-veja-o-santo-que-podera-ajudar\/#primaryimage\",\"inLanguage\":\"pt-BR\",\"url\":\"\",\"contentUrl\":\"\"},{\"@type\":\"WebPage\",\"@id\":\"https:\/\/www.adf.org.br\/home\/quantos-sonhos-voce-ja-abandonou-ao-longo-de-vida-veja-o-santo-que-podera-ajudar\/#webpage\",\"url\":\"https:\/\/www.adf.org.br\/home\/quantos-sonhos-voce-ja-abandonou-ao-longo-de-vida-veja-o-santo-que-podera-ajudar\/\",\"name\":\"Quantos sonhos voc\\u00ea j\\u00e1 abandonou ao longo de vida? Veja o santo que poder\\u00e1 ajudar\",\"isPartOf\":{\"@id\":\"https:\/\/www.adf.org.br\/home\/#website\"},\"primaryImageOfPage\":{\"@id\":\"https:\/\/www.adf.org.br\/home\/quantos-sonhos-voce-ja-abandonou-ao-longo-de-vida-veja-o-santo-que-podera-ajudar\/#primaryimage\"},\"datePublished\":\"2020-02-19T03:30:36+00:00\",\"dateModified\":\"2020-02-19T03:30:36+00:00\",\"author\":{\"@id\":\"https:\/\/www.adf.org.br\/home\/#\/schema\/person\/affa494ecf91434f3620f5392de44327\"},\"description\":\"Voc\\u00ea j\\u00e1 pensou em dar um basta nos problemas imposs\\u00edveis ou recuperar os sonhos deixados para tr\\u00e1s? Veja o santo que poder\\u00e1 ajudar....\",\"breadcrumb\":{\"@id\":\"https:\/\/www.adf.org.br\/home\/quantos-sonhos-voce-ja-abandonou-ao-longo-de-vida-veja-o-santo-que-podera-ajudar\/#breadcrumb\"},\"inLanguage\":\"pt-BR\",\"potentialAction\":[{\"@type\":\"ReadAction\",\"target\":[\"https:\/\/www.adf.org.br\/home\/quantos-sonhos-voce-ja-abandonou-ao-longo-de-vida-veja-o-santo-que-podera-ajudar\/\"]}]},{\"@type\":\"BreadcrumbList\",\"@id\":\"https:\/\/www.adf.org.br\/home\/quantos-sonhos-voce-ja-abandonou-ao-longo-de-vida-veja-o-santo-que-podera-ajudar\/#breadcrumb\",\"itemListElement\":[{\"@type\":\"ListItem\",\"position\":1,\"name\":\"Home\",\"item\":\"https:\/\/www.adf.org.br\/home\/\"},{\"@type\":\"ListItem\",\"position\":2,\"name\":\"Quantos sonhos voc\\u00ea j\\u00e1 abandonou ao longo de vida? Veja o santo que poder\\u00e1 ajudar a superar o imposs\\u00edvel\"}]},{\"@type\":\"Person\",\"@id\":\"https:\/\/www.adf.org.br\/home\/#\/schema\/person\/affa494ecf91434f3620f5392de44327\",\"name\":\"Gabriel Barbosa\",\"image\":{\"@type\":\"ImageObject\",\"@id\":\"https:\/\/www.adf.org.br\/home\/#personlogo\",\"inLanguage\":\"pt-BR\",\"url\":\"https:\/\/secure.gravatar.com\/avatar\/ecf2eab02e30486a7038f8b2858de06a?s=96&d=mm&r=g\",\"contentUrl\":\"https:\/\/secure.gravatar.com\/avatar\/ecf2eab02e30486a7038f8b2858de06a?s=96&d=mm&r=g\",\"caption\":\"Gabriel Barbosa\"},\"url\":\"https:\/\/www.adf.org.br\/home\/author\/gabriel-aascj\/\"}]}<\/script>\n<!-- \/ Yoast SEO plugin. -->","yoast_head_json":{"title":"Quantos sonhos voc\u00ea j\u00e1 abandonou ao longo de vida? Veja o santo que poder\u00e1 ajudar","description":"Voc\u00ea j\u00e1 pensou em dar um basta nos problemas imposs\u00edveis ou recuperar os sonhos deixados para tr\u00e1s? Veja o santo que poder\u00e1 ajudar....","robots":{"index":"index","follow":"follow","max-snippet":"max-snippet:-1","max-image-preview":"max-image-preview:large","max-video-preview":"max-video-preview:-1"},"canonical":"https:\/\/www.adf.org.br\/home\/quantos-sonhos-voce-ja-abandonou-ao-longo-de-vida-veja-o-santo-que-podera-ajudar\/","og_locale":"pt_BR","og_type":"article","og_title":"Quantos sonhos voc\u00ea j\u00e1 abandonou ao longo de vida? Veja o santo que poder\u00e1 ajudar","og_description":"Voc\u00ea j\u00e1 pensou em dar um basta nos problemas imposs\u00edveis ou recuperar os sonhos deixados para tr\u00e1s? Veja o santo que poder\u00e1 ajudar....","og_url":"https:\/\/www.adf.org.br\/home\/quantos-sonhos-voce-ja-abandonou-ao-longo-de-vida-veja-o-santo-que-podera-ajudar\/","og_site_name":"Associa\u00e7\u00e3o Devotos de F\u00e1tima","article_published_time":"2020-02-19T03:30:36+00:00","twitter_card":"summary_large_image","twitter_misc":{"Escrito por":"Gabriel Barbosa","Est. tempo de leitura":"1 minuto"},"schema":{"@context":"https:\/\/schema.org","@graph":[{"@type":"WebSite","@id":"https:\/\/www.adf.org.br\/home\/#website","url":"https:\/\/www.adf.org.br\/home\/","name":"Associa\u00e7\u00e3o Devotos de F\u00e1tima","description":"Associa\u00e7\u00e3o Devotos de F\u00e1tima","potentialAction":[{"@type":"SearchAction","target":{"@type":"EntryPoint","urlTemplate":"https:\/\/www.adf.org.br\/home\/?s={search_term_string}"},"query-input":"required name=search_term_string"}],"inLanguage":"pt-BR"},{"@type":"ImageObject","@id":"https:\/\/www.adf.org.br\/home\/quantos-sonhos-voce-ja-abandonou-ao-longo-de-vida-veja-o-santo-que-podera-ajudar\/#primaryimage","inLanguage":"pt-BR","url":"","contentUrl":""},{"@type":"WebPage","@id":"https:\/\/www.adf.org.br\/home\/quantos-sonhos-voce-ja-abandonou-ao-longo-de-vida-veja-o-santo-que-podera-ajudar\/#webpage","url":"https:\/\/www.adf.org.br\/home\/quantos-sonhos-voce-ja-abandonou-ao-longo-de-vida-veja-o-santo-que-podera-ajudar\/","name":"Quantos sonhos voc\u00ea j\u00e1 abandonou ao longo de vida? Veja o santo que poder\u00e1 ajudar","isPartOf":{"@id":"https:\/\/www.adf.org.br\/home\/#website"},"primaryImageOfPage":{"@id":"https:\/\/www.adf.org.br\/home\/quantos-sonhos-voce-ja-abandonou-ao-longo-de-vida-veja-o-santo-que-podera-ajudar\/#primaryimage"},"datePublished":"2020-02-19T03:30:36+00:00","dateModified":"2020-02-19T03:30:36+00:00","author":{"@id":"https:\/\/www.adf.org.br\/home\/#\/schema\/person\/affa494ecf91434f3620f5392de44327"},"description":"Voc\u00ea j\u00e1 pensou em dar um basta nos problemas imposs\u00edveis ou recuperar os sonhos deixados para tr\u00e1s? Veja o santo que poder\u00e1 ajudar....","breadcrumb":{"@id":"https:\/\/www.adf.org.br\/home\/quantos-sonhos-voce-ja-abandonou-ao-longo-de-vida-veja-o-santo-que-podera-ajudar\/#breadcrumb"},"inLanguage":"pt-BR","potentialAction":[{"@type":"ReadAction","target":["https:\/\/www.adf.org.br\/home\/quantos-sonhos-voce-ja-abandonou-ao-longo-de-vida-veja-o-santo-que-podera-ajudar\/"]}]},{"@type":"BreadcrumbList","@id":"https:\/\/www.adf.org.br\/home\/quantos-sonhos-voce-ja-abandonou-ao-longo-de-vida-veja-o-santo-que-podera-ajudar\/#breadcrumb","itemListElement":[{"@type":"ListItem","position":1,"name":"Home","item":"https:\/\/www.adf.org.br\/home\/"},{"@type":"ListItem","position":2,"name":"Quantos sonhos voc\u00ea j\u00e1 abandonou ao longo de vida? Veja o santo que poder\u00e1 ajudar a superar o imposs\u00edvel"}]},{"@type":"Person","@id":"https:\/\/www.adf.org.br\/home\/#\/schema\/person\/affa494ecf91434f3620f5392de44327","name":"Gabriel Barbosa","image":{"@type":"ImageObject","@id":"https:\/\/www.adf.org.br\/home\/#personlogo","inLanguage":"pt-BR","url":"https:\/\/secure.gravatar.com\/avatar\/ecf2eab02e30486a7038f8b2858de06a?s=96&d=mm&r=g","contentUrl":"https:\/\/secure.gravatar.com\/avatar\/ecf2eab02e30486a7038f8b2858de06a?s=96&d=mm&r=g","caption":"Gabriel Barbosa"},"url":"https:\/\/www.adf.org.br\/home\/author\/gabriel-aascj\/"}]}},"_links":{"self":[{"href":"https:\/\/www.adf.org.br\/home\/wp-json\/wp\/v2\/posts\/50973"}],"collection":[{"href":"https:\/\/www.adf.org.br\/home\/wp-json\/wp\/v2\/posts"}],"about":[{"href":"https:\/\/www.adf.org.br\/home\/wp-json\/wp\/v2\/types\/post"}],"author":[{"embeddable":true,"href":"https:\/\/www.adf.org.br\/home\/wp-json\/wp\/v2\/users\/27"}],"replies":[{"embeddable":true,"href":"https:\/\/www.adf.org.br\/home\/wp-json\/wp\/v2\/comments?post=50973"}],"version-history":[{"count":0,"href":"https:\/\/www.adf.org.br\/home\/wp-json\/wp\/v2\/posts\/50973\/revisions"}],"wp:featuredmedia":[{"embeddable":true,"href":"https:\/\/www.adf.org.br\/home\/wp-json\/wp\/v2\/media\/50984"}],"wp:attachment":[{"href":"https:\/\/www.adf.org.br\/home\/wp-json\/wp\/v2\/media?parent=50973"}],"wp:term":[{"taxonomy":"category","embeddable":true,"href":"https:\/\/www.adf.org.br\/home\/wp-json\/wp\/v2\/categories?post=50973"},{"taxonomy":"post_tag","embeddable":true,"href":"https:\/\/www.adf.org.br\/home\/wp-json\/wp\/v2\/tags?post=50973"}],"curies":[{"name":"wp","href":"https:\/\/api.w.org\/{rel}","templated":true}]}}