{"id":5089,"date":"2011-05-12T00:02:42","date_gmt":"2011-05-12T03:02:42","guid":{"rendered":"http:\/\/www.adf.org.br\/home\/?p=5089"},"modified":"2011-05-12T00:02:42","modified_gmt":"2011-05-12T03:02:42","slug":"reze-por-mim-todos-os-dias","status":"publish","type":"post","link":"https:\/\/www.adf.org.br\/home\/reze-por-mim-todos-os-dias\/","title":{"rendered":"Nossa Senhora recomendou: Rezem todos os dias"},"content":{"rendered":"<p><img loading=\"lazy\" class=\"alignleft size-medium wp-image-5090\" title=\"DSC_0005a\" src=\"http:\/\/www.adf.org.br\/home\/wp-content\/uploads\/2010\/06\/DSC_0005a-199x300.jpg\" alt=\"DSC_0005a\" width=\"199\" height=\"300\" srcset=\"https:\/\/www.adf.org.br\/home\/wp-content\/uploads\/2010\/06\/DSC_0005a-199x300.jpg 199w, https:\/\/www.adf.org.br\/home\/wp-content\/uploads\/2010\/06\/DSC_0005a.jpg 398w\" sizes=\"(max-width: 199px) 100vw, 199px\" \/>Nossa Senhora de F\u00e1tima repetia sempre uma mensagem para os pastorinhos quando lhes apareceu na Cova da Iria: <strong><em>\u201cRezem o ter\u00e7o todos os dias\u201d<\/em>. <\/strong>Ela n\u00e3o disse para rezar uma vez por semana, muito menos uma vez por m\u00eas. A Sant\u00edssima Virgem foi enf\u00e1tica: <strong><span style=\"text-decoration: underline;\">TODOS OS DIAS!<\/span><\/strong><\/p>\n<p>Rezar deve ser um h\u00e1bito di\u00e1rio nosso, assim como o tomar o caf\u00e9 ou o ch\u00e1 da manh\u00e3.\u00a0 Deve estar incorporado em nosso cotidiano, do mesmo modo que, nos tempos modernos, acessamos diariamente a internet.<\/p>\n<p>Deste modo, a <span style=\"color: #0000ff;\"><strong>Associa\u00e7\u00e3o Devotos de F\u00e1tima<\/strong><\/span> louva a iniciativa da Associa\u00e7\u00e3o\u00a0Apostolado do Sagrado Cora\u00e7\u00e3o de Jesus, que criou recentemente o apostolado na internet chamado <a href=\"http:\/\/rezepormim.com.br\/?origem=31\" target=\"_blank\" rel=\"noopener noreferrer\"><strong><span style=\"text-decoration: underline;\">Reze Por Mim.<\/span><\/strong><\/a><\/p>\n<p>O <a href=\"http:\/\/rezepormim.com.br\/?origem=31\" target=\"_blank\" rel=\"noopener noreferrer\"><strong><span style=\"text-decoration: underline;\">Reze Por Mim<\/span><\/strong><\/a> \u00e9 uma\u00a0p\u00e1gina onde voc\u00ea\u00a0pode pedir ora\u00e7\u00f5es para voc\u00ea,\u00a0seus amigos e familiares\u00a0e <strong>durante 9 dias um Apostolado inteiro rezar\u00e1 por suas inten\u00e7\u00f5es<\/strong>. Al\u00e9m disto voc\u00ea poder\u00e1\u00a0fortalecer ainda mais sua devo\u00e7\u00e3o rezando por todos que estiverem necessitados de ora\u00e7\u00f5es.\u00a0 Que maravilha.<\/p>\n<p><a href=\"http:\/\/rezepormim.com.br\/?origem=31\" target=\"_blank\" rel=\"noopener noreferrer\"><strong><span style=\"text-decoration: underline;\">Aproxime-se mais de Virgem Maria. Acesse aqui o apostolado Reze Por Mim e registre suas s\u00faplicas<\/span><\/strong><\/a> .<\/p>\n<p>Satisfa\u00e7a o desejo de Nossa Senhora de F\u00e1tima, fa\u00e7a isso todas as vezes em que estiver na internet, s\u00f3 lhe far\u00e1 bem e ajudar\u00e1 o pr\u00f3ximo com a for\u00e7a de sua f\u00e9.<\/p>\n<p>O <a href=\"http:\/\/rezepormim.com.br\/?origem=31\" target=\"_blank\" rel=\"noopener noreferrer\"><strong>Reze Por Mim<\/strong><\/a> mant\u00e9m seus pedidos de ora\u00e7\u00f5es por nove dias, para que voc\u00ea possa fazer uma novena por suas inten\u00e7\u00f5es.<\/p>\n<p><a href=\"http:\/\/rezepormim.com.br\/?origem=31\" target=\"_blank\" rel=\"noopener noreferrer\"><strong><span style=\"text-decoration: underline;\">Visite agora o apostolado Reze por Mim<\/span><\/strong><\/a>, escreva suas inten\u00e7\u00f5es e <a href=\"http:\/\/rezepormim.com.br\/rezem-por-ele?origem=31\" target=\"_blank\" rel=\"noopener noreferrer\">envie preces a seus amigos e familiares<\/a>.<\/p>\n<p>Tenha certeza de que Nossa Senhora ficar\u00e1 muito feliz com seu gesto e certamente lhe atender\u00e1.<\/p>\n","protected":false},"excerpt":{"rendered":"<p>Nossa Senhora de F\u00e1tima repetia sempre uma mensagem para os pastorinhos quando lhes apareceu na Cova da Iria: \u201cRezem o ter\u00e7o todos os dias\u201d. Ela n\u00e3o disse para rezar uma vez por semana, muito menos uma vez por m\u00eas. A Sant\u00edssima Virgem foi enf\u00e1tica: TODOS OS DIAS! Rezar deve ser um h\u00e1bito di\u00e1rio nosso, assim [&hellip;]<\/p>\n","protected":false},"author":31,"featured_media":0,"comment_status":"open","ping_status":"open","sticky":false,"template":"","format":"standard","meta":[],"categories":[20],"tags":[57,15,277],"yoast_head":"<!-- This site is optimized with the Yoast SEO plugin v17.4 - https:\/\/yoast.com\/wordpress\/plugins\/seo\/ -->\n<title>Nossa Senhora recomendou: Rezem todos os dias - Associa\u00e7\u00e3o Devotos de F\u00e1tima<\/title>\n<meta name=\"robots\" content=\"index, follow, max-snippet:-1, max-image-preview:large, max-video-preview:-1\" \/>\n<link rel=\"canonical\" href=\"https:\/\/www.adf.org.br\/home\/reze-por-mim-todos-os-dias\/\" \/>\n<meta property=\"og:locale\" content=\"pt_BR\" \/>\n<meta property=\"og:type\" content=\"article\" \/>\n<meta property=\"og:title\" content=\"Nossa Senhora recomendou: Rezem todos os dias - Associa\u00e7\u00e3o Devotos de F\u00e1tima\" \/>\n<meta property=\"og:description\" content=\"Nossa Senhora de F\u00e1tima repetia sempre uma mensagem para os pastorinhos quando lhes apareceu na Cova da Iria: \u201cRezem o ter\u00e7o todos os dias\u201d. Ela n\u00e3o disse para rezar uma vez por semana, muito menos uma vez por m\u00eas. A Sant\u00edssima Virgem foi enf\u00e1tica: TODOS OS DIAS! Rezar deve ser um h\u00e1bito di\u00e1rio nosso, assim [&hellip;]\" \/>\n<meta property=\"og:url\" content=\"https:\/\/www.adf.org.br\/home\/reze-por-mim-todos-os-dias\/\" \/>\n<meta property=\"og:site_name\" content=\"Associa\u00e7\u00e3o Devotos de F\u00e1tima\" \/>\n<meta property=\"article:published_time\" content=\"2011-05-12T03:02:42+00:00\" \/>\n<meta property=\"og:image\" content=\"http:\/\/www.adf.org.br\/home\/wp-content\/uploads\/2010\/06\/DSC_0005a-199x300.jpg\" \/>\n<meta name=\"twitter:card\" content=\"summary_large_image\" \/>\n<meta name=\"twitter:label1\" content=\"Escrito por\" \/>\n\t<meta name=\"twitter:data1\" content=\"Gabriel Barbosa\" \/>\n\t<meta name=\"twitter:label2\" content=\"Est. tempo de leitura\" \/>\n\t<meta name=\"twitter:data2\" content=\"1 minuto\" \/>\n<script type=\"application\/ld+json\" class=\"yoast-schema-graph\">{\"@context\":\"https:\/\/schema.org\",\"@graph\":[{\"@type\":\"WebSite\",\"@id\":\"https:\/\/www.adf.org.br\/home\/#website\",\"url\":\"https:\/\/www.adf.org.br\/home\/\",\"name\":\"Associa\\u00e7\\u00e3o Devotos de F\\u00e1tima\",\"description\":\"Associa\\u00e7\\u00e3o Devotos de F\\u00e1tima\",\"potentialAction\":[{\"@type\":\"SearchAction\",\"target\":{\"@type\":\"EntryPoint\",\"urlTemplate\":\"https:\/\/www.adf.org.br\/home\/?s={search_term_string}\"},\"query-input\":\"required name=search_term_string\"}],\"inLanguage\":\"pt-BR\"},{\"@type\":\"ImageObject\",\"@id\":\"https:\/\/www.adf.org.br\/home\/reze-por-mim-todos-os-dias\/#primaryimage\",\"inLanguage\":\"pt-BR\",\"url\":\"http:\/\/www.adf.org.br\/home\/wp-content\/uploads\/2010\/06\/DSC_0005a-199x300.jpg\",\"contentUrl\":\"http:\/\/www.adf.org.br\/home\/wp-content\/uploads\/2010\/06\/DSC_0005a-199x300.jpg\"},{\"@type\":\"WebPage\",\"@id\":\"https:\/\/www.adf.org.br\/home\/reze-por-mim-todos-os-dias\/#webpage\",\"url\":\"https:\/\/www.adf.org.br\/home\/reze-por-mim-todos-os-dias\/\",\"name\":\"Nossa Senhora recomendou: Rezem todos os dias - Associa\\u00e7\\u00e3o Devotos de F\\u00e1tima\",\"isPartOf\":{\"@id\":\"https:\/\/www.adf.org.br\/home\/#website\"},\"primaryImageOfPage\":{\"@id\":\"https:\/\/www.adf.org.br\/home\/reze-por-mim-todos-os-dias\/#primaryimage\"},\"datePublished\":\"2011-05-12T03:02:42+00:00\",\"dateModified\":\"2011-05-12T03:02:42+00:00\",\"author\":{\"@id\":\"https:\/\/www.adf.org.br\/home\/#\/schema\/person\/f35a5c5aa7728a3dedf4ea9aa1fc2753\"},\"breadcrumb\":{\"@id\":\"https:\/\/www.adf.org.br\/home\/reze-por-mim-todos-os-dias\/#breadcrumb\"},\"inLanguage\":\"pt-BR\",\"potentialAction\":[{\"@type\":\"ReadAction\",\"target\":[\"https:\/\/www.adf.org.br\/home\/reze-por-mim-todos-os-dias\/\"]}]},{\"@type\":\"BreadcrumbList\",\"@id\":\"https:\/\/www.adf.org.br\/home\/reze-por-mim-todos-os-dias\/#breadcrumb\",\"itemListElement\":[{\"@type\":\"ListItem\",\"position\":1,\"name\":\"Home\",\"item\":\"https:\/\/www.adf.org.br\/home\/\"},{\"@type\":\"ListItem\",\"position\":2,\"name\":\"Nossa Senhora recomendou: Rezem todos os dias\"}]},{\"@type\":\"Person\",\"@id\":\"https:\/\/www.adf.org.br\/home\/#\/schema\/person\/f35a5c5aa7728a3dedf4ea9aa1fc2753\",\"name\":\"Gabriel Barbosa\",\"image\":{\"@type\":\"ImageObject\",\"@id\":\"https:\/\/www.adf.org.br\/home\/#personlogo\",\"inLanguage\":\"pt-BR\",\"url\":\"https:\/\/secure.gravatar.com\/avatar\/2b2cb2f4637682c5605e8d36818f51ef?s=96&d=mm&r=g\",\"contentUrl\":\"https:\/\/secure.gravatar.com\/avatar\/2b2cb2f4637682c5605e8d36818f51ef?s=96&d=mm&r=g\",\"caption\":\"Gabriel Barbosa\"},\"url\":\"https:\/\/www.adf.org.br\/home\/author\/gabrielpmk-com-br\/\"}]}<\/script>\n<!-- \/ Yoast SEO plugin. -->","yoast_head_json":{"title":"Nossa Senhora recomendou: Rezem todos os dias - Associa\u00e7\u00e3o Devotos de F\u00e1tima","robots":{"index":"index","follow":"follow","max-snippet":"max-snippet:-1","max-image-preview":"max-image-preview:large","max-video-preview":"max-video-preview:-1"},"canonical":"https:\/\/www.adf.org.br\/home\/reze-por-mim-todos-os-dias\/","og_locale":"pt_BR","og_type":"article","og_title":"Nossa Senhora recomendou: Rezem todos os dias - Associa\u00e7\u00e3o Devotos de F\u00e1tima","og_description":"Nossa Senhora de F\u00e1tima repetia sempre uma mensagem para os pastorinhos quando lhes apareceu na Cova da Iria: \u201cRezem o ter\u00e7o todos os dias\u201d. Ela n\u00e3o disse para rezar uma vez por semana, muito menos uma vez por m\u00eas. A Sant\u00edssima Virgem foi enf\u00e1tica: TODOS OS DIAS! Rezar deve ser um h\u00e1bito di\u00e1rio nosso, assim [&hellip;]","og_url":"https:\/\/www.adf.org.br\/home\/reze-por-mim-todos-os-dias\/","og_site_name":"Associa\u00e7\u00e3o Devotos de F\u00e1tima","article_published_time":"2011-05-12T03:02:42+00:00","og_image":[{"url":"http:\/\/www.adf.org.br\/home\/wp-content\/uploads\/2010\/06\/DSC_0005a-199x300.jpg"}],"twitter_card":"summary_large_image","twitter_misc":{"Escrito por":"Gabriel Barbosa","Est. tempo de leitura":"1 minuto"},"schema":{"@context":"https:\/\/schema.org","@graph":[{"@type":"WebSite","@id":"https:\/\/www.adf.org.br\/home\/#website","url":"https:\/\/www.adf.org.br\/home\/","name":"Associa\u00e7\u00e3o Devotos de F\u00e1tima","description":"Associa\u00e7\u00e3o Devotos de F\u00e1tima","potentialAction":[{"@type":"SearchAction","target":{"@type":"EntryPoint","urlTemplate":"https:\/\/www.adf.org.br\/home\/?s={search_term_string}"},"query-input":"required name=search_term_string"}],"inLanguage":"pt-BR"},{"@type":"ImageObject","@id":"https:\/\/www.adf.org.br\/home\/reze-por-mim-todos-os-dias\/#primaryimage","inLanguage":"pt-BR","url":"http:\/\/www.adf.org.br\/home\/wp-content\/uploads\/2010\/06\/DSC_0005a-199x300.jpg","contentUrl":"http:\/\/www.adf.org.br\/home\/wp-content\/uploads\/2010\/06\/DSC_0005a-199x300.jpg"},{"@type":"WebPage","@id":"https:\/\/www.adf.org.br\/home\/reze-por-mim-todos-os-dias\/#webpage","url":"https:\/\/www.adf.org.br\/home\/reze-por-mim-todos-os-dias\/","name":"Nossa Senhora recomendou: Rezem todos os dias - Associa\u00e7\u00e3o Devotos de F\u00e1tima","isPartOf":{"@id":"https:\/\/www.adf.org.br\/home\/#website"},"primaryImageOfPage":{"@id":"https:\/\/www.adf.org.br\/home\/reze-por-mim-todos-os-dias\/#primaryimage"},"datePublished":"2011-05-12T03:02:42+00:00","dateModified":"2011-05-12T03:02:42+00:00","author":{"@id":"https:\/\/www.adf.org.br\/home\/#\/schema\/person\/f35a5c5aa7728a3dedf4ea9aa1fc2753"},"breadcrumb":{"@id":"https:\/\/www.adf.org.br\/home\/reze-por-mim-todos-os-dias\/#breadcrumb"},"inLanguage":"pt-BR","potentialAction":[{"@type":"ReadAction","target":["https:\/\/www.adf.org.br\/home\/reze-por-mim-todos-os-dias\/"]}]},{"@type":"BreadcrumbList","@id":"https:\/\/www.adf.org.br\/home\/reze-por-mim-todos-os-dias\/#breadcrumb","itemListElement":[{"@type":"ListItem","position":1,"name":"Home","item":"https:\/\/www.adf.org.br\/home\/"},{"@type":"ListItem","position":2,"name":"Nossa Senhora recomendou: Rezem todos os dias"}]},{"@type":"Person","@id":"https:\/\/www.adf.org.br\/home\/#\/schema\/person\/f35a5c5aa7728a3dedf4ea9aa1fc2753","name":"Gabriel Barbosa","image":{"@type":"ImageObject","@id":"https:\/\/www.adf.org.br\/home\/#personlogo","inLanguage":"pt-BR","url":"https:\/\/secure.gravatar.com\/avatar\/2b2cb2f4637682c5605e8d36818f51ef?s=96&d=mm&r=g","contentUrl":"https:\/\/secure.gravatar.com\/avatar\/2b2cb2f4637682c5605e8d36818f51ef?s=96&d=mm&r=g","caption":"Gabriel Barbosa"},"url":"https:\/\/www.adf.org.br\/home\/author\/gabrielpmk-com-br\/"}]}},"_links":{"self":[{"href":"https:\/\/www.adf.org.br\/home\/wp-json\/wp\/v2\/posts\/5089"}],"collection":[{"href":"https:\/\/www.adf.org.br\/home\/wp-json\/wp\/v2\/posts"}],"about":[{"href":"https:\/\/www.adf.org.br\/home\/wp-json\/wp\/v2\/types\/post"}],"author":[{"embeddable":true,"href":"https:\/\/www.adf.org.br\/home\/wp-json\/wp\/v2\/users\/31"}],"replies":[{"embeddable":true,"href":"https:\/\/www.adf.org.br\/home\/wp-json\/wp\/v2\/comments?post=5089"}],"version-history":[{"count":0,"href":"https:\/\/www.adf.org.br\/home\/wp-json\/wp\/v2\/posts\/5089\/revisions"}],"wp:attachment":[{"href":"https:\/\/www.adf.org.br\/home\/wp-json\/wp\/v2\/media?parent=5089"}],"wp:term":[{"taxonomy":"category","embeddable":true,"href":"https:\/\/www.adf.org.br\/home\/wp-json\/wp\/v2\/categories?post=5089"},{"taxonomy":"post_tag","embeddable":true,"href":"https:\/\/www.adf.org.br\/home\/wp-json\/wp\/v2\/tags?post=5089"}],"curies":[{"name":"wp","href":"https:\/\/api.w.org\/{rel}","templated":true}]}}