{"id":50812,"date":"2019-03-02T01:00:40","date_gmt":"2019-03-02T04:00:40","guid":{"rendered":"http:\/\/www.adf.org.br\/home\/?p=50812"},"modified":"2019-03-02T01:00:40","modified_gmt":"2019-03-02T04:00:40","slug":"7-detalhes-da-medalha-milagrosa","status":"publish","type":"post","link":"https:\/\/www.adf.org.br\/home\/7-detalhes-da-medalha-milagrosa\/","title":{"rendered":"7 Detalhes da Medalha Milagrosa que voc\u00ea deve conhecer"},"content":{"rendered":"<figure id=\"attachment_45636\" aria-describedby=\"caption-attachment-45636\" style=\"width: 520px\" class=\"wp-caption aligncenter\"><a href=\"https:\/\/adf.org.br\/exercitodamedalha\/?origem=9947\" target=\"_blank\" rel=\"noopener noreferrer\"><img loading=\"lazy\" class=\"wp-image-45636\" src=\"http:\/\/www.adf.org.br\/home\/wp-content\/uploads\/2017\/11\/medalha-milagrosa.jpg\" alt=\"Medalha Milagrosa\" width=\"520\" height=\"443\" \/><\/a><figcaption id=\"caption-attachment-45636\" class=\"wp-caption-text\"><em><span style=\"color: #000000; font-size: 12pt; font-family: georgia, palatino, serif;\">Medalha Milagrosa<\/span><\/em><\/figcaption><\/figure>\n<p style=\"padding-left: 90px;\"><span style=\"font-family: verdana, geneva, sans-serif; font-size: 12pt; color: #ffffff;\">.<\/span><br \/>\n<strong><span style=\"font-family: verdana, geneva, sans-serif; font-size: 12pt; color: #800080;\">A Virgem da Medalha Milagrosa, cuja festa foi celebrada no \u00faltimo dia 27 de novembro;<br \/>\n<\/span><\/strong><span style=\"font-size: 14pt;\"><strong><span style=\"font-family: verdana, geneva, sans-serif; color: #800080;\"><br \/>\n<\/span><\/strong><\/span><\/p>\n<p><span style=\"font-family: verdana, geneva, sans-serif; font-size: 12pt; color: #000000;\"><span style=\"font-size: 14pt;\"><strong>P<\/strong><\/span>ediu a Santa Catarina Labour\u00e9 que fizesse uma Medalha igual a que ela viu no momento da apari\u00e7\u00e3o.<\/span><\/p>\n<p><span style=\"font-family: verdana, geneva, sans-serif; font-size: 12pt; color: #000000;\">Ela fez esta medalha e Deus realizou muitos milagres e alcan\u00e7ou muitas gra\u00e7as aos que a utilizam.<\/span><\/p>\n<p><span style=\"font-family: verdana, geneva, sans-serif; font-size: 12pt; color: #000000;\">Mas, o que indicam os s\u00edmbolos que aparecem na Medalha e qual \u00e9 a sua mensagem?<\/span><\/p>\n<p><span style=\"font-family: verdana, geneva, sans-serif; font-size: 12pt; color: #000000;\"><strong><br \/>\n<span style=\"color: #000080;\">1. Triunfar sobre Satan\u00e1s<\/span><\/strong><\/span><\/p>\n<p><span style=\"font-family: verdana, geneva, sans-serif; font-size: 12pt; color: #000000;\">Na frente da Medalha Milagrosa, aparece a\u00a0Virgem Maria\u00a0esmagando a cabe\u00e7a da serpente que est\u00e1 sobre o mundo:<\/span><\/p>\n<p><span style=\"font-family: verdana, geneva, sans-serif; font-size: 12pt; color: #000000;\">Ela, a Imaculada, tem todo poder em virtude de sua gra\u00e7a para triunfar sobre Satan\u00e1s.<\/span><\/p>\n<p><span style=\"font-family: verdana, geneva, sans-serif; font-size: 12pt; color: #000080;\"><strong><br \/>\n2. Evoca o Apocalipse<\/strong><\/span><\/p>\n<p><span style=\"font-family: verdana, geneva, sans-serif; font-size: 12pt; color: #000000;\">As doze estrelas da cabe\u00e7a de Maria e a cor de seu manto mostram a mulher vestida de sol, do Livro do Apocalipse.<\/span><\/p>\n<p><span style=\"font-family: verdana, geneva, sans-serif; font-size: 12pt; color: #000080;\"><strong><br \/>\n3. Raios das gra\u00e7as<\/strong><\/span><\/p>\n<p><span style=\"font-family: verdana, geneva, sans-serif; font-size: 12pt; color: #000000;\">Suas m\u00e3os estendidas, transmitindo raios de gra\u00e7a s\u00e3o sinal de sua miss\u00e3o de M\u00e3e e Medianeira das gra\u00e7as que derrama sobre o mundo e a quem lhes pe\u00e7a.<\/span><\/p>\n<p><span style=\"font-family: verdana, geneva, sans-serif; font-size: 12pt; color: #000080;\"><strong><br \/>\n4. Sinal da Imaculada<\/strong><\/span><\/p>\n<p><span style=\"font-family: verdana, geneva, sans-serif; font-size: 12pt; color: #000000;\">A famosa inscri\u00e7\u00e3o &#8220;Oh Maria&#8221; afirma a Imaculada Concei\u00e7\u00e3o da Virgem, manifestada a Santa Catarina nesta apari\u00e7\u00e3o em 27 de novembro de 1830, muito antes do dogma ser proclamado em 1854.<\/span><\/p>\n<p><span style=\"font-family: verdana, geneva, sans-serif; font-size: 12pt; color: #000000;\">Do mesmo modo, indica a miss\u00e3o de intercess\u00e3o da M\u00e3e de Deus, a quem podemos procurar com confian\u00e7a.<\/span><\/p>\n<p><span style=\"font-family: verdana, geneva, sans-serif; font-size: 12pt; color: #000080;\"><strong><br \/>\n5. A realeza de Maria<\/strong><\/span><\/p>\n<p><span style=\"font-family: verdana, geneva, sans-serif; font-size: 12pt; color: #000000;\">O globo, que representa a terra, est\u00e1 sob os p\u00e9s da Virgem Maria, porque Ela \u00e9 a rainha do c\u00e9u e da Terra.<\/span><\/p>\n<p><span style=\"font-family: verdana, geneva, sans-serif; font-size: 12pt; color: #000080;\"><strong><br \/>\n6. M\u00e3e do crucificado<\/strong><\/span><\/p>\n<p><span style=\"font-family: verdana, geneva, sans-serif; font-size: 12pt; color: #000000;\">Na parte de tr\u00e1s da Medalha est\u00e1 a letra &#8220;M&#8221;, s\u00edmbolo de Maria e da sua maternidade espiritual.<\/span><\/p>\n<p><span style=\"font-family: verdana, geneva, sans-serif; font-size: 12pt; color: #000000;\">A cruz \u00e9 o mist\u00e9rio da reden\u00e7\u00e3o e sustenta a letra &#8220;Yota&#8221; do alfabeto grego ou a &#8220;I&#8221;, que \u00e9 um monograma do nome &#8220;Jesus&#8221;.<\/span><\/p>\n<p><span style=\"font-family: verdana, geneva, sans-serif; font-size: 12pt; color: #000000;\">Tudo isso simboliza a M\u00e3e de Cristo crucificado.<\/span><\/p>\n<p><span style=\"font-family: verdana, geneva, sans-serif; font-size: 12pt; color: #000080;\"><strong><br \/>\n7. A\u00a0Igreja\u00a0com os Cora\u00e7\u00f5es Sagrados<\/strong><\/span><\/p>\n<p><span style=\"font-family: verdana, geneva, sans-serif; font-size: 12pt; color: #000000;\">As doze estrelas s\u00e3o um s\u00edmbolo da Igreja que Nosso Senhor fundou com os Ap\u00f3stolos.<\/span><\/p>\n<h5 style=\"padding-left: 90px;\"><strong><span style=\"font-family: verdana, geneva, sans-serif; font-size: 12pt; color: #800080;\"><br \/>\nEnquanto os Sagrados Cora\u00e7\u00f5es de Jesus e Maria se referem \u00e0 devo\u00e7\u00e3o que os crist\u00e3os devem ter a ambos os cora\u00e7\u00f5es.<\/span><\/strong><\/h5>\n<hr \/>\n<p style=\"text-align: center;\"><span style=\"font-size: 14pt; color: #000000; font-family: verdana, geneva, sans-serif;\">A medalha Milagrosa \u00e9 uma prote\u00e7\u00e3o essencial nos dias atuais! Veja a sociedade contra as tradi\u00e7\u00f5es cat\u00f3licas, o inimigo est\u00e1 agindo em sil\u00eancio e todos adotam tais m\u00e9todos.<\/span><\/p>\n<p style=\"text-align: center;\"><a href=\"https:\/\/adf.org.br\/exercitodamedalha\/?origem=9947\" target=\"_blank\" rel=\"noopener noreferrer\"><span style=\"font-size: 14pt; color: #000000; font-family: verdana, geneva, sans-serif;\">Veja como receber a sua clicando aqui!<\/span><\/a><\/p>\n","protected":false},"excerpt":{"rendered":"<p>. A Virgem da Medalha Milagrosa, cuja festa foi celebrada no \u00faltimo dia 27 de novembro; Pediu a Santa Catarina Labour\u00e9 que fizesse uma Medalha igual a que ela viu no momento da apari\u00e7\u00e3o. Ela fez esta medalha e Deus realizou muitos milagres e alcan\u00e7ou muitas gra\u00e7as aos que a utilizam. Mas, o que indicam [&hellip;]<\/p>\n","protected":false},"author":27,"featured_media":50813,"comment_status":"open","ping_status":"open","sticky":false,"template":"","format":"standard","meta":[],"categories":[20,2311],"tags":[34],"yoast_head":"<!-- This site is optimized with the Yoast SEO plugin v17.4 - https:\/\/yoast.com\/wordpress\/plugins\/seo\/ -->\n<title>7 detalhes da Medalha Milagrosa.<\/title>\n<meta name=\"description\" content=\"7 detalhes da Medalha Milagrosa. Aprenda mais aqui sobre os detalhes dessa famosa e poderosa Medalha de Nossa Senhora.\" \/>\n<meta name=\"robots\" content=\"index, follow, max-snippet:-1, max-image-preview:large, max-video-preview:-1\" \/>\n<link rel=\"canonical\" href=\"https:\/\/www.adf.org.br\/home\/7-detalhes-da-medalha-milagrosa\/\" \/>\n<meta property=\"og:locale\" content=\"pt_BR\" \/>\n<meta property=\"og:type\" content=\"article\" \/>\n<meta property=\"og:title\" content=\"7 detalhes da Medalha Milagrosa.\" \/>\n<meta property=\"og:description\" content=\"7 detalhes da Medalha Milagrosa. Aprenda mais aqui sobre os detalhes dessa famosa e poderosa Medalha de Nossa Senhora.\" \/>\n<meta property=\"og:url\" content=\"https:\/\/www.adf.org.br\/home\/7-detalhes-da-medalha-milagrosa\/\" \/>\n<meta property=\"og:site_name\" content=\"Associa\u00e7\u00e3o Devotos de F\u00e1tima\" \/>\n<meta property=\"article:published_time\" content=\"2019-03-02T04:00:40+00:00\" \/>\n<meta name=\"twitter:card\" content=\"summary_large_image\" \/>\n<meta name=\"twitter:label1\" content=\"Escrito por\" \/>\n\t<meta name=\"twitter:data1\" content=\"Gabriel Barbosa\" \/>\n\t<meta name=\"twitter:label2\" content=\"Est. tempo de leitura\" \/>\n\t<meta name=\"twitter:data2\" content=\"2 minutos\" \/>\n<script type=\"application\/ld+json\" class=\"yoast-schema-graph\">{\"@context\":\"https:\/\/schema.org\",\"@graph\":[{\"@type\":\"WebSite\",\"@id\":\"https:\/\/www.adf.org.br\/home\/#website\",\"url\":\"https:\/\/www.adf.org.br\/home\/\",\"name\":\"Associa\\u00e7\\u00e3o Devotos de F\\u00e1tima\",\"description\":\"Associa\\u00e7\\u00e3o Devotos de F\\u00e1tima\",\"potentialAction\":[{\"@type\":\"SearchAction\",\"target\":{\"@type\":\"EntryPoint\",\"urlTemplate\":\"https:\/\/www.adf.org.br\/home\/?s={search_term_string}\"},\"query-input\":\"required name=search_term_string\"}],\"inLanguage\":\"pt-BR\"},{\"@type\":\"ImageObject\",\"@id\":\"https:\/\/www.adf.org.br\/home\/7-detalhes-da-medalha-milagrosa\/#primaryimage\",\"inLanguage\":\"pt-BR\",\"url\":\"\",\"contentUrl\":\"\"},{\"@type\":\"WebPage\",\"@id\":\"https:\/\/www.adf.org.br\/home\/7-detalhes-da-medalha-milagrosa\/#webpage\",\"url\":\"https:\/\/www.adf.org.br\/home\/7-detalhes-da-medalha-milagrosa\/\",\"name\":\"7 detalhes da Medalha Milagrosa.\",\"isPartOf\":{\"@id\":\"https:\/\/www.adf.org.br\/home\/#website\"},\"primaryImageOfPage\":{\"@id\":\"https:\/\/www.adf.org.br\/home\/7-detalhes-da-medalha-milagrosa\/#primaryimage\"},\"datePublished\":\"2019-03-02T04:00:40+00:00\",\"dateModified\":\"2019-03-02T04:00:40+00:00\",\"author\":{\"@id\":\"https:\/\/www.adf.org.br\/home\/#\/schema\/person\/affa494ecf91434f3620f5392de44327\"},\"description\":\"7 detalhes da Medalha Milagrosa. Aprenda mais aqui sobre os detalhes dessa famosa e poderosa Medalha de Nossa Senhora.\",\"breadcrumb\":{\"@id\":\"https:\/\/www.adf.org.br\/home\/7-detalhes-da-medalha-milagrosa\/#breadcrumb\"},\"inLanguage\":\"pt-BR\",\"potentialAction\":[{\"@type\":\"ReadAction\",\"target\":[\"https:\/\/www.adf.org.br\/home\/7-detalhes-da-medalha-milagrosa\/\"]}]},{\"@type\":\"BreadcrumbList\",\"@id\":\"https:\/\/www.adf.org.br\/home\/7-detalhes-da-medalha-milagrosa\/#breadcrumb\",\"itemListElement\":[{\"@type\":\"ListItem\",\"position\":1,\"name\":\"Home\",\"item\":\"https:\/\/www.adf.org.br\/home\/\"},{\"@type\":\"ListItem\",\"position\":2,\"name\":\"7 Detalhes da Medalha Milagrosa que voc\\u00ea deve conhecer\"}]},{\"@type\":\"Person\",\"@id\":\"https:\/\/www.adf.org.br\/home\/#\/schema\/person\/affa494ecf91434f3620f5392de44327\",\"name\":\"Gabriel Barbosa\",\"image\":{\"@type\":\"ImageObject\",\"@id\":\"https:\/\/www.adf.org.br\/home\/#personlogo\",\"inLanguage\":\"pt-BR\",\"url\":\"https:\/\/secure.gravatar.com\/avatar\/ecf2eab02e30486a7038f8b2858de06a?s=96&d=mm&r=g\",\"contentUrl\":\"https:\/\/secure.gravatar.com\/avatar\/ecf2eab02e30486a7038f8b2858de06a?s=96&d=mm&r=g\",\"caption\":\"Gabriel Barbosa\"},\"url\":\"https:\/\/www.adf.org.br\/home\/author\/gabriel-aascj\/\"}]}<\/script>\n<!-- \/ Yoast SEO plugin. -->","yoast_head_json":{"title":"7 detalhes da Medalha Milagrosa.","description":"7 detalhes da Medalha Milagrosa. Aprenda mais aqui sobre os detalhes dessa famosa e poderosa Medalha de Nossa Senhora.","robots":{"index":"index","follow":"follow","max-snippet":"max-snippet:-1","max-image-preview":"max-image-preview:large","max-video-preview":"max-video-preview:-1"},"canonical":"https:\/\/www.adf.org.br\/home\/7-detalhes-da-medalha-milagrosa\/","og_locale":"pt_BR","og_type":"article","og_title":"7 detalhes da Medalha Milagrosa.","og_description":"7 detalhes da Medalha Milagrosa. Aprenda mais aqui sobre os detalhes dessa famosa e poderosa Medalha de Nossa Senhora.","og_url":"https:\/\/www.adf.org.br\/home\/7-detalhes-da-medalha-milagrosa\/","og_site_name":"Associa\u00e7\u00e3o Devotos de F\u00e1tima","article_published_time":"2019-03-02T04:00:40+00:00","twitter_card":"summary_large_image","twitter_misc":{"Escrito por":"Gabriel Barbosa","Est. tempo de leitura":"2 minutos"},"schema":{"@context":"https:\/\/schema.org","@graph":[{"@type":"WebSite","@id":"https:\/\/www.adf.org.br\/home\/#website","url":"https:\/\/www.adf.org.br\/home\/","name":"Associa\u00e7\u00e3o Devotos de F\u00e1tima","description":"Associa\u00e7\u00e3o Devotos de F\u00e1tima","potentialAction":[{"@type":"SearchAction","target":{"@type":"EntryPoint","urlTemplate":"https:\/\/www.adf.org.br\/home\/?s={search_term_string}"},"query-input":"required name=search_term_string"}],"inLanguage":"pt-BR"},{"@type":"ImageObject","@id":"https:\/\/www.adf.org.br\/home\/7-detalhes-da-medalha-milagrosa\/#primaryimage","inLanguage":"pt-BR","url":"","contentUrl":""},{"@type":"WebPage","@id":"https:\/\/www.adf.org.br\/home\/7-detalhes-da-medalha-milagrosa\/#webpage","url":"https:\/\/www.adf.org.br\/home\/7-detalhes-da-medalha-milagrosa\/","name":"7 detalhes da Medalha Milagrosa.","isPartOf":{"@id":"https:\/\/www.adf.org.br\/home\/#website"},"primaryImageOfPage":{"@id":"https:\/\/www.adf.org.br\/home\/7-detalhes-da-medalha-milagrosa\/#primaryimage"},"datePublished":"2019-03-02T04:00:40+00:00","dateModified":"2019-03-02T04:00:40+00:00","author":{"@id":"https:\/\/www.adf.org.br\/home\/#\/schema\/person\/affa494ecf91434f3620f5392de44327"},"description":"7 detalhes da Medalha Milagrosa. Aprenda mais aqui sobre os detalhes dessa famosa e poderosa Medalha de Nossa Senhora.","breadcrumb":{"@id":"https:\/\/www.adf.org.br\/home\/7-detalhes-da-medalha-milagrosa\/#breadcrumb"},"inLanguage":"pt-BR","potentialAction":[{"@type":"ReadAction","target":["https:\/\/www.adf.org.br\/home\/7-detalhes-da-medalha-milagrosa\/"]}]},{"@type":"BreadcrumbList","@id":"https:\/\/www.adf.org.br\/home\/7-detalhes-da-medalha-milagrosa\/#breadcrumb","itemListElement":[{"@type":"ListItem","position":1,"name":"Home","item":"https:\/\/www.adf.org.br\/home\/"},{"@type":"ListItem","position":2,"name":"7 Detalhes da Medalha Milagrosa que voc\u00ea deve conhecer"}]},{"@type":"Person","@id":"https:\/\/www.adf.org.br\/home\/#\/schema\/person\/affa494ecf91434f3620f5392de44327","name":"Gabriel Barbosa","image":{"@type":"ImageObject","@id":"https:\/\/www.adf.org.br\/home\/#personlogo","inLanguage":"pt-BR","url":"https:\/\/secure.gravatar.com\/avatar\/ecf2eab02e30486a7038f8b2858de06a?s=96&d=mm&r=g","contentUrl":"https:\/\/secure.gravatar.com\/avatar\/ecf2eab02e30486a7038f8b2858de06a?s=96&d=mm&r=g","caption":"Gabriel Barbosa"},"url":"https:\/\/www.adf.org.br\/home\/author\/gabriel-aascj\/"}]}},"_links":{"self":[{"href":"https:\/\/www.adf.org.br\/home\/wp-json\/wp\/v2\/posts\/50812"}],"collection":[{"href":"https:\/\/www.adf.org.br\/home\/wp-json\/wp\/v2\/posts"}],"about":[{"href":"https:\/\/www.adf.org.br\/home\/wp-json\/wp\/v2\/types\/post"}],"author":[{"embeddable":true,"href":"https:\/\/www.adf.org.br\/home\/wp-json\/wp\/v2\/users\/27"}],"replies":[{"embeddable":true,"href":"https:\/\/www.adf.org.br\/home\/wp-json\/wp\/v2\/comments?post=50812"}],"version-history":[{"count":0,"href":"https:\/\/www.adf.org.br\/home\/wp-json\/wp\/v2\/posts\/50812\/revisions"}],"wp:featuredmedia":[{"embeddable":true,"href":"https:\/\/www.adf.org.br\/home\/wp-json\/wp\/v2\/media\/50813"}],"wp:attachment":[{"href":"https:\/\/www.adf.org.br\/home\/wp-json\/wp\/v2\/media?parent=50812"}],"wp:term":[{"taxonomy":"category","embeddable":true,"href":"https:\/\/www.adf.org.br\/home\/wp-json\/wp\/v2\/categories?post=50812"},{"taxonomy":"post_tag","embeddable":true,"href":"https:\/\/www.adf.org.br\/home\/wp-json\/wp\/v2\/tags?post=50812"}],"curies":[{"name":"wp","href":"https:\/\/api.w.org\/{rel}","templated":true}]}}