{"id":50776,"date":"2020-05-27T00:30:06","date_gmt":"2020-05-27T03:30:06","guid":{"rendered":"http:\/\/www.adf.org.br\/home\/?p=50776"},"modified":"2020-06-09T15:46:32","modified_gmt":"2020-06-09T18:46:32","slug":"recorrer-aos-anjos-da-guarda","status":"publish","type":"post","link":"https:\/\/www.adf.org.br\/home\/recorrer-aos-anjos-da-guarda\/","title":{"rendered":"Devemos recorrer aos Anjos da Guarda, antes que seja tarde\u2026"},"content":{"rendered":"<p><span style=\"font-size: 12pt; color: #000000; font-family: verdana, geneva, sans-serif;\"><span style=\"font-size: 18pt;\">A<\/span> decad\u00eancia moral da sociedade, crescimento do ate\u00edsmo e o alto \u00edndice da viol\u00eancia s\u00e3o sinais claros que devemos praticar a devo\u00e7\u00e3o aos nossos melhores amigos: os\u00a0Anjos da Guarda.<\/span><\/p>\n<p><span style=\"font-size: 12pt; color: #000000; font-family: verdana, geneva, sans-serif;\">Padre Pio, um dos maiores santos da hist\u00f3ria, possu\u00eda uma grande intimidade com seu Anjo da Guarda.\u00a0Para voc\u00ea ter uma ideia,\u00a0o anjo do santo\u00a0o protegia dos ataques do dem\u00f4nio!\u00a0<\/span><\/p>\n<p style=\"padding-left: 60px;\"><span style=\"font-size: 12pt; color: #000000; font-family: verdana, geneva, sans-serif;\"><em>Quando pequeno, Padre Pio n\u00e3o se abria com crian\u00e7as da sua idade, somente com seu Anjo protetor.<\/em><\/span><\/p>\n<p><span style=\"font-size: 12pt; color: #000000; font-family: verdana, geneva, sans-serif;\">Ele conhecia todos os\u00a0<a href=\"https:\/\/pay.hotmart.com\/V6600461K?checkoutMode=10&amp;sck=8736&amp;bid=1542658989495&amp;ref=A9378102F\" target=\"_blank\" rel=\"noopener noreferrer\"><span style=\"color: #0000ff;\">Segredos dos Anjos.<\/span><\/a>\u00a0E voc\u00ea poder\u00e1 tamb\u00e9m descobri-los.\u00a0<\/span><\/p>\n<p><span style=\"font-size: 12pt; color: #000000; font-family: verdana, geneva, sans-serif;\"><strong>Afinal de contas, n\u00e3o existe amizade melhor que a de um Anjo, que foi enviado por Deus para nos guiar e nos proteger!<\/strong><\/span><\/p>\n<p><span style=\"font-size: 12pt; color: #000000; font-family: verdana, geneva, sans-serif;\">Conhe\u00e7a tudo sobre eles atrav\u00e9s do E-book:\u00a0<span style=\"color: #0000ff;\"><a style=\"color: #0000ff;\" href=\"https:\/\/pay.hotmart.com\/V6600461K?checkoutMode=10&amp;sck=8736&amp;bid=1542658989495&amp;ref=A9378102F\" target=\"_blank\" rel=\"noopener noreferrer\">Segredos dos Anjos.<\/a><\/span><\/span><\/p>\n<p><span style=\"font-size: 12pt; color: #000000; font-family: verdana, geneva, sans-serif;\"><a href=\"https:\/\/pay.hotmart.com\/V6600461K?checkoutMode=10&amp;sck=8736&amp;bid=1542658989495&amp;ref=A9378102F\" target=\"_blank\" rel=\"noopener noreferrer\"><img loading=\"lazy\" class=\"alignleft wp-image-54470 size-medium\" src=\"https:\/\/www.aascj.org.br\/home\/wp-content\/uploads\/2018\/11\/mockup_ebook2-300x300.jpg\" sizes=\"(max-width: 300px) 100vw, 300px\" srcset=\"https:\/\/www.aascj.org.br\/home\/wp-content\/uploads\/2018\/11\/mockup_ebook2-300x300.jpg 300w, https:\/\/www.aascj.org.br\/home\/wp-content\/uploads\/2018\/11\/mockup_ebook2-150x150.jpg 150w, https:\/\/www.aascj.org.br\/home\/wp-content\/uploads\/2018\/11\/mockup_ebook2-210x210.jpg 210w, https:\/\/www.aascj.org.br\/home\/wp-content\/uploads\/2018\/11\/mockup_ebook2.jpg 434w\" alt=\"Devemos recorrer aos Anjos da Guarda, antes que seja tarde\u2026\" width=\"300\" height=\"300\" \/><\/a><span style=\"color: #ffffff;\">.<\/span><\/span><\/p>\n<p><span style=\"font-size: 12pt; color: #000000; font-family: verdana, geneva, sans-serif;\">Voc\u00ea se encantar\u00e1\u00a0com in\u00fameros fatos a respeito deles:<\/span><\/p>\n<p><span style=\"font-size: 12pt; color: #000000; font-family: verdana, geneva, sans-serif;\">O que fizeram s\u00e9culos atr\u00e1s? O que o Testamento vem a dizer sobre eles?<\/span><\/p>\n<p><span style=\"font-size: 12pt; color: #000000; font-family: verdana, geneva, sans-serif;\">Suas miss\u00f5es, apari\u00e7\u00f5es, doutrinas, hierarquias, natureza deles.<\/span><\/p>\n<p><span style=\"font-size: 12pt; color: #000000; font-family: verdana, geneva, sans-serif;\"><strong>Esse\u00a0<span style=\"color: #000000;\"><a style=\"color: #000000;\" href=\"https:\/\/pay.hotmart.com\/V6600461K?checkoutMode=10&amp;sck=8736&amp;bid=1542658989495&amp;ref=A9378102F\" target=\"_blank\" rel=\"noopener noreferrer\">Livro Digital<\/a><\/span>\u00a0ser\u00e1 ser uma ponte perfeita para aproximar voc\u00ea do seu Anjo da Guarda.<\/strong><\/span><\/p>\n<p><span style=\"font-size: 12pt; color: #000000; font-family: verdana, geneva, sans-serif;\">Algo que com certeza Nosso Senhor almeja.<\/span><\/p>\n<p>&nbsp;<\/p>\n<p>&nbsp;<\/p>\n<p><span style=\"font-size: 12pt; color: #000000; font-family: verdana, geneva, sans-serif;\"><span style=\"color: #0000ff;\"><a style=\"color: #0000ff;\" href=\"https:\/\/pay.hotmart.com\/V6600461K?checkoutMode=10&amp;sck=8736&amp;bid=1542658989495&amp;ref=A9378102F\" target=\"_blank\" rel=\"noopener noreferrer\">Clique aqui<\/a><\/span>\u00a0e conhe\u00e7a mais.<\/span><\/p>\n<p><span style=\"font-size: 12pt; color: #000000; font-family: verdana, geneva, sans-serif;\">E o mais incr\u00edvel \u00e9 que voc\u00ea poder\u00e1 ter essa fonte de conhecimento espiritual na palma da m\u00e3o; pode ser lido por celulares, tablets, kindle e computadores.<\/span><\/p>\n<p><span style=\"font-size: 12pt; color: #000000; font-family: verdana, geneva, sans-serif;\"><strong>Deus enviou seus Anjos para que nos ajudassem a ir ao caminho da santidade. Essa \u00e9 a import\u00e2ncia de saber tudo a respeito deles.<br \/>\n<span style=\"color: #ffffff;\">.<\/span><\/strong><\/span><\/p>\n<h5 style=\"text-align: center;\"><span style=\"color: #0000ff; font-size: 14pt;\"><a style=\"color: #0000ff;\" href=\"https:\/\/pay.hotmart.com\/V6600461K?checkoutMode=10&amp;sck=8736&amp;bid=1542658989495&amp;ref=A9378102F\" target=\"_blank\" rel=\"noopener noreferrer\"><span style=\"font-family: verdana, geneva, sans-serif;\">Saiba mais sobre este E-book Aqui!<\/span><\/a><\/span><\/h5>\n<hr \/>\n<p><span style=\"color: #000000; font-size: 12pt; font-family: verdana, geneva, sans-serif;\"><span style=\"color: #0000ff;\"><a style=\"color: #0000ff;\" href=\"https:\/\/www.adf.org.br\/home\/recomendacoes\/\" target=\"_blank\" rel=\"noopener noreferrer\">Clique aqui<\/a><\/span> e conhe\u00e7a outros Livros Digitais de inspira\u00e7\u00e3o cat\u00f3lica.<\/span><\/p>\n<p><span style=\"color: #ffffff;\">.<\/span><\/p>\n","protected":false},"excerpt":{"rendered":"<p>A decad\u00eancia moral da sociedade, crescimento do ate\u00edsmo e o alto \u00edndice da viol\u00eancia s\u00e3o sinais claros que devemos praticar a devo\u00e7\u00e3o aos nossos melhores amigos: os\u00a0Anjos da Guarda. Padre Pio, um dos maiores santos da hist\u00f3ria, possu\u00eda uma grande intimidade com seu Anjo da Guarda.\u00a0Para voc\u00ea ter uma ideia,\u00a0o anjo do santo\u00a0o protegia dos [&hellip;]<\/p>\n","protected":false},"author":27,"featured_media":59730,"comment_status":"open","ping_status":"open","sticky":false,"template":"","format":"standard","meta":[],"categories":[2224,20],"tags":[2318,770,40,3342,2314,1987,2315,22,2320,3343,3344],"yoast_head":"<!-- This site is optimized with the Yoast SEO plugin v17.4 - https:\/\/yoast.com\/wordpress\/plugins\/seo\/ -->\n<title>Devemos recorrer aos Anjos da Guarda, antes que seja tarde\u2026<\/title>\n<meta name=\"description\" content=\"Devemos recorrer aos Anjos da Guarda - Os mensageiros de Deus devem estar pr\u00f3ximos a n\u00f3s. Clique aqui e veja uma forma de se tornar \u00edntimo..\" \/>\n<meta name=\"robots\" content=\"index, follow, max-snippet:-1, max-image-preview:large, max-video-preview:-1\" \/>\n<link rel=\"canonical\" href=\"https:\/\/www.adf.org.br\/home\/recorrer-aos-anjos-da-guarda\/\" \/>\n<meta property=\"og:locale\" content=\"pt_BR\" \/>\n<meta property=\"og:type\" content=\"article\" \/>\n<meta property=\"og:title\" content=\"Devemos recorrer aos Anjos da Guarda, antes que seja tarde\u2026\" \/>\n<meta property=\"og:description\" content=\"Devemos recorrer aos Anjos da Guarda - Os mensageiros de Deus devem estar pr\u00f3ximos a n\u00f3s. Clique aqui e veja uma forma de se tornar \u00edntimo..\" \/>\n<meta property=\"og:url\" content=\"https:\/\/www.adf.org.br\/home\/recorrer-aos-anjos-da-guarda\/\" \/>\n<meta property=\"og:site_name\" content=\"Associa\u00e7\u00e3o Devotos de F\u00e1tima\" \/>\n<meta property=\"article:published_time\" content=\"2020-05-27T03:30:06+00:00\" \/>\n<meta property=\"article:modified_time\" content=\"2020-06-09T18:46:32+00:00\" \/>\n<meta property=\"og:image\" content=\"https:\/\/www.adf.org.br\/home\/wp-content\/uploads\/2020\/05\/anjo-da-guarda.jpg\" \/>\n\t<meta property=\"og:image:width\" content=\"620\" \/>\n\t<meta property=\"og:image:height\" content=\"393\" \/>\n<meta name=\"twitter:card\" content=\"summary_large_image\" \/>\n<meta name=\"twitter:label1\" content=\"Escrito por\" \/>\n\t<meta name=\"twitter:data1\" content=\"Gabriel Barbosa\" \/>\n\t<meta name=\"twitter:label2\" content=\"Est. tempo de leitura\" \/>\n\t<meta name=\"twitter:data2\" content=\"1 minuto\" \/>\n<script type=\"application\/ld+json\" class=\"yoast-schema-graph\">{\"@context\":\"https:\/\/schema.org\",\"@graph\":[{\"@type\":\"WebSite\",\"@id\":\"https:\/\/www.adf.org.br\/home\/#website\",\"url\":\"https:\/\/www.adf.org.br\/home\/\",\"name\":\"Associa\\u00e7\\u00e3o Devotos de F\\u00e1tima\",\"description\":\"Associa\\u00e7\\u00e3o Devotos de F\\u00e1tima\",\"potentialAction\":[{\"@type\":\"SearchAction\",\"target\":{\"@type\":\"EntryPoint\",\"urlTemplate\":\"https:\/\/www.adf.org.br\/home\/?s={search_term_string}\"},\"query-input\":\"required name=search_term_string\"}],\"inLanguage\":\"pt-BR\"},{\"@type\":\"ImageObject\",\"@id\":\"https:\/\/www.adf.org.br\/home\/recorrer-aos-anjos-da-guarda\/#primaryimage\",\"inLanguage\":\"pt-BR\",\"url\":\"https:\/\/www.adf.org.br\/home\/wp-content\/uploads\/2020\/05\/anjo-da-guarda.jpg\",\"contentUrl\":\"https:\/\/www.adf.org.br\/home\/wp-content\/uploads\/2020\/05\/anjo-da-guarda.jpg\",\"width\":620,\"height\":393},{\"@type\":\"WebPage\",\"@id\":\"https:\/\/www.adf.org.br\/home\/recorrer-aos-anjos-da-guarda\/#webpage\",\"url\":\"https:\/\/www.adf.org.br\/home\/recorrer-aos-anjos-da-guarda\/\",\"name\":\"Devemos recorrer aos Anjos da Guarda, antes que seja tarde\\u2026\",\"isPartOf\":{\"@id\":\"https:\/\/www.adf.org.br\/home\/#website\"},\"primaryImageOfPage\":{\"@id\":\"https:\/\/www.adf.org.br\/home\/recorrer-aos-anjos-da-guarda\/#primaryimage\"},\"datePublished\":\"2020-05-27T03:30:06+00:00\",\"dateModified\":\"2020-06-09T18:46:32+00:00\",\"author\":{\"@id\":\"https:\/\/www.adf.org.br\/home\/#\/schema\/person\/affa494ecf91434f3620f5392de44327\"},\"description\":\"Devemos recorrer aos Anjos da Guarda - Os mensageiros de Deus devem estar pr\\u00f3ximos a n\\u00f3s. Clique aqui e veja uma forma de se tornar \\u00edntimo..\",\"breadcrumb\":{\"@id\":\"https:\/\/www.adf.org.br\/home\/recorrer-aos-anjos-da-guarda\/#breadcrumb\"},\"inLanguage\":\"pt-BR\",\"potentialAction\":[{\"@type\":\"ReadAction\",\"target\":[\"https:\/\/www.adf.org.br\/home\/recorrer-aos-anjos-da-guarda\/\"]}]},{\"@type\":\"BreadcrumbList\",\"@id\":\"https:\/\/www.adf.org.br\/home\/recorrer-aos-anjos-da-guarda\/#breadcrumb\",\"itemListElement\":[{\"@type\":\"ListItem\",\"position\":1,\"name\":\"Home\",\"item\":\"https:\/\/www.adf.org.br\/home\/\"},{\"@type\":\"ListItem\",\"position\":2,\"name\":\"Devemos recorrer aos Anjos da Guarda, antes que seja tarde\\u2026\"}]},{\"@type\":\"Person\",\"@id\":\"https:\/\/www.adf.org.br\/home\/#\/schema\/person\/affa494ecf91434f3620f5392de44327\",\"name\":\"Gabriel Barbosa\",\"image\":{\"@type\":\"ImageObject\",\"@id\":\"https:\/\/www.adf.org.br\/home\/#personlogo\",\"inLanguage\":\"pt-BR\",\"url\":\"https:\/\/secure.gravatar.com\/avatar\/ecf2eab02e30486a7038f8b2858de06a?s=96&d=mm&r=g\",\"contentUrl\":\"https:\/\/secure.gravatar.com\/avatar\/ecf2eab02e30486a7038f8b2858de06a?s=96&d=mm&r=g\",\"caption\":\"Gabriel Barbosa\"},\"url\":\"https:\/\/www.adf.org.br\/home\/author\/gabriel-aascj\/\"}]}<\/script>\n<!-- \/ Yoast SEO plugin. -->","yoast_head_json":{"title":"Devemos recorrer aos Anjos da Guarda, antes que seja tarde\u2026","description":"Devemos recorrer aos Anjos da Guarda - Os mensageiros de Deus devem estar pr\u00f3ximos a n\u00f3s. Clique aqui e veja uma forma de se tornar \u00edntimo..","robots":{"index":"index","follow":"follow","max-snippet":"max-snippet:-1","max-image-preview":"max-image-preview:large","max-video-preview":"max-video-preview:-1"},"canonical":"https:\/\/www.adf.org.br\/home\/recorrer-aos-anjos-da-guarda\/","og_locale":"pt_BR","og_type":"article","og_title":"Devemos recorrer aos Anjos da Guarda, antes que seja tarde\u2026","og_description":"Devemos recorrer aos Anjos da Guarda - Os mensageiros de Deus devem estar pr\u00f3ximos a n\u00f3s. Clique aqui e veja uma forma de se tornar \u00edntimo..","og_url":"https:\/\/www.adf.org.br\/home\/recorrer-aos-anjos-da-guarda\/","og_site_name":"Associa\u00e7\u00e3o Devotos de F\u00e1tima","article_published_time":"2020-05-27T03:30:06+00:00","article_modified_time":"2020-06-09T18:46:32+00:00","og_image":[{"width":620,"height":393,"url":"https:\/\/www.adf.org.br\/home\/wp-content\/uploads\/2020\/05\/anjo-da-guarda.jpg","type":"image\/jpeg"}],"twitter_card":"summary_large_image","twitter_misc":{"Escrito por":"Gabriel Barbosa","Est. tempo de leitura":"1 minuto"},"schema":{"@context":"https:\/\/schema.org","@graph":[{"@type":"WebSite","@id":"https:\/\/www.adf.org.br\/home\/#website","url":"https:\/\/www.adf.org.br\/home\/","name":"Associa\u00e7\u00e3o Devotos de F\u00e1tima","description":"Associa\u00e7\u00e3o Devotos de F\u00e1tima","potentialAction":[{"@type":"SearchAction","target":{"@type":"EntryPoint","urlTemplate":"https:\/\/www.adf.org.br\/home\/?s={search_term_string}"},"query-input":"required name=search_term_string"}],"inLanguage":"pt-BR"},{"@type":"ImageObject","@id":"https:\/\/www.adf.org.br\/home\/recorrer-aos-anjos-da-guarda\/#primaryimage","inLanguage":"pt-BR","url":"https:\/\/www.adf.org.br\/home\/wp-content\/uploads\/2020\/05\/anjo-da-guarda.jpg","contentUrl":"https:\/\/www.adf.org.br\/home\/wp-content\/uploads\/2020\/05\/anjo-da-guarda.jpg","width":620,"height":393},{"@type":"WebPage","@id":"https:\/\/www.adf.org.br\/home\/recorrer-aos-anjos-da-guarda\/#webpage","url":"https:\/\/www.adf.org.br\/home\/recorrer-aos-anjos-da-guarda\/","name":"Devemos recorrer aos Anjos da Guarda, antes que seja tarde\u2026","isPartOf":{"@id":"https:\/\/www.adf.org.br\/home\/#website"},"primaryImageOfPage":{"@id":"https:\/\/www.adf.org.br\/home\/recorrer-aos-anjos-da-guarda\/#primaryimage"},"datePublished":"2020-05-27T03:30:06+00:00","dateModified":"2020-06-09T18:46:32+00:00","author":{"@id":"https:\/\/www.adf.org.br\/home\/#\/schema\/person\/affa494ecf91434f3620f5392de44327"},"description":"Devemos recorrer aos Anjos da Guarda - Os mensageiros de Deus devem estar pr\u00f3ximos a n\u00f3s. Clique aqui e veja uma forma de se tornar \u00edntimo..","breadcrumb":{"@id":"https:\/\/www.adf.org.br\/home\/recorrer-aos-anjos-da-guarda\/#breadcrumb"},"inLanguage":"pt-BR","potentialAction":[{"@type":"ReadAction","target":["https:\/\/www.adf.org.br\/home\/recorrer-aos-anjos-da-guarda\/"]}]},{"@type":"BreadcrumbList","@id":"https:\/\/www.adf.org.br\/home\/recorrer-aos-anjos-da-guarda\/#breadcrumb","itemListElement":[{"@type":"ListItem","position":1,"name":"Home","item":"https:\/\/www.adf.org.br\/home\/"},{"@type":"ListItem","position":2,"name":"Devemos recorrer aos Anjos da Guarda, antes que seja tarde\u2026"}]},{"@type":"Person","@id":"https:\/\/www.adf.org.br\/home\/#\/schema\/person\/affa494ecf91434f3620f5392de44327","name":"Gabriel Barbosa","image":{"@type":"ImageObject","@id":"https:\/\/www.adf.org.br\/home\/#personlogo","inLanguage":"pt-BR","url":"https:\/\/secure.gravatar.com\/avatar\/ecf2eab02e30486a7038f8b2858de06a?s=96&d=mm&r=g","contentUrl":"https:\/\/secure.gravatar.com\/avatar\/ecf2eab02e30486a7038f8b2858de06a?s=96&d=mm&r=g","caption":"Gabriel Barbosa"},"url":"https:\/\/www.adf.org.br\/home\/author\/gabriel-aascj\/"}]}},"_links":{"self":[{"href":"https:\/\/www.adf.org.br\/home\/wp-json\/wp\/v2\/posts\/50776"}],"collection":[{"href":"https:\/\/www.adf.org.br\/home\/wp-json\/wp\/v2\/posts"}],"about":[{"href":"https:\/\/www.adf.org.br\/home\/wp-json\/wp\/v2\/types\/post"}],"author":[{"embeddable":true,"href":"https:\/\/www.adf.org.br\/home\/wp-json\/wp\/v2\/users\/27"}],"replies":[{"embeddable":true,"href":"https:\/\/www.adf.org.br\/home\/wp-json\/wp\/v2\/comments?post=50776"}],"version-history":[{"count":1,"href":"https:\/\/www.adf.org.br\/home\/wp-json\/wp\/v2\/posts\/50776\/revisions"}],"predecessor-version":[{"id":59731,"href":"https:\/\/www.adf.org.br\/home\/wp-json\/wp\/v2\/posts\/50776\/revisions\/59731"}],"wp:featuredmedia":[{"embeddable":true,"href":"https:\/\/www.adf.org.br\/home\/wp-json\/wp\/v2\/media\/59730"}],"wp:attachment":[{"href":"https:\/\/www.adf.org.br\/home\/wp-json\/wp\/v2\/media?parent=50776"}],"wp:term":[{"taxonomy":"category","embeddable":true,"href":"https:\/\/www.adf.org.br\/home\/wp-json\/wp\/v2\/categories?post=50776"},{"taxonomy":"post_tag","embeddable":true,"href":"https:\/\/www.adf.org.br\/home\/wp-json\/wp\/v2\/tags?post=50776"}],"curies":[{"name":"wp","href":"https:\/\/api.w.org\/{rel}","templated":true}]}}