{"id":50606,"date":"2019-02-27T00:30:53","date_gmt":"2019-02-27T03:30:53","guid":{"rendered":"http:\/\/www.adf.org.br\/home\/?p=50606"},"modified":"2019-02-27T00:30:53","modified_gmt":"2019-02-27T03:30:53","slug":"um-mes-com-santa-terezinha-do-menino-jesus","status":"publish","type":"post","link":"https:\/\/www.adf.org.br\/home\/um-mes-com-santa-terezinha-do-menino-jesus\/","title":{"rendered":"Um m\u00eas com Santa Terezinha do Menino Jesus"},"content":{"rendered":"<figure id=\"attachment_50623\" aria-describedby=\"caption-attachment-50623\" style=\"width: 207px\" class=\"wp-caption aligncenter\"><img loading=\"lazy\" class=\"wp-image-50623\" src=\"https:\/\/www.adf.org.br\/home\/wp-content\/uploads\/2019\/02\/composi\u00e7\u00e3o-mesa2.jpg\" alt=\"Santa Terezinha\" width=\"207\" height=\"304\" \/><figcaption id=\"caption-attachment-50623\" class=\"wp-caption-text\"><span style=\"color: #000000; font-size: 12pt; font-family: georgia, palatino, serif;\">Santa Terezinha do Menino Jesus!<\/span><\/figcaption><\/figure>\n<p><span style=\"color: #000000; font-family: verdana, geneva, sans-serif; font-size: 12pt;\"><span style=\"font-size: 18pt;\"><strong>N<\/strong><\/span>o in\u00edcio de cada m\u00eas, desejamos ver novas oportunidades para tudo em nossas vidas; recome\u00e7os, projetos, conquistas e outros.<\/span><\/p>\n<p><em><span style=\"font-size: 12pt; color: #000000; font-family: verdana, geneva, sans-serif;\">Mas&#8230; sobre sua vida cat\u00f3lica, voc\u00ea tem planos?<\/span><\/em><\/p>\n<p><span style=\"color: #000000; font-family: verdana, geneva, sans-serif;\">Fortale\u00e7a sua f\u00e9 neste m\u00eas de Mar\u00e7o, principalmente, devido a Quaresma.<\/span><\/p>\n<p><strong><span style=\"font-size: 12pt; color: #000000; font-family: verdana, geneva, sans-serif;\">Voc\u00ea conhece a Santa que prometeu uma <em>&#8220;chuva de rosas&#8221;<\/em>, para aqueles que recorressem \u00e0 ela, n\u00e3o \u00e9 mesmo?<\/span><\/strong><\/p>\n<p><span style=\"font-size: 12pt; color: #000000; font-family: verdana, geneva, sans-serif;\">Saiba que voc\u00ea poder\u00e1 ter a oportunidade de sentir mais pr\u00f3ximo dela.\u00a0<\/span><span style=\"font-size: 12pt; color: #000000; font-family: verdana, geneva, sans-serif;\">O <span style=\"color: #0000ff;\"><a style=\"color: #0000ff;\" href=\"https:\/\/checkout.hotmart.com\/C5034051M?hp=1&amp;checkoutMode=10&amp;sck=8736&amp;bid=1490902701604\" target=\"_blank\" rel=\"noopener noreferrer\">Livro Digital 30 dias com Santa Teresinha<\/a><\/span>, acompanhar\u00e1 voc\u00ea nessa trajet\u00f3ria.\u00a0<\/span><\/p>\n<p><strong><span style=\"font-size: 12pt; color: #000000; font-family: verdana, geneva, sans-serif;\">S\u00e3o medita\u00e7\u00f5es que ela mesmo fizera em diversas situa\u00e7\u00f5es e voc\u00ea poder\u00e1 faz\u00ea-las sempre quando quiser.<\/span><\/strong><\/p>\n<p style=\"padding-left: 60px;\"><span style=\"font-size: 12pt; color: #000000; font-family: verdana, geneva, sans-serif;\"><span style=\"color: #0000ff;\"><a style=\"color: #0000ff;\" href=\"https:\/\/checkout.hotmart.com\/C5034051M?hp=1&amp;checkoutMode=10&amp;sck=8736&amp;bid=1490902701604\" target=\"_blank\" rel=\"noopener noreferrer\">Clique<\/a><\/span> e saiba mais!<\/span><\/p>\n<p><span style=\"font-size: 12pt; color: #000000; font-family: verdana, geneva, sans-serif;\">As vezes, s\u00f3 precisamos de conselhos, alguma palavra ou serm\u00e3o e dessa vez ser\u00e1 Santa Terezinha\u00a0que ajudar\u00e1 voc\u00ea a passar por qualquer situa\u00e7\u00e3o.<\/span><\/p>\n<p><span style=\"font-size: 12pt; color: #000000; font-family: verdana, geneva, sans-serif;\">Por isso leve-o sempre com voc\u00ea e abra-o sempre que precisar de uma ajuda especial vinda do C\u00e9u.<\/span><\/p>\n<p><span style=\"font-size: 12pt; color: #000000; font-family: verdana, geneva, sans-serif;\">Portanto, recorra a esta santa que j\u00e1 operou milagres por todo o mundo e sinta-a pr\u00f3ximo de voc\u00ea.\u00a0<\/span><strong><span style=\"font-size: 12pt; color: #000000; font-family: verdana, geneva, sans-serif;\">Medite durante o almo\u00e7o, intervalos, longos trajetos atrav\u00e9s do celular, afinal \u00e9 um material Digital.<\/span><\/strong><\/p>\n<p><span style=\"font-size: 12pt; color: #000000; font-family: verdana, geneva, sans-serif;\">Permita que Santa Teresinha do Menino Jesus esteja pr\u00f3ximo a voc\u00ea! Fa\u00e7a a leitra do e-book 30 dias com Santa Teresinha <span style=\"color: #0000ff;\"><a style=\"color: #0000ff;\" href=\"https:\/\/checkout.hotmart.com\/C5034051M?hp=1&amp;checkoutMode=10&amp;sck=8736&amp;bid=1490902701604\" target=\"_blank\" rel=\"noopener noreferrer\">clicando aqui.<\/a><\/span><\/span><\/p>\n<p><a href=\"https:\/\/checkout.hotmart.com\/C5034051M?hp=1&amp;checkoutMode=10&amp;sck=8736&amp;bid=1490902701604\" target=\"_blank\" rel=\"noopener noreferrer\"><img loading=\"lazy\" class=\"aligncenter wp-image-50621\" src=\"https:\/\/www.adf.org.br\/home\/wp-content\/uploads\/2019\/02\/e_book_30_dias_santa_teresinha-1.png\" alt=\"e_book_30_dias_santa_teresinha\" width=\"230\" height=\"288\" \/><\/a><\/p>\n<h5 style=\"text-align: center;\"><span style=\"font-size: 14pt; color: #800080; font-family: georgia, palatino, serif;\"><em>Santa Teresinha do Menino Jesus, rogai por n\u00f3s!<\/em><\/span><\/h5>\n","protected":false},"excerpt":{"rendered":"<p>No in\u00edcio de cada m\u00eas, desejamos ver novas oportunidades para tudo em nossas vidas; recome\u00e7os, projetos, conquistas e outros. Mas&#8230; sobre sua vida cat\u00f3lica, voc\u00ea tem planos? Fortale\u00e7a sua f\u00e9 neste m\u00eas de Mar\u00e7o, principalmente, devido a Quaresma. Voc\u00ea conhece a Santa que prometeu uma &#8220;chuva de rosas&#8221;, para aqueles que recorressem \u00e0 ela, n\u00e3o [&hellip;]<\/p>\n","protected":false},"author":27,"featured_media":50625,"comment_status":"open","ping_status":"open","sticky":false,"template":"","format":"standard","meta":[],"categories":[2224],"tags":[2522,2523,2316,2524,2525],"yoast_head":"<!-- This site is optimized with the Yoast SEO plugin v17.4 - https:\/\/yoast.com\/wordpress\/plugins\/seo\/ -->\n<title>Um m\u00eas com Santa Terezinha do Menino Jesus<\/title>\n<meta name=\"description\" content=\"Voc\u00ea ver\u00e1 uma maneira de se sentir pr\u00f3ximo a Santa Terezinha do Menino Jesus... Leia\" \/>\n<meta name=\"robots\" content=\"index, follow, max-snippet:-1, max-image-preview:large, max-video-preview:-1\" \/>\n<link rel=\"canonical\" href=\"https:\/\/www.adf.org.br\/home\/um-mes-com-santa-terezinha-do-menino-jesus\/\" \/>\n<meta property=\"og:locale\" content=\"pt_BR\" \/>\n<meta property=\"og:type\" content=\"article\" \/>\n<meta property=\"og:title\" content=\"Um m\u00eas com Santa Terezinha do Menino Jesus\" \/>\n<meta property=\"og:description\" content=\"Voc\u00ea ver\u00e1 uma maneira de se sentir pr\u00f3ximo a Santa Terezinha do Menino Jesus... Leia\" \/>\n<meta property=\"og:url\" content=\"https:\/\/www.adf.org.br\/home\/um-mes-com-santa-terezinha-do-menino-jesus\/\" \/>\n<meta property=\"og:site_name\" content=\"Associa\u00e7\u00e3o Devotos de F\u00e1tima\" \/>\n<meta property=\"article:published_time\" content=\"2019-02-27T03:30:53+00:00\" \/>\n<meta name=\"twitter:card\" content=\"summary_large_image\" \/>\n<meta name=\"twitter:label1\" content=\"Escrito por\" \/>\n\t<meta name=\"twitter:data1\" content=\"Gabriel Barbosa\" \/>\n\t<meta name=\"twitter:label2\" content=\"Est. tempo de leitura\" \/>\n\t<meta name=\"twitter:data2\" content=\"1 minuto\" \/>\n<script type=\"application\/ld+json\" class=\"yoast-schema-graph\">{\"@context\":\"https:\/\/schema.org\",\"@graph\":[{\"@type\":\"WebSite\",\"@id\":\"https:\/\/www.adf.org.br\/home\/#website\",\"url\":\"https:\/\/www.adf.org.br\/home\/\",\"name\":\"Associa\\u00e7\\u00e3o Devotos de F\\u00e1tima\",\"description\":\"Associa\\u00e7\\u00e3o Devotos de F\\u00e1tima\",\"potentialAction\":[{\"@type\":\"SearchAction\",\"target\":{\"@type\":\"EntryPoint\",\"urlTemplate\":\"https:\/\/www.adf.org.br\/home\/?s={search_term_string}\"},\"query-input\":\"required name=search_term_string\"}],\"inLanguage\":\"pt-BR\"},{\"@type\":\"ImageObject\",\"@id\":\"https:\/\/www.adf.org.br\/home\/um-mes-com-santa-terezinha-do-menino-jesus\/#primaryimage\",\"inLanguage\":\"pt-BR\",\"url\":\"\",\"contentUrl\":\"\"},{\"@type\":\"WebPage\",\"@id\":\"https:\/\/www.adf.org.br\/home\/um-mes-com-santa-terezinha-do-menino-jesus\/#webpage\",\"url\":\"https:\/\/www.adf.org.br\/home\/um-mes-com-santa-terezinha-do-menino-jesus\/\",\"name\":\"Um m\\u00eas com Santa Terezinha do Menino Jesus\",\"isPartOf\":{\"@id\":\"https:\/\/www.adf.org.br\/home\/#website\"},\"primaryImageOfPage\":{\"@id\":\"https:\/\/www.adf.org.br\/home\/um-mes-com-santa-terezinha-do-menino-jesus\/#primaryimage\"},\"datePublished\":\"2019-02-27T03:30:53+00:00\",\"dateModified\":\"2019-02-27T03:30:53+00:00\",\"author\":{\"@id\":\"https:\/\/www.adf.org.br\/home\/#\/schema\/person\/affa494ecf91434f3620f5392de44327\"},\"description\":\"Voc\\u00ea ver\\u00e1 uma maneira de se sentir pr\\u00f3ximo a Santa Terezinha do Menino Jesus... Leia\",\"breadcrumb\":{\"@id\":\"https:\/\/www.adf.org.br\/home\/um-mes-com-santa-terezinha-do-menino-jesus\/#breadcrumb\"},\"inLanguage\":\"pt-BR\",\"potentialAction\":[{\"@type\":\"ReadAction\",\"target\":[\"https:\/\/www.adf.org.br\/home\/um-mes-com-santa-terezinha-do-menino-jesus\/\"]}]},{\"@type\":\"BreadcrumbList\",\"@id\":\"https:\/\/www.adf.org.br\/home\/um-mes-com-santa-terezinha-do-menino-jesus\/#breadcrumb\",\"itemListElement\":[{\"@type\":\"ListItem\",\"position\":1,\"name\":\"Home\",\"item\":\"https:\/\/www.adf.org.br\/home\/\"},{\"@type\":\"ListItem\",\"position\":2,\"name\":\"Um m\\u00eas com Santa Terezinha do Menino Jesus\"}]},{\"@type\":\"Person\",\"@id\":\"https:\/\/www.adf.org.br\/home\/#\/schema\/person\/affa494ecf91434f3620f5392de44327\",\"name\":\"Gabriel Barbosa\",\"image\":{\"@type\":\"ImageObject\",\"@id\":\"https:\/\/www.adf.org.br\/home\/#personlogo\",\"inLanguage\":\"pt-BR\",\"url\":\"https:\/\/secure.gravatar.com\/avatar\/ecf2eab02e30486a7038f8b2858de06a?s=96&d=mm&r=g\",\"contentUrl\":\"https:\/\/secure.gravatar.com\/avatar\/ecf2eab02e30486a7038f8b2858de06a?s=96&d=mm&r=g\",\"caption\":\"Gabriel Barbosa\"},\"url\":\"https:\/\/www.adf.org.br\/home\/author\/gabriel-aascj\/\"}]}<\/script>\n<!-- \/ Yoast SEO plugin. -->","yoast_head_json":{"title":"Um m\u00eas com Santa Terezinha do Menino Jesus","description":"Voc\u00ea ver\u00e1 uma maneira de se sentir pr\u00f3ximo a Santa Terezinha do Menino Jesus... Leia","robots":{"index":"index","follow":"follow","max-snippet":"max-snippet:-1","max-image-preview":"max-image-preview:large","max-video-preview":"max-video-preview:-1"},"canonical":"https:\/\/www.adf.org.br\/home\/um-mes-com-santa-terezinha-do-menino-jesus\/","og_locale":"pt_BR","og_type":"article","og_title":"Um m\u00eas com Santa Terezinha do Menino Jesus","og_description":"Voc\u00ea ver\u00e1 uma maneira de se sentir pr\u00f3ximo a Santa Terezinha do Menino Jesus... Leia","og_url":"https:\/\/www.adf.org.br\/home\/um-mes-com-santa-terezinha-do-menino-jesus\/","og_site_name":"Associa\u00e7\u00e3o Devotos de F\u00e1tima","article_published_time":"2019-02-27T03:30:53+00:00","twitter_card":"summary_large_image","twitter_misc":{"Escrito por":"Gabriel Barbosa","Est. tempo de leitura":"1 minuto"},"schema":{"@context":"https:\/\/schema.org","@graph":[{"@type":"WebSite","@id":"https:\/\/www.adf.org.br\/home\/#website","url":"https:\/\/www.adf.org.br\/home\/","name":"Associa\u00e7\u00e3o Devotos de F\u00e1tima","description":"Associa\u00e7\u00e3o Devotos de F\u00e1tima","potentialAction":[{"@type":"SearchAction","target":{"@type":"EntryPoint","urlTemplate":"https:\/\/www.adf.org.br\/home\/?s={search_term_string}"},"query-input":"required name=search_term_string"}],"inLanguage":"pt-BR"},{"@type":"ImageObject","@id":"https:\/\/www.adf.org.br\/home\/um-mes-com-santa-terezinha-do-menino-jesus\/#primaryimage","inLanguage":"pt-BR","url":"","contentUrl":""},{"@type":"WebPage","@id":"https:\/\/www.adf.org.br\/home\/um-mes-com-santa-terezinha-do-menino-jesus\/#webpage","url":"https:\/\/www.adf.org.br\/home\/um-mes-com-santa-terezinha-do-menino-jesus\/","name":"Um m\u00eas com Santa Terezinha do Menino Jesus","isPartOf":{"@id":"https:\/\/www.adf.org.br\/home\/#website"},"primaryImageOfPage":{"@id":"https:\/\/www.adf.org.br\/home\/um-mes-com-santa-terezinha-do-menino-jesus\/#primaryimage"},"datePublished":"2019-02-27T03:30:53+00:00","dateModified":"2019-02-27T03:30:53+00:00","author":{"@id":"https:\/\/www.adf.org.br\/home\/#\/schema\/person\/affa494ecf91434f3620f5392de44327"},"description":"Voc\u00ea ver\u00e1 uma maneira de se sentir pr\u00f3ximo a Santa Terezinha do Menino Jesus... Leia","breadcrumb":{"@id":"https:\/\/www.adf.org.br\/home\/um-mes-com-santa-terezinha-do-menino-jesus\/#breadcrumb"},"inLanguage":"pt-BR","potentialAction":[{"@type":"ReadAction","target":["https:\/\/www.adf.org.br\/home\/um-mes-com-santa-terezinha-do-menino-jesus\/"]}]},{"@type":"BreadcrumbList","@id":"https:\/\/www.adf.org.br\/home\/um-mes-com-santa-terezinha-do-menino-jesus\/#breadcrumb","itemListElement":[{"@type":"ListItem","position":1,"name":"Home","item":"https:\/\/www.adf.org.br\/home\/"},{"@type":"ListItem","position":2,"name":"Um m\u00eas com Santa Terezinha do Menino Jesus"}]},{"@type":"Person","@id":"https:\/\/www.adf.org.br\/home\/#\/schema\/person\/affa494ecf91434f3620f5392de44327","name":"Gabriel Barbosa","image":{"@type":"ImageObject","@id":"https:\/\/www.adf.org.br\/home\/#personlogo","inLanguage":"pt-BR","url":"https:\/\/secure.gravatar.com\/avatar\/ecf2eab02e30486a7038f8b2858de06a?s=96&d=mm&r=g","contentUrl":"https:\/\/secure.gravatar.com\/avatar\/ecf2eab02e30486a7038f8b2858de06a?s=96&d=mm&r=g","caption":"Gabriel Barbosa"},"url":"https:\/\/www.adf.org.br\/home\/author\/gabriel-aascj\/"}]}},"_links":{"self":[{"href":"https:\/\/www.adf.org.br\/home\/wp-json\/wp\/v2\/posts\/50606"}],"collection":[{"href":"https:\/\/www.adf.org.br\/home\/wp-json\/wp\/v2\/posts"}],"about":[{"href":"https:\/\/www.adf.org.br\/home\/wp-json\/wp\/v2\/types\/post"}],"author":[{"embeddable":true,"href":"https:\/\/www.adf.org.br\/home\/wp-json\/wp\/v2\/users\/27"}],"replies":[{"embeddable":true,"href":"https:\/\/www.adf.org.br\/home\/wp-json\/wp\/v2\/comments?post=50606"}],"version-history":[{"count":0,"href":"https:\/\/www.adf.org.br\/home\/wp-json\/wp\/v2\/posts\/50606\/revisions"}],"wp:featuredmedia":[{"embeddable":true,"href":"https:\/\/www.adf.org.br\/home\/wp-json\/wp\/v2\/media\/50625"}],"wp:attachment":[{"href":"https:\/\/www.adf.org.br\/home\/wp-json\/wp\/v2\/media?parent=50606"}],"wp:term":[{"taxonomy":"category","embeddable":true,"href":"https:\/\/www.adf.org.br\/home\/wp-json\/wp\/v2\/categories?post=50606"},{"taxonomy":"post_tag","embeddable":true,"href":"https:\/\/www.adf.org.br\/home\/wp-json\/wp\/v2\/tags?post=50606"}],"curies":[{"name":"wp","href":"https:\/\/api.w.org\/{rel}","templated":true}]}}