{"id":50596,"date":"2019-03-06T00:00:29","date_gmt":"2019-03-06T03:00:29","guid":{"rendered":"http:\/\/www.adf.org.br\/home\/?p=50596"},"modified":"2019-03-06T00:00:29","modified_gmt":"2019-03-06T03:00:29","slug":"o-significado-da-quarta-feira-de-cinzas","status":"publish","type":"post","link":"https:\/\/www.adf.org.br\/home\/o-significado-da-quarta-feira-de-cinzas\/","title":{"rendered":"Quaresma"},"content":{"rendered":"<p style=\"padding-left: 90px;\"><span style=\"font-family: verdana, geneva, sans-serif; font-size: 12pt; color: #000000;\"><strong><span style=\"color: #800080;\">A quarta-feira de cinzas \u00e9 o primeiro dia da Quaresma no calend\u00e1rio Crist\u00e3o Ocidental.<\/span><\/strong><\/span><\/p>\n<p><span style=\"font-family: verdana, geneva, sans-serif; font-size: 12pt; color: #000000;\"><br \/>\n<span style=\"font-size: 18pt;\"><strong>A<\/strong><\/span>s cinzas que os crist\u00e3os cat\u00f3licos recebem neste dia \u00e9 um s\u00edmbolo para a reflex\u00e3o sobre o dever da convers\u00e3o, da mudan\u00e7a de vida, recordando a passageira, transit\u00f3ria, ef\u00eamera fragilidade da vida humana, sujeita \u00e0 morte; n\u00f3s viemos do p\u00f3.<\/span><\/p>\n<p><span style=\"font-family: verdana, geneva, sans-serif; font-size: 12pt; color: #000000;\">Ela ocorre quarenta dias antes da P\u00e1scoa sem contar os domingos<\/span><span style=\"font-family: verdana, geneva, sans-serif; font-size: 12pt; color: #000000;\">; ela ocorre quarenta e seis dias antes da Sexta-feira Santa contando os domingos.<\/span><\/p>\n<p><span style=\"font-family: verdana, geneva, sans-serif; font-size: 12pt; color: #000000;\">Seu posicionamento varia a cada ano, dependendo da data da P\u00e1scoa.\u00a0<\/span><span style=\"font-family: verdana, geneva, sans-serif; font-size: 12pt; color: #000000;\">A data pode variar do come\u00e7o de fevereiro at\u00e9 a segunda semana de mar\u00e7o.<\/span><\/p>\n<p style=\"padding-left: 90px;\"><strong><span style=\"font-family: verdana, geneva, sans-serif; font-size: 12pt; color: #000080;\"><br \/>\nAlgumas pessoas consideram a quarta-feira de cinzas como um dia apropriado para se lembrar da mortalidade.<\/span><\/strong><\/p>\n<p><span style=\"font-family: verdana, geneva, sans-serif; font-size: 12pt; color: #000000;\"><br \/>\nMissas s\u00e3o realizadas tradicionalmente nesse dia nas quais os participantes s\u00e3o assinalados com cinza, na testa, pelo sacerdote, deixando uma marca que o crist\u00e3o normalmente conserva at\u00e9 o p\u00f4r do sol.<\/span><\/p>\n<p><span style=\"font-family: verdana, geneva, sans-serif; font-size: 12pt; color: #000000;\">Relembra uma antiga tradi\u00e7\u00e3o do Oriente M\u00e9dio, jogar cinzas sobre a cabe\u00e7a como s\u00edmbolo de arrependimento perante a Deus; relatada nas Sagradas Escrituras.<\/span><\/p>\n<p><span style=\"font-family: verdana, geneva, sans-serif; font-size: 12pt; color: #000000;\">No Catolicismo,\u00a0<strong>\u00e9 um dia de jejum e abstin\u00eancia. Como \u00e9 o primeiro dia da Quaresma,<\/strong>\u00a0ele ocorre um dia depois da \u201cter\u00e7a-feira gorda\u201d, o \u00faltimo dia de carnaval.<br \/>\n<\/span><\/p>\n<p><span style=\"font-size: 12pt; color: #000000; font-family: verdana, geneva, sans-serif;\">A palavra Carnaval vem do Latim; despedida da carne, ou seja, o \u00faltimo dia antes do Jejum em que devemos ingerir carne; vermelha ou branca.\u00a0<\/span><\/p>\n<figure id=\"attachment_2330\" aria-describedby=\"caption-attachment-2330\" style=\"width: 200px\" class=\"wp-caption aligncenter\"><img loading=\"lazy\" class=\"wp-image-2330 size-full\" title=\"cinzas_testa\" src=\"http:\/\/www.adf.org.br\/home\/wp-content\/uploads\/2010\/02\/cinzas_testa.jpg\" alt=\"cinzas_testa\" width=\"200\" height=\"306\" srcset=\"https:\/\/www.adf.org.br\/home\/wp-content\/uploads\/2010\/02\/cinzas_testa.jpg 200w, https:\/\/www.adf.org.br\/home\/wp-content\/uploads\/2010\/02\/cinzas_testa-196x300.jpg 196w\" sizes=\"(max-width: 200px) 100vw, 200px\" \/><figcaption id=\"caption-attachment-2330\" class=\"wp-caption-text\"><span style=\"font-size: 12pt; color: #000000; font-family: verdana, geneva, sans-serif;\">Imposi\u00e7\u00e3o das Cinzas<\/span><\/figcaption><\/figure>\n<p><span style=\"font-family: verdana, geneva, sans-serif; font-size: 12pt; color: #000000;\"><span style=\"color: #ffffff;\">.<\/span><br \/>\nAs cinzas que recebemos v\u00eam dos ramos bentos do <em>&#8220;Domingo de Ramos&#8221;<\/em> do ano anterior. Quando recebemos, levamos para nossas casas e as colocamos junto aos nossos crucifixos de parede, ou junto dos orat\u00f3rios, mas com o tempo eles secam.<\/span><\/p>\n<p><span style=\"font-family: verdana, geneva, sans-serif; font-size: 12pt; color: #000000;\">Neste momento n\u00e3o devemos jog\u00e1-los fora, j\u00e1 que foram <strong>bentos pelo sacerdotes, <\/strong>entregamos a igreja para serem queimados e transformados em cinzas.<\/span><\/p>\n<p><span style=\"font-family: verdana, geneva, sans-serif; font-size: 12pt; color: #000000;\">Na quarta-feira cinzas os fi\u00e9is s\u00e3o\u00a0<strong>marcados na testa com as cinzas em forma de cruz<\/strong>\u00a0ou a recebem\u00a0<strong>um pouco sobre as suas cabe\u00e7a<\/strong>s, quando o sacerdote pronuncia a seguinte frase, \u00e0 sua escolha:<\/span><\/p>\n<h5 style=\"padding-left: 90px;\"><strong><span style=\"font-family: verdana, geneva, sans-serif; font-size: 12pt; color: #800080;\"><em><br \/>\n&#8220;Lembra-te que \u00e9s p\u00f3 e que ao p\u00f3 voltar\u00e1s!&#8221; ou &#8220;Convertei-vos e crede no Evangelho!&#8221;<\/em><\/span><\/strong><\/h5>\n<p style=\"text-align: right;\"><span style=\"color: #000000; font-size: 12pt; font-family: georgia, palatino, serif;\"><em>Fonte do Livro: Missa Dominical, Paulus.<\/em><\/span><\/p>\n<hr \/>\n<p style=\"text-align: center;\"><strong><em><span style=\"color: #000000; font-size: 12pt; font-family: verdana, geneva, sans-serif;\">\u00a0Voc\u00ea j\u00e1 acendeu uma Vela para essa data da Quaresma?<\/span><\/em><\/strong><\/p>\n<p style=\"text-align: center;\"><span style=\"color: #000000; font-size: 12pt; font-family: verdana, geneva, sans-serif;\"><strong><span style=\"color: #0000ff;\"><a style=\"color: #0000ff;\" href=\"https:\/\/adf.org.br\/velario\/quaresma?origem=10155\" target=\"_blank\" rel=\"noopener noreferrer\">Clique aqui<\/a><\/span><\/strong> e veja como acend\u00ea-la. Inscreva seus pedidos para a Santa Missa que ser\u00e1 celebrada.<\/span><\/p>\n","protected":false},"excerpt":{"rendered":"<p>A quarta-feira de cinzas \u00e9 o primeiro dia da Quaresma no calend\u00e1rio Crist\u00e3o Ocidental. As cinzas que os crist\u00e3os cat\u00f3licos recebem neste dia \u00e9 um s\u00edmbolo para a reflex\u00e3o sobre o dever da convers\u00e3o, da mudan\u00e7a de vida, recordando a passageira, transit\u00f3ria, ef\u00eamera fragilidade da vida humana, sujeita \u00e0 morte; n\u00f3s viemos do p\u00f3. Ela [&hellip;]<\/p>\n","protected":false},"author":27,"featured_media":50597,"comment_status":"open","ping_status":"open","sticky":false,"template":"","format":"standard","meta":[],"categories":[20],"tags":[385,2587,530,2588,2281],"yoast_head":"<!-- This site is optimized with the Yoast SEO plugin v17.4 - https:\/\/yoast.com\/wordpress\/plugins\/seo\/ -->\n<title>O Significado da Quarta-feira de Cinzas<\/title>\n<meta name=\"description\" content=\"A import\u00e2ncia e o verdeiro significado da Quarta-feira de Cinzar, leia essa mat\u00e9ria e esteja preparado\" \/>\n<meta name=\"robots\" content=\"index, follow, max-snippet:-1, max-image-preview:large, max-video-preview:-1\" \/>\n<link rel=\"canonical\" href=\"https:\/\/www.adf.org.br\/home\/o-significado-da-quarta-feira-de-cinzas\/\" \/>\n<meta property=\"og:locale\" content=\"pt_BR\" \/>\n<meta property=\"og:type\" content=\"article\" \/>\n<meta property=\"og:title\" content=\"O Significado da Quarta-feira de Cinzas\" \/>\n<meta property=\"og:description\" content=\"A import\u00e2ncia e o verdeiro significado da Quarta-feira de Cinzar, leia essa mat\u00e9ria e esteja preparado\" \/>\n<meta property=\"og:url\" content=\"https:\/\/www.adf.org.br\/home\/o-significado-da-quarta-feira-de-cinzas\/\" \/>\n<meta property=\"og:site_name\" content=\"Associa\u00e7\u00e3o Devotos de F\u00e1tima\" \/>\n<meta property=\"article:published_time\" content=\"2019-03-06T03:00:29+00:00\" \/>\n<meta name=\"twitter:card\" content=\"summary_large_image\" \/>\n<meta name=\"twitter:label1\" content=\"Escrito por\" \/>\n\t<meta name=\"twitter:data1\" content=\"Gabriel Barbosa\" \/>\n\t<meta name=\"twitter:label2\" content=\"Est. tempo de leitura\" \/>\n\t<meta name=\"twitter:data2\" content=\"2 minutos\" \/>\n<script type=\"application\/ld+json\" class=\"yoast-schema-graph\">{\"@context\":\"https:\/\/schema.org\",\"@graph\":[{\"@type\":\"WebSite\",\"@id\":\"https:\/\/www.adf.org.br\/home\/#website\",\"url\":\"https:\/\/www.adf.org.br\/home\/\",\"name\":\"Associa\\u00e7\\u00e3o Devotos de F\\u00e1tima\",\"description\":\"Associa\\u00e7\\u00e3o Devotos de F\\u00e1tima\",\"potentialAction\":[{\"@type\":\"SearchAction\",\"target\":{\"@type\":\"EntryPoint\",\"urlTemplate\":\"https:\/\/www.adf.org.br\/home\/?s={search_term_string}\"},\"query-input\":\"required name=search_term_string\"}],\"inLanguage\":\"pt-BR\"},{\"@type\":\"ImageObject\",\"@id\":\"https:\/\/www.adf.org.br\/home\/o-significado-da-quarta-feira-de-cinzas\/#primaryimage\",\"inLanguage\":\"pt-BR\",\"url\":\"\",\"contentUrl\":\"\"},{\"@type\":\"WebPage\",\"@id\":\"https:\/\/www.adf.org.br\/home\/o-significado-da-quarta-feira-de-cinzas\/#webpage\",\"url\":\"https:\/\/www.adf.org.br\/home\/o-significado-da-quarta-feira-de-cinzas\/\",\"name\":\"O Significado da Quarta-feira de Cinzas\",\"isPartOf\":{\"@id\":\"https:\/\/www.adf.org.br\/home\/#website\"},\"primaryImageOfPage\":{\"@id\":\"https:\/\/www.adf.org.br\/home\/o-significado-da-quarta-feira-de-cinzas\/#primaryimage\"},\"datePublished\":\"2019-03-06T03:00:29+00:00\",\"dateModified\":\"2019-03-06T03:00:29+00:00\",\"author\":{\"@id\":\"https:\/\/www.adf.org.br\/home\/#\/schema\/person\/affa494ecf91434f3620f5392de44327\"},\"description\":\"A import\\u00e2ncia e o verdeiro significado da Quarta-feira de Cinzar, leia essa mat\\u00e9ria e esteja preparado\",\"breadcrumb\":{\"@id\":\"https:\/\/www.adf.org.br\/home\/o-significado-da-quarta-feira-de-cinzas\/#breadcrumb\"},\"inLanguage\":\"pt-BR\",\"potentialAction\":[{\"@type\":\"ReadAction\",\"target\":[\"https:\/\/www.adf.org.br\/home\/o-significado-da-quarta-feira-de-cinzas\/\"]}]},{\"@type\":\"BreadcrumbList\",\"@id\":\"https:\/\/www.adf.org.br\/home\/o-significado-da-quarta-feira-de-cinzas\/#breadcrumb\",\"itemListElement\":[{\"@type\":\"ListItem\",\"position\":1,\"name\":\"Home\",\"item\":\"https:\/\/www.adf.org.br\/home\/\"},{\"@type\":\"ListItem\",\"position\":2,\"name\":\"Quaresma\"}]},{\"@type\":\"Person\",\"@id\":\"https:\/\/www.adf.org.br\/home\/#\/schema\/person\/affa494ecf91434f3620f5392de44327\",\"name\":\"Gabriel Barbosa\",\"image\":{\"@type\":\"ImageObject\",\"@id\":\"https:\/\/www.adf.org.br\/home\/#personlogo\",\"inLanguage\":\"pt-BR\",\"url\":\"https:\/\/secure.gravatar.com\/avatar\/ecf2eab02e30486a7038f8b2858de06a?s=96&d=mm&r=g\",\"contentUrl\":\"https:\/\/secure.gravatar.com\/avatar\/ecf2eab02e30486a7038f8b2858de06a?s=96&d=mm&r=g\",\"caption\":\"Gabriel Barbosa\"},\"url\":\"https:\/\/www.adf.org.br\/home\/author\/gabriel-aascj\/\"}]}<\/script>\n<!-- \/ Yoast SEO plugin. -->","yoast_head_json":{"title":"O Significado da Quarta-feira de Cinzas","description":"A import\u00e2ncia e o verdeiro significado da Quarta-feira de Cinzar, leia essa mat\u00e9ria e esteja preparado","robots":{"index":"index","follow":"follow","max-snippet":"max-snippet:-1","max-image-preview":"max-image-preview:large","max-video-preview":"max-video-preview:-1"},"canonical":"https:\/\/www.adf.org.br\/home\/o-significado-da-quarta-feira-de-cinzas\/","og_locale":"pt_BR","og_type":"article","og_title":"O Significado da Quarta-feira de Cinzas","og_description":"A import\u00e2ncia e o verdeiro significado da Quarta-feira de Cinzar, leia essa mat\u00e9ria e esteja preparado","og_url":"https:\/\/www.adf.org.br\/home\/o-significado-da-quarta-feira-de-cinzas\/","og_site_name":"Associa\u00e7\u00e3o Devotos de F\u00e1tima","article_published_time":"2019-03-06T03:00:29+00:00","twitter_card":"summary_large_image","twitter_misc":{"Escrito por":"Gabriel Barbosa","Est. tempo de leitura":"2 minutos"},"schema":{"@context":"https:\/\/schema.org","@graph":[{"@type":"WebSite","@id":"https:\/\/www.adf.org.br\/home\/#website","url":"https:\/\/www.adf.org.br\/home\/","name":"Associa\u00e7\u00e3o Devotos de F\u00e1tima","description":"Associa\u00e7\u00e3o Devotos de F\u00e1tima","potentialAction":[{"@type":"SearchAction","target":{"@type":"EntryPoint","urlTemplate":"https:\/\/www.adf.org.br\/home\/?s={search_term_string}"},"query-input":"required name=search_term_string"}],"inLanguage":"pt-BR"},{"@type":"ImageObject","@id":"https:\/\/www.adf.org.br\/home\/o-significado-da-quarta-feira-de-cinzas\/#primaryimage","inLanguage":"pt-BR","url":"","contentUrl":""},{"@type":"WebPage","@id":"https:\/\/www.adf.org.br\/home\/o-significado-da-quarta-feira-de-cinzas\/#webpage","url":"https:\/\/www.adf.org.br\/home\/o-significado-da-quarta-feira-de-cinzas\/","name":"O Significado da Quarta-feira de Cinzas","isPartOf":{"@id":"https:\/\/www.adf.org.br\/home\/#website"},"primaryImageOfPage":{"@id":"https:\/\/www.adf.org.br\/home\/o-significado-da-quarta-feira-de-cinzas\/#primaryimage"},"datePublished":"2019-03-06T03:00:29+00:00","dateModified":"2019-03-06T03:00:29+00:00","author":{"@id":"https:\/\/www.adf.org.br\/home\/#\/schema\/person\/affa494ecf91434f3620f5392de44327"},"description":"A import\u00e2ncia e o verdeiro significado da Quarta-feira de Cinzar, leia essa mat\u00e9ria e esteja preparado","breadcrumb":{"@id":"https:\/\/www.adf.org.br\/home\/o-significado-da-quarta-feira-de-cinzas\/#breadcrumb"},"inLanguage":"pt-BR","potentialAction":[{"@type":"ReadAction","target":["https:\/\/www.adf.org.br\/home\/o-significado-da-quarta-feira-de-cinzas\/"]}]},{"@type":"BreadcrumbList","@id":"https:\/\/www.adf.org.br\/home\/o-significado-da-quarta-feira-de-cinzas\/#breadcrumb","itemListElement":[{"@type":"ListItem","position":1,"name":"Home","item":"https:\/\/www.adf.org.br\/home\/"},{"@type":"ListItem","position":2,"name":"Quaresma"}]},{"@type":"Person","@id":"https:\/\/www.adf.org.br\/home\/#\/schema\/person\/affa494ecf91434f3620f5392de44327","name":"Gabriel Barbosa","image":{"@type":"ImageObject","@id":"https:\/\/www.adf.org.br\/home\/#personlogo","inLanguage":"pt-BR","url":"https:\/\/secure.gravatar.com\/avatar\/ecf2eab02e30486a7038f8b2858de06a?s=96&d=mm&r=g","contentUrl":"https:\/\/secure.gravatar.com\/avatar\/ecf2eab02e30486a7038f8b2858de06a?s=96&d=mm&r=g","caption":"Gabriel Barbosa"},"url":"https:\/\/www.adf.org.br\/home\/author\/gabriel-aascj\/"}]}},"_links":{"self":[{"href":"https:\/\/www.adf.org.br\/home\/wp-json\/wp\/v2\/posts\/50596"}],"collection":[{"href":"https:\/\/www.adf.org.br\/home\/wp-json\/wp\/v2\/posts"}],"about":[{"href":"https:\/\/www.adf.org.br\/home\/wp-json\/wp\/v2\/types\/post"}],"author":[{"embeddable":true,"href":"https:\/\/www.adf.org.br\/home\/wp-json\/wp\/v2\/users\/27"}],"replies":[{"embeddable":true,"href":"https:\/\/www.adf.org.br\/home\/wp-json\/wp\/v2\/comments?post=50596"}],"version-history":[{"count":0,"href":"https:\/\/www.adf.org.br\/home\/wp-json\/wp\/v2\/posts\/50596\/revisions"}],"wp:featuredmedia":[{"embeddable":true,"href":"https:\/\/www.adf.org.br\/home\/wp-json\/wp\/v2\/media\/50597"}],"wp:attachment":[{"href":"https:\/\/www.adf.org.br\/home\/wp-json\/wp\/v2\/media?parent=50596"}],"wp:term":[{"taxonomy":"category","embeddable":true,"href":"https:\/\/www.adf.org.br\/home\/wp-json\/wp\/v2\/categories?post=50596"},{"taxonomy":"post_tag","embeddable":true,"href":"https:\/\/www.adf.org.br\/home\/wp-json\/wp\/v2\/tags?post=50596"}],"curies":[{"name":"wp","href":"https:\/\/api.w.org\/{rel}","templated":true}]}}