{"id":50510,"date":"2019-02-22T00:00:50","date_gmt":"2019-02-22T03:00:50","guid":{"rendered":"http:\/\/www.adf.org.br\/home\/?p=50510"},"modified":"2019-02-22T00:00:50","modified_gmt":"2019-02-22T03:00:50","slug":"o-autentico-segredo-fatima","status":"publish","type":"post","link":"https:\/\/www.adf.org.br\/home\/o-autentico-segredo-fatima\/","title":{"rendered":"O Aut\u00eantico Segredo F\u00e1tima"},"content":{"rendered":"<p style=\"text-align: center;\"><img loading=\"lazy\" class=\"alignnone wp-image-50519\" src=\"https:\/\/www.adf.org.br\/home\/wp-content\/uploads\/2019\/02\/D0045523-1.jpg\" alt=\"D0045523\" width=\"461\" height=\"307\" \/><\/p>\n<p style=\"text-align: center;\"><em><span style=\"font-size: 14pt; color: #000000; font-family: verdana, geneva, sans-serif;\">\u201cEm Portugal se conservar\u00e1 sempre o dogma da F\u00e9 etc&#8230;\u201d<\/span><\/em><\/p>\n<p><span style=\"font-size: 12pt; color: #000000; font-family: verdana, geneva, sans-serif;\"><span style=\"font-size: 24pt;\"><strong>F<\/strong><\/span>rase revelada por L\u00facia ap\u00f3s contar dois Segredos de F\u00e1tima. Estava divido em tr\u00eas partes, passando a escrever as partes <span style=\"text-decoration: underline; color: #800080;\">distintas do segredo.<\/span> Ela &#8220;sentiu que chegou o momento de revelar.&#8221;<\/span><\/p>\n<p><span style=\"color: #000000; font-family: verdana, geneva, sans-serif; font-size: 12pt;\">Em suas mem\u00f3rias n\u00e3o disse a respeito da terceira parte, pois n\u00e3o havia recebido autoriza\u00e7\u00e3o do C\u00e9u para revelar.<\/span><\/p>\n<p><span style=\"color: #000000; font-family: verdana, geneva, sans-serif; font-size: 12pt;\">Em 1941, ela copiou as duas primeiras do Segredo do texto da terceira mem\u00f3ria e acrescentou essa frase que n\u00e3o estava antes.<\/span><\/p>\n<p><span style=\"font-size: 12pt; color: #000000; font-family: verdana, geneva, sans-serif;\">Mais tarde, declarou ao Bispo que n\u00e3o era absolutamente necess\u00e1rio revelar o terceiro segredo \u201c<span style=\"text-decoration: underline;\">porque, de certa maneira, j\u00e1 o tinha dito<\/span>.\u201d<\/span><\/p>\n<p style=\"padding-left: 60px;\"><span style=\"color: #000000;\"><strong><span style=\"font-size: 12pt; font-family: verdana, geneva, sans-serif;\">A frase \u00e9 uma promessa de que a verdadeira F\u00e9 seria conservada naquele pa\u00eds. Embora seja vaga a respeito de quem o faria.<\/span><\/strong><\/span><\/p>\n<p style=\"padding-left: 60px;\"><strong><span style=\"font-size: 12pt; color: #000000; font-family: verdana, geneva, sans-serif;\">Em 1984, o Bispo de F\u00e1tima disse: \u201cA perda da F\u00e9 de um continente \u00e9 pior do que o aniquilar de uma na\u00e7\u00e3o; e a verdade \u00e9 que a F\u00e9 est\u00e1 continuamente a diminuir na Europa.\u201d<\/span><\/strong><\/p>\n<p><span style=\"font-size: 12pt; color: #000000; font-family: verdana, geneva, sans-serif;\">E na sua entrevista de 1984 com Vittorio Messori, o Cardeal Ratzinger confirmou esta conclus\u00e3o ao dizer que a parte final do Segredo fala de <strong>\u201cPerigos que amea\u00e7am a F\u00e9 e a vida do Crist\u00e3o, e, consequentemente, do mundo.\u201d<\/strong><\/span><\/p>\n<p><span style=\"font-size: 12pt; color: #000000; font-family: verdana, geneva, sans-serif;\">Finalmente, sabemos que a realiza\u00e7\u00e3o da profecia do Terceiro Segredo come\u00e7ou a efetuar-se em 1960. Foi quando perguntaram \u00e0 Irm\u00e3 L\u00facia porque que o Terceiro Segredo n\u00e3o foi revelado depois de 1960:<\/span><\/p>\n<p style=\"padding-left: 60px;\"><span style=\"font-size: 12pt; color: #000000; font-family: verdana, geneva, sans-serif;\"><em>\u201cPorque ent\u00e3o ser\u00e1 mais claro.\u201d<\/em>, respondeu ela.<\/span><\/p>\n<p><span style=\"font-size: 12pt; color: #000000; font-family: verdana, geneva, sans-serif;\">E desde\u00a0ent\u00e3o\u00a0temos visto a profecia do Terceiro Segredo a revelar-se perante os nossos olhos, e \u00e9 bem claro que, desde essa altura, o mundo\u00a0sofre progressivamente a uma terr\u00edvel perda de F\u00e9.<\/span><\/p>\n<h5 style=\"text-align: right;\"><span style=\"color: #0000ff; font-size: 12pt; font-family: georgia, palatino, serif;\"><em>Fonte &#8211; Testemunhos publicados: O Bispo de F\u00e1tima (10 de Setembro de 1984)<\/em><\/span><\/h5>\n<hr \/>\n<p style=\"text-align: center;\"><span style=\"font-size: 14pt; color: #000000; font-family: verdana, geneva, sans-serif;\">Hoje \u00e9 o \u00faltimo dia para voc\u00ea inscrever seus pedidos na Missa de Prote\u00e7\u00e3o de Nossa Senhora de F\u00e1tima.<\/span><br \/>\n<span style=\"font-size: 14pt; color: #000000; font-family: verdana, geneva, sans-serif;\">Ligue para <span style=\"color: #0000ff;\"><a style=\"color: #0000ff;\" href=\"tel:08006082128\" target=\"_blank\" rel=\"noopener noreferrer\">0800 608 2128<\/a><\/span> e deixe suas inten\u00e7\u00f5es de gra\u00e7a!<\/span><\/p>\n","protected":false},"excerpt":{"rendered":"<p>\u201cEm Portugal se conservar\u00e1 sempre o dogma da F\u00e9 etc&#8230;\u201d Frase revelada por L\u00facia ap\u00f3s contar dois Segredos de F\u00e1tima. Estava divido em tr\u00eas partes, passando a escrever as partes distintas do segredo. Ela &#8220;sentiu que chegou o momento de revelar.&#8221; Em suas mem\u00f3rias n\u00e3o disse a respeito da terceira parte, pois n\u00e3o havia recebido [&hellip;]<\/p>\n","protected":false},"author":27,"featured_media":50520,"comment_status":"open","ping_status":"open","sticky":false,"template":"","format":"standard","meta":[],"categories":[20],"tags":[2506,2403,57,2337,1405],"yoast_head":"<!-- This site is optimized with the Yoast SEO plugin v17.4 - https:\/\/yoast.com\/wordpress\/plugins\/seo\/ -->\n<title>O Aut\u00eantico Segredo F\u00e1tima<\/title>\n<meta name=\"description\" content=\"O aut\u00eantico segredo de F\u00e1tima foi revelado por Irm\u00e3 L\u00facia de Jesus... Leia essa mat\u00e9ria\" \/>\n<meta name=\"robots\" content=\"index, follow, max-snippet:-1, max-image-preview:large, max-video-preview:-1\" \/>\n<link rel=\"canonical\" href=\"https:\/\/www.adf.org.br\/home\/o-autentico-segredo-fatima\/\" \/>\n<meta property=\"og:locale\" content=\"pt_BR\" \/>\n<meta property=\"og:type\" content=\"article\" \/>\n<meta property=\"og:title\" content=\"O Aut\u00eantico Segredo F\u00e1tima\" \/>\n<meta property=\"og:description\" content=\"O aut\u00eantico segredo de F\u00e1tima foi revelado por Irm\u00e3 L\u00facia de Jesus... Leia essa mat\u00e9ria\" \/>\n<meta property=\"og:url\" content=\"https:\/\/www.adf.org.br\/home\/o-autentico-segredo-fatima\/\" \/>\n<meta property=\"og:site_name\" content=\"Associa\u00e7\u00e3o Devotos de F\u00e1tima\" \/>\n<meta property=\"article:published_time\" content=\"2019-02-22T03:00:50+00:00\" \/>\n<meta name=\"twitter:card\" content=\"summary_large_image\" \/>\n<meta name=\"twitter:label1\" content=\"Escrito por\" \/>\n\t<meta name=\"twitter:data1\" content=\"Gabriel Barbosa\" \/>\n\t<meta name=\"twitter:label2\" content=\"Est. tempo de leitura\" \/>\n\t<meta name=\"twitter:data2\" content=\"2 minutos\" \/>\n<script type=\"application\/ld+json\" class=\"yoast-schema-graph\">{\"@context\":\"https:\/\/schema.org\",\"@graph\":[{\"@type\":\"WebSite\",\"@id\":\"https:\/\/www.adf.org.br\/home\/#website\",\"url\":\"https:\/\/www.adf.org.br\/home\/\",\"name\":\"Associa\\u00e7\\u00e3o Devotos de F\\u00e1tima\",\"description\":\"Associa\\u00e7\\u00e3o Devotos de F\\u00e1tima\",\"potentialAction\":[{\"@type\":\"SearchAction\",\"target\":{\"@type\":\"EntryPoint\",\"urlTemplate\":\"https:\/\/www.adf.org.br\/home\/?s={search_term_string}\"},\"query-input\":\"required name=search_term_string\"}],\"inLanguage\":\"pt-BR\"},{\"@type\":\"ImageObject\",\"@id\":\"https:\/\/www.adf.org.br\/home\/o-autentico-segredo-fatima\/#primaryimage\",\"inLanguage\":\"pt-BR\",\"url\":\"\",\"contentUrl\":\"\"},{\"@type\":\"WebPage\",\"@id\":\"https:\/\/www.adf.org.br\/home\/o-autentico-segredo-fatima\/#webpage\",\"url\":\"https:\/\/www.adf.org.br\/home\/o-autentico-segredo-fatima\/\",\"name\":\"O Aut\\u00eantico Segredo F\\u00e1tima\",\"isPartOf\":{\"@id\":\"https:\/\/www.adf.org.br\/home\/#website\"},\"primaryImageOfPage\":{\"@id\":\"https:\/\/www.adf.org.br\/home\/o-autentico-segredo-fatima\/#primaryimage\"},\"datePublished\":\"2019-02-22T03:00:50+00:00\",\"dateModified\":\"2019-02-22T03:00:50+00:00\",\"author\":{\"@id\":\"https:\/\/www.adf.org.br\/home\/#\/schema\/person\/affa494ecf91434f3620f5392de44327\"},\"description\":\"O aut\\u00eantico segredo de F\\u00e1tima foi revelado por Irm\\u00e3 L\\u00facia de Jesus... Leia essa mat\\u00e9ria\",\"breadcrumb\":{\"@id\":\"https:\/\/www.adf.org.br\/home\/o-autentico-segredo-fatima\/#breadcrumb\"},\"inLanguage\":\"pt-BR\",\"potentialAction\":[{\"@type\":\"ReadAction\",\"target\":[\"https:\/\/www.adf.org.br\/home\/o-autentico-segredo-fatima\/\"]}]},{\"@type\":\"BreadcrumbList\",\"@id\":\"https:\/\/www.adf.org.br\/home\/o-autentico-segredo-fatima\/#breadcrumb\",\"itemListElement\":[{\"@type\":\"ListItem\",\"position\":1,\"name\":\"Home\",\"item\":\"https:\/\/www.adf.org.br\/home\/\"},{\"@type\":\"ListItem\",\"position\":2,\"name\":\"O Aut\\u00eantico Segredo F\\u00e1tima\"}]},{\"@type\":\"Person\",\"@id\":\"https:\/\/www.adf.org.br\/home\/#\/schema\/person\/affa494ecf91434f3620f5392de44327\",\"name\":\"Gabriel Barbosa\",\"image\":{\"@type\":\"ImageObject\",\"@id\":\"https:\/\/www.adf.org.br\/home\/#personlogo\",\"inLanguage\":\"pt-BR\",\"url\":\"https:\/\/secure.gravatar.com\/avatar\/ecf2eab02e30486a7038f8b2858de06a?s=96&d=mm&r=g\",\"contentUrl\":\"https:\/\/secure.gravatar.com\/avatar\/ecf2eab02e30486a7038f8b2858de06a?s=96&d=mm&r=g\",\"caption\":\"Gabriel Barbosa\"},\"url\":\"https:\/\/www.adf.org.br\/home\/author\/gabriel-aascj\/\"}]}<\/script>\n<!-- \/ Yoast SEO plugin. -->","yoast_head_json":{"title":"O Aut\u00eantico Segredo F\u00e1tima","description":"O aut\u00eantico segredo de F\u00e1tima foi revelado por Irm\u00e3 L\u00facia de Jesus... Leia essa mat\u00e9ria","robots":{"index":"index","follow":"follow","max-snippet":"max-snippet:-1","max-image-preview":"max-image-preview:large","max-video-preview":"max-video-preview:-1"},"canonical":"https:\/\/www.adf.org.br\/home\/o-autentico-segredo-fatima\/","og_locale":"pt_BR","og_type":"article","og_title":"O Aut\u00eantico Segredo F\u00e1tima","og_description":"O aut\u00eantico segredo de F\u00e1tima foi revelado por Irm\u00e3 L\u00facia de Jesus... Leia essa mat\u00e9ria","og_url":"https:\/\/www.adf.org.br\/home\/o-autentico-segredo-fatima\/","og_site_name":"Associa\u00e7\u00e3o Devotos de F\u00e1tima","article_published_time":"2019-02-22T03:00:50+00:00","twitter_card":"summary_large_image","twitter_misc":{"Escrito por":"Gabriel Barbosa","Est. tempo de leitura":"2 minutos"},"schema":{"@context":"https:\/\/schema.org","@graph":[{"@type":"WebSite","@id":"https:\/\/www.adf.org.br\/home\/#website","url":"https:\/\/www.adf.org.br\/home\/","name":"Associa\u00e7\u00e3o Devotos de F\u00e1tima","description":"Associa\u00e7\u00e3o Devotos de F\u00e1tima","potentialAction":[{"@type":"SearchAction","target":{"@type":"EntryPoint","urlTemplate":"https:\/\/www.adf.org.br\/home\/?s={search_term_string}"},"query-input":"required name=search_term_string"}],"inLanguage":"pt-BR"},{"@type":"ImageObject","@id":"https:\/\/www.adf.org.br\/home\/o-autentico-segredo-fatima\/#primaryimage","inLanguage":"pt-BR","url":"","contentUrl":""},{"@type":"WebPage","@id":"https:\/\/www.adf.org.br\/home\/o-autentico-segredo-fatima\/#webpage","url":"https:\/\/www.adf.org.br\/home\/o-autentico-segredo-fatima\/","name":"O Aut\u00eantico Segredo F\u00e1tima","isPartOf":{"@id":"https:\/\/www.adf.org.br\/home\/#website"},"primaryImageOfPage":{"@id":"https:\/\/www.adf.org.br\/home\/o-autentico-segredo-fatima\/#primaryimage"},"datePublished":"2019-02-22T03:00:50+00:00","dateModified":"2019-02-22T03:00:50+00:00","author":{"@id":"https:\/\/www.adf.org.br\/home\/#\/schema\/person\/affa494ecf91434f3620f5392de44327"},"description":"O aut\u00eantico segredo de F\u00e1tima foi revelado por Irm\u00e3 L\u00facia de Jesus... Leia essa mat\u00e9ria","breadcrumb":{"@id":"https:\/\/www.adf.org.br\/home\/o-autentico-segredo-fatima\/#breadcrumb"},"inLanguage":"pt-BR","potentialAction":[{"@type":"ReadAction","target":["https:\/\/www.adf.org.br\/home\/o-autentico-segredo-fatima\/"]}]},{"@type":"BreadcrumbList","@id":"https:\/\/www.adf.org.br\/home\/o-autentico-segredo-fatima\/#breadcrumb","itemListElement":[{"@type":"ListItem","position":1,"name":"Home","item":"https:\/\/www.adf.org.br\/home\/"},{"@type":"ListItem","position":2,"name":"O Aut\u00eantico Segredo F\u00e1tima"}]},{"@type":"Person","@id":"https:\/\/www.adf.org.br\/home\/#\/schema\/person\/affa494ecf91434f3620f5392de44327","name":"Gabriel Barbosa","image":{"@type":"ImageObject","@id":"https:\/\/www.adf.org.br\/home\/#personlogo","inLanguage":"pt-BR","url":"https:\/\/secure.gravatar.com\/avatar\/ecf2eab02e30486a7038f8b2858de06a?s=96&d=mm&r=g","contentUrl":"https:\/\/secure.gravatar.com\/avatar\/ecf2eab02e30486a7038f8b2858de06a?s=96&d=mm&r=g","caption":"Gabriel Barbosa"},"url":"https:\/\/www.adf.org.br\/home\/author\/gabriel-aascj\/"}]}},"_links":{"self":[{"href":"https:\/\/www.adf.org.br\/home\/wp-json\/wp\/v2\/posts\/50510"}],"collection":[{"href":"https:\/\/www.adf.org.br\/home\/wp-json\/wp\/v2\/posts"}],"about":[{"href":"https:\/\/www.adf.org.br\/home\/wp-json\/wp\/v2\/types\/post"}],"author":[{"embeddable":true,"href":"https:\/\/www.adf.org.br\/home\/wp-json\/wp\/v2\/users\/27"}],"replies":[{"embeddable":true,"href":"https:\/\/www.adf.org.br\/home\/wp-json\/wp\/v2\/comments?post=50510"}],"version-history":[{"count":0,"href":"https:\/\/www.adf.org.br\/home\/wp-json\/wp\/v2\/posts\/50510\/revisions"}],"wp:featuredmedia":[{"embeddable":true,"href":"https:\/\/www.adf.org.br\/home\/wp-json\/wp\/v2\/media\/50520"}],"wp:attachment":[{"href":"https:\/\/www.adf.org.br\/home\/wp-json\/wp\/v2\/media?parent=50510"}],"wp:term":[{"taxonomy":"category","embeddable":true,"href":"https:\/\/www.adf.org.br\/home\/wp-json\/wp\/v2\/categories?post=50510"},{"taxonomy":"post_tag","embeddable":true,"href":"https:\/\/www.adf.org.br\/home\/wp-json\/wp\/v2\/tags?post=50510"}],"curies":[{"name":"wp","href":"https:\/\/api.w.org\/{rel}","templated":true}]}}