{"id":50431,"date":"2019-02-20T00:00:15","date_gmt":"2019-02-20T03:00:15","guid":{"rendered":"http:\/\/www.adf.org.br\/home\/?p=50431"},"modified":"2019-02-20T00:00:15","modified_gmt":"2019-02-20T03:00:15","slug":"as-lagrimas-de-fatima-parte-2","status":"publish","type":"post","link":"https:\/\/www.adf.org.br\/home\/as-lagrimas-de-fatima-parte-2\/","title":{"rendered":"As L\u00e1grimas de F\u00e1tima &#8211; Parte II"},"content":{"rendered":"<figure id=\"attachment_50438\" aria-describedby=\"caption-attachment-50438\" style=\"width: 286px\" class=\"wp-caption aligncenter\"><img loading=\"lazy\" class=\"wp-image-50438\" src=\"https:\/\/www.adf.org.br\/home\/wp-content\/uploads\/2019\/02\/Uma-das-primeiras-imagens-de-Nossa-Senhora-de-F\u00e1tima.jpg\" alt=\"Uma das primeiras imagens de Nossa Senhora de F\u00e1tima\" width=\"286\" height=\"426\" \/><figcaption id=\"caption-attachment-50438\" class=\"wp-caption-text\"><span style=\"color: #000000; font-size: 12pt; font-family: georgia, palatino, serif;\">Primeira imagem de Nossa Senhora de F\u00e1tima e Jos\u00e9 Ferreira Thedim, escultor!<\/span><\/figcaption><\/figure>\n<p><span style=\"font-size: 12pt; color: #000000; font-family: verdana, geneva, sans-serif;\"><span style=\"font-size: 18pt;\"><strong>S<\/strong><\/span>ob a dire\u00e7\u00e3o imediata da Irm\u00e3 L\u00facia, um artista esculpiu duas imagens, que correspondem o quanto poss\u00edvel aos tra\u00e7os fision\u00f4micos com que a Sant\u00edssima Virgem apareceu em F\u00e1tima.<\/span><\/p>\n<p><strong><span style=\"font-size: 12pt; color: #000000; font-family: verdana, geneva, sans-serif;\">Ambas essas imagens, chamadas &#8220;<span style=\"text-decoration: underline;\">peregrinas<\/span>&#8220;, t\u00eam percorrido o mundo, conduzidas por sacerdotes e leigos. Uma delas foi levada recentemente a Nova Orleans. E ali verteu l\u00e1grimas.<\/span><\/strong><\/p>\n<p><span style=\"font-size: 12pt; color: #000000; font-family: verdana, geneva, sans-serif;\">Romagosa tinha ouvido falar dessas lacrima\u00e7\u00f5es por Joseph Breault, ao qual est\u00e1 confiada a condu\u00e7\u00e3o da imagem.<\/span><\/p>\n<p><span style=\"font-size: 12pt; color: #000000; font-family: verdana, geneva, sans-serif;\">Entretanto, sentia ele funda relut\u00e2ncia em admitir o milagre. Por isto, pediu ao outro sacerdote que o avisasse assim que o fen\u00f4meno come\u00e7asse a se produzir.<\/span><\/p>\n<p><span style=\"font-size: 12pt; color: #000000; font-family: verdana, geneva, sans-serif;\">O Pe. Breault, <span style=\"text-decoration: underline;\">notando alguma umidade nos olhos da Virgem peregrina<\/span> no dia 17 de julho, telefonou ao Pe. Romagosa, o qual acorreu junto \u00e0 imagem \u00e0s 21:30, trazendo fot\u00f3grafos e jornalistas.<\/span><\/p>\n<p style=\"padding-left: 60px;\"><strong><span style=\"font-size: 12pt; color: #000000; font-family: verdana, geneva, sans-serif;\">Notaram todos alguma umidade nos olhos da imagem, que foi logo fotografada.<\/span><\/strong><\/p>\n<p><span style=\"font-size: 12pt; color: #000000; font-family: verdana, geneva, sans-serif;\"><img loading=\"lazy\" class=\"wp-image-50437 alignleft\" src=\"https:\/\/www.adf.org.br\/home\/wp-content\/uploads\/2019\/02\/NossaSenhoradeFatima_pranto_NewOrleans_1972_otimizada-3.jpg\" alt=\"NossaSenhoradeFatima_pranto_NewOrleans_1972_otimizada\" width=\"157\" height=\"202\" \/>\u00c0s 06:15 da manh\u00e3 seguinte, o Pe. Breault telefonou novamente ao Pe. Romagosa, informando-o de que desde as 4 horas da manh\u00e3 a imagem chorava.<\/span><\/p>\n<p><span style=\"font-size: 12pt; color: #000000; font-family: verdana, geneva, sans-serif;\">Romagosa chegou pouco depois ao local, onde, diz ele, <span style=\"color: #000080;\">\u201c<em>vi uma abund\u00e2ncia de l\u00edquido nos olhos da imagem, e uma gota grande de l\u00edquido na ponta do nariz da mesma<\/em>\u201d<\/span>.<\/span><\/p>\n<p><span style=\"font-size: 12pt; color: #000000; font-family: verdana, geneva, sans-serif;\">Foi essa gota, t\u00e3o graciosamente pendente, que a fotografia divulgada pelos jornais mostrou a nosso p\u00fablico.<\/span><\/p>\n<p><span style=\"font-size: 12pt; color: #000000; font-family: verdana, geneva, sans-serif;\">O Pe. Romagosa acrescenta que vira \u201c<em>um movimento do l\u00edquido enquanto surgia lentamente da p\u00e1lpebra inferior<\/em>\u201d.<\/span><\/p>\n<p><span style=\"font-size: 12pt; color: #000000; font-family: verdana, geneva, sans-serif;\">Mas ele queria eliminar d\u00favidas.<\/span><\/p>\n<p><span style=\"font-size: 12pt; color: #000000; font-family: verdana, geneva, sans-serif;\">Cessado o pranto, o Pe. Romagosa retirou a coroa da cabe\u00e7a da imagem: <strong>a haste met\u00e1lica estava inteiramente seca. Introduziu ele, ent\u00e3o, no orif\u00edcio respectivo, um arame revestido de papel especial, que absorveria for\u00e7osamente todo l\u00edquido que ali estivesse. Mas o papel saiu absolutamente seco.<\/strong><\/span><\/p>\n<p><span style=\"font-size: 12pt; color: #000000; font-family: verdana, geneva, sans-serif;\">Ainda n\u00e3o satisfeito com tal experi\u00eancia, introduziu no orif\u00edcio certa quantidade de l\u00edquido.<\/span><\/p>\n<p style=\"padding-left: 60px;\"><span style=\"font-size: 12pt; color: #000000; font-family: verdana, geneva, sans-serif;\">Sem embargo, os olhos se conservaram absolutamente seco, ele voltou ent\u00e3o a imagem para o solo: <span style=\"color: #000080;\">todo o l\u00edquido colocado no orif\u00edcio escorreu normalmente.<\/span><\/span><\/p>\n<p><span style=\"font-size: 12pt; color: #000000; font-family: verdana, geneva, sans-serif;\">Estava cabalmente provado que do orif\u00edcio da cabe\u00e7a \u2014 \u00fanico existente na imagem \u2014 nenhuma filtra\u00e7\u00e3o de l\u00edquido para os olhos seria poss\u00edvel.<\/span><\/p>\n<p><strong><span style=\"font-size: 12pt; color: #000000; font-family: verdana, geneva, sans-serif;\">O Pe. Romagosa ajoelhou-se. Enfim ele acreditara.<\/span><\/strong><\/p>\n<h5><span style=\"font-size: 12pt; color: #000000; font-family: georgia, palatino, serif;\"><em>Extra\u00eddo da \u201cFolha de S\u00e3o Paulo\u201d\u00a0de 6\/8\/1972<\/em><\/span><\/h5>\n<hr \/>\n<p>&nbsp;<\/p>\n","protected":false},"excerpt":{"rendered":"<p>Sob a dire\u00e7\u00e3o imediata da Irm\u00e3 L\u00facia, um artista esculpiu duas imagens, que correspondem o quanto poss\u00edvel aos tra\u00e7os fision\u00f4micos com que a Sant\u00edssima Virgem apareceu em F\u00e1tima. Ambas essas imagens, chamadas &#8220;peregrinas&#8220;, t\u00eam percorrido o mundo, conduzidas por sacerdotes e leigos. Uma delas foi levada recentemente a Nova Orleans. E ali verteu l\u00e1grimas. Romagosa [&hellip;]<\/p>\n","protected":false},"author":27,"featured_media":50440,"comment_status":"open","ping_status":"open","sticky":false,"template":"","format":"standard","meta":[],"categories":[20],"tags":[2493,57],"yoast_head":"<!-- This site is optimized with the Yoast SEO plugin v17.4 - https:\/\/yoast.com\/wordpress\/plugins\/seo\/ -->\n<title>As L\u00e1grimas de F\u00e1tima - Parte II<\/title>\n<meta name=\"description\" content=\"Leia a mat\u00e9ria que fora divulgada no momento em que Nossa Senhora de F\u00e1tima derramou sua l\u00e1grima...\" \/>\n<meta name=\"robots\" content=\"index, follow, max-snippet:-1, max-image-preview:large, max-video-preview:-1\" \/>\n<link rel=\"canonical\" href=\"https:\/\/www.adf.org.br\/home\/as-lagrimas-de-fatima-parte-2\/\" \/>\n<meta property=\"og:locale\" content=\"pt_BR\" \/>\n<meta property=\"og:type\" content=\"article\" \/>\n<meta property=\"og:title\" content=\"As L\u00e1grimas de F\u00e1tima - Parte II\" \/>\n<meta property=\"og:description\" content=\"Leia a mat\u00e9ria que fora divulgada no momento em que Nossa Senhora de F\u00e1tima derramou sua l\u00e1grima...\" \/>\n<meta property=\"og:url\" content=\"https:\/\/www.adf.org.br\/home\/as-lagrimas-de-fatima-parte-2\/\" \/>\n<meta property=\"og:site_name\" content=\"Associa\u00e7\u00e3o Devotos de F\u00e1tima\" \/>\n<meta property=\"article:published_time\" content=\"2019-02-20T03:00:15+00:00\" \/>\n<meta name=\"twitter:card\" content=\"summary_large_image\" \/>\n<meta name=\"twitter:label1\" content=\"Escrito por\" \/>\n\t<meta name=\"twitter:data1\" content=\"Gabriel Barbosa\" \/>\n\t<meta name=\"twitter:label2\" content=\"Est. tempo de leitura\" \/>\n\t<meta name=\"twitter:data2\" content=\"2 minutos\" \/>\n<script type=\"application\/ld+json\" class=\"yoast-schema-graph\">{\"@context\":\"https:\/\/schema.org\",\"@graph\":[{\"@type\":\"WebSite\",\"@id\":\"https:\/\/www.adf.org.br\/home\/#website\",\"url\":\"https:\/\/www.adf.org.br\/home\/\",\"name\":\"Associa\\u00e7\\u00e3o Devotos de F\\u00e1tima\",\"description\":\"Associa\\u00e7\\u00e3o Devotos de F\\u00e1tima\",\"potentialAction\":[{\"@type\":\"SearchAction\",\"target\":{\"@type\":\"EntryPoint\",\"urlTemplate\":\"https:\/\/www.adf.org.br\/home\/?s={search_term_string}\"},\"query-input\":\"required name=search_term_string\"}],\"inLanguage\":\"pt-BR\"},{\"@type\":\"ImageObject\",\"@id\":\"https:\/\/www.adf.org.br\/home\/as-lagrimas-de-fatima-parte-2\/#primaryimage\",\"inLanguage\":\"pt-BR\",\"url\":\"\",\"contentUrl\":\"\"},{\"@type\":\"WebPage\",\"@id\":\"https:\/\/www.adf.org.br\/home\/as-lagrimas-de-fatima-parte-2\/#webpage\",\"url\":\"https:\/\/www.adf.org.br\/home\/as-lagrimas-de-fatima-parte-2\/\",\"name\":\"As L\\u00e1grimas de F\\u00e1tima - Parte II\",\"isPartOf\":{\"@id\":\"https:\/\/www.adf.org.br\/home\/#website\"},\"primaryImageOfPage\":{\"@id\":\"https:\/\/www.adf.org.br\/home\/as-lagrimas-de-fatima-parte-2\/#primaryimage\"},\"datePublished\":\"2019-02-20T03:00:15+00:00\",\"dateModified\":\"2019-02-20T03:00:15+00:00\",\"author\":{\"@id\":\"https:\/\/www.adf.org.br\/home\/#\/schema\/person\/affa494ecf91434f3620f5392de44327\"},\"description\":\"Leia a mat\\u00e9ria que fora divulgada no momento em que Nossa Senhora de F\\u00e1tima derramou sua l\\u00e1grima...\",\"breadcrumb\":{\"@id\":\"https:\/\/www.adf.org.br\/home\/as-lagrimas-de-fatima-parte-2\/#breadcrumb\"},\"inLanguage\":\"pt-BR\",\"potentialAction\":[{\"@type\":\"ReadAction\",\"target\":[\"https:\/\/www.adf.org.br\/home\/as-lagrimas-de-fatima-parte-2\/\"]}]},{\"@type\":\"BreadcrumbList\",\"@id\":\"https:\/\/www.adf.org.br\/home\/as-lagrimas-de-fatima-parte-2\/#breadcrumb\",\"itemListElement\":[{\"@type\":\"ListItem\",\"position\":1,\"name\":\"Home\",\"item\":\"https:\/\/www.adf.org.br\/home\/\"},{\"@type\":\"ListItem\",\"position\":2,\"name\":\"As L\\u00e1grimas de F\\u00e1tima &#8211; Parte II\"}]},{\"@type\":\"Person\",\"@id\":\"https:\/\/www.adf.org.br\/home\/#\/schema\/person\/affa494ecf91434f3620f5392de44327\",\"name\":\"Gabriel Barbosa\",\"image\":{\"@type\":\"ImageObject\",\"@id\":\"https:\/\/www.adf.org.br\/home\/#personlogo\",\"inLanguage\":\"pt-BR\",\"url\":\"https:\/\/secure.gravatar.com\/avatar\/ecf2eab02e30486a7038f8b2858de06a?s=96&d=mm&r=g\",\"contentUrl\":\"https:\/\/secure.gravatar.com\/avatar\/ecf2eab02e30486a7038f8b2858de06a?s=96&d=mm&r=g\",\"caption\":\"Gabriel Barbosa\"},\"url\":\"https:\/\/www.adf.org.br\/home\/author\/gabriel-aascj\/\"}]}<\/script>\n<!-- \/ Yoast SEO plugin. -->","yoast_head_json":{"title":"As L\u00e1grimas de F\u00e1tima - Parte II","description":"Leia a mat\u00e9ria que fora divulgada no momento em que Nossa Senhora de F\u00e1tima derramou sua l\u00e1grima...","robots":{"index":"index","follow":"follow","max-snippet":"max-snippet:-1","max-image-preview":"max-image-preview:large","max-video-preview":"max-video-preview:-1"},"canonical":"https:\/\/www.adf.org.br\/home\/as-lagrimas-de-fatima-parte-2\/","og_locale":"pt_BR","og_type":"article","og_title":"As L\u00e1grimas de F\u00e1tima - Parte II","og_description":"Leia a mat\u00e9ria que fora divulgada no momento em que Nossa Senhora de F\u00e1tima derramou sua l\u00e1grima...","og_url":"https:\/\/www.adf.org.br\/home\/as-lagrimas-de-fatima-parte-2\/","og_site_name":"Associa\u00e7\u00e3o Devotos de F\u00e1tima","article_published_time":"2019-02-20T03:00:15+00:00","twitter_card":"summary_large_image","twitter_misc":{"Escrito por":"Gabriel Barbosa","Est. tempo de leitura":"2 minutos"},"schema":{"@context":"https:\/\/schema.org","@graph":[{"@type":"WebSite","@id":"https:\/\/www.adf.org.br\/home\/#website","url":"https:\/\/www.adf.org.br\/home\/","name":"Associa\u00e7\u00e3o Devotos de F\u00e1tima","description":"Associa\u00e7\u00e3o Devotos de F\u00e1tima","potentialAction":[{"@type":"SearchAction","target":{"@type":"EntryPoint","urlTemplate":"https:\/\/www.adf.org.br\/home\/?s={search_term_string}"},"query-input":"required name=search_term_string"}],"inLanguage":"pt-BR"},{"@type":"ImageObject","@id":"https:\/\/www.adf.org.br\/home\/as-lagrimas-de-fatima-parte-2\/#primaryimage","inLanguage":"pt-BR","url":"","contentUrl":""},{"@type":"WebPage","@id":"https:\/\/www.adf.org.br\/home\/as-lagrimas-de-fatima-parte-2\/#webpage","url":"https:\/\/www.adf.org.br\/home\/as-lagrimas-de-fatima-parte-2\/","name":"As L\u00e1grimas de F\u00e1tima - Parte II","isPartOf":{"@id":"https:\/\/www.adf.org.br\/home\/#website"},"primaryImageOfPage":{"@id":"https:\/\/www.adf.org.br\/home\/as-lagrimas-de-fatima-parte-2\/#primaryimage"},"datePublished":"2019-02-20T03:00:15+00:00","dateModified":"2019-02-20T03:00:15+00:00","author":{"@id":"https:\/\/www.adf.org.br\/home\/#\/schema\/person\/affa494ecf91434f3620f5392de44327"},"description":"Leia a mat\u00e9ria que fora divulgada no momento em que Nossa Senhora de F\u00e1tima derramou sua l\u00e1grima...","breadcrumb":{"@id":"https:\/\/www.adf.org.br\/home\/as-lagrimas-de-fatima-parte-2\/#breadcrumb"},"inLanguage":"pt-BR","potentialAction":[{"@type":"ReadAction","target":["https:\/\/www.adf.org.br\/home\/as-lagrimas-de-fatima-parte-2\/"]}]},{"@type":"BreadcrumbList","@id":"https:\/\/www.adf.org.br\/home\/as-lagrimas-de-fatima-parte-2\/#breadcrumb","itemListElement":[{"@type":"ListItem","position":1,"name":"Home","item":"https:\/\/www.adf.org.br\/home\/"},{"@type":"ListItem","position":2,"name":"As L\u00e1grimas de F\u00e1tima &#8211; Parte II"}]},{"@type":"Person","@id":"https:\/\/www.adf.org.br\/home\/#\/schema\/person\/affa494ecf91434f3620f5392de44327","name":"Gabriel Barbosa","image":{"@type":"ImageObject","@id":"https:\/\/www.adf.org.br\/home\/#personlogo","inLanguage":"pt-BR","url":"https:\/\/secure.gravatar.com\/avatar\/ecf2eab02e30486a7038f8b2858de06a?s=96&d=mm&r=g","contentUrl":"https:\/\/secure.gravatar.com\/avatar\/ecf2eab02e30486a7038f8b2858de06a?s=96&d=mm&r=g","caption":"Gabriel Barbosa"},"url":"https:\/\/www.adf.org.br\/home\/author\/gabriel-aascj\/"}]}},"_links":{"self":[{"href":"https:\/\/www.adf.org.br\/home\/wp-json\/wp\/v2\/posts\/50431"}],"collection":[{"href":"https:\/\/www.adf.org.br\/home\/wp-json\/wp\/v2\/posts"}],"about":[{"href":"https:\/\/www.adf.org.br\/home\/wp-json\/wp\/v2\/types\/post"}],"author":[{"embeddable":true,"href":"https:\/\/www.adf.org.br\/home\/wp-json\/wp\/v2\/users\/27"}],"replies":[{"embeddable":true,"href":"https:\/\/www.adf.org.br\/home\/wp-json\/wp\/v2\/comments?post=50431"}],"version-history":[{"count":0,"href":"https:\/\/www.adf.org.br\/home\/wp-json\/wp\/v2\/posts\/50431\/revisions"}],"wp:featuredmedia":[{"embeddable":true,"href":"https:\/\/www.adf.org.br\/home\/wp-json\/wp\/v2\/media\/50440"}],"wp:attachment":[{"href":"https:\/\/www.adf.org.br\/home\/wp-json\/wp\/v2\/media?parent=50431"}],"wp:term":[{"taxonomy":"category","embeddable":true,"href":"https:\/\/www.adf.org.br\/home\/wp-json\/wp\/v2\/categories?post=50431"},{"taxonomy":"post_tag","embeddable":true,"href":"https:\/\/www.adf.org.br\/home\/wp-json\/wp\/v2\/tags?post=50431"}],"curies":[{"name":"wp","href":"https:\/\/api.w.org\/{rel}","templated":true}]}}