{"id":5041,"date":"2010-06-19T00:01:52","date_gmt":"2010-06-19T03:01:52","guid":{"rendered":"http:\/\/www.adf.org.br\/home\/?p=5041"},"modified":"2020-06-09T10:46:10","modified_gmt":"2020-06-09T13:46:10","slug":"peregrinando-dentro-do-olhar-de-nossa-senhora","status":"publish","type":"post","link":"https:\/\/www.adf.org.br\/home\/peregrinando-dentro-do-olhar-de-nossa-senhora\/","title":{"rendered":"Peregrinando dentro do olhar de Nossa Senhora"},"content":{"rendered":"<p><img loading=\"lazy\" class=\"alignleft size-medium wp-image-5043\" title=\"Nossa Senhora de F\u00e1tima\" src=\"http:\/\/www.adf.org.br\/home\/wp-content\/uploads\/2010\/06\/USA-20-237x300.jpg\" alt=\"Nossa Senhora de F\u00e1tima\" width=\"237\" height=\"300\" srcset=\"https:\/\/www.adf.org.br\/home\/wp-content\/uploads\/2010\/06\/USA-20-237x300.jpg 237w, https:\/\/www.adf.org.br\/home\/wp-content\/uploads\/2010\/06\/USA-20.jpg 768w\" sizes=\"(max-width: 237px) 100vw, 237px\" \/>Fisionomia igual n\u00e3o conhe\u00e7o. Tenho-a bem diante de mim, e, movido pelo h\u00e1bito de tudo observar e explicar para meu pr\u00f3prio uso, fito-a com aten\u00e7\u00e3o. E de repente percebo que entro dentro dela.<\/p>\n<p>Sim, essa fisionomia \u00fanica como que deflui da face e especialmente dos olhos. Envolve-me no ambiente que ela cria. Ao mesmo tempo, convida-me a entrar fundo no seu olhar.<\/p>\n<p><span style=\"color: #993366;\"><strong>Inscreva suas inten\u00e7\u00f5es na Santa Missa em louvor a Nossa Senhora, ligue: 0800 773 1119.<\/strong><\/span><\/p>\n<p><span style=\"color: #0000ff;\"><strong>\u2014 Que olhar! Nenhum \u00e9 t\u00e3o l\u00edmpido, t\u00e3o franco, t\u00e3o puro, t\u00e3o acolhedor.<\/strong><\/span> Em nenhum se penetra com tal facilidade. Contudo, nenhum tamb\u00e9m apresenta profundidades que se perdem em t\u00e3o long\u00ednquo horizonte. Quanto mais dentro desse olhar se caminha, tanto mais ele atrai para um indescrit\u00edvel \u00e1pice interior e profundo. [&#8230;]<\/p>\n<p>Pode algu\u00e9m passar a vida inteira caminhando dentro desse olhar, sem jamais tocar nesse v\u00e9rtice. \u2014 Caminhada in\u00fatil? \u2014 N\u00e3o. Dentro desse olhar n\u00e3o se anda; voa-se. N\u00e3o se passeia; faz-se peregrina\u00e7\u00e3o.<\/p>\n<p>Ao longo desta peregrina\u00e7\u00e3o da alma, o olhar, no qual voa, j\u00e1 n\u00e3o o envolve apenas. Mas penetra nele. Quando o peregrino cerra os olhos, julga v\u00ea-lo \u00e0 maneira de luz no mais profundo de si mesmo. Tenho impress\u00e3o de que, se durante toda a vida ele for fiel nesse v\u00f4o, quando cerrar definitivamente os olhos esta luz brilhar\u00e1 no fundo de sua alma por toda a eternidade.<\/p>\n<p><span style=\"color: #0000ff;\"><strong>O olhar \u00e9 a alma da fisionomia \u2014 Que fisionomia essa, que tenho diante de mim!\u00a0 A um observador destro ela manifesta uma plenitude de alma maior do que a Hist\u00f3ria, porque toca na eternidade. Maior do que o universo, porque espelha o infinito.<\/strong><\/span><\/p>\n<p>A fronte parece conter cogita\u00e7\u00f5es que, a partir de um Presepe e a terminar em uma Cruz, abarcam todo o acontecer humano.<\/p>\n<p>A face toda, o nariz \u2014 cuja linha possui um &#8220;charme, mais belo do que a beleza&#8221;, segundo diz o Poeta \u2014 os l\u00e1bios silenciosos, mas que dizem tudo a todo momento,<img loading=\"lazy\" class=\"alignright size-medium wp-image-5045\" title=\"M\u00e3e Sant\u00edssima\" src=\"http:\/\/www.adf.org.br\/home\/wp-content\/uploads\/2010\/06\/USA-17-239x300.jpg\" alt=\"M\u00e3e Sant\u00edssima\" width=\"239\" height=\"300\" srcset=\"https:\/\/www.adf.org.br\/home\/wp-content\/uploads\/2010\/06\/USA-17-239x300.jpg 239w, https:\/\/www.adf.org.br\/home\/wp-content\/uploads\/2010\/06\/USA-17.jpg 768w\" sizes=\"(max-width: 239px) 100vw, 239px\" \/> parecem louvar a Deus em cada criatura, segundo as caracter\u00edsticas de cada uma; e pedir a Deus por toda mis\u00e9ria, como se estivesse a condoer-se das peculiaridades de cada uma delas. Estes l\u00e1bios t\u00eam uma eloqu\u00eancia perto da qual a de Dem\u00f3stenes ou a de C\u00edcero n\u00e3o seriam sen\u00e3o barulheira. O que dizer da c\u00fatis? n\u00edvea? O qualificativo diz tudo e n\u00e3o diz nada. Pois para descrev\u00ea-la seria preciso imaginar um n\u00edveo que deixasse reluzir em sua profundidade, com discri\u00e7\u00e3o infinita, todos os matizes do arco-\u00edris, e com isso mesmo inspirasse na alma de quem a contempla todos os encantos da pureza.<\/p>\n<p><span style=\"color: #993366;\"><strong>Demonstre seu amor a Nossa Senhora, inscreva-se na Missa em louvor a Ela: 0800 773 1119<\/strong><\/span><\/p>\n<p>Sim, peregrinei neste olhar t\u00e3o cheio de surpresas. E, inesperadamente, percebo que o olhar peregrina ao mesmo tempo dentro de mim. Pobre e misericordiosa peregrina\u00e7\u00e3o, n\u00e3o de esplendor a esplendor, mas de car\u00eancia a car\u00eancia, de mis\u00e9ria a mis\u00e9ria. \u00c9 s\u00f3 abrir-me a ele que, para cada defeito ele me oferece um rem\u00e9dio, para cada obst\u00e1culo uma ajuda, para cada afli\u00e7\u00e3o uma esperan\u00e7a. [&#8230;]<\/p>\n<p><strong><span style=\"color: #0000ff;\">Leitor. Se cr\u00eas na descri\u00e7\u00e3o que fiz, convido-te a que fa\u00e7as por tua vez esta magn\u00edfica peregrina\u00e7\u00e3o dentro do olhar da Virgem. Se n\u00e3o cr\u00eas, vem ver: melhor convite eu n\u00e3o poderia te fazer.<\/span><\/strong><\/p>\n<p>Reza ent\u00e3o por ti. Reza pela Santa Igreja, conturbada e atormentada como nunca. E por esse enorme Brasil de Maria.<\/p>\n<p><em>Fonte: Pl\u00ednio Corr\u00eaa de Oliveira &#8211; <\/em><em>&#8220;Folha de S. Paulo&#8221;, 12-11-1976<\/em><\/p>\n<p><em><a href=\"http:\/\/www.adf.org.br\/estampadefatima\/?origem=1\"><img loading=\"lazy\" class=\"aligncenter size-full wp-image-5046\" title=\"banner_estampa_f\u00e1tima1\" src=\"http:\/\/www.adf.org.br\/home\/wp-content\/uploads\/2010\/06\/banner_estampa_f\u00e1tima15.jpg\" alt=\"banner_estampa_f\u00e1tima1\" width=\"464\" height=\"145\" srcset=\"https:\/\/www.adf.org.br\/home\/wp-content\/uploads\/2010\/06\/banner_estampa_f\u00e1tima15.jpg 464w, https:\/\/www.adf.org.br\/home\/wp-content\/uploads\/2010\/06\/banner_estampa_f\u00e1tima15-300x94.jpg 300w\" sizes=\"(max-width: 464px) 100vw, 464px\" \/><\/a><br \/>\n <\/em><\/p>\n","protected":false},"excerpt":{"rendered":"<p>Fisionomia igual n\u00e3o conhe\u00e7o. Tenho-a bem diante de mim, e, movido pelo h\u00e1bito de tudo observar e explicar para meu pr\u00f3prio uso, fito-a com aten\u00e7\u00e3o. E de repente percebo que entro dentro dela. Sim, essa fisionomia \u00fanica como que deflui da face e especialmente dos olhos. Envolve-me no ambiente que ela cria. Ao mesmo tempo, [&hellip;]<\/p>\n","protected":false},"author":27,"featured_media":0,"comment_status":"open","ping_status":"open","sticky":false,"template":"","format":"standard","meta":[],"categories":[20],"tags":[188,151],"yoast_head":"<!-- This site is optimized with the Yoast SEO plugin v17.4 - https:\/\/yoast.com\/wordpress\/plugins\/seo\/ -->\n<title>Peregrinando dentro do olhar de Nossa Senhora - Associa\u00e7\u00e3o Devotos de F\u00e1tima<\/title>\n<meta name=\"robots\" content=\"index, follow, max-snippet:-1, max-image-preview:large, max-video-preview:-1\" \/>\n<link rel=\"canonical\" href=\"https:\/\/www.adf.org.br\/home\/peregrinando-dentro-do-olhar-de-nossa-senhora\/\" \/>\n<meta property=\"og:locale\" content=\"pt_BR\" \/>\n<meta property=\"og:type\" content=\"article\" \/>\n<meta property=\"og:title\" content=\"Peregrinando dentro do olhar de Nossa Senhora - Associa\u00e7\u00e3o Devotos de F\u00e1tima\" \/>\n<meta property=\"og:description\" content=\"Fisionomia igual n\u00e3o conhe\u00e7o. Tenho-a bem diante de mim, e, movido pelo h\u00e1bito de tudo observar e explicar para meu pr\u00f3prio uso, fito-a com aten\u00e7\u00e3o. E de repente percebo que entro dentro dela. Sim, essa fisionomia \u00fanica como que deflui da face e especialmente dos olhos. Envolve-me no ambiente que ela cria. Ao mesmo tempo, [&hellip;]\" \/>\n<meta property=\"og:url\" content=\"https:\/\/www.adf.org.br\/home\/peregrinando-dentro-do-olhar-de-nossa-senhora\/\" \/>\n<meta property=\"og:site_name\" content=\"Associa\u00e7\u00e3o Devotos de F\u00e1tima\" \/>\n<meta property=\"article:published_time\" content=\"2010-06-19T03:01:52+00:00\" \/>\n<meta property=\"article:modified_time\" content=\"2020-06-09T13:46:10+00:00\" \/>\n<meta property=\"og:image\" content=\"http:\/\/www.adf.org.br\/home\/wp-content\/uploads\/2010\/06\/USA-20-237x300.jpg\" \/>\n<meta name=\"twitter:card\" content=\"summary_large_image\" \/>\n<meta name=\"twitter:label1\" content=\"Escrito por\" \/>\n\t<meta name=\"twitter:data1\" content=\"Gabriel Barbosa\" \/>\n\t<meta name=\"twitter:label2\" content=\"Est. tempo de leitura\" \/>\n\t<meta name=\"twitter:data2\" content=\"3 minutos\" \/>\n<script type=\"application\/ld+json\" class=\"yoast-schema-graph\">{\"@context\":\"https:\/\/schema.org\",\"@graph\":[{\"@type\":\"WebSite\",\"@id\":\"https:\/\/www.adf.org.br\/home\/#website\",\"url\":\"https:\/\/www.adf.org.br\/home\/\",\"name\":\"Associa\\u00e7\\u00e3o Devotos de F\\u00e1tima\",\"description\":\"Associa\\u00e7\\u00e3o Devotos de F\\u00e1tima\",\"potentialAction\":[{\"@type\":\"SearchAction\",\"target\":{\"@type\":\"EntryPoint\",\"urlTemplate\":\"https:\/\/www.adf.org.br\/home\/?s={search_term_string}\"},\"query-input\":\"required name=search_term_string\"}],\"inLanguage\":\"pt-BR\"},{\"@type\":\"ImageObject\",\"@id\":\"https:\/\/www.adf.org.br\/home\/peregrinando-dentro-do-olhar-de-nossa-senhora\/#primaryimage\",\"inLanguage\":\"pt-BR\",\"url\":\"http:\/\/www.adf.org.br\/home\/wp-content\/uploads\/2010\/06\/USA-20-237x300.jpg\",\"contentUrl\":\"http:\/\/www.adf.org.br\/home\/wp-content\/uploads\/2010\/06\/USA-20-237x300.jpg\"},{\"@type\":\"WebPage\",\"@id\":\"https:\/\/www.adf.org.br\/home\/peregrinando-dentro-do-olhar-de-nossa-senhora\/#webpage\",\"url\":\"https:\/\/www.adf.org.br\/home\/peregrinando-dentro-do-olhar-de-nossa-senhora\/\",\"name\":\"Peregrinando dentro do olhar de Nossa Senhora - Associa\\u00e7\\u00e3o Devotos de F\\u00e1tima\",\"isPartOf\":{\"@id\":\"https:\/\/www.adf.org.br\/home\/#website\"},\"primaryImageOfPage\":{\"@id\":\"https:\/\/www.adf.org.br\/home\/peregrinando-dentro-do-olhar-de-nossa-senhora\/#primaryimage\"},\"datePublished\":\"2010-06-19T03:01:52+00:00\",\"dateModified\":\"2020-06-09T13:46:10+00:00\",\"author\":{\"@id\":\"https:\/\/www.adf.org.br\/home\/#\/schema\/person\/affa494ecf91434f3620f5392de44327\"},\"breadcrumb\":{\"@id\":\"https:\/\/www.adf.org.br\/home\/peregrinando-dentro-do-olhar-de-nossa-senhora\/#breadcrumb\"},\"inLanguage\":\"pt-BR\",\"potentialAction\":[{\"@type\":\"ReadAction\",\"target\":[\"https:\/\/www.adf.org.br\/home\/peregrinando-dentro-do-olhar-de-nossa-senhora\/\"]}]},{\"@type\":\"BreadcrumbList\",\"@id\":\"https:\/\/www.adf.org.br\/home\/peregrinando-dentro-do-olhar-de-nossa-senhora\/#breadcrumb\",\"itemListElement\":[{\"@type\":\"ListItem\",\"position\":1,\"name\":\"Home\",\"item\":\"https:\/\/www.adf.org.br\/home\/\"},{\"@type\":\"ListItem\",\"position\":2,\"name\":\"Peregrinando dentro do olhar de Nossa Senhora\"}]},{\"@type\":\"Person\",\"@id\":\"https:\/\/www.adf.org.br\/home\/#\/schema\/person\/affa494ecf91434f3620f5392de44327\",\"name\":\"Gabriel Barbosa\",\"image\":{\"@type\":\"ImageObject\",\"@id\":\"https:\/\/www.adf.org.br\/home\/#personlogo\",\"inLanguage\":\"pt-BR\",\"url\":\"https:\/\/secure.gravatar.com\/avatar\/ecf2eab02e30486a7038f8b2858de06a?s=96&d=mm&r=g\",\"contentUrl\":\"https:\/\/secure.gravatar.com\/avatar\/ecf2eab02e30486a7038f8b2858de06a?s=96&d=mm&r=g\",\"caption\":\"Gabriel Barbosa\"},\"url\":\"https:\/\/www.adf.org.br\/home\/author\/gabriel-aascj\/\"}]}<\/script>\n<!-- \/ Yoast SEO plugin. -->","yoast_head_json":{"title":"Peregrinando dentro do olhar de Nossa Senhora - Associa\u00e7\u00e3o Devotos de F\u00e1tima","robots":{"index":"index","follow":"follow","max-snippet":"max-snippet:-1","max-image-preview":"max-image-preview:large","max-video-preview":"max-video-preview:-1"},"canonical":"https:\/\/www.adf.org.br\/home\/peregrinando-dentro-do-olhar-de-nossa-senhora\/","og_locale":"pt_BR","og_type":"article","og_title":"Peregrinando dentro do olhar de Nossa Senhora - Associa\u00e7\u00e3o Devotos de F\u00e1tima","og_description":"Fisionomia igual n\u00e3o conhe\u00e7o. Tenho-a bem diante de mim, e, movido pelo h\u00e1bito de tudo observar e explicar para meu pr\u00f3prio uso, fito-a com aten\u00e7\u00e3o. E de repente percebo que entro dentro dela. Sim, essa fisionomia \u00fanica como que deflui da face e especialmente dos olhos. Envolve-me no ambiente que ela cria. Ao mesmo tempo, [&hellip;]","og_url":"https:\/\/www.adf.org.br\/home\/peregrinando-dentro-do-olhar-de-nossa-senhora\/","og_site_name":"Associa\u00e7\u00e3o Devotos de F\u00e1tima","article_published_time":"2010-06-19T03:01:52+00:00","article_modified_time":"2020-06-09T13:46:10+00:00","og_image":[{"url":"http:\/\/www.adf.org.br\/home\/wp-content\/uploads\/2010\/06\/USA-20-237x300.jpg"}],"twitter_card":"summary_large_image","twitter_misc":{"Escrito por":"Gabriel Barbosa","Est. tempo de leitura":"3 minutos"},"schema":{"@context":"https:\/\/schema.org","@graph":[{"@type":"WebSite","@id":"https:\/\/www.adf.org.br\/home\/#website","url":"https:\/\/www.adf.org.br\/home\/","name":"Associa\u00e7\u00e3o Devotos de F\u00e1tima","description":"Associa\u00e7\u00e3o Devotos de F\u00e1tima","potentialAction":[{"@type":"SearchAction","target":{"@type":"EntryPoint","urlTemplate":"https:\/\/www.adf.org.br\/home\/?s={search_term_string}"},"query-input":"required name=search_term_string"}],"inLanguage":"pt-BR"},{"@type":"ImageObject","@id":"https:\/\/www.adf.org.br\/home\/peregrinando-dentro-do-olhar-de-nossa-senhora\/#primaryimage","inLanguage":"pt-BR","url":"http:\/\/www.adf.org.br\/home\/wp-content\/uploads\/2010\/06\/USA-20-237x300.jpg","contentUrl":"http:\/\/www.adf.org.br\/home\/wp-content\/uploads\/2010\/06\/USA-20-237x300.jpg"},{"@type":"WebPage","@id":"https:\/\/www.adf.org.br\/home\/peregrinando-dentro-do-olhar-de-nossa-senhora\/#webpage","url":"https:\/\/www.adf.org.br\/home\/peregrinando-dentro-do-olhar-de-nossa-senhora\/","name":"Peregrinando dentro do olhar de Nossa Senhora - Associa\u00e7\u00e3o Devotos de F\u00e1tima","isPartOf":{"@id":"https:\/\/www.adf.org.br\/home\/#website"},"primaryImageOfPage":{"@id":"https:\/\/www.adf.org.br\/home\/peregrinando-dentro-do-olhar-de-nossa-senhora\/#primaryimage"},"datePublished":"2010-06-19T03:01:52+00:00","dateModified":"2020-06-09T13:46:10+00:00","author":{"@id":"https:\/\/www.adf.org.br\/home\/#\/schema\/person\/affa494ecf91434f3620f5392de44327"},"breadcrumb":{"@id":"https:\/\/www.adf.org.br\/home\/peregrinando-dentro-do-olhar-de-nossa-senhora\/#breadcrumb"},"inLanguage":"pt-BR","potentialAction":[{"@type":"ReadAction","target":["https:\/\/www.adf.org.br\/home\/peregrinando-dentro-do-olhar-de-nossa-senhora\/"]}]},{"@type":"BreadcrumbList","@id":"https:\/\/www.adf.org.br\/home\/peregrinando-dentro-do-olhar-de-nossa-senhora\/#breadcrumb","itemListElement":[{"@type":"ListItem","position":1,"name":"Home","item":"https:\/\/www.adf.org.br\/home\/"},{"@type":"ListItem","position":2,"name":"Peregrinando dentro do olhar de Nossa Senhora"}]},{"@type":"Person","@id":"https:\/\/www.adf.org.br\/home\/#\/schema\/person\/affa494ecf91434f3620f5392de44327","name":"Gabriel Barbosa","image":{"@type":"ImageObject","@id":"https:\/\/www.adf.org.br\/home\/#personlogo","inLanguage":"pt-BR","url":"https:\/\/secure.gravatar.com\/avatar\/ecf2eab02e30486a7038f8b2858de06a?s=96&d=mm&r=g","contentUrl":"https:\/\/secure.gravatar.com\/avatar\/ecf2eab02e30486a7038f8b2858de06a?s=96&d=mm&r=g","caption":"Gabriel Barbosa"},"url":"https:\/\/www.adf.org.br\/home\/author\/gabriel-aascj\/"}]}},"_links":{"self":[{"href":"https:\/\/www.adf.org.br\/home\/wp-json\/wp\/v2\/posts\/5041"}],"collection":[{"href":"https:\/\/www.adf.org.br\/home\/wp-json\/wp\/v2\/posts"}],"about":[{"href":"https:\/\/www.adf.org.br\/home\/wp-json\/wp\/v2\/types\/post"}],"author":[{"embeddable":true,"href":"https:\/\/www.adf.org.br\/home\/wp-json\/wp\/v2\/users\/27"}],"replies":[{"embeddable":true,"href":"https:\/\/www.adf.org.br\/home\/wp-json\/wp\/v2\/comments?post=5041"}],"version-history":[{"count":1,"href":"https:\/\/www.adf.org.br\/home\/wp-json\/wp\/v2\/posts\/5041\/revisions"}],"predecessor-version":[{"id":7573,"href":"https:\/\/www.adf.org.br\/home\/wp-json\/wp\/v2\/posts\/5041\/revisions\/7573"}],"wp:attachment":[{"href":"https:\/\/www.adf.org.br\/home\/wp-json\/wp\/v2\/media?parent=5041"}],"wp:term":[{"taxonomy":"category","embeddable":true,"href":"https:\/\/www.adf.org.br\/home\/wp-json\/wp\/v2\/categories?post=5041"},{"taxonomy":"post_tag","embeddable":true,"href":"https:\/\/www.adf.org.br\/home\/wp-json\/wp\/v2\/tags?post=5041"}],"curies":[{"name":"wp","href":"https:\/\/api.w.org\/{rel}","templated":true}]}}