{"id":50123,"date":"2019-02-06T00:30:48","date_gmt":"2019-02-06T02:30:48","guid":{"rendered":"http:\/\/www.adf.org.br\/home\/?p=50123"},"modified":"2019-02-06T00:30:48","modified_gmt":"2019-02-06T02:30:48","slug":"vela-da-cura-em-louvor-a-nossa-senhora-de-lourdes","status":"publish","type":"post","link":"https:\/\/www.adf.org.br\/home\/vela-da-cura-em-louvor-a-nossa-senhora-de-lourdes\/","title":{"rendered":"N\u00e3o perca: Vela da Cura para o Corpo e Alma, em louvor a Nossa Senhora de Lourdes! Clique e acenda&#8230;"},"content":{"rendered":"<p style=\"text-align: center;\"><span style=\"font-size: 14pt; color: #000000; font-family: verdana, geneva, sans-serif;\"><span style=\"color: #0000ff;\"><a style=\"color: #0000ff;\" href=\"https:\/\/adf.org.br\/velario\/lourdes?origem=10071\" target=\"_blank\" rel=\"noopener noreferrer\">Veja aqui<\/a><\/span> como acender sua Vela para Nossa Senhora de Lourdes!<\/span><\/p>\n<figure id=\"attachment_50178\" aria-describedby=\"caption-attachment-50178\" style=\"width: 284px\" class=\"wp-caption aligncenter\"><img loading=\"lazy\" class=\"wp-image-50178\" src=\"https:\/\/www.adf.org.br\/home\/wp-content\/uploads\/2019\/02\/NS-Lourdes.jpg\" alt=\"NS Lourdes\" width=\"284\" height=\"402\" \/><figcaption id=\"caption-attachment-50178\" class=\"wp-caption-text\"><span style=\"font-size: 12pt; color: #000000; font-family: georgia, palatino, serif;\">Nossa Senhora de Lourdes e Santa Bernardete Soubirous!<\/span><\/figcaption><\/figure>\n<p><span style=\"font-size: 12pt; color: #000000; font-family: verdana, geneva, sans-serif;\"><em><span style=\"font-size: 18pt;\"><strong><span style=\"color: #ffffff;\">.<\/span><br \/>\nS<\/strong><\/span><\/em>a\u00fade&#8230;<\/span><\/p>\n<p><span style=\"font-size: 12pt; color: #000000; font-family: verdana, geneva, sans-serif;\">Um assunto um tanto quanto delicado, hoje em dia\u00a0imprescind\u00edvel n\u00e3o focar nesse assunto com tantos problemas ocorrendo.<\/span><\/p>\n<p><span style=\"font-size: 12pt; color: #000000; font-family: verdana, geneva, sans-serif;\">A verdade, \u00e9 que nunca saberemos o dia de amanh\u00e3, portanto todo cuidado \u00e9 pouco.\u00a0<\/span><\/p>\n<p><span style=\"font-size: 12pt; color: #000000; font-family: verdana, geneva, sans-serif;\">O agravante \u00e9 ver que em muitos telejornais o tema principal \u00e9 sa\u00fade&#8230;<\/span><\/p>\n<p style=\"padding-left: 60px;\"><span style=\"color: #800080;\"><strong><em><span style=\"font-size: 12pt; font-family: verdana, geneva, sans-serif;\">Devido a isso a preocupa\u00e7\u00e3o com nossos filhos, animais, parentes ou com todos aqueles que est\u00e3o pr\u00f3ximo a n\u00f3s, \u00e9 levada ao extremo.<\/span><\/em><\/strong><\/span><\/p>\n<p><span style=\"font-size: 12pt; color: #000000; font-family: verdana, geneva, sans-serif;\">Os hospitais n\u00e3o prestando o atendimento necess\u00e1rio, alguns m\u00e9dicos n\u00e3o efetuando sua fun\u00e7\u00e3o de maneira adequada.<\/span><\/p>\n<p><span style=\"font-size: 12pt; color: #000000; font-family: verdana, geneva, sans-serif;\">Rem\u00e9dios n\u00e3o surtindo efeito em algumas doen\u00e7as e certas enfermidades se tornando piores a cada dia&#8230;<br \/>\n<span style=\"color: #ffffff;\">.<\/span><\/span><\/p>\n<p style=\"padding-left: 60px;\"><strong><span style=\"color: #000000; font-size: 12pt; font-family: verdana, geneva, sans-serif;\"><em>Ser\u00e1 que a situa\u00e7\u00e3o pode piorar?<\/em><\/span><\/strong><\/p>\n<p style=\"padding-left: 60px;\"><strong><span style=\"font-size: 12pt; color: #000000; font-family: verdana, geneva, sans-serif;\">Quando voc\u00ea v\u00ea alguma not\u00edcia parecida, voc\u00ea consegue imaginar que, infelizmente, algu\u00e9m pr\u00f3ximo de voc\u00ea pode ser alvo dessas malevol\u00eancias?<br \/>\n<span style=\"color: #ffffff;\">.<\/span><\/span><\/strong><\/p>\n<p><span style=\"font-size: 12pt; color: #000000; font-family: verdana, geneva, sans-serif;\">Todos n\u00f3s j\u00e1\u00a0conhecemos os m\u00e9todos cient\u00edficos e sabemos que n\u00e3o s\u00e3o &#8220;<span style=\"text-decoration: underline;\">totalmente<\/span>&#8221; eficazes, por isso a ora\u00e7\u00e3o neste tempo \u00e9 crucial.<\/span><\/p>\n<p><span style=\"font-size: 12pt; color: #000000; font-family: verdana, geneva, sans-serif;\"> <a href=\"https:\/\/adf.org.br\/velario\/lourdes?origem=10071\" target=\"_blank\" rel=\"noopener noreferrer\"><img loading=\"lazy\" class=\"wp-image-50129 alignleft\" src=\"https:\/\/www.adf.org.br\/home\/wp-content\/uploads\/2019\/02\/lourdes-219x300.png\" alt=\"lourdes\" width=\"148\" height=\"203\" \/><\/a>Ao falar de prevalecer a sa\u00fade, falamos de Nossa Senhora de Lourdes, Padroeira dos Doentes, enfermos e da sa\u00fade.<\/span><\/p>\n<p style=\"padding-left: 60px;\"><strong><span style=\"color: #0000ff;\"><a style=\"color: #0000ff;\" href=\"https:\/\/adf.org.br\/velario\/lourdes?origem=10071\" target=\"_blank\" rel=\"noopener noreferrer\"><span style=\"font-size: 12pt; font-family: verdana, geneva, sans-serif;\">Acenda uma Vela \u00e0 Ela, clicando aqui!<\/span><\/a><\/span><\/strong><\/p>\n<p><span style=\"font-size: 12pt; color: #000000; font-family: verdana, geneva, sans-serif;\">Confiando nEla \u00e9 poss\u00edvel encontrar a cura e prote\u00e7\u00e3o para tantos males que querem atingir a nossa sa\u00fade e daqueles ao nosso redor.<\/span><\/p>\n<p><strong><span style=\"font-size: 12pt; color: #000000; font-family: verdana, geneva, sans-serif;\">Uma doen\u00e7a toma conta de toda a humanidade e ser\u00e1 Ela quem ir\u00e1 nos socorrer.<\/span><\/strong><\/p>\n<p><span style=\"font-size: 12pt; color: #000000; font-family: verdana, geneva, sans-serif;\">Voc\u00ea conhece algu\u00e9m que est\u00e1 passando por algum enfermo? Alguma situa\u00e7\u00e3o conturbada de sa\u00fade? <\/span><\/p>\n<p><span style=\"color: #800080;\"><em><span style=\"font-size: 12pt; font-family: verdana, geneva, sans-serif;\">J\u00e1 contou sobre Nossa Senhora de Lourdes para essa pessoa ou melhor ainda, j\u00e1 acendeu uma <a style=\"color: #800080;\" href=\"https:\/\/adf.org.br\/velario\/lourdes?origem=10071\" target=\"_blank\" rel=\"noopener noreferrer\">Vela?<\/a><\/span><\/em><\/span><\/p>\n<h5><strong><span style=\"font-size: 12pt; color: #000000; font-family: verdana, geneva, sans-serif;\">Em Vossa mem\u00f3ria, trazemos a oportunidade para que VOC\u00ca escreva, gratuitamente seus pedidos para Nossa Senhora de Lourdes:<br \/>\n<span style=\"color: #ffffff;\">.<\/span><\/span><\/strong><\/h5>\n<p style=\"text-align: center;\"><span style=\"color: #0000ff; font-size: 14pt;\"><span style=\"font-family: verdana, geneva, sans-serif;\"><a style=\"color: #0000ff;\" href=\"https:\/\/adf.org.br\/velario\/lourdes?origem=10071\" target=\"_blank\" rel=\"noopener noreferrer\">Clique aqui e acenda sua Vela da Cura, em louvor a Nossa Senhora de Lourdes!<\/a><\/span><\/span><\/p>\n<p style=\"text-align: center;\">\n","protected":false},"excerpt":{"rendered":"<p>Veja aqui como acender sua Vela para Nossa Senhora de Lourdes! . Sa\u00fade&#8230; Um assunto um tanto quanto delicado, hoje em dia\u00a0imprescind\u00edvel n\u00e3o focar nesse assunto com tantos problemas ocorrendo. A verdade, \u00e9 que nunca saberemos o dia de amanh\u00e3, portanto todo cuidado \u00e9 pouco.\u00a0 O agravante \u00e9 ver que em muitos telejornais o tema [&hellip;]<\/p>\n","protected":false},"author":27,"featured_media":50178,"comment_status":"open","ping_status":"open","sticky":false,"template":"","format":"standard","meta":[],"categories":[20,2387],"tags":[680,2430,347,2431,2432,54,2433,2317,2434,528,2435,470],"yoast_head":"<!-- This site is optimized with the Yoast SEO plugin v17.4 - https:\/\/yoast.com\/wordpress\/plugins\/seo\/ -->\n<title>N\u00e3o perca: Vela da Cura para o Corpo e Alma, em louvor a Nossa Senhora de Lourdes! Clique e acenda...<\/title>\n<meta name=\"description\" content=\"Vela para cura da Cura para o Corpo e Alma! Leia essa mat\u00e9ria e descubra como acender uma vela de gra\u00e7a....\" \/>\n<meta name=\"robots\" content=\"index, follow, max-snippet:-1, max-image-preview:large, max-video-preview:-1\" \/>\n<link rel=\"canonical\" href=\"https:\/\/www.adf.org.br\/home\/vela-da-cura-em-louvor-a-nossa-senhora-de-lourdes\/\" \/>\n<meta property=\"og:locale\" content=\"pt_BR\" \/>\n<meta property=\"og:type\" content=\"article\" \/>\n<meta property=\"og:title\" content=\"N\u00e3o perca: Vela da Cura para o Corpo e Alma, em louvor a Nossa Senhora de Lourdes! Clique e acenda...\" \/>\n<meta property=\"og:description\" content=\"Vela para cura da Cura para o Corpo e Alma! Leia essa mat\u00e9ria e descubra como acender uma vela de gra\u00e7a....\" \/>\n<meta property=\"og:url\" content=\"https:\/\/www.adf.org.br\/home\/vela-da-cura-em-louvor-a-nossa-senhora-de-lourdes\/\" \/>\n<meta property=\"og:site_name\" content=\"Associa\u00e7\u00e3o Devotos de F\u00e1tima\" \/>\n<meta property=\"article:published_time\" content=\"2019-02-06T02:30:48+00:00\" \/>\n<meta name=\"twitter:card\" content=\"summary_large_image\" \/>\n<meta name=\"twitter:label1\" content=\"Escrito por\" \/>\n\t<meta name=\"twitter:data1\" content=\"Gabriel Barbosa\" \/>\n\t<meta name=\"twitter:label2\" content=\"Est. tempo de leitura\" \/>\n\t<meta name=\"twitter:data2\" content=\"2 minutos\" \/>\n<script type=\"application\/ld+json\" class=\"yoast-schema-graph\">{\"@context\":\"https:\/\/schema.org\",\"@graph\":[{\"@type\":\"WebSite\",\"@id\":\"https:\/\/www.adf.org.br\/home\/#website\",\"url\":\"https:\/\/www.adf.org.br\/home\/\",\"name\":\"Associa\\u00e7\\u00e3o Devotos de F\\u00e1tima\",\"description\":\"Associa\\u00e7\\u00e3o Devotos de F\\u00e1tima\",\"potentialAction\":[{\"@type\":\"SearchAction\",\"target\":{\"@type\":\"EntryPoint\",\"urlTemplate\":\"https:\/\/www.adf.org.br\/home\/?s={search_term_string}\"},\"query-input\":\"required name=search_term_string\"}],\"inLanguage\":\"pt-BR\"},{\"@type\":\"ImageObject\",\"@id\":\"https:\/\/www.adf.org.br\/home\/vela-da-cura-em-louvor-a-nossa-senhora-de-lourdes\/#primaryimage\",\"inLanguage\":\"pt-BR\",\"url\":\"\",\"contentUrl\":\"\"},{\"@type\":\"WebPage\",\"@id\":\"https:\/\/www.adf.org.br\/home\/vela-da-cura-em-louvor-a-nossa-senhora-de-lourdes\/#webpage\",\"url\":\"https:\/\/www.adf.org.br\/home\/vela-da-cura-em-louvor-a-nossa-senhora-de-lourdes\/\",\"name\":\"N\\u00e3o perca: Vela da Cura para o Corpo e Alma, em louvor a Nossa Senhora de Lourdes! Clique e acenda...\",\"isPartOf\":{\"@id\":\"https:\/\/www.adf.org.br\/home\/#website\"},\"primaryImageOfPage\":{\"@id\":\"https:\/\/www.adf.org.br\/home\/vela-da-cura-em-louvor-a-nossa-senhora-de-lourdes\/#primaryimage\"},\"datePublished\":\"2019-02-06T02:30:48+00:00\",\"dateModified\":\"2019-02-06T02:30:48+00:00\",\"author\":{\"@id\":\"https:\/\/www.adf.org.br\/home\/#\/schema\/person\/affa494ecf91434f3620f5392de44327\"},\"description\":\"Vela para cura da Cura para o Corpo e Alma! Leia essa mat\\u00e9ria e descubra como acender uma vela de gra\\u00e7a....\",\"breadcrumb\":{\"@id\":\"https:\/\/www.adf.org.br\/home\/vela-da-cura-em-louvor-a-nossa-senhora-de-lourdes\/#breadcrumb\"},\"inLanguage\":\"pt-BR\",\"potentialAction\":[{\"@type\":\"ReadAction\",\"target\":[\"https:\/\/www.adf.org.br\/home\/vela-da-cura-em-louvor-a-nossa-senhora-de-lourdes\/\"]}]},{\"@type\":\"BreadcrumbList\",\"@id\":\"https:\/\/www.adf.org.br\/home\/vela-da-cura-em-louvor-a-nossa-senhora-de-lourdes\/#breadcrumb\",\"itemListElement\":[{\"@type\":\"ListItem\",\"position\":1,\"name\":\"Home\",\"item\":\"https:\/\/www.adf.org.br\/home\/\"},{\"@type\":\"ListItem\",\"position\":2,\"name\":\"N\\u00e3o perca: Vela da Cura para o Corpo e Alma, em louvor a Nossa Senhora de Lourdes! Clique e acenda&#8230;\"}]},{\"@type\":\"Person\",\"@id\":\"https:\/\/www.adf.org.br\/home\/#\/schema\/person\/affa494ecf91434f3620f5392de44327\",\"name\":\"Gabriel Barbosa\",\"image\":{\"@type\":\"ImageObject\",\"@id\":\"https:\/\/www.adf.org.br\/home\/#personlogo\",\"inLanguage\":\"pt-BR\",\"url\":\"https:\/\/secure.gravatar.com\/avatar\/ecf2eab02e30486a7038f8b2858de06a?s=96&d=mm&r=g\",\"contentUrl\":\"https:\/\/secure.gravatar.com\/avatar\/ecf2eab02e30486a7038f8b2858de06a?s=96&d=mm&r=g\",\"caption\":\"Gabriel Barbosa\"},\"url\":\"https:\/\/www.adf.org.br\/home\/author\/gabriel-aascj\/\"}]}<\/script>\n<!-- \/ Yoast SEO plugin. -->","yoast_head_json":{"title":"N\u00e3o perca: Vela da Cura para o Corpo e Alma, em louvor a Nossa Senhora de Lourdes! Clique e acenda...","description":"Vela para cura da Cura para o Corpo e Alma! Leia essa mat\u00e9ria e descubra como acender uma vela de gra\u00e7a....","robots":{"index":"index","follow":"follow","max-snippet":"max-snippet:-1","max-image-preview":"max-image-preview:large","max-video-preview":"max-video-preview:-1"},"canonical":"https:\/\/www.adf.org.br\/home\/vela-da-cura-em-louvor-a-nossa-senhora-de-lourdes\/","og_locale":"pt_BR","og_type":"article","og_title":"N\u00e3o perca: Vela da Cura para o Corpo e Alma, em louvor a Nossa Senhora de Lourdes! Clique e acenda...","og_description":"Vela para cura da Cura para o Corpo e Alma! Leia essa mat\u00e9ria e descubra como acender uma vela de gra\u00e7a....","og_url":"https:\/\/www.adf.org.br\/home\/vela-da-cura-em-louvor-a-nossa-senhora-de-lourdes\/","og_site_name":"Associa\u00e7\u00e3o Devotos de F\u00e1tima","article_published_time":"2019-02-06T02:30:48+00:00","twitter_card":"summary_large_image","twitter_misc":{"Escrito por":"Gabriel Barbosa","Est. tempo de leitura":"2 minutos"},"schema":{"@context":"https:\/\/schema.org","@graph":[{"@type":"WebSite","@id":"https:\/\/www.adf.org.br\/home\/#website","url":"https:\/\/www.adf.org.br\/home\/","name":"Associa\u00e7\u00e3o Devotos de F\u00e1tima","description":"Associa\u00e7\u00e3o Devotos de F\u00e1tima","potentialAction":[{"@type":"SearchAction","target":{"@type":"EntryPoint","urlTemplate":"https:\/\/www.adf.org.br\/home\/?s={search_term_string}"},"query-input":"required name=search_term_string"}],"inLanguage":"pt-BR"},{"@type":"ImageObject","@id":"https:\/\/www.adf.org.br\/home\/vela-da-cura-em-louvor-a-nossa-senhora-de-lourdes\/#primaryimage","inLanguage":"pt-BR","url":"","contentUrl":""},{"@type":"WebPage","@id":"https:\/\/www.adf.org.br\/home\/vela-da-cura-em-louvor-a-nossa-senhora-de-lourdes\/#webpage","url":"https:\/\/www.adf.org.br\/home\/vela-da-cura-em-louvor-a-nossa-senhora-de-lourdes\/","name":"N\u00e3o perca: Vela da Cura para o Corpo e Alma, em louvor a Nossa Senhora de Lourdes! Clique e acenda...","isPartOf":{"@id":"https:\/\/www.adf.org.br\/home\/#website"},"primaryImageOfPage":{"@id":"https:\/\/www.adf.org.br\/home\/vela-da-cura-em-louvor-a-nossa-senhora-de-lourdes\/#primaryimage"},"datePublished":"2019-02-06T02:30:48+00:00","dateModified":"2019-02-06T02:30:48+00:00","author":{"@id":"https:\/\/www.adf.org.br\/home\/#\/schema\/person\/affa494ecf91434f3620f5392de44327"},"description":"Vela para cura da Cura para o Corpo e Alma! Leia essa mat\u00e9ria e descubra como acender uma vela de gra\u00e7a....","breadcrumb":{"@id":"https:\/\/www.adf.org.br\/home\/vela-da-cura-em-louvor-a-nossa-senhora-de-lourdes\/#breadcrumb"},"inLanguage":"pt-BR","potentialAction":[{"@type":"ReadAction","target":["https:\/\/www.adf.org.br\/home\/vela-da-cura-em-louvor-a-nossa-senhora-de-lourdes\/"]}]},{"@type":"BreadcrumbList","@id":"https:\/\/www.adf.org.br\/home\/vela-da-cura-em-louvor-a-nossa-senhora-de-lourdes\/#breadcrumb","itemListElement":[{"@type":"ListItem","position":1,"name":"Home","item":"https:\/\/www.adf.org.br\/home\/"},{"@type":"ListItem","position":2,"name":"N\u00e3o perca: Vela da Cura para o Corpo e Alma, em louvor a Nossa Senhora de Lourdes! Clique e acenda&#8230;"}]},{"@type":"Person","@id":"https:\/\/www.adf.org.br\/home\/#\/schema\/person\/affa494ecf91434f3620f5392de44327","name":"Gabriel Barbosa","image":{"@type":"ImageObject","@id":"https:\/\/www.adf.org.br\/home\/#personlogo","inLanguage":"pt-BR","url":"https:\/\/secure.gravatar.com\/avatar\/ecf2eab02e30486a7038f8b2858de06a?s=96&d=mm&r=g","contentUrl":"https:\/\/secure.gravatar.com\/avatar\/ecf2eab02e30486a7038f8b2858de06a?s=96&d=mm&r=g","caption":"Gabriel Barbosa"},"url":"https:\/\/www.adf.org.br\/home\/author\/gabriel-aascj\/"}]}},"_links":{"self":[{"href":"https:\/\/www.adf.org.br\/home\/wp-json\/wp\/v2\/posts\/50123"}],"collection":[{"href":"https:\/\/www.adf.org.br\/home\/wp-json\/wp\/v2\/posts"}],"about":[{"href":"https:\/\/www.adf.org.br\/home\/wp-json\/wp\/v2\/types\/post"}],"author":[{"embeddable":true,"href":"https:\/\/www.adf.org.br\/home\/wp-json\/wp\/v2\/users\/27"}],"replies":[{"embeddable":true,"href":"https:\/\/www.adf.org.br\/home\/wp-json\/wp\/v2\/comments?post=50123"}],"version-history":[{"count":0,"href":"https:\/\/www.adf.org.br\/home\/wp-json\/wp\/v2\/posts\/50123\/revisions"}],"wp:featuredmedia":[{"embeddable":true,"href":"https:\/\/www.adf.org.br\/home\/wp-json\/wp\/v2\/media\/50178"}],"wp:attachment":[{"href":"https:\/\/www.adf.org.br\/home\/wp-json\/wp\/v2\/media?parent=50123"}],"wp:term":[{"taxonomy":"category","embeddable":true,"href":"https:\/\/www.adf.org.br\/home\/wp-json\/wp\/v2\/categories?post=50123"},{"taxonomy":"post_tag","embeddable":true,"href":"https:\/\/www.adf.org.br\/home\/wp-json\/wp\/v2\/tags?post=50123"}],"curies":[{"name":"wp","href":"https:\/\/api.w.org\/{rel}","templated":true}]}}