{"id":50057,"date":"2019-02-04T00:00:18","date_gmt":"2019-02-04T02:00:18","guid":{"rendered":"http:\/\/www.adf.org.br\/home\/?p=50057"},"modified":"2019-02-04T00:00:18","modified_gmt":"2019-02-04T02:00:18","slug":"francisco-marto-e-o-sofrimento","status":"publish","type":"post","link":"https:\/\/www.adf.org.br\/home\/francisco-marto-e-o-sofrimento\/","title":{"rendered":"Francisco Marto: &#8221; Sofro para consolar Nosso Senhor&#8221;"},"content":{"rendered":"<p style=\"text-align: center;\"><span style=\"color: #800080; font-size: 14pt;\"><em><span style=\"font-family: verdana, geneva, sans-serif;\">&#8220;N\u00e3o ofendam mais a Deus Nosso Senhor que j\u00e1 est\u00e1 muito ofendido.&#8221;<\/span><\/em><\/span><\/p>\n<p style=\"text-align: center;\"><span style=\"color: #000000;\"><span style=\"font-size: 12pt; font-family: verdana, geneva, sans-serif;\"> Frase de Nossa Senhora de F\u00e1tima que fizera Francisco sofrer pelo Nosso Senhor. Leia e entenda:<\/span><\/span><\/p>\n<figure id=\"attachment_50062\" aria-describedby=\"caption-attachment-50062\" style=\"width: 416px\" class=\"wp-caption aligncenter\"><a href=\"https:\/\/adf.org.br\/apostolosdefatima\/2\/?origem=9947\" target=\"_blank\" rel=\"noopener noreferrer\"><img loading=\"lazy\" class=\"wp-image-50062\" src=\"https:\/\/www.adf.org.br\/home\/wp-content\/uploads\/2019\/01\/1_d0000100b-681576.jpg\" alt=\"1_d0000100b-681576\" width=\"416\" height=\"369\" \/><\/a><figcaption id=\"caption-attachment-50062\" class=\"wp-caption-text\"><span style=\"color: #000000; font-size: 14pt; font-family: georgia, palatino, serif;\">Jacinta, L\u00facia e Francisco.<\/span><\/figcaption><\/figure>\n<p><span style=\"color: #000000; font-size: 12pt; font-family: verdana, geneva, sans-serif;\"><span style=\"font-size: 18pt;\"><strong><span style=\"color: #ffffff;\">.<\/span><br \/>\n<span style=\"font-size: 24pt;\"><em>E<\/em><\/span><\/strong><\/span>ntre os pastorinhos, Francisco Marto foi\u00a0quem demostrou grande afeto pela <em>Sagrada Eucaristia, <\/em>logo em seguida Jacinta.<\/span><\/p>\n<p><span style=\"color: #000000; font-size: 12pt; font-family: verdana, geneva, sans-serif;\">A primeira vez que a recebeu foi em 1916 pela <span style=\"color: #0000ff;\"><a style=\"color: #0000ff;\" href=\"https:\/\/www.adf.org.br\/home\/o-papel-de-fatima-ao-enviar-o-anjo-da-paz\/\" target=\"_blank\" rel=\"noopener noreferrer\">Anjo da Paz<\/a><\/span> o que fez com que seu Amor por Nosso Senhor aumentasse, eis o que ele diz:<\/span><\/p>\n<p style=\"padding-left: 60px;\"><span style=\"font-weight: inherit; font-style: inherit; font-size: 12pt; color: #000000; font-family: verdana, geneva, sans-serif;\"><em><strong>&#8220;Eu sentia que Deus estava em mim, mas n\u00e3o sabia como era!&#8221;<\/strong> &#8211; Quarta mem\u00f3ria de l\u00facia!<\/em><\/span><\/p>\n<p><span style=\"color: #000000; font-family: verdana, geneva, sans-serif; font-size: 12pt;\">No ano seguinte foi quando ocorreu a <span style=\"color: #0000ff;\"><a style=\"color: #0000ff;\" href=\"https:\/\/www.adf.org.br\/home\/aparicoes-de-fatima\/\" target=\"_blank\" rel=\"noopener noreferrer\">Primeira Apari\u00e7\u00e3o de F\u00e1tima,<\/a><span style=\"color: #000000;\">\u00a013 de Maio de 1917<\/span><\/span>;\u00a0<em>pedindo ora\u00e7\u00f5es ao Santo Ros\u00e1rio pela convers\u00e3o dos pecadores e que oferecessem sacrif\u00edcios pela remiss\u00e3o dos ultrajes cometidos a Deus.<\/em><\/span><\/p>\n<p><span style=\"color: #000000; font-size: 12pt; font-family: verdana, geneva, sans-serif;\">Ela foi atendida e eles adotaram tais pr\u00e1ticas.<\/span><\/p>\n<p><span style=\"color: #000000;\"><strong><span style=\"font-family: verdana, geneva, sans-serif; font-size: 12pt;\">Rezavam o Santo Ros\u00e1rio e praticavam a &#8220;flagela\u00e7\u00e3o&#8221; pois como eram crian\u00e7as, achavam que n\u00e3o tinham o que oferecer.<\/span><\/strong><\/span><\/p>\n<p><span style=\"color: #000000; font-size: 12pt; font-family: verdana, geneva, sans-serif;\">Meses depois Ela aparece mais uma vez aos tr\u00eas, por\u00e9m domada por um ar de tristeza e disse:<\/span><\/p>\n<p style=\"padding-left: 60px;\"><span style=\"color: #800080;\"><em><span style=\"font-size: 12pt; font-family: verdana, geneva, sans-serif;\">&#8220;N\u00e3o ofendam mais a Deus Nosso Senhor que j\u00e1 est\u00e1 muito ofendido.&#8221;<\/span><\/em><\/span><\/p>\n<p><span style=\"font-size: 12pt; color: #000000; font-family: verdana, geneva, sans-serif;\">Tais palavras sensibilizaram Francisco.<\/span><\/p>\n<p><span style=\"font-size: 12pt; color: #000000; font-family: verdana, geneva, sans-serif;\">Fizera com que ele encontrasse uma nova raz\u00e3o para orar cada vez mais; pelo conforto de Jesus. Dessa maneira Maria n\u00e3o sofreria.<\/span><\/p>\n<p><span style=\"font-size: 12pt; color: #000000; font-family: verdana, geneva, sans-serif;\">Leia um pequeno trecho ao qual L\u00facia escreveu em uma de suas cartas:<\/span><\/p>\n<p><em><span style=\"font-size: 12pt; color: #000000; font-family: verdana, geneva, sans-serif;\"><span style=\"color: #ffffff;\">.<\/span><br \/>\n<img loading=\"lazy\" class=\"wp-image-50075 alignleft\" src=\"https:\/\/www.adf.org.br\/home\/wp-content\/uploads\/2019\/02\/Francisco-Marto-PNH.gif\" alt=\"Francisco Marto PNH\" width=\"74\" height=\"160\" \/>&#8211; Francisco, tu de que gostas mais: de consolar a Nosso Senhor ou converter os pecadores, para que n\u00e3o (v\u00e3o) fossem mais almas para o inferno? &#8211; Pergunta L\u00facia.<\/span><\/em><\/p>\n<p><em><span style=\"font-size: 12pt; color: #000000; font-family: verdana, geneva, sans-serif;\">&#8211; Gosto mais de consolar Nosso Senhor.<br \/>\n<\/span><\/em><em><span style=\"font-size: 12pt; color: #000000; font-family: verdana, geneva, sans-serif;\">N\u00e3o reparaste como Nossa Senhora, ainda no \u00faltimo m\u00eas, se p\u00f4s t\u00e3o triste, quando disse que n\u00e3o ofendessem a Deus Nosso Senhor que j\u00e1 est\u00e1 muito ofendido?<br \/>\nEu queria consolar a Nosso Senhor e depois converter os pecadores, para que n\u00e3o O ofendessem mais.<br \/>\n<\/span><\/em><\/p>\n<p><span style=\"color: #ffffff;\">.<\/span><br \/>\n<strong><span style=\"font-size: 12pt; color: #000000; font-family: verdana, geneva, sans-serif;\">Francisco almejava ir para o c\u00e9u, somente assim poderia confortar pessoalmente Nosso Senhor.<\/span><\/strong><\/p>\n<p><span style=\"font-size: 12pt; color: #000000; font-family: verdana, geneva, sans-serif;\">O que ocorreu de certa forma, fora alvo de uma pneumonia, passando dias acamado e faleceu mais tarde.<\/span><\/p>\n<h5><span style=\"font-size: 12pt; color: #000000; font-family: verdana, geneva, sans-serif;\">L\u00facia escreveu em suas cartas que sempre quando ia fazer uma visita, ele estava\u00a0alegre.<\/span><\/h5>\n<h5><span style=\"color: #000000;\"><em><span style=\"font-size: 12pt; font-family: verdana, geneva, sans-serif;\">Dizendo que estava oferecendo suas dores ao Nosso Senhor e que, muito em breve, F\u00e1tima iria busc\u00e1-lo.\u00a0<\/span><\/em><\/span><\/h5>\n<hr \/>\n<p><a href=\"https:\/\/adf.org.br\/velario\/?origem=9947\" target=\"_blank\" rel=\"noopener noreferrer\"><img loading=\"lazy\" class=\"aligncenter wp-image-50066\" src=\"https:\/\/www.adf.org.br\/home\/wp-content\/uploads\/2019\/01\/2019-01-31.jpg\" alt=\"2019-01-31\" width=\"398\" height=\"221\" \/><\/a><\/p>\n","protected":false},"excerpt":{"rendered":"<p>&#8220;N\u00e3o ofendam mais a Deus Nosso Senhor que j\u00e1 est\u00e1 muito ofendido.&#8221; Frase de Nossa Senhora de F\u00e1tima que fizera Francisco sofrer pelo Nosso Senhor. Leia e entenda: . Entre os pastorinhos, Francisco Marto foi\u00a0quem demostrou grande afeto pela Sagrada Eucaristia, logo em seguida Jacinta. A primeira vez que a recebeu foi em 1916 pela [&hellip;]<\/p>\n","protected":false},"author":27,"featured_media":50079,"comment_status":"open","ping_status":"open","sticky":false,"template":"","format":"standard","meta":[],"categories":[20],"tags":[43,2427,2428,382,249,2429,57,1307,704,75,2337,470,2369],"yoast_head":"<!-- This site is optimized with the Yoast SEO plugin v17.4 - https:\/\/yoast.com\/wordpress\/plugins\/seo\/ -->\n<title>Francisco Marto: &quot; Sofro para consolar Nosso Senhor&quot;<\/title>\n<meta name=\"description\" content=\"Francisco Marto sempre usou o seu pr\u00f3prio sofrimento para consolar Nosso Senhor que tanto foi ultrajado. Leia a mat\u00e9ria...\" \/>\n<meta name=\"robots\" content=\"index, follow, max-snippet:-1, max-image-preview:large, max-video-preview:-1\" \/>\n<link rel=\"canonical\" href=\"https:\/\/www.adf.org.br\/home\/francisco-marto-e-o-sofrimento\/\" \/>\n<meta property=\"og:locale\" content=\"pt_BR\" \/>\n<meta property=\"og:type\" content=\"article\" \/>\n<meta property=\"og:title\" content=\"Francisco Marto: &quot; Sofro para consolar Nosso Senhor&quot;\" \/>\n<meta property=\"og:description\" content=\"Francisco Marto sempre usou o seu pr\u00f3prio sofrimento para consolar Nosso Senhor que tanto foi ultrajado. Leia a mat\u00e9ria...\" \/>\n<meta property=\"og:url\" content=\"https:\/\/www.adf.org.br\/home\/francisco-marto-e-o-sofrimento\/\" \/>\n<meta property=\"og:site_name\" content=\"Associa\u00e7\u00e3o Devotos de F\u00e1tima\" \/>\n<meta property=\"article:published_time\" content=\"2019-02-04T02:00:18+00:00\" \/>\n<meta name=\"twitter:card\" content=\"summary_large_image\" \/>\n<meta name=\"twitter:label1\" content=\"Escrito por\" \/>\n\t<meta name=\"twitter:data1\" content=\"Gabriel Barbosa\" \/>\n\t<meta name=\"twitter:label2\" content=\"Est. tempo de leitura\" \/>\n\t<meta name=\"twitter:data2\" content=\"2 minutos\" \/>\n<script type=\"application\/ld+json\" class=\"yoast-schema-graph\">{\"@context\":\"https:\/\/schema.org\",\"@graph\":[{\"@type\":\"WebSite\",\"@id\":\"https:\/\/www.adf.org.br\/home\/#website\",\"url\":\"https:\/\/www.adf.org.br\/home\/\",\"name\":\"Associa\\u00e7\\u00e3o Devotos de F\\u00e1tima\",\"description\":\"Associa\\u00e7\\u00e3o Devotos de F\\u00e1tima\",\"potentialAction\":[{\"@type\":\"SearchAction\",\"target\":{\"@type\":\"EntryPoint\",\"urlTemplate\":\"https:\/\/www.adf.org.br\/home\/?s={search_term_string}\"},\"query-input\":\"required name=search_term_string\"}],\"inLanguage\":\"pt-BR\"},{\"@type\":\"ImageObject\",\"@id\":\"https:\/\/www.adf.org.br\/home\/francisco-marto-e-o-sofrimento\/#primaryimage\",\"inLanguage\":\"pt-BR\",\"url\":\"\",\"contentUrl\":\"\"},{\"@type\":\"WebPage\",\"@id\":\"https:\/\/www.adf.org.br\/home\/francisco-marto-e-o-sofrimento\/#webpage\",\"url\":\"https:\/\/www.adf.org.br\/home\/francisco-marto-e-o-sofrimento\/\",\"name\":\"Francisco Marto: \\\" Sofro para consolar Nosso Senhor\\\"\",\"isPartOf\":{\"@id\":\"https:\/\/www.adf.org.br\/home\/#website\"},\"primaryImageOfPage\":{\"@id\":\"https:\/\/www.adf.org.br\/home\/francisco-marto-e-o-sofrimento\/#primaryimage\"},\"datePublished\":\"2019-02-04T02:00:18+00:00\",\"dateModified\":\"2019-02-04T02:00:18+00:00\",\"author\":{\"@id\":\"https:\/\/www.adf.org.br\/home\/#\/schema\/person\/affa494ecf91434f3620f5392de44327\"},\"description\":\"Francisco Marto sempre usou o seu pr\\u00f3prio sofrimento para consolar Nosso Senhor que tanto foi ultrajado. Leia a mat\\u00e9ria...\",\"breadcrumb\":{\"@id\":\"https:\/\/www.adf.org.br\/home\/francisco-marto-e-o-sofrimento\/#breadcrumb\"},\"inLanguage\":\"pt-BR\",\"potentialAction\":[{\"@type\":\"ReadAction\",\"target\":[\"https:\/\/www.adf.org.br\/home\/francisco-marto-e-o-sofrimento\/\"]}]},{\"@type\":\"BreadcrumbList\",\"@id\":\"https:\/\/www.adf.org.br\/home\/francisco-marto-e-o-sofrimento\/#breadcrumb\",\"itemListElement\":[{\"@type\":\"ListItem\",\"position\":1,\"name\":\"Home\",\"item\":\"https:\/\/www.adf.org.br\/home\/\"},{\"@type\":\"ListItem\",\"position\":2,\"name\":\"Francisco Marto: &#8221; Sofro para consolar Nosso Senhor&#8221;\"}]},{\"@type\":\"Person\",\"@id\":\"https:\/\/www.adf.org.br\/home\/#\/schema\/person\/affa494ecf91434f3620f5392de44327\",\"name\":\"Gabriel Barbosa\",\"image\":{\"@type\":\"ImageObject\",\"@id\":\"https:\/\/www.adf.org.br\/home\/#personlogo\",\"inLanguage\":\"pt-BR\",\"url\":\"https:\/\/secure.gravatar.com\/avatar\/ecf2eab02e30486a7038f8b2858de06a?s=96&d=mm&r=g\",\"contentUrl\":\"https:\/\/secure.gravatar.com\/avatar\/ecf2eab02e30486a7038f8b2858de06a?s=96&d=mm&r=g\",\"caption\":\"Gabriel Barbosa\"},\"url\":\"https:\/\/www.adf.org.br\/home\/author\/gabriel-aascj\/\"}]}<\/script>\n<!-- \/ Yoast SEO plugin. -->","yoast_head_json":{"title":"Francisco Marto: \" Sofro para consolar Nosso Senhor\"","description":"Francisco Marto sempre usou o seu pr\u00f3prio sofrimento para consolar Nosso Senhor que tanto foi ultrajado. Leia a mat\u00e9ria...","robots":{"index":"index","follow":"follow","max-snippet":"max-snippet:-1","max-image-preview":"max-image-preview:large","max-video-preview":"max-video-preview:-1"},"canonical":"https:\/\/www.adf.org.br\/home\/francisco-marto-e-o-sofrimento\/","og_locale":"pt_BR","og_type":"article","og_title":"Francisco Marto: \" Sofro para consolar Nosso Senhor\"","og_description":"Francisco Marto sempre usou o seu pr\u00f3prio sofrimento para consolar Nosso Senhor que tanto foi ultrajado. Leia a mat\u00e9ria...","og_url":"https:\/\/www.adf.org.br\/home\/francisco-marto-e-o-sofrimento\/","og_site_name":"Associa\u00e7\u00e3o Devotos de F\u00e1tima","article_published_time":"2019-02-04T02:00:18+00:00","twitter_card":"summary_large_image","twitter_misc":{"Escrito por":"Gabriel Barbosa","Est. tempo de leitura":"2 minutos"},"schema":{"@context":"https:\/\/schema.org","@graph":[{"@type":"WebSite","@id":"https:\/\/www.adf.org.br\/home\/#website","url":"https:\/\/www.adf.org.br\/home\/","name":"Associa\u00e7\u00e3o Devotos de F\u00e1tima","description":"Associa\u00e7\u00e3o Devotos de F\u00e1tima","potentialAction":[{"@type":"SearchAction","target":{"@type":"EntryPoint","urlTemplate":"https:\/\/www.adf.org.br\/home\/?s={search_term_string}"},"query-input":"required name=search_term_string"}],"inLanguage":"pt-BR"},{"@type":"ImageObject","@id":"https:\/\/www.adf.org.br\/home\/francisco-marto-e-o-sofrimento\/#primaryimage","inLanguage":"pt-BR","url":"","contentUrl":""},{"@type":"WebPage","@id":"https:\/\/www.adf.org.br\/home\/francisco-marto-e-o-sofrimento\/#webpage","url":"https:\/\/www.adf.org.br\/home\/francisco-marto-e-o-sofrimento\/","name":"Francisco Marto: \" Sofro para consolar Nosso Senhor\"","isPartOf":{"@id":"https:\/\/www.adf.org.br\/home\/#website"},"primaryImageOfPage":{"@id":"https:\/\/www.adf.org.br\/home\/francisco-marto-e-o-sofrimento\/#primaryimage"},"datePublished":"2019-02-04T02:00:18+00:00","dateModified":"2019-02-04T02:00:18+00:00","author":{"@id":"https:\/\/www.adf.org.br\/home\/#\/schema\/person\/affa494ecf91434f3620f5392de44327"},"description":"Francisco Marto sempre usou o seu pr\u00f3prio sofrimento para consolar Nosso Senhor que tanto foi ultrajado. Leia a mat\u00e9ria...","breadcrumb":{"@id":"https:\/\/www.adf.org.br\/home\/francisco-marto-e-o-sofrimento\/#breadcrumb"},"inLanguage":"pt-BR","potentialAction":[{"@type":"ReadAction","target":["https:\/\/www.adf.org.br\/home\/francisco-marto-e-o-sofrimento\/"]}]},{"@type":"BreadcrumbList","@id":"https:\/\/www.adf.org.br\/home\/francisco-marto-e-o-sofrimento\/#breadcrumb","itemListElement":[{"@type":"ListItem","position":1,"name":"Home","item":"https:\/\/www.adf.org.br\/home\/"},{"@type":"ListItem","position":2,"name":"Francisco Marto: &#8221; Sofro para consolar Nosso Senhor&#8221;"}]},{"@type":"Person","@id":"https:\/\/www.adf.org.br\/home\/#\/schema\/person\/affa494ecf91434f3620f5392de44327","name":"Gabriel Barbosa","image":{"@type":"ImageObject","@id":"https:\/\/www.adf.org.br\/home\/#personlogo","inLanguage":"pt-BR","url":"https:\/\/secure.gravatar.com\/avatar\/ecf2eab02e30486a7038f8b2858de06a?s=96&d=mm&r=g","contentUrl":"https:\/\/secure.gravatar.com\/avatar\/ecf2eab02e30486a7038f8b2858de06a?s=96&d=mm&r=g","caption":"Gabriel Barbosa"},"url":"https:\/\/www.adf.org.br\/home\/author\/gabriel-aascj\/"}]}},"_links":{"self":[{"href":"https:\/\/www.adf.org.br\/home\/wp-json\/wp\/v2\/posts\/50057"}],"collection":[{"href":"https:\/\/www.adf.org.br\/home\/wp-json\/wp\/v2\/posts"}],"about":[{"href":"https:\/\/www.adf.org.br\/home\/wp-json\/wp\/v2\/types\/post"}],"author":[{"embeddable":true,"href":"https:\/\/www.adf.org.br\/home\/wp-json\/wp\/v2\/users\/27"}],"replies":[{"embeddable":true,"href":"https:\/\/www.adf.org.br\/home\/wp-json\/wp\/v2\/comments?post=50057"}],"version-history":[{"count":0,"href":"https:\/\/www.adf.org.br\/home\/wp-json\/wp\/v2\/posts\/50057\/revisions"}],"wp:featuredmedia":[{"embeddable":true,"href":"https:\/\/www.adf.org.br\/home\/wp-json\/wp\/v2\/media\/50079"}],"wp:attachment":[{"href":"https:\/\/www.adf.org.br\/home\/wp-json\/wp\/v2\/media?parent=50057"}],"wp:term":[{"taxonomy":"category","embeddable":true,"href":"https:\/\/www.adf.org.br\/home\/wp-json\/wp\/v2\/categories?post=50057"},{"taxonomy":"post_tag","embeddable":true,"href":"https:\/\/www.adf.org.br\/home\/wp-json\/wp\/v2\/tags?post=50057"}],"curies":[{"name":"wp","href":"https:\/\/api.w.org\/{rel}","templated":true}]}}