{"id":50045,"date":"2019-02-03T00:00:55","date_gmt":"2019-02-03T02:00:55","guid":{"rendered":"http:\/\/www.adf.org.br\/home\/?p=50045"},"modified":"2019-02-03T00:00:55","modified_gmt":"2019-02-03T02:00:55","slug":"crise-mundial-e-fatima","status":"publish","type":"post","link":"https:\/\/www.adf.org.br\/home\/crise-mundial-e-fatima\/","title":{"rendered":"Para a crise mundial, F\u00e1tima \u00e9 a solu\u00e7\u00e3o"},"content":{"rendered":"<p><a href=\"https:\/\/adf.org.br\/apostolosdefatima\/2\/?origem=9947\" target=\"_blank\" rel=\"noopener noreferrer\"><img loading=\"lazy\" class=\"aligncenter wp-image-50051\" src=\"https:\/\/www.adf.org.br\/home\/wp-content\/uploads\/2019\/01\/F\u00e1tima-Crise-Mundial-1.jpg\" alt=\"F\u00e1tima - Crise Mundial (1)\" width=\"526\" height=\"394\" \/><\/a><\/p>\n<h5><span style=\"color: #ffffff;\">.<\/span><\/h5>\n<p><span style=\"color: #000000; font-size: 12pt; font-family: verdana, geneva, sans-serif;\"><em><span style=\"font-size: 18pt;\"><strong>S<\/strong><\/span><\/em>obre a terra n\u00e3o existe uma s\u00f3 na\u00e7\u00e3o que n\u00e3o esteja sendo, em quase todos os campos, alvo de graves crises.<\/span><\/p>\n<p><span style=\"color: #000000; font-size: 12pt; font-family: verdana, geneva, sans-serif;\">Se analisarmos a vida interna de cada pa\u00eds, \u00e9 poss\u00edvel notar um estado de agita\u00e7\u00e3o, desordem, desbragamento de apetites e ambi\u00e7\u00f5es; gan\u00e2ncia do homem.<\/span><\/p>\n<p style=\"padding-left: 60px;\"><span style=\"color: #800080; font-size: 12pt; font-family: verdana, geneva, sans-serif;\"><em>Pequenos conflitos entre na\u00e7\u00f5es, o \u00f3dio, aborto, assassinatos e etc&#8230;<\/em><\/span><\/p>\n<p><span style=\"color: #000000; font-size: 12pt; font-family: verdana, geneva, sans-serif;\">Nenhum estadista de nossos dias soube ainda apresentar o rem\u00e9dio que corte o passo a esse processo m\u00f3rbido, de envergadura universal.\u00a0<\/span><\/p>\n<p><span style=\"color: #000000; font-size: 12pt; font-family: verdana, geneva, sans-serif;\">A humanidade aparenta caminhar rumo ao abismo ao qual <em>F\u00e1tima<\/em> alertou que iriamos despencar.<\/span><\/p>\n<p><span style=\"color: #000000; font-size: 12pt; font-family: verdana, geneva, sans-serif;\">Naquele tempo a Virgem Maria estava preocupada com a grave situa\u00e7\u00e3o dos pecadores; aos quais estavam condenados ao fogo do inferno, e os ultrajes cometidos que traziam a ira de Deus.\u00a0<\/span><\/p>\n<p><span style=\"color: #000000; font-size: 12pt; font-family: verdana, geneva, sans-serif;\">Caso Ela se revelasse atualmente, n\u00e3o iria nos alertar sobre os mesmos perigos? Por\u00e9m, sabemos que a situa\u00e7\u00e3o est\u00e1\u00a0mais grave que outrora.\u00a0<\/span><\/p>\n<p style=\"padding-left: 60px;\"><span style=\"color: #000000; font-size: 12pt; font-family: verdana, geneva, sans-serif;\"><strong>Mas, para a gravidade desta crise universal.<\/strong><\/span><\/p>\n<p style=\"padding-left: 60px;\"><span style=\"color: #000000; font-size: 12pt; font-family: verdana, geneva, sans-serif;\"><strong>A <span style=\"color: #0000ff;\"><a style=\"color: #0000ff;\" href=\"https:\/\/adf.org.br\/apostolosdefatima\/2\/?origem=9947\" target=\"_blank\" rel=\"noopener noreferrer\">mensagem de Nossa Senhora de F\u00e1tima<\/a><\/span> abre os olhos dos homens, apresentando-lhes uma explica\u00e7\u00e3o \u00e0 luz dos planos da Provid\u00eancia Divina.<\/strong><\/span><\/p>\n<p style=\"padding-left: 60px;\"><span style=\"color: #000000; font-size: 12pt; font-family: verdana, geneva, sans-serif;\"><strong>Indicando-lhes os meios necess\u00e1rios para evitar a cat\u00e1strofe.<\/strong><\/span><\/p>\n<p><span style=\"color: #000000; font-size: 12pt; font-family: verdana, geneva, sans-serif;\">\u00c9 a pr\u00f3pria hist\u00f3ria de nossa \u00e9poca, e mais do que isto o seu futuro, que nos \u00e9 ensinado por Nossa Senhora.<\/span><\/p>\n<p><span style=\"color: #000000; font-size: 12pt; font-family: verdana, geneva, sans-serif;\"><strong>A \u00e9poca contempor\u00e2nea tem um privil\u00e9gio: em F\u00e1tima, Nossa Senhora veio alertar os homens.<\/strong><\/span><\/p>\n<p><span style=\"color: #000000; font-size: 12pt; font-family: verdana, geneva, sans-serif;\">Ela explicou os motivos da crise e indica o seu rem\u00e9dio, profetizando a cat\u00e1strofe caso os homens n\u00e3o a ou\u00e7am.<\/span><\/p>\n<h5><span style=\"color: #000000; font-size: 12pt; font-family: verdana, geneva, sans-serif;\">De todo ponto de vista as revela\u00e7\u00f5es de F\u00e1tima\u00a0destacam\u00a0tudo que a Provid\u00eancia tem manifestado aos homens.<\/span><\/h5>\n<p><span style=\"color: #000000; font-size: 12pt; font-family: verdana, geneva, sans-serif;\">Alertando sobre as grandes cat\u00e1strofes ao longo da Hist\u00f3ria.\u00a0<\/span><span style=\"color: #000000; font-size: 12pt; font-family: verdana, geneva, sans-serif;\">Sendo a \u00fanica solu\u00e7\u00e3o a devo\u00e7\u00e3o ao Imaculado Cora\u00e7\u00e3o de Maria!<\/span><\/p>\n<hr \/>\n<p><a href=\"https:\/\/adf.org.br\/velario\/imaculado?origem=9947\" target=\"_blank\" rel=\"noopener noreferrer\"><img loading=\"lazy\" class=\"aligncenter wp-image-50055\" src=\"https:\/\/www.adf.org.br\/home\/wp-content\/uploads\/2019\/01\/ADF-2.jpg\" alt=\"ADF\" width=\"431\" height=\"239\" \/><\/a><\/p>\n","protected":false},"excerpt":{"rendered":"<p>. Sobre a terra n\u00e3o existe uma s\u00f3 na\u00e7\u00e3o que n\u00e3o esteja sendo, em quase todos os campos, alvo de graves crises. Se analisarmos a vida interna de cada pa\u00eds, \u00e9 poss\u00edvel notar um estado de agita\u00e7\u00e3o, desordem, desbragamento de apetites e ambi\u00e7\u00f5es; gan\u00e2ncia do homem. Pequenos conflitos entre na\u00e7\u00f5es, o \u00f3dio, aborto, assassinatos e [&hellip;]<\/p>\n","protected":false},"author":27,"featured_media":50110,"comment_status":"open","ping_status":"open","sticky":false,"template":"","format":"standard","meta":[],"categories":[20],"tags":[2425,347,2426,57,2337,1405,2341,2369],"yoast_head":"<!-- This site is optimized with the Yoast SEO plugin v17.4 - https:\/\/yoast.com\/wordpress\/plugins\/seo\/ -->\n<title>Para a crise mundial, F\u00e1tima \u00e9 a solu\u00e7\u00e3o<\/title>\n<meta name=\"description\" content=\"Nossa Senhora de F\u00e1tima \u00e9 o \u00fanico rem\u00e9dio para a mundo que se aprofunda cada vez mais! Leia essa pequena reflex\u00e3o...\" \/>\n<meta name=\"robots\" content=\"index, follow, max-snippet:-1, max-image-preview:large, max-video-preview:-1\" \/>\n<link rel=\"canonical\" href=\"https:\/\/www.adf.org.br\/home\/crise-mundial-e-fatima\/\" \/>\n<meta property=\"og:locale\" content=\"pt_BR\" \/>\n<meta property=\"og:type\" content=\"article\" \/>\n<meta property=\"og:title\" content=\"Para a crise mundial, F\u00e1tima \u00e9 a solu\u00e7\u00e3o\" \/>\n<meta property=\"og:description\" content=\"Nossa Senhora de F\u00e1tima \u00e9 o \u00fanico rem\u00e9dio para a mundo que se aprofunda cada vez mais! Leia essa pequena reflex\u00e3o...\" \/>\n<meta property=\"og:url\" content=\"https:\/\/www.adf.org.br\/home\/crise-mundial-e-fatima\/\" \/>\n<meta property=\"og:site_name\" content=\"Associa\u00e7\u00e3o Devotos de F\u00e1tima\" \/>\n<meta property=\"article:published_time\" content=\"2019-02-03T02:00:55+00:00\" \/>\n<meta name=\"twitter:card\" content=\"summary_large_image\" \/>\n<meta name=\"twitter:label1\" content=\"Escrito por\" \/>\n\t<meta name=\"twitter:data1\" content=\"Gabriel Barbosa\" \/>\n\t<meta name=\"twitter:label2\" content=\"Est. tempo de leitura\" \/>\n\t<meta name=\"twitter:data2\" content=\"2 minutos\" \/>\n<script type=\"application\/ld+json\" class=\"yoast-schema-graph\">{\"@context\":\"https:\/\/schema.org\",\"@graph\":[{\"@type\":\"WebSite\",\"@id\":\"https:\/\/www.adf.org.br\/home\/#website\",\"url\":\"https:\/\/www.adf.org.br\/home\/\",\"name\":\"Associa\\u00e7\\u00e3o Devotos de F\\u00e1tima\",\"description\":\"Associa\\u00e7\\u00e3o Devotos de F\\u00e1tima\",\"potentialAction\":[{\"@type\":\"SearchAction\",\"target\":{\"@type\":\"EntryPoint\",\"urlTemplate\":\"https:\/\/www.adf.org.br\/home\/?s={search_term_string}\"},\"query-input\":\"required name=search_term_string\"}],\"inLanguage\":\"pt-BR\"},{\"@type\":\"ImageObject\",\"@id\":\"https:\/\/www.adf.org.br\/home\/crise-mundial-e-fatima\/#primaryimage\",\"inLanguage\":\"pt-BR\",\"url\":\"\",\"contentUrl\":\"\"},{\"@type\":\"WebPage\",\"@id\":\"https:\/\/www.adf.org.br\/home\/crise-mundial-e-fatima\/#webpage\",\"url\":\"https:\/\/www.adf.org.br\/home\/crise-mundial-e-fatima\/\",\"name\":\"Para a crise mundial, F\\u00e1tima \\u00e9 a solu\\u00e7\\u00e3o\",\"isPartOf\":{\"@id\":\"https:\/\/www.adf.org.br\/home\/#website\"},\"primaryImageOfPage\":{\"@id\":\"https:\/\/www.adf.org.br\/home\/crise-mundial-e-fatima\/#primaryimage\"},\"datePublished\":\"2019-02-03T02:00:55+00:00\",\"dateModified\":\"2019-02-03T02:00:55+00:00\",\"author\":{\"@id\":\"https:\/\/www.adf.org.br\/home\/#\/schema\/person\/affa494ecf91434f3620f5392de44327\"},\"description\":\"Nossa Senhora de F\\u00e1tima \\u00e9 o \\u00fanico rem\\u00e9dio para a mundo que se aprofunda cada vez mais! Leia essa pequena reflex\\u00e3o...\",\"breadcrumb\":{\"@id\":\"https:\/\/www.adf.org.br\/home\/crise-mundial-e-fatima\/#breadcrumb\"},\"inLanguage\":\"pt-BR\",\"potentialAction\":[{\"@type\":\"ReadAction\",\"target\":[\"https:\/\/www.adf.org.br\/home\/crise-mundial-e-fatima\/\"]}]},{\"@type\":\"BreadcrumbList\",\"@id\":\"https:\/\/www.adf.org.br\/home\/crise-mundial-e-fatima\/#breadcrumb\",\"itemListElement\":[{\"@type\":\"ListItem\",\"position\":1,\"name\":\"Home\",\"item\":\"https:\/\/www.adf.org.br\/home\/\"},{\"@type\":\"ListItem\",\"position\":2,\"name\":\"Para a crise mundial, F\\u00e1tima \\u00e9 a solu\\u00e7\\u00e3o\"}]},{\"@type\":\"Person\",\"@id\":\"https:\/\/www.adf.org.br\/home\/#\/schema\/person\/affa494ecf91434f3620f5392de44327\",\"name\":\"Gabriel Barbosa\",\"image\":{\"@type\":\"ImageObject\",\"@id\":\"https:\/\/www.adf.org.br\/home\/#personlogo\",\"inLanguage\":\"pt-BR\",\"url\":\"https:\/\/secure.gravatar.com\/avatar\/ecf2eab02e30486a7038f8b2858de06a?s=96&d=mm&r=g\",\"contentUrl\":\"https:\/\/secure.gravatar.com\/avatar\/ecf2eab02e30486a7038f8b2858de06a?s=96&d=mm&r=g\",\"caption\":\"Gabriel Barbosa\"},\"url\":\"https:\/\/www.adf.org.br\/home\/author\/gabriel-aascj\/\"}]}<\/script>\n<!-- \/ Yoast SEO plugin. -->","yoast_head_json":{"title":"Para a crise mundial, F\u00e1tima \u00e9 a solu\u00e7\u00e3o","description":"Nossa Senhora de F\u00e1tima \u00e9 o \u00fanico rem\u00e9dio para a mundo que se aprofunda cada vez mais! Leia essa pequena reflex\u00e3o...","robots":{"index":"index","follow":"follow","max-snippet":"max-snippet:-1","max-image-preview":"max-image-preview:large","max-video-preview":"max-video-preview:-1"},"canonical":"https:\/\/www.adf.org.br\/home\/crise-mundial-e-fatima\/","og_locale":"pt_BR","og_type":"article","og_title":"Para a crise mundial, F\u00e1tima \u00e9 a solu\u00e7\u00e3o","og_description":"Nossa Senhora de F\u00e1tima \u00e9 o \u00fanico rem\u00e9dio para a mundo que se aprofunda cada vez mais! Leia essa pequena reflex\u00e3o...","og_url":"https:\/\/www.adf.org.br\/home\/crise-mundial-e-fatima\/","og_site_name":"Associa\u00e7\u00e3o Devotos de F\u00e1tima","article_published_time":"2019-02-03T02:00:55+00:00","twitter_card":"summary_large_image","twitter_misc":{"Escrito por":"Gabriel Barbosa","Est. tempo de leitura":"2 minutos"},"schema":{"@context":"https:\/\/schema.org","@graph":[{"@type":"WebSite","@id":"https:\/\/www.adf.org.br\/home\/#website","url":"https:\/\/www.adf.org.br\/home\/","name":"Associa\u00e7\u00e3o Devotos de F\u00e1tima","description":"Associa\u00e7\u00e3o Devotos de F\u00e1tima","potentialAction":[{"@type":"SearchAction","target":{"@type":"EntryPoint","urlTemplate":"https:\/\/www.adf.org.br\/home\/?s={search_term_string}"},"query-input":"required name=search_term_string"}],"inLanguage":"pt-BR"},{"@type":"ImageObject","@id":"https:\/\/www.adf.org.br\/home\/crise-mundial-e-fatima\/#primaryimage","inLanguage":"pt-BR","url":"","contentUrl":""},{"@type":"WebPage","@id":"https:\/\/www.adf.org.br\/home\/crise-mundial-e-fatima\/#webpage","url":"https:\/\/www.adf.org.br\/home\/crise-mundial-e-fatima\/","name":"Para a crise mundial, F\u00e1tima \u00e9 a solu\u00e7\u00e3o","isPartOf":{"@id":"https:\/\/www.adf.org.br\/home\/#website"},"primaryImageOfPage":{"@id":"https:\/\/www.adf.org.br\/home\/crise-mundial-e-fatima\/#primaryimage"},"datePublished":"2019-02-03T02:00:55+00:00","dateModified":"2019-02-03T02:00:55+00:00","author":{"@id":"https:\/\/www.adf.org.br\/home\/#\/schema\/person\/affa494ecf91434f3620f5392de44327"},"description":"Nossa Senhora de F\u00e1tima \u00e9 o \u00fanico rem\u00e9dio para a mundo que se aprofunda cada vez mais! Leia essa pequena reflex\u00e3o...","breadcrumb":{"@id":"https:\/\/www.adf.org.br\/home\/crise-mundial-e-fatima\/#breadcrumb"},"inLanguage":"pt-BR","potentialAction":[{"@type":"ReadAction","target":["https:\/\/www.adf.org.br\/home\/crise-mundial-e-fatima\/"]}]},{"@type":"BreadcrumbList","@id":"https:\/\/www.adf.org.br\/home\/crise-mundial-e-fatima\/#breadcrumb","itemListElement":[{"@type":"ListItem","position":1,"name":"Home","item":"https:\/\/www.adf.org.br\/home\/"},{"@type":"ListItem","position":2,"name":"Para a crise mundial, F\u00e1tima \u00e9 a solu\u00e7\u00e3o"}]},{"@type":"Person","@id":"https:\/\/www.adf.org.br\/home\/#\/schema\/person\/affa494ecf91434f3620f5392de44327","name":"Gabriel Barbosa","image":{"@type":"ImageObject","@id":"https:\/\/www.adf.org.br\/home\/#personlogo","inLanguage":"pt-BR","url":"https:\/\/secure.gravatar.com\/avatar\/ecf2eab02e30486a7038f8b2858de06a?s=96&d=mm&r=g","contentUrl":"https:\/\/secure.gravatar.com\/avatar\/ecf2eab02e30486a7038f8b2858de06a?s=96&d=mm&r=g","caption":"Gabriel Barbosa"},"url":"https:\/\/www.adf.org.br\/home\/author\/gabriel-aascj\/"}]}},"_links":{"self":[{"href":"https:\/\/www.adf.org.br\/home\/wp-json\/wp\/v2\/posts\/50045"}],"collection":[{"href":"https:\/\/www.adf.org.br\/home\/wp-json\/wp\/v2\/posts"}],"about":[{"href":"https:\/\/www.adf.org.br\/home\/wp-json\/wp\/v2\/types\/post"}],"author":[{"embeddable":true,"href":"https:\/\/www.adf.org.br\/home\/wp-json\/wp\/v2\/users\/27"}],"replies":[{"embeddable":true,"href":"https:\/\/www.adf.org.br\/home\/wp-json\/wp\/v2\/comments?post=50045"}],"version-history":[{"count":0,"href":"https:\/\/www.adf.org.br\/home\/wp-json\/wp\/v2\/posts\/50045\/revisions"}],"wp:featuredmedia":[{"embeddable":true,"href":"https:\/\/www.adf.org.br\/home\/wp-json\/wp\/v2\/media\/50110"}],"wp:attachment":[{"href":"https:\/\/www.adf.org.br\/home\/wp-json\/wp\/v2\/media?parent=50045"}],"wp:term":[{"taxonomy":"category","embeddable":true,"href":"https:\/\/www.adf.org.br\/home\/wp-json\/wp\/v2\/categories?post=50045"},{"taxonomy":"post_tag","embeddable":true,"href":"https:\/\/www.adf.org.br\/home\/wp-json\/wp\/v2\/tags?post=50045"}],"curies":[{"name":"wp","href":"https:\/\/api.w.org\/{rel}","templated":true}]}}