{"id":49969,"date":"2019-01-31T00:00:32","date_gmt":"2019-01-31T02:00:32","guid":{"rendered":"http:\/\/www.adf.org.br\/home\/?p=49969"},"modified":"2019-01-31T00:00:32","modified_gmt":"2019-01-31T02:00:32","slug":"um-milagre-cedido-por-nossa-senhora-das-gracas","status":"publish","type":"post","link":"https:\/\/www.adf.org.br\/home\/um-milagre-cedido-por-nossa-senhora-das-gracas\/","title":{"rendered":"Milagre de Nossa Senhora: Ela prometeu e cumpriu! N\u00e3o deixe de ler esse testemunho"},"content":{"rendered":"<p><span style=\"font-size: 12pt; color: #000000; font-family: verdana, geneva, sans-serif;\"><span style=\"font-size: 18pt;\"><strong>E<\/strong><\/span>m todas as devo\u00e7\u00f5es tributadas a Nossa Senhora, Ela sempre promete operar milagres atrav\u00e9s do culto e daqueles que creem em Vosso Miseric\u00f3rdia. <\/span><\/p>\n<p><span style=\"font-size: 12pt; color: #000000; font-family: verdana, geneva, sans-serif;\">E com a Da. Marta, n\u00e3o foi diferente. Pois a Virgem Maria, fez a seguinte promessa quando revelou a Medalha Milagrosa:<\/span><\/p>\n<p style=\"padding-left: 60px;\"><strong><span style=\"color: #800080;\"><em><span style=\"font-size: 12pt; font-family: verdana, geneva, sans-serif;\">\u201cTODAS as pessoas que usarem a Medalha receber\u00e3o grandes gra\u00e7as.&#8221;<\/span><\/em><\/span><\/strong><\/p>\n<p><strong><span style=\"font-size: 12pt; color: #000000; font-family: verdana, geneva, sans-serif;\">Veja o testemunho dela:<\/span><\/strong><\/p>\n<p>&nbsp;<\/p>\n<blockquote>\n<p style=\"padding-left: 30px;\"><span style=\"font-family: verdana, geneva, sans-serif; font-size: 12pt; color: #000000;\"><span style=\"font-size: 18pt;\"><strong>&#8220;<\/strong><em><strong>E<\/strong><\/em><\/span>ra natal de 2017, estava eu junto de uma amiga que se encontrava num estado cr\u00edtico de sa\u00fade; insufici\u00eancia renal.<\/span><\/p>\n<p style=\"padding-left: 30px;\"><span style=\"font-family: verdana, geneva, sans-serif; font-size: 12pt; color: #000000;\">Desde ent\u00e3o, como todos devem saber, ela\u00a0iniciou os procedimentos m\u00e9dicos, sendo a\u00a0hemodi\u00e1lise. <\/span><\/p>\n<p style=\"padding-left: 30px;\"><span style=\"font-family: verdana, geneva, sans-serif; font-size: 12pt; color: #000000;\">Naquela\u00a0tempo ela estava muito fraca, j\u00e1 n\u00e3o comia muito ou se hidratava muito bem, mas chegou um tempo em que nada descia o est\u00f4mago.\u00a0<\/span><\/p>\n<p style=\"padding-left: 30px;\"><span style=\"font-family: verdana, geneva, sans-serif; font-size: 12pt; color: #000000;\">Os pr\u00f3prio m\u00e9dicos me diziam que pelo estado dela, n\u00e3o passaria de um ano; e olha que ela s\u00f3 havia come\u00e7ado fazia uma semana.<\/span><\/p>\n<p style=\"padding-left: 30px;\"><span style=\"font-family: verdana, geneva, sans-serif; font-size: 12pt; color: #000000;\">Sempre a acompanhei durante todos os tratamentos, junto da fam\u00edlia dela;<\/span>\u00a0<span style=\"color: #000000; font-size: 12pt; font-family: verdana, geneva, sans-serif;\">seu marido e o filho.<\/span><\/p>\n<p style=\"padding-left: 30px;\"><span style=\"color: #000000; font-size: 12pt; font-family: verdana, geneva, sans-serif;\">Ela deveria voltar ao hospital para fazer alguns exames, mas ficamos preocupados se ela aguentaria chegar ao hospital, pois mal andava e ficava muito distante.<\/span><\/p>\n<p style=\"padding-left: 30px;\"><strong><span style=\"font-family: verdana, geneva, sans-serif; font-size: 12pt; color: #000000;\">Sempre fui muito devota de Nossa Senhora das Gra\u00e7as, portanto, carregava comigo na capinha traseira do celular uma pequena <span style=\"color: #000000;\"><a style=\"color: #000000;\" href=\"https:\/\/adf.org.br\/exercitodamedalha\/?origem=9947#\" target=\"_blank\" rel=\"noopener noreferrer\">Medalha Milagrosa<\/a><\/span> j\u00e1 benta por sacerdotes.<\/span><\/strong><\/p>\n<p style=\"padding-left: 30px;\"><strong><span style=\"font-family: verdana, geneva, sans-serif; font-size: 12pt; color: #000000;\">Eu acreditava nas gra\u00e7as que Ela prometeu quando revelou essa devo\u00e7\u00e3o.<\/span><\/strong><\/p>\n<p style=\"padding-left: 30px;\"><span style=\"font-family: verdana, geneva, sans-serif; font-size: 12pt; color: #000000;\">Todos os dias em que ia encontrar com minha amiga, dizia sobre os milagres a quais os portadores da <span style=\"color: #0000ff;\"><a style=\"color: #0000ff;\" href=\"https:\/\/adf.org.br\/exercitodamedalha\/?origem=9947#\" target=\"_blank\" rel=\"noopener noreferrer\">Medalha Milagrosa<\/a><\/span> alcan\u00e7aram, esperava que esses fatos fizessem ela sentir o desejo de port\u00e1-la tamb\u00e9m.<\/span><\/p>\n<p style=\"padding-left: 30px;\"><span style=\"font-family: verdana, geneva, sans-serif; font-size: 12pt; color: #000000;\">Aquela era minha \u00fanica medalha e naquele momento, <a style=\"color: #000000;\" href=\"https:\/\/adf.org.br\/exercitodamedalha\/?origem=9947#\" target=\"_blank\" rel=\"noopener noreferrer\">Nossa Senhora<\/a> j\u00e1 havia me aben\u00e7oado de in\u00fameras formas, fiz uma pequena prece pedindo para cuidar do enfermo que a perseguia e a entreguei a medalha:<\/span><\/p>\n<p style=\"padding-left: 30px;\"><strong><span style=\"font-family: verdana, geneva, sans-serif; font-size: 12pt; color: #000000;\">\u2013 Toma, fique pra voc\u00ea!<\/span><\/strong><\/p>\n<p style=\"padding-left: 30px;\"><span style=\"font-family: verdana, geneva, sans-serif; font-size: 12pt; color: #000000;\">Assim que a pegou deu um beijo na medalha, e eu fui embora.<\/span><\/p>\n<p style=\"padding-left: 30px;\"><span style=\"font-family: verdana, geneva, sans-serif; font-size: 12pt; color: #000000;\">Quando cheguei em casa s\u00f3 conseguia mentalizar que &#8220;talvez&#8221; ela n\u00e3o passaria daquela noite caso n\u00e3o fosse hospital.<\/span><\/p>\n<p style=\"padding-left: 30px;\"><span style=\"font-family: verdana, geneva, sans-serif; font-size: 12pt; color: #000000;\">Com tantos pensamentos, s\u00f3 percebi que o cansa\u00e7o\u00a0me apoderava quando acordei noutro dia,<\/span><\/p>\n<p style=\"padding-left: 30px;\"><span style=\"font-family: verdana, geneva, sans-serif; font-size: 12pt; color: #000000;\">Acordei desesperada j\u00e1 pensando no pior. Peguei o telefone a telefonei para ela.<\/span><\/p>\n<p style=\"padding-left: 30px;\"><span style=\"font-family: verdana, geneva, sans-serif; font-size: 12pt; color: #000000;\">Quando atendeu eu nem a reconheci, pois uma grande felicidade a domava.<\/span><\/p>\n<p style=\"padding-left: 30px;\"><strong><em><span style=\"font-family: verdana, geneva, sans-serif; font-size: 12pt; color: #000000;\">\u2013 Marta, voc\u00ea n\u00e3o sabe da melhor! Estou almo\u00e7ando agora com meu filho e esposo. N\u00e3o sento dores, falta de ar ou mal estar. Acordei com uma disposi\u00e7\u00e3o que n\u00e3o havia a tempos.\u00a0<\/span><\/em><\/strong><\/p>\n<p style=\"padding-left: 30px;\"><span style=\"font-family: verdana, geneva, sans-serif; font-size: 12pt; color: #000000;\">Eu desacreditava. At\u00e9 que ela me recordou da <span style=\"color: #0000ff;\"><a style=\"color: #0000ff;\" href=\"https:\/\/adf.org.br\/exercitodamedalha\/?origem=9947#\" target=\"_blank\" rel=\"noopener noreferrer\">Medalha Milagrosa<\/a><\/span> que deixei aos seus cuidados e soube que mais uma vez Nossa Senhora operou.<\/span><\/p>\n<p style=\"padding-left: 30px;\"><span style=\"font-family: verdana, geneva, sans-serif; font-size: 12pt; color: #000000;\">J\u00e1 se passaram mais 5 meses e ela nunca mais precisou retornar ao hospital, estava com a sa\u00fade impec\u00e1vel.<\/span><\/p>\n<p style=\"padding-left: 30px;\"><span style=\"font-family: verdana, geneva, sans-serif; font-size: 12pt; color: #000000;\">Se alimentava super bem e nenhuma vez sentiu dores novamente.&#8221;<\/span><\/p>\n<\/blockquote>\n<p><span style=\"color: #ffffff;\">.<\/span><br \/>\n<span style=\"font-size: 12pt; color: #000000; font-family: verdana, geneva, sans-serif;\">Essa devo\u00e7\u00e3o da <span style=\"color: #0000ff;\"><a style=\"color: #0000ff;\" href=\"https:\/\/adf.org.br\/exercitodamedalha\/?origem=9947\" target=\"_blank\" rel=\"noopener noreferrer\">Medalha Milagrosa<\/a><\/span> j\u00e1 trouxe gra\u00e7as para milhares de fam\u00edlias no Brasil e no mundo.<\/span><\/p>\n<p><span style=\"font-size: 12pt; color: #000000; font-family: verdana, geneva, sans-serif;\">Imagine o que VOC\u00ca n\u00e3o pode alcan\u00e7ar&#8230;<\/span><\/p>\n<p style=\"padding-left: 60px;\"><span style=\"font-size: 12pt; color: #000000; font-family: verdana, geneva, sans-serif;\"><span style=\"color: #0000ff;\"><a style=\"color: #0000ff;\" href=\"https:\/\/adf.org.br\/exercitodamedalha\/?origem=9947#\" target=\"_blank\" rel=\"noopener noreferrer\">Clique aqui<\/a><\/span> e veja como recebe-la!<\/span><\/p>\n<p><span style=\"color: #000000;\"><strong><span style=\"font-size: 12pt; font-family: verdana, geneva, sans-serif;\">Nossa Senhora prometeu gra\u00e7as para TODOS a portarem ent\u00e3o n\u00e3o tenha d\u00favidas, pois ela poder\u00e1 trazer o que voc\u00ea precisa.<\/span><\/strong><\/span><\/p>\n<p><span style=\"font-size: 12pt; color: #000000; font-family: verdana, geneva, sans-serif;\">E se o testemunho da Da. Marta n\u00e3o \u00e9 um motivo para voc\u00ea carregar esse Sacramento Mariano, <span style=\"color: #0000ff;\"><a style=\"color: #0000ff;\" href=\"https:\/\/adf.org.br\/exercitodamedalha\/?origem=9947#motivos\" target=\"_blank\" rel=\"noopener noreferrer\">veja aqui cinco motivos<\/a><\/span>\u00a0para voc\u00ea.<\/span><\/p>\n<h5 style=\"text-align: center;\"><em><span style=\"font-size: 14pt; font-family: georgia, palatino, serif; color: #800080;\">Nossa Senhora da Medalha Milagrosa, rogai por n\u00f3s!<\/span><\/em><\/h5>\n<p>&nbsp;<\/p>\n","protected":false},"excerpt":{"rendered":"<p>Em todas as devo\u00e7\u00f5es tributadas a Nossa Senhora, Ela sempre promete operar milagres atrav\u00e9s do culto e daqueles que creem em Vosso Miseric\u00f3rdia. E com a Da. Marta, n\u00e3o foi diferente. Pois a Virgem Maria, fez a seguinte promessa quando revelou a Medalha Milagrosa: \u201cTODAS as pessoas que usarem a Medalha receber\u00e3o grandes gra\u00e7as.&#8221; Veja [&hellip;]<\/p>\n","protected":false},"author":27,"featured_media":49970,"comment_status":"open","ping_status":"open","sticky":false,"template":"","format":"standard","meta":[],"categories":[20,2311],"tags":[2417,249,34,2418,2094,306,2419,2420,470,313],"yoast_head":"<!-- This site is optimized with the Yoast SEO plugin v17.4 - https:\/\/yoast.com\/wordpress\/plugins\/seo\/ -->\n<title>Nossa Senhora prometeu e cumpriu! Veja esse testemunho:<\/title>\n<meta name=\"description\" content=\"A Sant\u00edssima Virgem Maria se revelou como Nossa Senhora das Gra\u00e7as e prometeu cumular de ben\u00e7\u00e3os os Portadores da Medalha Milagrosa! Leia\" \/>\n<meta name=\"robots\" content=\"index, follow, max-snippet:-1, max-image-preview:large, max-video-preview:-1\" \/>\n<link rel=\"canonical\" href=\"https:\/\/www.adf.org.br\/home\/um-milagre-cedido-por-nossa-senhora-das-gracas\/\" \/>\n<meta property=\"og:locale\" content=\"pt_BR\" \/>\n<meta property=\"og:type\" content=\"article\" \/>\n<meta property=\"og:title\" content=\"Nossa Senhora prometeu e cumpriu! Veja esse testemunho:\" \/>\n<meta property=\"og:description\" content=\"A Sant\u00edssima Virgem Maria se revelou como Nossa Senhora das Gra\u00e7as e prometeu cumular de ben\u00e7\u00e3os os Portadores da Medalha Milagrosa! Leia\" \/>\n<meta property=\"og:url\" content=\"https:\/\/www.adf.org.br\/home\/um-milagre-cedido-por-nossa-senhora-das-gracas\/\" \/>\n<meta property=\"og:site_name\" content=\"Associa\u00e7\u00e3o Devotos de F\u00e1tima\" \/>\n<meta property=\"article:published_time\" content=\"2019-01-31T02:00:32+00:00\" \/>\n<meta name=\"twitter:card\" content=\"summary_large_image\" \/>\n<meta name=\"twitter:label1\" content=\"Escrito por\" \/>\n\t<meta name=\"twitter:data1\" content=\"Gabriel Barbosa\" \/>\n\t<meta name=\"twitter:label2\" content=\"Est. tempo de leitura\" \/>\n\t<meta name=\"twitter:data2\" content=\"3 minutos\" \/>\n<script type=\"application\/ld+json\" class=\"yoast-schema-graph\">{\"@context\":\"https:\/\/schema.org\",\"@graph\":[{\"@type\":\"WebSite\",\"@id\":\"https:\/\/www.adf.org.br\/home\/#website\",\"url\":\"https:\/\/www.adf.org.br\/home\/\",\"name\":\"Associa\\u00e7\\u00e3o Devotos de F\\u00e1tima\",\"description\":\"Associa\\u00e7\\u00e3o Devotos de F\\u00e1tima\",\"potentialAction\":[{\"@type\":\"SearchAction\",\"target\":{\"@type\":\"EntryPoint\",\"urlTemplate\":\"https:\/\/www.adf.org.br\/home\/?s={search_term_string}\"},\"query-input\":\"required name=search_term_string\"}],\"inLanguage\":\"pt-BR\"},{\"@type\":\"ImageObject\",\"@id\":\"https:\/\/www.adf.org.br\/home\/um-milagre-cedido-por-nossa-senhora-das-gracas\/#primaryimage\",\"inLanguage\":\"pt-BR\",\"url\":\"\",\"contentUrl\":\"\"},{\"@type\":\"WebPage\",\"@id\":\"https:\/\/www.adf.org.br\/home\/um-milagre-cedido-por-nossa-senhora-das-gracas\/#webpage\",\"url\":\"https:\/\/www.adf.org.br\/home\/um-milagre-cedido-por-nossa-senhora-das-gracas\/\",\"name\":\"Nossa Senhora prometeu e cumpriu! Veja esse testemunho:\",\"isPartOf\":{\"@id\":\"https:\/\/www.adf.org.br\/home\/#website\"},\"primaryImageOfPage\":{\"@id\":\"https:\/\/www.adf.org.br\/home\/um-milagre-cedido-por-nossa-senhora-das-gracas\/#primaryimage\"},\"datePublished\":\"2019-01-31T02:00:32+00:00\",\"dateModified\":\"2019-01-31T02:00:32+00:00\",\"author\":{\"@id\":\"https:\/\/www.adf.org.br\/home\/#\/schema\/person\/affa494ecf91434f3620f5392de44327\"},\"description\":\"A Sant\\u00edssima Virgem Maria se revelou como Nossa Senhora das Gra\\u00e7as e prometeu cumular de ben\\u00e7\\u00e3os os Portadores da Medalha Milagrosa! Leia\",\"breadcrumb\":{\"@id\":\"https:\/\/www.adf.org.br\/home\/um-milagre-cedido-por-nossa-senhora-das-gracas\/#breadcrumb\"},\"inLanguage\":\"pt-BR\",\"potentialAction\":[{\"@type\":\"ReadAction\",\"target\":[\"https:\/\/www.adf.org.br\/home\/um-milagre-cedido-por-nossa-senhora-das-gracas\/\"]}]},{\"@type\":\"BreadcrumbList\",\"@id\":\"https:\/\/www.adf.org.br\/home\/um-milagre-cedido-por-nossa-senhora-das-gracas\/#breadcrumb\",\"itemListElement\":[{\"@type\":\"ListItem\",\"position\":1,\"name\":\"Home\",\"item\":\"https:\/\/www.adf.org.br\/home\/\"},{\"@type\":\"ListItem\",\"position\":2,\"name\":\"Milagre de Nossa Senhora: Ela prometeu e cumpriu! N\\u00e3o deixe de ler esse testemunho\"}]},{\"@type\":\"Person\",\"@id\":\"https:\/\/www.adf.org.br\/home\/#\/schema\/person\/affa494ecf91434f3620f5392de44327\",\"name\":\"Gabriel Barbosa\",\"image\":{\"@type\":\"ImageObject\",\"@id\":\"https:\/\/www.adf.org.br\/home\/#personlogo\",\"inLanguage\":\"pt-BR\",\"url\":\"https:\/\/secure.gravatar.com\/avatar\/ecf2eab02e30486a7038f8b2858de06a?s=96&d=mm&r=g\",\"contentUrl\":\"https:\/\/secure.gravatar.com\/avatar\/ecf2eab02e30486a7038f8b2858de06a?s=96&d=mm&r=g\",\"caption\":\"Gabriel Barbosa\"},\"url\":\"https:\/\/www.adf.org.br\/home\/author\/gabriel-aascj\/\"}]}<\/script>\n<!-- \/ Yoast SEO plugin. -->","yoast_head_json":{"title":"Nossa Senhora prometeu e cumpriu! Veja esse testemunho:","description":"A Sant\u00edssima Virgem Maria se revelou como Nossa Senhora das Gra\u00e7as e prometeu cumular de ben\u00e7\u00e3os os Portadores da Medalha Milagrosa! Leia","robots":{"index":"index","follow":"follow","max-snippet":"max-snippet:-1","max-image-preview":"max-image-preview:large","max-video-preview":"max-video-preview:-1"},"canonical":"https:\/\/www.adf.org.br\/home\/um-milagre-cedido-por-nossa-senhora-das-gracas\/","og_locale":"pt_BR","og_type":"article","og_title":"Nossa Senhora prometeu e cumpriu! Veja esse testemunho:","og_description":"A Sant\u00edssima Virgem Maria se revelou como Nossa Senhora das Gra\u00e7as e prometeu cumular de ben\u00e7\u00e3os os Portadores da Medalha Milagrosa! Leia","og_url":"https:\/\/www.adf.org.br\/home\/um-milagre-cedido-por-nossa-senhora-das-gracas\/","og_site_name":"Associa\u00e7\u00e3o Devotos de F\u00e1tima","article_published_time":"2019-01-31T02:00:32+00:00","twitter_card":"summary_large_image","twitter_misc":{"Escrito por":"Gabriel Barbosa","Est. tempo de leitura":"3 minutos"},"schema":{"@context":"https:\/\/schema.org","@graph":[{"@type":"WebSite","@id":"https:\/\/www.adf.org.br\/home\/#website","url":"https:\/\/www.adf.org.br\/home\/","name":"Associa\u00e7\u00e3o Devotos de F\u00e1tima","description":"Associa\u00e7\u00e3o Devotos de F\u00e1tima","potentialAction":[{"@type":"SearchAction","target":{"@type":"EntryPoint","urlTemplate":"https:\/\/www.adf.org.br\/home\/?s={search_term_string}"},"query-input":"required name=search_term_string"}],"inLanguage":"pt-BR"},{"@type":"ImageObject","@id":"https:\/\/www.adf.org.br\/home\/um-milagre-cedido-por-nossa-senhora-das-gracas\/#primaryimage","inLanguage":"pt-BR","url":"","contentUrl":""},{"@type":"WebPage","@id":"https:\/\/www.adf.org.br\/home\/um-milagre-cedido-por-nossa-senhora-das-gracas\/#webpage","url":"https:\/\/www.adf.org.br\/home\/um-milagre-cedido-por-nossa-senhora-das-gracas\/","name":"Nossa Senhora prometeu e cumpriu! Veja esse testemunho:","isPartOf":{"@id":"https:\/\/www.adf.org.br\/home\/#website"},"primaryImageOfPage":{"@id":"https:\/\/www.adf.org.br\/home\/um-milagre-cedido-por-nossa-senhora-das-gracas\/#primaryimage"},"datePublished":"2019-01-31T02:00:32+00:00","dateModified":"2019-01-31T02:00:32+00:00","author":{"@id":"https:\/\/www.adf.org.br\/home\/#\/schema\/person\/affa494ecf91434f3620f5392de44327"},"description":"A Sant\u00edssima Virgem Maria se revelou como Nossa Senhora das Gra\u00e7as e prometeu cumular de ben\u00e7\u00e3os os Portadores da Medalha Milagrosa! Leia","breadcrumb":{"@id":"https:\/\/www.adf.org.br\/home\/um-milagre-cedido-por-nossa-senhora-das-gracas\/#breadcrumb"},"inLanguage":"pt-BR","potentialAction":[{"@type":"ReadAction","target":["https:\/\/www.adf.org.br\/home\/um-milagre-cedido-por-nossa-senhora-das-gracas\/"]}]},{"@type":"BreadcrumbList","@id":"https:\/\/www.adf.org.br\/home\/um-milagre-cedido-por-nossa-senhora-das-gracas\/#breadcrumb","itemListElement":[{"@type":"ListItem","position":1,"name":"Home","item":"https:\/\/www.adf.org.br\/home\/"},{"@type":"ListItem","position":2,"name":"Milagre de Nossa Senhora: Ela prometeu e cumpriu! N\u00e3o deixe de ler esse testemunho"}]},{"@type":"Person","@id":"https:\/\/www.adf.org.br\/home\/#\/schema\/person\/affa494ecf91434f3620f5392de44327","name":"Gabriel Barbosa","image":{"@type":"ImageObject","@id":"https:\/\/www.adf.org.br\/home\/#personlogo","inLanguage":"pt-BR","url":"https:\/\/secure.gravatar.com\/avatar\/ecf2eab02e30486a7038f8b2858de06a?s=96&d=mm&r=g","contentUrl":"https:\/\/secure.gravatar.com\/avatar\/ecf2eab02e30486a7038f8b2858de06a?s=96&d=mm&r=g","caption":"Gabriel Barbosa"},"url":"https:\/\/www.adf.org.br\/home\/author\/gabriel-aascj\/"}]}},"_links":{"self":[{"href":"https:\/\/www.adf.org.br\/home\/wp-json\/wp\/v2\/posts\/49969"}],"collection":[{"href":"https:\/\/www.adf.org.br\/home\/wp-json\/wp\/v2\/posts"}],"about":[{"href":"https:\/\/www.adf.org.br\/home\/wp-json\/wp\/v2\/types\/post"}],"author":[{"embeddable":true,"href":"https:\/\/www.adf.org.br\/home\/wp-json\/wp\/v2\/users\/27"}],"replies":[{"embeddable":true,"href":"https:\/\/www.adf.org.br\/home\/wp-json\/wp\/v2\/comments?post=49969"}],"version-history":[{"count":0,"href":"https:\/\/www.adf.org.br\/home\/wp-json\/wp\/v2\/posts\/49969\/revisions"}],"wp:featuredmedia":[{"embeddable":true,"href":"https:\/\/www.adf.org.br\/home\/wp-json\/wp\/v2\/media\/49970"}],"wp:attachment":[{"href":"https:\/\/www.adf.org.br\/home\/wp-json\/wp\/v2\/media?parent=49969"}],"wp:term":[{"taxonomy":"category","embeddable":true,"href":"https:\/\/www.adf.org.br\/home\/wp-json\/wp\/v2\/categories?post=49969"},{"taxonomy":"post_tag","embeddable":true,"href":"https:\/\/www.adf.org.br\/home\/wp-json\/wp\/v2\/tags?post=49969"}],"curies":[{"name":"wp","href":"https:\/\/api.w.org\/{rel}","templated":true}]}}