{"id":49699,"date":"2019-01-19T00:00:50","date_gmt":"2019-01-19T02:00:50","guid":{"rendered":"http:\/\/www.adf.org.br\/home\/?p=49699"},"modified":"2019-01-19T00:00:50","modified_gmt":"2019-01-19T02:00:50","slug":"a-visao-do-inferno-nossa-senhora-de-fatima","status":"publish","type":"post","link":"https:\/\/www.adf.org.br\/home\/a-visao-do-inferno-nossa-senhora-de-fatima\/","title":{"rendered":"Voc\u00ea j\u00e1 deve ter visto cenas horrendas, mas n\u00e3o igual a essa"},"content":{"rendered":"<figure id=\"attachment_49704\" aria-describedby=\"caption-attachment-49704\" style=\"width: 377px\" class=\"wp-caption alignleft\"><img loading=\"lazy\" class=\"wp-image-49704 \" src=\"https:\/\/www.adf.org.br\/home\/wp-content\/uploads\/2019\/01\/preocupacao-carro.jpg\" alt=\"preocupacao-carro\" width=\"377\" height=\"183\" \/><figcaption id=\"caption-attachment-49704\" class=\"wp-caption-text\"><span style=\"font-size: 12pt; color: #000000; font-family: verdana, geneva, sans-serif;\">Terr\u00edvel acidente de carro!<\/span><\/figcaption><\/figure>\n<h5><span style=\"color: #000000; font-size: 12pt; font-family: verdana, geneva, sans-serif;\"><strong><span style=\"font-size: 18pt;\">A <\/span><\/strong><span style=\"font-size: 18pt;\"><span style=\"font-size: 12pt;\">pior vis\u00e3o que voc\u00ea j\u00e1 teve foi de a<\/span><\/span>lgu\u00e9m se ferindo drasticamente na sua frente? Ou algo do tipo?<\/span><\/h5>\n<h5><span style=\"color: #000000; font-size: 12pt; font-family: verdana, geneva, sans-serif;\">Um acidente que voc\u00ea presenciou ou viu na televis\u00e3o?<\/span><\/h5>\n<p><span style=\"color: #000000; font-size: 12pt; font-family: verdana, geneva, sans-serif;\">Notar que as pessoas cometem assassinatos por motivos banais?<\/span><\/p>\n<p><span style=\"color: #000000; font-size: 12pt; font-family: verdana, geneva, sans-serif;\">Devem ser tantos&#8230;<\/span><\/p>\n<p><span style=\"color: #000000; font-size: 12pt; font-family: verdana, geneva, sans-serif;\">Todos os dias sabemos que existem milhares de cenas e situa\u00e7\u00f5es que s\u00e3o horrendas aos olhos humanos.<\/span><\/p>\n<p><span style=\"color: #000000; font-size: 12pt; font-family: verdana, geneva, sans-serif;\">Mas entre qualquer tipo de coisa que podemos ver, existe uma que se sobressai acima de qualquer uma.<\/span><\/p>\n<p style=\"padding-left: 60px;\"><strong><span style=\"color: #000000; font-size: 12pt; font-family: verdana, geneva, sans-serif;\">A Vis\u00e3o do Inferno!<\/span><\/strong><\/p>\n<p><strong><span style=\"color: #000000; font-size: 12pt; font-family: verdana, geneva, sans-serif;\">Como voc\u00ea reagiria se tivesse uma pequena vis\u00e3o de como as almas vivem por l\u00e1?<\/span><\/strong><\/p>\n<p><span style=\"color: #000000; font-size: 12pt; font-family: verdana, geneva, sans-serif;\">A resposta seria de\u00a0<strong>pavor,\u00a0<\/strong>o mesmo que os tr\u00eas pastorinhos de Nossa Senhora de F\u00e1tima sentiram. Um enorme choque, acreditavam que iriam morrer durante a revela\u00e7\u00e3o da Virgem a eles:<\/span><\/p>\n<blockquote><p><strong><span style=\"color: #000000; font-size: 12pt; font-family: verdana, geneva, sans-serif;\">Imagine por uma fra\u00e7\u00e3o de segundos&#8230;<\/span><\/strong><\/p>\n<p style=\"padding-left: 30px;\"><span style=\"color: #800080;\"><em><span style=\"font-size: 12pt; font-family: verdana, geneva, sans-serif;\">&#8221; Almas&#8230;<br \/>\num grande mar de fogo onde iam mergulhados, os dem\u00f4nios e as almas que, em vida, se tinham oposto a Deus e aos seus caminhos.<br \/>\nEles eram como se fossem brasas transparentes e negras ou bronzeadas, que flutuavam no inc\u00eandio levadas pelas chamas que deles mesmas sa\u00edam, caindo para todos os lados, entre gritos e gemidos, de dor e desespero.&#8221;<\/span><\/em><\/span><\/p>\n<\/blockquote>\n<p><span style=\"font-size: 12pt; font-family: verdana, geneva, sans-serif; color: #000000;\">Irm\u00e3 Jacinta ficou t\u00e3o\u00a0aterrada que passou a orar o m\u00e1ximo que podia para que as almas n\u00e3o fossem para l\u00e1.<\/span><\/p>\n<p><span style=\"font-size: 12pt; color: #000000; font-family: verdana, geneva, sans-serif;\">L\u00facia e Francisco seguiam o mesmo exemplo.<\/span><\/p>\n<p style=\"padding-left: 60px;\"><em><span style=\"font-size: 12pt; color: #000000; font-family: verdana, geneva, sans-serif;\">Cada um incentivava o outro a aumentar a devo\u00e7\u00e3o e a f\u00e9, eis a amizade que muitos devem buscar.<\/span><\/em><\/p>\n<p><strong><span style=\"font-size: 12pt; color: #000000; font-family: verdana, geneva, sans-serif;\">Jacinta passava dias sem comer ou beber \u00e1gua, dessa forma oferecia sua sede e sua fome como sacrif\u00edcio pelas almas pecadoras e por aqueles que se recusam ou que n\u00e3o se converteram.<\/span><\/strong><\/p>\n<p><span style=\"font-size: 12pt; color: #000000; font-family: verdana, geneva, sans-serif;\">Atos de penit\u00eancia honrosos de uma crian\u00e7a.<\/span><\/p>\n<p><span style=\"font-size: 12pt; color: #000000; font-family: verdana, geneva, sans-serif;\">Serviram para ajudar as almas condenadas, quanto para reparar o Cora\u00e7\u00e3o de Maria. Que tanto sofre pelos ultrajes causados a Jesus.<\/span><\/p>\n<p><span style=\"font-size: 12pt; color: #000000; font-family: verdana, geneva, sans-serif;\">Nossa Senhora deseja e ambiciona preencher os cora\u00e7\u00f5es dos pecadores, inclusive reinar no seu!<\/span><\/p>\n<p><span style=\"font-size: 12pt; font-family: verdana, geneva, sans-serif; color: #000000;\">O que voc\u00ea diz a Ela? Escolha abaixo:<\/span><\/p>\n<p><span style=\"color: #000000;\"><a style=\"color: #000000;\" href=\"https:\/\/adf.org.br\/apostolosdefatima\/2\/?origem=9947\" target=\"_blank\" rel=\"noopener noreferrer\"><strong><span style=\"font-size: 12pt; font-family: verdana, geneva, sans-serif;\">(\u00a0 ) Sim.<\/span><\/strong><\/a><\/span><\/p>\n<p><span style=\"color: #000000;\"><a style=\"color: #000000;\" href=\"https:\/\/www.adf.org.br\/home\/?origem=9947\" target=\"_blank\" rel=\"noopener noreferrer\"><strong><span style=\"font-size: 12pt; font-family: verdana, geneva, sans-serif;\">(\u00a0 ) N\u00e3o.<\/span><\/strong><\/a><\/span><\/p>\n<hr \/>\n<p><a href=\"https:\/\/adf.org.br\/apostolosdefatima\/2\/?origem=9947#ChanceUnica\" target=\"_blank\" rel=\"noopener noreferrer\"><img loading=\"lazy\" class=\"aligncenter wp-image-48993\" src=\"https:\/\/www.adf.org.br\/home\/wp-content\/uploads\/2017\/12\/testeira-apostolos-de-fatima-2-1.png\" alt=\"testeira-apostolos-de-fatima-2\" width=\"473\" height=\"271\" \/><\/a><\/p>\n","protected":false},"excerpt":{"rendered":"<p>A pior vis\u00e3o que voc\u00ea j\u00e1 teve foi de algu\u00e9m se ferindo drasticamente na sua frente? Ou algo do tipo? Um acidente que voc\u00ea presenciou ou viu na televis\u00e3o? Notar que as pessoas cometem assassinatos por motivos banais? Devem ser tantos&#8230; Todos os dias sabemos que existem milhares de cenas e situa\u00e7\u00f5es que s\u00e3o horrendas [&hellip;]<\/p>\n","protected":false},"author":27,"featured_media":49725,"comment_status":"open","ping_status":"open","sticky":false,"template":"","format":"standard","meta":[],"categories":[20],"tags":[347,1966,57,2370,2348,563],"yoast_head":"<!-- This site is optimized with the Yoast SEO plugin v17.4 - https:\/\/yoast.com\/wordpress\/plugins\/seo\/ -->\n<title>Voc\u00ea j\u00e1 deve ter visto cenas horrendas, mas n\u00e3o igual a essa<\/title>\n<meta name=\"description\" content=\"Nossa Senhora de F\u00e1tima revelou aos pastorinhos o inferno! E o que eles viram? Veja nessa mat\u00e9ria\" \/>\n<meta name=\"robots\" content=\"index, follow, max-snippet:-1, max-image-preview:large, max-video-preview:-1\" \/>\n<link rel=\"canonical\" href=\"https:\/\/www.adf.org.br\/home\/a-visao-do-inferno-nossa-senhora-de-fatima\/\" \/>\n<meta property=\"og:locale\" content=\"pt_BR\" \/>\n<meta property=\"og:type\" content=\"article\" \/>\n<meta property=\"og:title\" content=\"Voc\u00ea j\u00e1 deve ter visto cenas horrendas, mas n\u00e3o igual a essa\" \/>\n<meta property=\"og:description\" content=\"Nossa Senhora de F\u00e1tima revelou aos pastorinhos o inferno! E o que eles viram? Veja nessa mat\u00e9ria\" \/>\n<meta property=\"og:url\" content=\"https:\/\/www.adf.org.br\/home\/a-visao-do-inferno-nossa-senhora-de-fatima\/\" \/>\n<meta property=\"og:site_name\" content=\"Associa\u00e7\u00e3o Devotos de F\u00e1tima\" \/>\n<meta property=\"article:published_time\" content=\"2019-01-19T02:00:50+00:00\" \/>\n<meta name=\"twitter:card\" content=\"summary_large_image\" \/>\n<meta name=\"twitter:label1\" content=\"Escrito por\" \/>\n\t<meta name=\"twitter:data1\" content=\"Gabriel Barbosa\" \/>\n\t<meta name=\"twitter:label2\" content=\"Est. tempo de leitura\" \/>\n\t<meta name=\"twitter:data2\" content=\"2 minutos\" \/>\n<script type=\"application\/ld+json\" class=\"yoast-schema-graph\">{\"@context\":\"https:\/\/schema.org\",\"@graph\":[{\"@type\":\"WebSite\",\"@id\":\"https:\/\/www.adf.org.br\/home\/#website\",\"url\":\"https:\/\/www.adf.org.br\/home\/\",\"name\":\"Associa\\u00e7\\u00e3o Devotos de F\\u00e1tima\",\"description\":\"Associa\\u00e7\\u00e3o Devotos de F\\u00e1tima\",\"potentialAction\":[{\"@type\":\"SearchAction\",\"target\":{\"@type\":\"EntryPoint\",\"urlTemplate\":\"https:\/\/www.adf.org.br\/home\/?s={search_term_string}\"},\"query-input\":\"required name=search_term_string\"}],\"inLanguage\":\"pt-BR\"},{\"@type\":\"ImageObject\",\"@id\":\"https:\/\/www.adf.org.br\/home\/a-visao-do-inferno-nossa-senhora-de-fatima\/#primaryimage\",\"inLanguage\":\"pt-BR\",\"url\":\"\",\"contentUrl\":\"\"},{\"@type\":\"WebPage\",\"@id\":\"https:\/\/www.adf.org.br\/home\/a-visao-do-inferno-nossa-senhora-de-fatima\/#webpage\",\"url\":\"https:\/\/www.adf.org.br\/home\/a-visao-do-inferno-nossa-senhora-de-fatima\/\",\"name\":\"Voc\\u00ea j\\u00e1 deve ter visto cenas horrendas, mas n\\u00e3o igual a essa\",\"isPartOf\":{\"@id\":\"https:\/\/www.adf.org.br\/home\/#website\"},\"primaryImageOfPage\":{\"@id\":\"https:\/\/www.adf.org.br\/home\/a-visao-do-inferno-nossa-senhora-de-fatima\/#primaryimage\"},\"datePublished\":\"2019-01-19T02:00:50+00:00\",\"dateModified\":\"2019-01-19T02:00:50+00:00\",\"author\":{\"@id\":\"https:\/\/www.adf.org.br\/home\/#\/schema\/person\/affa494ecf91434f3620f5392de44327\"},\"description\":\"Nossa Senhora de F\\u00e1tima revelou aos pastorinhos o inferno! E o que eles viram? Veja nessa mat\\u00e9ria\",\"breadcrumb\":{\"@id\":\"https:\/\/www.adf.org.br\/home\/a-visao-do-inferno-nossa-senhora-de-fatima\/#breadcrumb\"},\"inLanguage\":\"pt-BR\",\"potentialAction\":[{\"@type\":\"ReadAction\",\"target\":[\"https:\/\/www.adf.org.br\/home\/a-visao-do-inferno-nossa-senhora-de-fatima\/\"]}]},{\"@type\":\"BreadcrumbList\",\"@id\":\"https:\/\/www.adf.org.br\/home\/a-visao-do-inferno-nossa-senhora-de-fatima\/#breadcrumb\",\"itemListElement\":[{\"@type\":\"ListItem\",\"position\":1,\"name\":\"Home\",\"item\":\"https:\/\/www.adf.org.br\/home\/\"},{\"@type\":\"ListItem\",\"position\":2,\"name\":\"Voc\\u00ea j\\u00e1 deve ter visto cenas horrendas, mas n\\u00e3o igual a essa\"}]},{\"@type\":\"Person\",\"@id\":\"https:\/\/www.adf.org.br\/home\/#\/schema\/person\/affa494ecf91434f3620f5392de44327\",\"name\":\"Gabriel Barbosa\",\"image\":{\"@type\":\"ImageObject\",\"@id\":\"https:\/\/www.adf.org.br\/home\/#personlogo\",\"inLanguage\":\"pt-BR\",\"url\":\"https:\/\/secure.gravatar.com\/avatar\/ecf2eab02e30486a7038f8b2858de06a?s=96&d=mm&r=g\",\"contentUrl\":\"https:\/\/secure.gravatar.com\/avatar\/ecf2eab02e30486a7038f8b2858de06a?s=96&d=mm&r=g\",\"caption\":\"Gabriel Barbosa\"},\"url\":\"https:\/\/www.adf.org.br\/home\/author\/gabriel-aascj\/\"}]}<\/script>\n<!-- \/ Yoast SEO plugin. -->","yoast_head_json":{"title":"Voc\u00ea j\u00e1 deve ter visto cenas horrendas, mas n\u00e3o igual a essa","description":"Nossa Senhora de F\u00e1tima revelou aos pastorinhos o inferno! E o que eles viram? Veja nessa mat\u00e9ria","robots":{"index":"index","follow":"follow","max-snippet":"max-snippet:-1","max-image-preview":"max-image-preview:large","max-video-preview":"max-video-preview:-1"},"canonical":"https:\/\/www.adf.org.br\/home\/a-visao-do-inferno-nossa-senhora-de-fatima\/","og_locale":"pt_BR","og_type":"article","og_title":"Voc\u00ea j\u00e1 deve ter visto cenas horrendas, mas n\u00e3o igual a essa","og_description":"Nossa Senhora de F\u00e1tima revelou aos pastorinhos o inferno! E o que eles viram? Veja nessa mat\u00e9ria","og_url":"https:\/\/www.adf.org.br\/home\/a-visao-do-inferno-nossa-senhora-de-fatima\/","og_site_name":"Associa\u00e7\u00e3o Devotos de F\u00e1tima","article_published_time":"2019-01-19T02:00:50+00:00","twitter_card":"summary_large_image","twitter_misc":{"Escrito por":"Gabriel Barbosa","Est. tempo de leitura":"2 minutos"},"schema":{"@context":"https:\/\/schema.org","@graph":[{"@type":"WebSite","@id":"https:\/\/www.adf.org.br\/home\/#website","url":"https:\/\/www.adf.org.br\/home\/","name":"Associa\u00e7\u00e3o Devotos de F\u00e1tima","description":"Associa\u00e7\u00e3o Devotos de F\u00e1tima","potentialAction":[{"@type":"SearchAction","target":{"@type":"EntryPoint","urlTemplate":"https:\/\/www.adf.org.br\/home\/?s={search_term_string}"},"query-input":"required name=search_term_string"}],"inLanguage":"pt-BR"},{"@type":"ImageObject","@id":"https:\/\/www.adf.org.br\/home\/a-visao-do-inferno-nossa-senhora-de-fatima\/#primaryimage","inLanguage":"pt-BR","url":"","contentUrl":""},{"@type":"WebPage","@id":"https:\/\/www.adf.org.br\/home\/a-visao-do-inferno-nossa-senhora-de-fatima\/#webpage","url":"https:\/\/www.adf.org.br\/home\/a-visao-do-inferno-nossa-senhora-de-fatima\/","name":"Voc\u00ea j\u00e1 deve ter visto cenas horrendas, mas n\u00e3o igual a essa","isPartOf":{"@id":"https:\/\/www.adf.org.br\/home\/#website"},"primaryImageOfPage":{"@id":"https:\/\/www.adf.org.br\/home\/a-visao-do-inferno-nossa-senhora-de-fatima\/#primaryimage"},"datePublished":"2019-01-19T02:00:50+00:00","dateModified":"2019-01-19T02:00:50+00:00","author":{"@id":"https:\/\/www.adf.org.br\/home\/#\/schema\/person\/affa494ecf91434f3620f5392de44327"},"description":"Nossa Senhora de F\u00e1tima revelou aos pastorinhos o inferno! E o que eles viram? Veja nessa mat\u00e9ria","breadcrumb":{"@id":"https:\/\/www.adf.org.br\/home\/a-visao-do-inferno-nossa-senhora-de-fatima\/#breadcrumb"},"inLanguage":"pt-BR","potentialAction":[{"@type":"ReadAction","target":["https:\/\/www.adf.org.br\/home\/a-visao-do-inferno-nossa-senhora-de-fatima\/"]}]},{"@type":"BreadcrumbList","@id":"https:\/\/www.adf.org.br\/home\/a-visao-do-inferno-nossa-senhora-de-fatima\/#breadcrumb","itemListElement":[{"@type":"ListItem","position":1,"name":"Home","item":"https:\/\/www.adf.org.br\/home\/"},{"@type":"ListItem","position":2,"name":"Voc\u00ea j\u00e1 deve ter visto cenas horrendas, mas n\u00e3o igual a essa"}]},{"@type":"Person","@id":"https:\/\/www.adf.org.br\/home\/#\/schema\/person\/affa494ecf91434f3620f5392de44327","name":"Gabriel Barbosa","image":{"@type":"ImageObject","@id":"https:\/\/www.adf.org.br\/home\/#personlogo","inLanguage":"pt-BR","url":"https:\/\/secure.gravatar.com\/avatar\/ecf2eab02e30486a7038f8b2858de06a?s=96&d=mm&r=g","contentUrl":"https:\/\/secure.gravatar.com\/avatar\/ecf2eab02e30486a7038f8b2858de06a?s=96&d=mm&r=g","caption":"Gabriel Barbosa"},"url":"https:\/\/www.adf.org.br\/home\/author\/gabriel-aascj\/"}]}},"_links":{"self":[{"href":"https:\/\/www.adf.org.br\/home\/wp-json\/wp\/v2\/posts\/49699"}],"collection":[{"href":"https:\/\/www.adf.org.br\/home\/wp-json\/wp\/v2\/posts"}],"about":[{"href":"https:\/\/www.adf.org.br\/home\/wp-json\/wp\/v2\/types\/post"}],"author":[{"embeddable":true,"href":"https:\/\/www.adf.org.br\/home\/wp-json\/wp\/v2\/users\/27"}],"replies":[{"embeddable":true,"href":"https:\/\/www.adf.org.br\/home\/wp-json\/wp\/v2\/comments?post=49699"}],"version-history":[{"count":0,"href":"https:\/\/www.adf.org.br\/home\/wp-json\/wp\/v2\/posts\/49699\/revisions"}],"wp:featuredmedia":[{"embeddable":true,"href":"https:\/\/www.adf.org.br\/home\/wp-json\/wp\/v2\/media\/49725"}],"wp:attachment":[{"href":"https:\/\/www.adf.org.br\/home\/wp-json\/wp\/v2\/media?parent=49699"}],"wp:term":[{"taxonomy":"category","embeddable":true,"href":"https:\/\/www.adf.org.br\/home\/wp-json\/wp\/v2\/categories?post=49699"},{"taxonomy":"post_tag","embeddable":true,"href":"https:\/\/www.adf.org.br\/home\/wp-json\/wp\/v2\/tags?post=49699"}],"curies":[{"name":"wp","href":"https:\/\/api.w.org\/{rel}","templated":true}]}}