{"id":49666,"date":"2019-01-18T00:00:46","date_gmt":"2019-01-18T02:00:46","guid":{"rendered":"http:\/\/www.adf.org.br\/home\/?p=49666"},"modified":"2019-01-18T00:00:46","modified_gmt":"2019-01-18T02:00:46","slug":"revelacoes-de-nossa-senhora-de-fatima-aos-tres-pastorinhos","status":"publish","type":"post","link":"https:\/\/www.adf.org.br\/home\/revelacoes-de-nossa-senhora-de-fatima-aos-tres-pastorinhos\/","title":{"rendered":"&#8221; O que acontece se ignorarmos as revela\u00e7\u00f5es de F\u00e1tima?&#8221; Leia essa mat\u00e9ria e descubra o que j\u00e1 aconteceu"},"content":{"rendered":"<p><span style=\"font-size: 12pt; color: #000000; font-family: verdana, geneva, sans-serif;\"><img loading=\"lazy\" class=\"wp-image-49672 alignleft\" src=\"https:\/\/www.adf.org.br\/home\/wp-content\/uploads\/2019\/01\/F\u00e1tima-Past.png\" alt=\"F\u00e1tima Past\" width=\"166\" height=\"298\" \/><span style=\"font-size: 18pt;\"><strong>E<\/strong><\/span>m 1917 Nossa Senhora de F\u00e1tima apareceu a tr\u00eas pastorinhos; Lucia, Jacinta e Francisco, revelando a eles mist\u00e9rios e segredos que viram ocorrer tempos depois.<\/span><\/p>\n<p><span style=\"font-size: 12pt; color: #000000; font-family: verdana, geneva, sans-serif;\">Numa das apari\u00e7\u00f5es, Ela pediu a convers\u00e3o da R\u00fassia, para que nos livrarmos da ira de Deus.<\/span><\/p>\n<p><span style=\"color: #800080;\"><em><span style=\"font-size: 12pt; font-family: verdana, geneva, sans-serif;\">De fato, a consagra\u00e7\u00e3o da R\u00fassia chegou a ocorrer.\u00a0<\/span><\/em><\/span><span style=\"color: #800080;\"><em><span style=\"font-size: 12pt; font-family: verdana, geneva, sans-serif;\">Padre Pio XII\u00a0 a realizou, por\u00e9m por n\u00e3o ser &#8221; aut\u00eantica&#8221;, n\u00e3o causou os efeitos desejados.<\/span><\/em><\/span><\/p>\n<p><span style=\"font-size: 12pt; color: #000000; font-family: verdana, geneva, sans-serif;\">E desde muito tempo, vemos que de fato aconteceu.<\/span><\/p>\n<p><span style=\"font-size: 12pt; color: #000000; font-family: verdana, geneva, sans-serif;\">Uma prova \u00e9\u00a0a cidade de Veneza, na It\u00e1lia.\u00a0<\/span><span style=\"font-size: 12pt; color: #000000; font-family: verdana, geneva, sans-serif;\">Relatos de alagamentos j\u00e1 s\u00e3o citados em escrituras desde o s\u00e9culo VI.<\/span><\/p>\n<p><span style=\"font-size: 12pt; color: #000000; font-family: verdana, geneva, sans-serif;\">Por\u00e9m a &#8220;<span style=\"text-decoration: underline;\">p\u00e9ssima novidade<\/span>&#8221; \u00e9 que a cidade est\u00e1 afundando; estudiosos comprovaram ap\u00f3s\u00a0analisarem a cidade via sat\u00e9lites.<\/span><\/p>\n<p><span style=\"font-size: 12pt; color: #000000; font-family: verdana, geneva, sans-serif;\">Confirmam que al\u00e9m das chuvas fortes, aquecimento global, eros\u00e3o do solo, a principal \u00e9 a eleva\u00e7\u00e3o do oceano.\u00a0<\/span><\/p>\n<p><span style=\"font-size: 12pt; color: #000000; font-family: verdana, geneva, sans-serif;\">Confirmara que muito em breve, provavelmente, Veneza n\u00e3o existir\u00e1, o que nos faz refletir sobre a mensagem de Nossa Senhora de F\u00e1tima:<\/span><\/p>\n<p style=\"padding-left: 60px;\"><strong><span style=\"font-size: 12pt; color: #000000; font-family: verdana, geneva, sans-serif;\">&#8220;Logo haver\u00e1 a consequ\u00eancia; na\u00e7\u00f5es ser\u00e3o aniquiladas.&#8221;<\/span><\/strong><\/p>\n<p><span style=\"font-size: 12pt; color: #000000; font-family: verdana, geneva, sans-serif;\">\u00c9 o que certamente pode acontecer, tanto em Veneza quanto em qualquer outro lugar. Ao longo dos anos, j\u00e1 foram diversas na\u00e7\u00f5es que sumiram ao longo dos anos.<\/span><\/p>\n<p><span style=\"font-size: 12pt; color: #000000; font-family: verdana, geneva, sans-serif;\">A cada dia que a mensagem dEla \u00e9 ignorando, as evid\u00eancias aparecem.\u00a0<\/span><\/p>\n<p><span style=\"font-size: 12pt; color: #000000; font-family: verdana, geneva, sans-serif;\">Nossa Senhora de F\u00e1tima veio com uma \u00fanica raz\u00e3o.<br \/>\n<span style=\"color: #ffffff;\">.<\/span><\/span><\/p>\n<p style=\"padding-left: 60px;\"><strong><span style=\"font-size: 12pt; color: #000000; font-family: verdana, geneva, sans-serif;\">Nos mostrar que devemos prestar culto ao Seu Imaculado Cora\u00e7\u00e3o, para reparar a ira de Deus.<\/span><\/strong><\/p>\n<p style=\"padding-left: 60px;\"><strong><span style=\"font-size: 12pt; color: #000000; font-family: verdana, geneva, sans-serif;\">Nosso Senhor Jesus, n\u00e3o veio com o mesmo intuito?<\/span><\/strong><\/p>\n<p><span style=\"font-size: 12pt; color: #000000; font-family: verdana, geneva, sans-serif;\"><br \/>\n<\/span><span style=\"font-size: 12pt; color: #000000; font-family: verdana, geneva, sans-serif;\">A \u00fanica maneira de reparar tudo que pode ocorrer \u00e9 fazendo triunfar o Cora\u00e7\u00e3o de Nossa Senhora!<\/span><\/p>\n<p><strong><span style=\"font-size: 12pt; color: #000000; font-family: verdana, geneva, sans-serif;\">Veja como voc\u00ea pode levar a devo\u00e7\u00e3o a Nossa Senhora de F\u00e1tima <span style=\"color: #0000ff;\"><a style=\"color: #0000ff;\" href=\"https:\/\/adf.org.br\/apostolosdefatima\/2\/?origem=9947\" target=\"_blank\" rel=\"noopener noreferrer\">clicando aqui.<\/a><\/span><\/span><\/strong><\/p>\n<h5><span style=\"font-size: 12pt; color: #000000; font-family: verdana, geneva, sans-serif;\">Os participantes do grupo\u00a0<a style=\"color: #000000;\" href=\"https:\/\/adf.org.br\/apostolosdefatima\/2\/?origem=9947\" target=\"_blank\" rel=\"noopener noreferrer\">Ap\u00f3stolos de F\u00e1tima<\/a>, como forma de agradecimento, contam com:<br \/>\n<span style=\"color: #ffffff;\">.<\/span><\/span><\/h5>\n<p style=\"padding-left: 60px;\"><strong><span style=\"font-size: 12pt; color: #000000; font-family: verdana, geneva, sans-serif;\">\u2013 Ora\u00e7\u00f5es di\u00e1rias de conventos de mosteiros. Todos os pedidos que voc\u00ea tiver estar\u00e3o em ora\u00e7\u00e3o de ter\u00e7os, mais de 50 ros\u00e1rios ser\u00e3o rezados por suas inten\u00e7\u00f5es.<\/span><\/strong><br \/>\n<strong><span style=\"font-size: 12pt; color: #ffffff; font-family: verdana, geneva, sans-serif;\">.<\/span><\/strong><\/p>\n<p style=\"padding-left: 60px;\"><strong><span style=\"font-size: 12pt; color: #000000; font-family: verdana, geneva, sans-serif;\">\u2013 Missas semanais. Todo s\u00e1bado, celebramos missas em honra a promessa de Nossa Senhora.<\/span><\/strong><br \/>\n<strong><span style=\"font-size: 12pt; color: #ffffff; font-family: verdana, geneva, sans-serif;\">.<\/span><\/strong><\/p>\n<p style=\"padding-left: 60px;\"><strong><span style=\"font-size: 12pt; color: #000000; font-family: verdana, geneva, sans-serif;\">\u2013 Seu nome poder\u00e1 ser levado at\u00e9 Portugal, na Capelinha das Apari\u00e7\u00f5es. J\u00e1 pensou? Seus pedidos nos p\u00e9s de Nossa Senhora de F\u00e1tima?<\/span><\/strong><br \/>\n<strong><span style=\"font-size: 12pt; color: #ffffff; font-family: verdana, geneva, sans-serif;\">.<\/span><\/strong><\/p>\n<p style=\"padding-left: 60px;\"><strong><span style=\"font-size: 12pt; color: #000000; font-family: verdana, geneva, sans-serif;\">\u2013 Voc\u00ea ter\u00e1 acesso a uma Vela Virtual. Atrav\u00e9s dela \u00e9 poss\u00edvel escrever seus pedidos sempre quando quiser. Apesar de ser Virtual, muitas pessoas j\u00e1 alcan\u00e7aram uma gra\u00e7a importante.<\/span><\/strong><\/p>\n<p style=\"text-align: center;\"><span style=\"color: #0000ff;\"><a style=\"color: #0000ff;\" href=\"https:\/\/adf.org.br\/apostolosdefatima\/2\/form\/?origem=9947\"><span style=\"font-size: 14pt; font-family: verdana, geneva, sans-serif;\">DIGA SIM \u00c0 NOSSA SENHORA DE F\u00c1TIMA.<\/span><\/a><\/span><br \/>\n<span style=\"color: #0000ff;\"><a style=\"color: #0000ff;\" href=\"https:\/\/adf.org.br\/apostolosdefatima\/2\/form\/?origem=9947\" target=\"_blank\" rel=\"noopener noreferrer\"><span style=\"font-size: 14pt; font-family: verdana, geneva, sans-serif;\">CLIQUE AQUI!<\/span><\/a><\/span><\/p>\n<p>&nbsp;<\/p>\n<p><span style=\"font-size: 12pt; color: #000000; font-family: verdana, geneva, sans-serif;\">Estes ilustres presentes est\u00e3o a sua espera, inclusive o melhor; <span style=\"color: #800080;\">Nossa Senhora de F\u00e1tima olha por aqueles que propagam o Vosso nome a devo\u00e7\u00e3o ao seu Imaculado Cora\u00e7\u00e3o.<\/span><\/span><\/p>\n<p><span style=\"font-size: 12pt; color: #000000; font-family: verdana, geneva, sans-serif;\">N\u00e3o duvide que ser\u00e1 Ela que lhe cumular\u00e1 de ben\u00e7\u00e3os.\u00a0<\/span><span style=\"font-size: 12pt; color: #000000; font-family: verdana, geneva, sans-serif;\"><span style=\"color: #0000ff;\"><a style=\"color: #0000ff;\" href=\"https:\/\/adf.org.br\/apostolosdefatima\/2\/form\/?origem=9947\" target=\"_blank\" rel=\"noopener noreferrer\">Clique aqui<\/a><\/span>\u00a0e se torne um Ap\u00f3stolo de F\u00e1tima!<\/span><\/p>\n","protected":false},"excerpt":{"rendered":"<p>Em 1917 Nossa Senhora de F\u00e1tima apareceu a tr\u00eas pastorinhos; Lucia, Jacinta e Francisco, revelando a eles mist\u00e9rios e segredos que viram ocorrer tempos depois. Numa das apari\u00e7\u00f5es, Ela pediu a convers\u00e3o da R\u00fassia, para que nos livrarmos da ira de Deus. De fato, a consagra\u00e7\u00e3o da R\u00fassia chegou a ocorrer.\u00a0Padre Pio XII\u00a0 a realizou, [&hellip;]<\/p>\n","protected":false},"author":27,"featured_media":49667,"comment_status":"open","ping_status":"open","sticky":false,"template":"","format":"standard","meta":[],"categories":[20],"tags":[1838,57,2365,679,1485],"yoast_head":"<!-- This site is optimized with the Yoast SEO plugin v17.4 - https:\/\/yoast.com\/wordpress\/plugins\/seo\/ -->\n<title>&quot; O que acontece se ignorarmos as revela\u00e7\u00f5es de F\u00e1tima?&quot; Leia essa mat\u00e9ria e descubra o que j\u00e1 aconteceu<\/title>\n<meta name=\"description\" content=\"Ao ignorarmos as mensagens e revela\u00e7\u00f5es de Nossa Senhora de F\u00e1tima, somente nos resta receber a Ira de Deus! J\u00e1 recebemos. Veja na mat\u00e9ria\" \/>\n<meta name=\"robots\" content=\"index, follow, max-snippet:-1, max-image-preview:large, max-video-preview:-1\" \/>\n<link rel=\"canonical\" href=\"https:\/\/www.adf.org.br\/home\/revelacoes-de-nossa-senhora-de-fatima-aos-tres-pastorinhos\/\" \/>\n<meta property=\"og:locale\" content=\"pt_BR\" \/>\n<meta property=\"og:type\" content=\"article\" \/>\n<meta property=\"og:title\" content=\"&quot; O que acontece se ignorarmos as revela\u00e7\u00f5es de F\u00e1tima?&quot; Leia essa mat\u00e9ria e descubra o que j\u00e1 aconteceu\" \/>\n<meta property=\"og:description\" content=\"Ao ignorarmos as mensagens e revela\u00e7\u00f5es de Nossa Senhora de F\u00e1tima, somente nos resta receber a Ira de Deus! J\u00e1 recebemos. Veja na mat\u00e9ria\" \/>\n<meta property=\"og:url\" content=\"https:\/\/www.adf.org.br\/home\/revelacoes-de-nossa-senhora-de-fatima-aos-tres-pastorinhos\/\" \/>\n<meta property=\"og:site_name\" content=\"Associa\u00e7\u00e3o Devotos de F\u00e1tima\" \/>\n<meta property=\"article:published_time\" content=\"2019-01-18T02:00:46+00:00\" \/>\n<meta name=\"twitter:card\" content=\"summary_large_image\" \/>\n<meta name=\"twitter:label1\" content=\"Escrito por\" \/>\n\t<meta name=\"twitter:data1\" content=\"Gabriel Barbosa\" \/>\n\t<meta name=\"twitter:label2\" content=\"Est. tempo de leitura\" \/>\n\t<meta name=\"twitter:data2\" content=\"2 minutos\" \/>\n<script type=\"application\/ld+json\" class=\"yoast-schema-graph\">{\"@context\":\"https:\/\/schema.org\",\"@graph\":[{\"@type\":\"WebSite\",\"@id\":\"https:\/\/www.adf.org.br\/home\/#website\",\"url\":\"https:\/\/www.adf.org.br\/home\/\",\"name\":\"Associa\\u00e7\\u00e3o Devotos de F\\u00e1tima\",\"description\":\"Associa\\u00e7\\u00e3o Devotos de F\\u00e1tima\",\"potentialAction\":[{\"@type\":\"SearchAction\",\"target\":{\"@type\":\"EntryPoint\",\"urlTemplate\":\"https:\/\/www.adf.org.br\/home\/?s={search_term_string}\"},\"query-input\":\"required name=search_term_string\"}],\"inLanguage\":\"pt-BR\"},{\"@type\":\"ImageObject\",\"@id\":\"https:\/\/www.adf.org.br\/home\/revelacoes-de-nossa-senhora-de-fatima-aos-tres-pastorinhos\/#primaryimage\",\"inLanguage\":\"pt-BR\",\"url\":\"\",\"contentUrl\":\"\"},{\"@type\":\"WebPage\",\"@id\":\"https:\/\/www.adf.org.br\/home\/revelacoes-de-nossa-senhora-de-fatima-aos-tres-pastorinhos\/#webpage\",\"url\":\"https:\/\/www.adf.org.br\/home\/revelacoes-de-nossa-senhora-de-fatima-aos-tres-pastorinhos\/\",\"name\":\"\\\" O que acontece se ignorarmos as revela\\u00e7\\u00f5es de F\\u00e1tima?\\\" Leia essa mat\\u00e9ria e descubra o que j\\u00e1 aconteceu\",\"isPartOf\":{\"@id\":\"https:\/\/www.adf.org.br\/home\/#website\"},\"primaryImageOfPage\":{\"@id\":\"https:\/\/www.adf.org.br\/home\/revelacoes-de-nossa-senhora-de-fatima-aos-tres-pastorinhos\/#primaryimage\"},\"datePublished\":\"2019-01-18T02:00:46+00:00\",\"dateModified\":\"2019-01-18T02:00:46+00:00\",\"author\":{\"@id\":\"https:\/\/www.adf.org.br\/home\/#\/schema\/person\/affa494ecf91434f3620f5392de44327\"},\"description\":\"Ao ignorarmos as mensagens e revela\\u00e7\\u00f5es de Nossa Senhora de F\\u00e1tima, somente nos resta receber a Ira de Deus! J\\u00e1 recebemos. Veja na mat\\u00e9ria\",\"breadcrumb\":{\"@id\":\"https:\/\/www.adf.org.br\/home\/revelacoes-de-nossa-senhora-de-fatima-aos-tres-pastorinhos\/#breadcrumb\"},\"inLanguage\":\"pt-BR\",\"potentialAction\":[{\"@type\":\"ReadAction\",\"target\":[\"https:\/\/www.adf.org.br\/home\/revelacoes-de-nossa-senhora-de-fatima-aos-tres-pastorinhos\/\"]}]},{\"@type\":\"BreadcrumbList\",\"@id\":\"https:\/\/www.adf.org.br\/home\/revelacoes-de-nossa-senhora-de-fatima-aos-tres-pastorinhos\/#breadcrumb\",\"itemListElement\":[{\"@type\":\"ListItem\",\"position\":1,\"name\":\"Home\",\"item\":\"https:\/\/www.adf.org.br\/home\/\"},{\"@type\":\"ListItem\",\"position\":2,\"name\":\"&#8221; O que acontece se ignorarmos as revela\\u00e7\\u00f5es de F\\u00e1tima?&#8221; Leia essa mat\\u00e9ria e descubra o que j\\u00e1 aconteceu\"}]},{\"@type\":\"Person\",\"@id\":\"https:\/\/www.adf.org.br\/home\/#\/schema\/person\/affa494ecf91434f3620f5392de44327\",\"name\":\"Gabriel Barbosa\",\"image\":{\"@type\":\"ImageObject\",\"@id\":\"https:\/\/www.adf.org.br\/home\/#personlogo\",\"inLanguage\":\"pt-BR\",\"url\":\"https:\/\/secure.gravatar.com\/avatar\/ecf2eab02e30486a7038f8b2858de06a?s=96&d=mm&r=g\",\"contentUrl\":\"https:\/\/secure.gravatar.com\/avatar\/ecf2eab02e30486a7038f8b2858de06a?s=96&d=mm&r=g\",\"caption\":\"Gabriel Barbosa\"},\"url\":\"https:\/\/www.adf.org.br\/home\/author\/gabriel-aascj\/\"}]}<\/script>\n<!-- \/ Yoast SEO plugin. -->","yoast_head_json":{"title":"\" O que acontece se ignorarmos as revela\u00e7\u00f5es de F\u00e1tima?\" Leia essa mat\u00e9ria e descubra o que j\u00e1 aconteceu","description":"Ao ignorarmos as mensagens e revela\u00e7\u00f5es de Nossa Senhora de F\u00e1tima, somente nos resta receber a Ira de Deus! J\u00e1 recebemos. Veja na mat\u00e9ria","robots":{"index":"index","follow":"follow","max-snippet":"max-snippet:-1","max-image-preview":"max-image-preview:large","max-video-preview":"max-video-preview:-1"},"canonical":"https:\/\/www.adf.org.br\/home\/revelacoes-de-nossa-senhora-de-fatima-aos-tres-pastorinhos\/","og_locale":"pt_BR","og_type":"article","og_title":"\" O que acontece se ignorarmos as revela\u00e7\u00f5es de F\u00e1tima?\" Leia essa mat\u00e9ria e descubra o que j\u00e1 aconteceu","og_description":"Ao ignorarmos as mensagens e revela\u00e7\u00f5es de Nossa Senhora de F\u00e1tima, somente nos resta receber a Ira de Deus! J\u00e1 recebemos. Veja na mat\u00e9ria","og_url":"https:\/\/www.adf.org.br\/home\/revelacoes-de-nossa-senhora-de-fatima-aos-tres-pastorinhos\/","og_site_name":"Associa\u00e7\u00e3o Devotos de F\u00e1tima","article_published_time":"2019-01-18T02:00:46+00:00","twitter_card":"summary_large_image","twitter_misc":{"Escrito por":"Gabriel Barbosa","Est. tempo de leitura":"2 minutos"},"schema":{"@context":"https:\/\/schema.org","@graph":[{"@type":"WebSite","@id":"https:\/\/www.adf.org.br\/home\/#website","url":"https:\/\/www.adf.org.br\/home\/","name":"Associa\u00e7\u00e3o Devotos de F\u00e1tima","description":"Associa\u00e7\u00e3o Devotos de F\u00e1tima","potentialAction":[{"@type":"SearchAction","target":{"@type":"EntryPoint","urlTemplate":"https:\/\/www.adf.org.br\/home\/?s={search_term_string}"},"query-input":"required name=search_term_string"}],"inLanguage":"pt-BR"},{"@type":"ImageObject","@id":"https:\/\/www.adf.org.br\/home\/revelacoes-de-nossa-senhora-de-fatima-aos-tres-pastorinhos\/#primaryimage","inLanguage":"pt-BR","url":"","contentUrl":""},{"@type":"WebPage","@id":"https:\/\/www.adf.org.br\/home\/revelacoes-de-nossa-senhora-de-fatima-aos-tres-pastorinhos\/#webpage","url":"https:\/\/www.adf.org.br\/home\/revelacoes-de-nossa-senhora-de-fatima-aos-tres-pastorinhos\/","name":"\" O que acontece se ignorarmos as revela\u00e7\u00f5es de F\u00e1tima?\" Leia essa mat\u00e9ria e descubra o que j\u00e1 aconteceu","isPartOf":{"@id":"https:\/\/www.adf.org.br\/home\/#website"},"primaryImageOfPage":{"@id":"https:\/\/www.adf.org.br\/home\/revelacoes-de-nossa-senhora-de-fatima-aos-tres-pastorinhos\/#primaryimage"},"datePublished":"2019-01-18T02:00:46+00:00","dateModified":"2019-01-18T02:00:46+00:00","author":{"@id":"https:\/\/www.adf.org.br\/home\/#\/schema\/person\/affa494ecf91434f3620f5392de44327"},"description":"Ao ignorarmos as mensagens e revela\u00e7\u00f5es de Nossa Senhora de F\u00e1tima, somente nos resta receber a Ira de Deus! J\u00e1 recebemos. Veja na mat\u00e9ria","breadcrumb":{"@id":"https:\/\/www.adf.org.br\/home\/revelacoes-de-nossa-senhora-de-fatima-aos-tres-pastorinhos\/#breadcrumb"},"inLanguage":"pt-BR","potentialAction":[{"@type":"ReadAction","target":["https:\/\/www.adf.org.br\/home\/revelacoes-de-nossa-senhora-de-fatima-aos-tres-pastorinhos\/"]}]},{"@type":"BreadcrumbList","@id":"https:\/\/www.adf.org.br\/home\/revelacoes-de-nossa-senhora-de-fatima-aos-tres-pastorinhos\/#breadcrumb","itemListElement":[{"@type":"ListItem","position":1,"name":"Home","item":"https:\/\/www.adf.org.br\/home\/"},{"@type":"ListItem","position":2,"name":"&#8221; O que acontece se ignorarmos as revela\u00e7\u00f5es de F\u00e1tima?&#8221; Leia essa mat\u00e9ria e descubra o que j\u00e1 aconteceu"}]},{"@type":"Person","@id":"https:\/\/www.adf.org.br\/home\/#\/schema\/person\/affa494ecf91434f3620f5392de44327","name":"Gabriel Barbosa","image":{"@type":"ImageObject","@id":"https:\/\/www.adf.org.br\/home\/#personlogo","inLanguage":"pt-BR","url":"https:\/\/secure.gravatar.com\/avatar\/ecf2eab02e30486a7038f8b2858de06a?s=96&d=mm&r=g","contentUrl":"https:\/\/secure.gravatar.com\/avatar\/ecf2eab02e30486a7038f8b2858de06a?s=96&d=mm&r=g","caption":"Gabriel Barbosa"},"url":"https:\/\/www.adf.org.br\/home\/author\/gabriel-aascj\/"}]}},"_links":{"self":[{"href":"https:\/\/www.adf.org.br\/home\/wp-json\/wp\/v2\/posts\/49666"}],"collection":[{"href":"https:\/\/www.adf.org.br\/home\/wp-json\/wp\/v2\/posts"}],"about":[{"href":"https:\/\/www.adf.org.br\/home\/wp-json\/wp\/v2\/types\/post"}],"author":[{"embeddable":true,"href":"https:\/\/www.adf.org.br\/home\/wp-json\/wp\/v2\/users\/27"}],"replies":[{"embeddable":true,"href":"https:\/\/www.adf.org.br\/home\/wp-json\/wp\/v2\/comments?post=49666"}],"version-history":[{"count":0,"href":"https:\/\/www.adf.org.br\/home\/wp-json\/wp\/v2\/posts\/49666\/revisions"}],"wp:featuredmedia":[{"embeddable":true,"href":"https:\/\/www.adf.org.br\/home\/wp-json\/wp\/v2\/media\/49667"}],"wp:attachment":[{"href":"https:\/\/www.adf.org.br\/home\/wp-json\/wp\/v2\/media?parent=49666"}],"wp:term":[{"taxonomy":"category","embeddable":true,"href":"https:\/\/www.adf.org.br\/home\/wp-json\/wp\/v2\/categories?post=49666"},{"taxonomy":"post_tag","embeddable":true,"href":"https:\/\/www.adf.org.br\/home\/wp-json\/wp\/v2\/tags?post=49666"}],"curies":[{"name":"wp","href":"https:\/\/api.w.org\/{rel}","templated":true}]}}