{"id":49574,"date":"2019-01-16T00:00:33","date_gmt":"2019-01-16T02:00:33","guid":{"rendered":"http:\/\/www.adf.org.br\/home\/?p=49574"},"modified":"2019-01-16T00:00:33","modified_gmt":"2019-01-16T02:00:33","slug":"pastorinhos-de-fatima-e-a-reparacao-sofrimento-de-jesus-e-maria","status":"publish","type":"post","link":"https:\/\/www.adf.org.br\/home\/pastorinhos-de-fatima-e-a-reparacao-sofrimento-de-jesus-e-maria\/","title":{"rendered":"Pastorinhos de F\u00e1tima: Desejo ardente em reparar o sofrimento de Jesus e Maria."},"content":{"rendered":"<figure id=\"attachment_49581\" aria-describedby=\"caption-attachment-49581\" style=\"width: 549px\" class=\"wp-caption aligncenter\"><img loading=\"lazy\" class=\"wp-image-49581\" src=\"https:\/\/www.adf.org.br\/home\/wp-content\/uploads\/2019\/01\/Pastorinhos-de-F\u00e1tima.jpg\" alt=\"Pastorinhos de F\u00e1tima\" width=\"549\" height=\"239\" \/><figcaption id=\"caption-attachment-49581\" class=\"wp-caption-text\"><span style=\"font-size: 12pt; color: #000000; font-family: verdana, geneva, sans-serif;\">L\u00facia, Francisco e Jacinta.<\/span><\/figcaption><\/figure>\n<p style=\"padding-left: 60px;\"><span style=\"color: #333333; font-family: verdana, geneva, sans-serif;\"><em>\u2013<span style=\"color: #000000;\"> <strong><span style=\"font-size: 18pt;\">C<\/span><\/strong><span style=\"font-size: 12pt;\">oitadinho de Nosso Senhor! Eu n\u00e3o hei-de fazer nunca nenhum pecado.<br \/>\nN\u00e3o quero que Nosso Senhor sofra mais.<\/span><\/span><\/em><\/span><\/p>\n<p><span style=\"font-size: 12pt; color: #000000; font-family: verdana, geneva, sans-serif;\">Palavras de L\u00facia ao conhecer toda a hist\u00f3ria e o sofrimento do Nosso Senhor Jesus Cristo.<\/span><\/p>\n<p><span style=\"font-size: 12pt; color: #000000; font-family: verdana, geneva, sans-serif;\">Chorava com tremenda Pena ao saber de tudo.\u00a0<\/span><\/p>\n<p><strong><span style=\"font-size: 12pt; font-family: verdana, geneva, sans-serif; color: #000000;\">Devemos ensinar ensinar nossos filhos a terem uma afinidade a mesmo altura com Jesus.<\/span><\/strong><\/p>\n<p><span style=\"color: #000000; font-family: verdana, geneva, sans-serif; font-size: 12pt;\">Jacinta, com 7 anos, possuindo uma imagina\u00e7\u00e3o um tanto quanto criativa.<\/span><\/p>\n<p><span style=\"color: #000000; font-family: verdana, geneva, sans-serif; font-size: 12pt;\">Chegava a comparar Nosso Senhor Jesus e a Virgem ao sol e a lua, eis o que ela dizia:<\/span><\/p>\n<p style=\"padding-left: 60px;\"><span style=\"font-size: 12pt; font-family: verdana, geneva, sans-serif; color: #000000;\"><em>\u2013 Ainda gosto mais da candeia de Nossa Senhora, que n\u00e3o nos queima nem cega; e a de Nosso Senhor, sim.<\/em><\/span><\/p>\n<p><span style=\"font-size: 12pt; color: #000000; font-family: verdana, geneva, sans-serif;\">J\u00e1 que sua sa\u00fade era um tanto quanto fraca, sofria imensamente com o calor.<\/span><\/p>\n<p><span style=\"font-size: 12pt; color: #000000; font-family: verdana, geneva, sans-serif;\">Independente da alta ou baixa temperatura.<\/span><\/p>\n<p><span style=\"color: #000000; font-family: verdana, geneva, sans-serif; font-size: 12pt;\">Tamanha era o amor e devo\u00e7\u00e3o que surgiu o desejo ardente em convertes os pecadores e de\u00a0oferecer sacrif\u00edcios a Jesus e Maria.<\/span><\/p>\n<p><span style=\"color: #000000; font-family: verdana, geneva, sans-serif; font-size: 12pt;\">Como crian\u00e7as, n\u00e3o tendo muito a estender, praticavam a mortifica\u00e7\u00e3o e a penit\u00eancia, abaixo voc\u00ea ler\u00e1 alguma delas:<\/span><\/p>\n<blockquote><p><span style=\"color: #000000;\"><span style=\"font-size: 12pt; font-family: verdana, geneva, sans-serif;\">Um ano antes das apari\u00e7\u00f5es, estava os tr\u00eas a caminho junto das ovelhas, at\u00e9 o mesmo que L\u00facia avista uma corda.<\/span><\/span><\/p>\n<p><span style=\"font-size: 12pt; font-family: verdana, geneva, sans-serif; color: #000000;\">Ao apanhar a corda, ela a amarra no pr\u00f3prio bra\u00e7o e ao ver que aquilo a trazia dor, disse aos seus primos.<\/span><\/p>\n<p style=\"padding-left: 60px;\"><strong><em><span style=\"font-size: 12pt; font-family: verdana, geneva, sans-serif; color: #000000;\">\u2013 Olhem: isto faz doer. Pod\u00edamos at\u00e1-la \u00e0 cinta e oferecer a Deus este sacrif\u00edcio.<\/span><\/em><\/strong><\/p>\n<p><span style=\"font-size: 12pt; font-family: verdana, geneva, sans-serif; color: #000000;\">Os tr\u00eas decidem dividir a corda. Jacinta chegar\u00e1 a derramar lagrimas de dor, mas dizia com\u00a0regozijo:<\/span><\/p>\n<p style=\"padding-left: 60px;\"><span style=\"color: #000000;\"><strong><em><span style=\"font-size: 12pt; font-family: verdana, geneva, sans-serif;\">\u2013 N\u00e3o! Quero oferecer este sacrif\u00edcio a Nosso Senhor, em repara\u00e7\u00e3o e pela convers\u00e3o dos pecadores.<\/span><\/em><\/strong><\/span><\/p>\n<p><span style=\"font-size: 12pt; font-family: verdana, geneva, sans-serif; color: #000000;\">E n\u00e3o parou por a\u00ed.\u00a0<\/span><\/p>\n<p><span style=\"font-size: 12pt; font-family: verdana, geneva, sans-serif; color: #000000;\">Noutro dia, brincavam apanhando algumas erva da parede e apertando-as com as m\u00e3os. <\/span><\/p>\n<p><span style=\"font-size: 12pt; font-family: verdana, geneva, sans-serif; color: #000000;\">Jacinta, sem nem perceber, apanhou sem querer uma urtiga, a qual a queimou logo em seguida, por\u00e9m a pegou novamente e disse:<\/span><\/p>\n<p style=\"padding-left: 60px;\"><span style=\"color: #000000;\"><strong><em><span style=\"font-size: 12pt; font-family: verdana, geneva, sans-serif;\">\u2013 Olhem, olhem outra coisa com que nos podemos mortificar!<\/span><\/em><\/strong><\/span><\/p>\n<p><span style=\"font-size: 12pt; font-family: verdana, geneva, sans-serif; color: #000000;\">Desde ent\u00e3o, tiveram o costume de, de vez em quando, dar golpes usando as urtigas nas pernas, para oferecerem a Deus aquele sacrif\u00edcio.<\/span><\/p><\/blockquote>\n<p><span style=\"color: #000000;\"><span style=\"font-size: 12pt; font-family: verdana, geneva, sans-serif;\">A r\u00edgida diferen\u00e7a entre as a\u00e7\u00f5es do tr\u00eas \u00e9 que Lucia e Jacinta faziam de tudo pela convers\u00e3o dos pecadores e Francisco para colocar o Cora\u00e7\u00e3o de Jesus, que para ele, \u00e9 a causa do sofrimento de Maria.<\/span><\/span><\/p>\n<p><span style=\"color: #000000;\"><span style=\"font-size: 12pt; font-family: verdana, geneva, sans-serif;\">Tanto em que pouco antes de falecer, disse:<\/span><\/span><\/p>\n<h5><span style=\"color: #000000;\"><strong><span style=\"font-size: 12pt; font-family: verdana, geneva, sans-serif;\">\u201cLogo estarei no c\u00e9u. E quando chegar, vou consolar muito Nosso Senhor e Nossa Senhora\u201d.<\/span><\/strong><\/span><\/h5>\n<hr \/>\n<p><span style=\"font-size: 12pt; color: #000000; font-family: verdana, geneva, sans-serif;\"><span style=\"font-size: 18pt;\"><strong>O<\/strong><\/span>s tr\u00eas foram os Primeiros\u00a0<a style=\"color: #000000;\" href=\"https:\/\/adf.org.br\/apostolosdefatima\/2\/?origem=9947\" target=\"_blank\" rel=\"noopener noreferrer\">Ap\u00f3stolos de F\u00e1tima!<\/a><\/span><\/p>\n<p><span style=\"font-size: 12pt; color: #000000; font-family: verdana, geneva, sans-serif;\">A import\u00e2ncia de reparar os atos contra Jesus atrav\u00e9s do Cora\u00e7\u00e3o de Maria, e Nossa Senhora de F\u00e1tima apareceu para nos passar isso.<\/span><\/p>\n<p style=\"padding-left: 60px;\"><em><span style=\"font-size: 12pt; color: #000000; font-family: verdana, geneva, sans-serif;\">Se os pastorinhos estivessem vivos hoje, ser\u00e1 que estariam satisfeitos com a situa\u00e7\u00e3o em que vivemos?<\/span><\/em><\/p>\n<p style=\"padding-left: 60px;\"><em><span style=\"font-size: 12pt; color: #000000; font-family: verdana, geneva, sans-serif;\">Provavelmente n\u00e3o!<\/span><\/em><\/p>\n<p style=\"padding-left: 60px;\"><em><span style=\"font-size: 12pt; color: #000000; font-family: verdana, geneva, sans-serif;\">Pois Nossa Senhora habita em poucos cora\u00e7\u00f5es.<\/span><\/em><\/p>\n<p><strong><span style=\"font-size: 12pt; color: #000000; font-family: verdana, geneva, sans-serif;\">Mas ela est\u00e1 presente no seu, n\u00e3o \u00e9 mesmo?<\/span><\/strong><\/p>\n<p><span style=\"font-size: 12pt; color: #000000; font-family: verdana, geneva, sans-serif;\">Saiba que \u00e9 gratificante saber disso.<\/span><\/p>\n<p><span style=\"font-size: 12pt; color: #000000; font-family: verdana, geneva, sans-serif;\">Pois \u00e9 de pessoas como voc\u00ea que Ela\u00a0precisa, pois o Vosso Imaculado Cora\u00e7\u00e3o precisa triunfar.<\/span><\/p>\n<p><span style=\"font-size: 12pt; color: #000000; font-family: verdana, geneva, sans-serif;\"><span style=\"color: #0000ff;\"><a style=\"color: #0000ff;\" href=\"https:\/\/adf.org.br\/apostolosdefatima\/2\/?origem=9947\" target=\"_blank\" rel=\"noopener noreferrer\">Clique aqui<\/a><\/span> e veja como voc\u00ea pode se tornar um Ap\u00f3stolo de F\u00e1tima!<\/span><\/p>\n","protected":false},"excerpt":{"rendered":"<p>\u2013 Coitadinho de Nosso Senhor! Eu n\u00e3o hei-de fazer nunca nenhum pecado. N\u00e3o quero que Nosso Senhor sofra mais. Palavras de L\u00facia ao conhecer toda a hist\u00f3ria e o sofrimento do Nosso Senhor Jesus Cristo. Chorava com tremenda Pena ao saber de tudo.\u00a0 Devemos ensinar ensinar nossos filhos a terem uma afinidade a mesmo altura [&hellip;]<\/p>\n","protected":false},"author":27,"featured_media":49581,"comment_status":"open","ping_status":"open","sticky":false,"template":"","format":"standard","meta":[],"categories":[20],"tags":[865,382,65,2350,2351,38,57,166,2352,2353,2354],"yoast_head":"<!-- This site is optimized with the Yoast SEO plugin v17.4 - https:\/\/yoast.com\/wordpress\/plugins\/seo\/ -->\n<title>Pastorinhos de F\u00e1tima: Desejo ardente em reparar o sofrimento de Jesus e Maria.<\/title>\n<meta name=\"description\" content=\"Mesmo crian\u00e7as, se importavam com a repara\u00e7\u00e3o as dores de Jesus e de Maria! Praticamente, nada mais importava para Jacinta, Francisco e L\u00facia.\" \/>\n<meta name=\"robots\" content=\"index, follow, max-snippet:-1, max-image-preview:large, max-video-preview:-1\" \/>\n<link rel=\"canonical\" href=\"https:\/\/www.adf.org.br\/home\/pastorinhos-de-fatima-e-a-reparacao-sofrimento-de-jesus-e-maria\/\" \/>\n<meta property=\"og:locale\" content=\"pt_BR\" \/>\n<meta property=\"og:type\" content=\"article\" \/>\n<meta property=\"og:title\" content=\"Pastorinhos de F\u00e1tima: Desejo ardente em reparar o sofrimento de Jesus e Maria.\" \/>\n<meta property=\"og:description\" content=\"Mesmo crian\u00e7as, se importavam com a repara\u00e7\u00e3o as dores de Jesus e de Maria! Praticamente, nada mais importava para Jacinta, Francisco e L\u00facia.\" \/>\n<meta property=\"og:url\" content=\"https:\/\/www.adf.org.br\/home\/pastorinhos-de-fatima-e-a-reparacao-sofrimento-de-jesus-e-maria\/\" \/>\n<meta property=\"og:site_name\" content=\"Associa\u00e7\u00e3o Devotos de F\u00e1tima\" \/>\n<meta property=\"article:published_time\" content=\"2019-01-16T02:00:33+00:00\" \/>\n<meta name=\"twitter:card\" content=\"summary_large_image\" \/>\n<meta name=\"twitter:label1\" content=\"Escrito por\" \/>\n\t<meta name=\"twitter:data1\" content=\"Gabriel Barbosa\" \/>\n\t<meta name=\"twitter:label2\" content=\"Est. tempo de leitura\" \/>\n\t<meta name=\"twitter:data2\" content=\"3 minutos\" \/>\n<script type=\"application\/ld+json\" class=\"yoast-schema-graph\">{\"@context\":\"https:\/\/schema.org\",\"@graph\":[{\"@type\":\"WebSite\",\"@id\":\"https:\/\/www.adf.org.br\/home\/#website\",\"url\":\"https:\/\/www.adf.org.br\/home\/\",\"name\":\"Associa\\u00e7\\u00e3o Devotos de F\\u00e1tima\",\"description\":\"Associa\\u00e7\\u00e3o Devotos de F\\u00e1tima\",\"potentialAction\":[{\"@type\":\"SearchAction\",\"target\":{\"@type\":\"EntryPoint\",\"urlTemplate\":\"https:\/\/www.adf.org.br\/home\/?s={search_term_string}\"},\"query-input\":\"required name=search_term_string\"}],\"inLanguage\":\"pt-BR\"},{\"@type\":\"ImageObject\",\"@id\":\"https:\/\/www.adf.org.br\/home\/pastorinhos-de-fatima-e-a-reparacao-sofrimento-de-jesus-e-maria\/#primaryimage\",\"inLanguage\":\"pt-BR\",\"url\":\"\",\"contentUrl\":\"\"},{\"@type\":\"WebPage\",\"@id\":\"https:\/\/www.adf.org.br\/home\/pastorinhos-de-fatima-e-a-reparacao-sofrimento-de-jesus-e-maria\/#webpage\",\"url\":\"https:\/\/www.adf.org.br\/home\/pastorinhos-de-fatima-e-a-reparacao-sofrimento-de-jesus-e-maria\/\",\"name\":\"Pastorinhos de F\\u00e1tima: Desejo ardente em reparar o sofrimento de Jesus e Maria.\",\"isPartOf\":{\"@id\":\"https:\/\/www.adf.org.br\/home\/#website\"},\"primaryImageOfPage\":{\"@id\":\"https:\/\/www.adf.org.br\/home\/pastorinhos-de-fatima-e-a-reparacao-sofrimento-de-jesus-e-maria\/#primaryimage\"},\"datePublished\":\"2019-01-16T02:00:33+00:00\",\"dateModified\":\"2019-01-16T02:00:33+00:00\",\"author\":{\"@id\":\"https:\/\/www.adf.org.br\/home\/#\/schema\/person\/affa494ecf91434f3620f5392de44327\"},\"description\":\"Mesmo crian\\u00e7as, se importavam com a repara\\u00e7\\u00e3o as dores de Jesus e de Maria! Praticamente, nada mais importava para Jacinta, Francisco e L\\u00facia.\",\"breadcrumb\":{\"@id\":\"https:\/\/www.adf.org.br\/home\/pastorinhos-de-fatima-e-a-reparacao-sofrimento-de-jesus-e-maria\/#breadcrumb\"},\"inLanguage\":\"pt-BR\",\"potentialAction\":[{\"@type\":\"ReadAction\",\"target\":[\"https:\/\/www.adf.org.br\/home\/pastorinhos-de-fatima-e-a-reparacao-sofrimento-de-jesus-e-maria\/\"]}]},{\"@type\":\"BreadcrumbList\",\"@id\":\"https:\/\/www.adf.org.br\/home\/pastorinhos-de-fatima-e-a-reparacao-sofrimento-de-jesus-e-maria\/#breadcrumb\",\"itemListElement\":[{\"@type\":\"ListItem\",\"position\":1,\"name\":\"Home\",\"item\":\"https:\/\/www.adf.org.br\/home\/\"},{\"@type\":\"ListItem\",\"position\":2,\"name\":\"Pastorinhos de F\\u00e1tima: Desejo ardente em reparar o sofrimento de Jesus e Maria.\"}]},{\"@type\":\"Person\",\"@id\":\"https:\/\/www.adf.org.br\/home\/#\/schema\/person\/affa494ecf91434f3620f5392de44327\",\"name\":\"Gabriel Barbosa\",\"image\":{\"@type\":\"ImageObject\",\"@id\":\"https:\/\/www.adf.org.br\/home\/#personlogo\",\"inLanguage\":\"pt-BR\",\"url\":\"https:\/\/secure.gravatar.com\/avatar\/ecf2eab02e30486a7038f8b2858de06a?s=96&d=mm&r=g\",\"contentUrl\":\"https:\/\/secure.gravatar.com\/avatar\/ecf2eab02e30486a7038f8b2858de06a?s=96&d=mm&r=g\",\"caption\":\"Gabriel Barbosa\"},\"url\":\"https:\/\/www.adf.org.br\/home\/author\/gabriel-aascj\/\"}]}<\/script>\n<!-- \/ Yoast SEO plugin. -->","yoast_head_json":{"title":"Pastorinhos de F\u00e1tima: Desejo ardente em reparar o sofrimento de Jesus e Maria.","description":"Mesmo crian\u00e7as, se importavam com a repara\u00e7\u00e3o as dores de Jesus e de Maria! Praticamente, nada mais importava para Jacinta, Francisco e L\u00facia.","robots":{"index":"index","follow":"follow","max-snippet":"max-snippet:-1","max-image-preview":"max-image-preview:large","max-video-preview":"max-video-preview:-1"},"canonical":"https:\/\/www.adf.org.br\/home\/pastorinhos-de-fatima-e-a-reparacao-sofrimento-de-jesus-e-maria\/","og_locale":"pt_BR","og_type":"article","og_title":"Pastorinhos de F\u00e1tima: Desejo ardente em reparar o sofrimento de Jesus e Maria.","og_description":"Mesmo crian\u00e7as, se importavam com a repara\u00e7\u00e3o as dores de Jesus e de Maria! Praticamente, nada mais importava para Jacinta, Francisco e L\u00facia.","og_url":"https:\/\/www.adf.org.br\/home\/pastorinhos-de-fatima-e-a-reparacao-sofrimento-de-jesus-e-maria\/","og_site_name":"Associa\u00e7\u00e3o Devotos de F\u00e1tima","article_published_time":"2019-01-16T02:00:33+00:00","twitter_card":"summary_large_image","twitter_misc":{"Escrito por":"Gabriel Barbosa","Est. tempo de leitura":"3 minutos"},"schema":{"@context":"https:\/\/schema.org","@graph":[{"@type":"WebSite","@id":"https:\/\/www.adf.org.br\/home\/#website","url":"https:\/\/www.adf.org.br\/home\/","name":"Associa\u00e7\u00e3o Devotos de F\u00e1tima","description":"Associa\u00e7\u00e3o Devotos de F\u00e1tima","potentialAction":[{"@type":"SearchAction","target":{"@type":"EntryPoint","urlTemplate":"https:\/\/www.adf.org.br\/home\/?s={search_term_string}"},"query-input":"required name=search_term_string"}],"inLanguage":"pt-BR"},{"@type":"ImageObject","@id":"https:\/\/www.adf.org.br\/home\/pastorinhos-de-fatima-e-a-reparacao-sofrimento-de-jesus-e-maria\/#primaryimage","inLanguage":"pt-BR","url":"","contentUrl":""},{"@type":"WebPage","@id":"https:\/\/www.adf.org.br\/home\/pastorinhos-de-fatima-e-a-reparacao-sofrimento-de-jesus-e-maria\/#webpage","url":"https:\/\/www.adf.org.br\/home\/pastorinhos-de-fatima-e-a-reparacao-sofrimento-de-jesus-e-maria\/","name":"Pastorinhos de F\u00e1tima: Desejo ardente em reparar o sofrimento de Jesus e Maria.","isPartOf":{"@id":"https:\/\/www.adf.org.br\/home\/#website"},"primaryImageOfPage":{"@id":"https:\/\/www.adf.org.br\/home\/pastorinhos-de-fatima-e-a-reparacao-sofrimento-de-jesus-e-maria\/#primaryimage"},"datePublished":"2019-01-16T02:00:33+00:00","dateModified":"2019-01-16T02:00:33+00:00","author":{"@id":"https:\/\/www.adf.org.br\/home\/#\/schema\/person\/affa494ecf91434f3620f5392de44327"},"description":"Mesmo crian\u00e7as, se importavam com a repara\u00e7\u00e3o as dores de Jesus e de Maria! Praticamente, nada mais importava para Jacinta, Francisco e L\u00facia.","breadcrumb":{"@id":"https:\/\/www.adf.org.br\/home\/pastorinhos-de-fatima-e-a-reparacao-sofrimento-de-jesus-e-maria\/#breadcrumb"},"inLanguage":"pt-BR","potentialAction":[{"@type":"ReadAction","target":["https:\/\/www.adf.org.br\/home\/pastorinhos-de-fatima-e-a-reparacao-sofrimento-de-jesus-e-maria\/"]}]},{"@type":"BreadcrumbList","@id":"https:\/\/www.adf.org.br\/home\/pastorinhos-de-fatima-e-a-reparacao-sofrimento-de-jesus-e-maria\/#breadcrumb","itemListElement":[{"@type":"ListItem","position":1,"name":"Home","item":"https:\/\/www.adf.org.br\/home\/"},{"@type":"ListItem","position":2,"name":"Pastorinhos de F\u00e1tima: Desejo ardente em reparar o sofrimento de Jesus e Maria."}]},{"@type":"Person","@id":"https:\/\/www.adf.org.br\/home\/#\/schema\/person\/affa494ecf91434f3620f5392de44327","name":"Gabriel Barbosa","image":{"@type":"ImageObject","@id":"https:\/\/www.adf.org.br\/home\/#personlogo","inLanguage":"pt-BR","url":"https:\/\/secure.gravatar.com\/avatar\/ecf2eab02e30486a7038f8b2858de06a?s=96&d=mm&r=g","contentUrl":"https:\/\/secure.gravatar.com\/avatar\/ecf2eab02e30486a7038f8b2858de06a?s=96&d=mm&r=g","caption":"Gabriel Barbosa"},"url":"https:\/\/www.adf.org.br\/home\/author\/gabriel-aascj\/"}]}},"_links":{"self":[{"href":"https:\/\/www.adf.org.br\/home\/wp-json\/wp\/v2\/posts\/49574"}],"collection":[{"href":"https:\/\/www.adf.org.br\/home\/wp-json\/wp\/v2\/posts"}],"about":[{"href":"https:\/\/www.adf.org.br\/home\/wp-json\/wp\/v2\/types\/post"}],"author":[{"embeddable":true,"href":"https:\/\/www.adf.org.br\/home\/wp-json\/wp\/v2\/users\/27"}],"replies":[{"embeddable":true,"href":"https:\/\/www.adf.org.br\/home\/wp-json\/wp\/v2\/comments?post=49574"}],"version-history":[{"count":0,"href":"https:\/\/www.adf.org.br\/home\/wp-json\/wp\/v2\/posts\/49574\/revisions"}],"wp:featuredmedia":[{"embeddable":true,"href":"https:\/\/www.adf.org.br\/home\/wp-json\/wp\/v2\/media\/49581"}],"wp:attachment":[{"href":"https:\/\/www.adf.org.br\/home\/wp-json\/wp\/v2\/media?parent=49574"}],"wp:term":[{"taxonomy":"category","embeddable":true,"href":"https:\/\/www.adf.org.br\/home\/wp-json\/wp\/v2\/categories?post=49574"},{"taxonomy":"post_tag","embeddable":true,"href":"https:\/\/www.adf.org.br\/home\/wp-json\/wp\/v2\/tags?post=49574"}],"curies":[{"name":"wp","href":"https:\/\/api.w.org\/{rel}","templated":true}]}}