{"id":49543,"date":"2019-01-15T00:00:11","date_gmt":"2019-01-15T02:00:11","guid":{"rendered":"http:\/\/www.adf.org.br\/home\/?p=49543"},"modified":"2019-01-15T00:00:11","modified_gmt":"2019-01-15T02:00:11","slug":"visao-de-fatima","status":"publish","type":"post","link":"https:\/\/www.adf.org.br\/home\/visao-de-fatima\/","title":{"rendered":"Nossa Senhora de F\u00e1tima: Um terr\u00edvel atentado, mas por tr\u00e1s, um grande sinal"},"content":{"rendered":"<p><span style=\"color: #000000; font-family: verdana, geneva, sans-serif; font-size: 12pt;\">Papa Jo\u00e3o Paulo II foi v\u00edtima de um grande atentado, mas por tr\u00e1s, uma grande revela\u00e7\u00e3o.<\/span><\/p>\n<p><span style=\"color: #000000; font-family: verdana, geneva, sans-serif; font-size: 12pt;\">Leia a mat\u00e9ria e descubra:\u00a0<\/span><\/p>\n<figure id=\"attachment_49546\" aria-describedby=\"caption-attachment-49546\" style=\"width: 410px\" class=\"wp-caption alignleft\"><img loading=\"lazy\" class=\"wp-image-49546\" src=\"https:\/\/www.adf.org.br\/home\/wp-content\/uploads\/2019\/01\/Atentado-Papa-J.P-II.jpg\" alt=\"Atentado Papa J.P II\" width=\"410\" height=\"236\" \/><figcaption id=\"caption-attachment-49546\" class=\"wp-caption-text\"><span style=\"font-size: 12pt;\"><em><span style=\"color: #000000; font-family: georgia, palatino, serif;\">Na imagem vemos o momento em que Mehmet Ali Agca atirar\u00e1 no Papa Jo\u00e3o Paulo II.<\/span><\/em><\/span><\/figcaption><\/figure>\n<p><span style=\"color: #000000; font-size: 12pt; font-family: verdana, geneva, sans-serif;\"><span style=\"font-size: 18pt;\"><b>O<\/b><\/span><span style=\"font-size: 12pt;\">correu<\/span><b>\u00a0<\/b><span style=\"font-size: 12pt;\">em 1981, quando foi v\u00edtima de um terr\u00edvel atentado, na Pra\u00e7a de S\u00e3o Pedro, no Vaticano.<\/span><\/span><\/p>\n<p><span style=\"color: #000000; font-size: 12pt; font-family: verdana, geneva, sans-serif;\">Prestes a discursas para uma audi\u00eancia, ele foi boleado por Mehmet Ali Agca, da pol\u00edcia secreta russa.Quando ele entrou na <em>Pra\u00e7a de S\u00e3o Pedro<\/em> para discursar para uma audi\u00eancia, ele foi baleado, por um atirador da pol\u00edcia secreta da russa.<\/span><\/p>\n<p style=\"padding-left: 60px;\"><span style=\"color: #800080;\"><em><span style=\"font-size: 12pt; font-family: verdana, geneva, sans-serif;\">Posteriormente, o papa entendeu que esse sinal foi para que todos entendam a vis\u00e3o de Nossa Senhora de F\u00e1tima sobre a R\u00fassia.\u00a0<\/span><\/em><\/span><\/p>\n<p><span style=\"color: #000000; font-size: 12pt; font-family: verdana, geneva, sans-serif;\">Jo\u00e3o Paulo II foi levado \u00e0s pressas para o hospital, durante o caminho perdera a consci\u00eancia devido a grande quantia de sangue que perdia.<\/span><\/p>\n<p style=\"padding-left: 60px;\"><strong><span style=\"color: #000000; font-family: verdana, geneva, sans-serif; font-size: 12pt;\">Os m\u00e9dicos relataram que mesmo inconsciente, n\u00e3o largou o Ter\u00e7o do Escapul\u00e1rio de Nossa Senhora do Carmo, at\u00e9 mesmo quando acordou rapidamente, ele disse aos m\u00e9dicos para n\u00e3o tirarem de sua m\u00e3o.<\/span><\/strong><\/p>\n<p><span style=\"font-size: 12pt; color: #000000; font-family: verdana, geneva, sans-serif;\">Foram, praticamente mais de cinco horas de cirurgia para tratar a hemorragia, fora as feridas abdominais causas pelo disparo. Al\u00e9m dele, mais 2 mulheres foram atingidas.<\/span><\/p>\n<p><strong><span style=\"color: #000000; font-size: 12pt; font-family: verdana, geneva, sans-serif;\">&#8221; Uma m\u00e3o que atirou, mas outra direcionou.&#8221;<\/span><\/strong><\/p>\n<p><span style=\"font-size: 12pt; color: #000000; font-family: verdana, geneva, sans-serif;\">Disse o Papa ap\u00f3s o ocorrido.<\/span><\/p>\n<p><span style=\"font-size: 12pt; font-family: verdana, geneva, sans-serif; color: #000000;\">Veja o momento do disparo no v\u00eddeo abaixo:<br \/>\n<span style=\"color: #ffffff;\">.<\/span><\/span><\/p>\n<p style=\"text-align: center;\"><iframe loading=\"lazy\" src=\"https:\/\/www.youtube.com\/embed\/TB-qwrs8zhM\" width=\"420\" height=\"300\" frameborder=\"0\" allowfullscreen=\"allowfullscreen\"><\/iframe><\/p>\n<p style=\"text-align: center;\"><span style=\"color: #ffffff;\">.<\/span><\/p>\n<p style=\"text-align: left;\"><img loading=\"lazy\" class=\"wp-image-49551 alignleft\" src=\"https:\/\/www.adf.org.br\/home\/wp-content\/uploads\/2019\/01\/Bala-na-Coroa-de-F\u00e1tima.jpg\" alt=\"Bala na Coroa de F\u00e1tima\" width=\"321\" height=\"214\" \/><\/p>\n<p><span style=\"font-size: 12pt; color: #000000; font-family: verdana, geneva, sans-serif;\">A bala que, causou\u00a0tremendo\u00a0transtorno, foi inserida na <em>coroa de Nossa Senhora de F\u00e1tima.<\/em><\/span><\/p>\n<p><span style=\"font-size: 12pt; color: #000000; font-family: verdana, geneva, sans-serif;\">Em Portugal, na Capelinha das Apari\u00e7\u00f5es.<\/span><\/p>\n<p><span style=\"font-size: 12pt; color: #000000; font-family: verdana, geneva, sans-serif;\">Era preciso saber um local agrad\u00e1vel para inserir a bala sem denegrir a bel\u00edssima imagem dEla.<\/span><\/p>\n<p><strong><span style=\"font-size: 12pt; color: #000000; font-family: verdana, geneva, sans-serif;\">Por coincid\u00eancia, notaram que havia um orif\u00edcio bem abaixo da coroa, l<\/span><span style=\"font-size: 12pt; color: #000000; font-family: verdana, geneva, sans-serif;\">ocalizado no inferior a orbe azul celeste, com o mesmo di\u00e2metro do proj\u00e9til, 9mm.<\/span><\/strong><\/p>\n<p><span style=\"font-size: 12pt; color: #000000; font-family: verdana, geneva, sans-serif;\">Os especialistas colocaram a bala naquele orif\u00edcio e l\u00e1 se ajustou perfeitamente como se aquele lugar tivesse sido reservado j\u00e1 para isso.<\/span><\/p>\n<p><span style=\"font-size: 12pt; color: #000000; font-family: verdana, geneva, sans-serif;\">Ningu\u00e9m sabe quem deixou e por que deixou aquele um espa\u00e7o naquela regi\u00e3o da coroa.<\/span><\/p>\n<p><span style=\"font-size: 12pt; color: #000000; font-family: verdana, geneva, sans-serif;\">At\u00e9 a bala que atingiu o Papa Jo\u00e3o Paulo II, permanece junto de Nossa Senhora de F\u00e1tima.<\/span><\/p>\n<h5><span style=\"font-size: 12pt; color: #000000; font-family: verdana, geneva, sans-serif;\">Como o pr\u00f3prio papa afirmou, Ela foi quem guiou a bala.<\/span><\/h5>\n<hr \/>\n<p><a href=\"https:\/\/adf.org.br\/velario\/?origem=4547\" target=\"_blank\" rel=\"noopener noreferrer\"><img loading=\"lazy\" class=\"aligncenter wp-image-49552\" src=\"https:\/\/www.adf.org.br\/home\/wp-content\/uploads\/2019\/01\/testeira-vela-de-lourdes-adf.gif\" alt=\"testeira-vela-de-lourdes-adf\" width=\"467\" height=\"273\" \/><\/a><\/p>\n","protected":false},"excerpt":{"rendered":"<p>Papa Jo\u00e3o Paulo II foi v\u00edtima de um grande atentado, mas por tr\u00e1s, uma grande revela\u00e7\u00e3o. Leia a mat\u00e9ria e descubra:\u00a0 Ocorreu\u00a0em 1981, quando foi v\u00edtima de um terr\u00edvel atentado, na Pra\u00e7a de S\u00e3o Pedro, no Vaticano. Prestes a discursas para uma audi\u00eancia, ele foi boleado por Mehmet Ali Agca, da pol\u00edcia secreta russa.Quando ele [&hellip;]<\/p>\n","protected":false},"author":27,"featured_media":49558,"comment_status":"open","ping_status":"open","sticky":false,"template":"","format":"standard","meta":[],"categories":[20],"tags":[2344,2345,2346,38,57,2347,2337,679,2348],"yoast_head":"<!-- This site is optimized with the Yoast SEO plugin v17.4 - https:\/\/yoast.com\/wordpress\/plugins\/seo\/ -->\n<title>Nossa Senhora de F\u00e1tima: Um terr\u00edvel atentado, mas por tr\u00e1s, um grande sinal<\/title>\n<meta name=\"description\" content=\"Revela\u00e7\u00e3o de F\u00e1tima sobre a R\u00fassia, veja esse momento hist\u00f3rico que chocou toda a igreja. N\u00e3o deixe de ler\" \/>\n<meta name=\"robots\" content=\"index, follow, max-snippet:-1, max-image-preview:large, max-video-preview:-1\" \/>\n<link rel=\"canonical\" href=\"https:\/\/www.adf.org.br\/home\/visao-de-fatima\/\" \/>\n<meta property=\"og:locale\" content=\"pt_BR\" \/>\n<meta property=\"og:type\" content=\"article\" \/>\n<meta property=\"og:title\" content=\"Nossa Senhora de F\u00e1tima: Um terr\u00edvel atentado, mas por tr\u00e1s, um grande sinal\" \/>\n<meta property=\"og:description\" content=\"Revela\u00e7\u00e3o de F\u00e1tima sobre a R\u00fassia, veja esse momento hist\u00f3rico que chocou toda a igreja. N\u00e3o deixe de ler\" \/>\n<meta property=\"og:url\" content=\"https:\/\/www.adf.org.br\/home\/visao-de-fatima\/\" \/>\n<meta property=\"og:site_name\" content=\"Associa\u00e7\u00e3o Devotos de F\u00e1tima\" \/>\n<meta property=\"article:published_time\" content=\"2019-01-15T02:00:11+00:00\" \/>\n<meta name=\"twitter:card\" content=\"summary_large_image\" \/>\n<meta name=\"twitter:label1\" content=\"Escrito por\" \/>\n\t<meta name=\"twitter:data1\" content=\"Gabriel Barbosa\" \/>\n\t<meta name=\"twitter:label2\" content=\"Est. tempo de leitura\" \/>\n\t<meta name=\"twitter:data2\" content=\"2 minutos\" \/>\n<script type=\"application\/ld+json\" class=\"yoast-schema-graph\">{\"@context\":\"https:\/\/schema.org\",\"@graph\":[{\"@type\":\"WebSite\",\"@id\":\"https:\/\/www.adf.org.br\/home\/#website\",\"url\":\"https:\/\/www.adf.org.br\/home\/\",\"name\":\"Associa\\u00e7\\u00e3o Devotos de F\\u00e1tima\",\"description\":\"Associa\\u00e7\\u00e3o Devotos de F\\u00e1tima\",\"potentialAction\":[{\"@type\":\"SearchAction\",\"target\":{\"@type\":\"EntryPoint\",\"urlTemplate\":\"https:\/\/www.adf.org.br\/home\/?s={search_term_string}\"},\"query-input\":\"required name=search_term_string\"}],\"inLanguage\":\"pt-BR\"},{\"@type\":\"ImageObject\",\"@id\":\"https:\/\/www.adf.org.br\/home\/visao-de-fatima\/#primaryimage\",\"inLanguage\":\"pt-BR\",\"url\":\"\",\"contentUrl\":\"\"},{\"@type\":\"WebPage\",\"@id\":\"https:\/\/www.adf.org.br\/home\/visao-de-fatima\/#webpage\",\"url\":\"https:\/\/www.adf.org.br\/home\/visao-de-fatima\/\",\"name\":\"Nossa Senhora de F\\u00e1tima: Um terr\\u00edvel atentado, mas por tr\\u00e1s, um grande sinal\",\"isPartOf\":{\"@id\":\"https:\/\/www.adf.org.br\/home\/#website\"},\"primaryImageOfPage\":{\"@id\":\"https:\/\/www.adf.org.br\/home\/visao-de-fatima\/#primaryimage\"},\"datePublished\":\"2019-01-15T02:00:11+00:00\",\"dateModified\":\"2019-01-15T02:00:11+00:00\",\"author\":{\"@id\":\"https:\/\/www.adf.org.br\/home\/#\/schema\/person\/affa494ecf91434f3620f5392de44327\"},\"description\":\"Revela\\u00e7\\u00e3o de F\\u00e1tima sobre a R\\u00fassia, veja esse momento hist\\u00f3rico que chocou toda a igreja. N\\u00e3o deixe de ler\",\"breadcrumb\":{\"@id\":\"https:\/\/www.adf.org.br\/home\/visao-de-fatima\/#breadcrumb\"},\"inLanguage\":\"pt-BR\",\"potentialAction\":[{\"@type\":\"ReadAction\",\"target\":[\"https:\/\/www.adf.org.br\/home\/visao-de-fatima\/\"]}]},{\"@type\":\"BreadcrumbList\",\"@id\":\"https:\/\/www.adf.org.br\/home\/visao-de-fatima\/#breadcrumb\",\"itemListElement\":[{\"@type\":\"ListItem\",\"position\":1,\"name\":\"Home\",\"item\":\"https:\/\/www.adf.org.br\/home\/\"},{\"@type\":\"ListItem\",\"position\":2,\"name\":\"Nossa Senhora de F\\u00e1tima: Um terr\\u00edvel atentado, mas por tr\\u00e1s, um grande sinal\"}]},{\"@type\":\"Person\",\"@id\":\"https:\/\/www.adf.org.br\/home\/#\/schema\/person\/affa494ecf91434f3620f5392de44327\",\"name\":\"Gabriel Barbosa\",\"image\":{\"@type\":\"ImageObject\",\"@id\":\"https:\/\/www.adf.org.br\/home\/#personlogo\",\"inLanguage\":\"pt-BR\",\"url\":\"https:\/\/secure.gravatar.com\/avatar\/ecf2eab02e30486a7038f8b2858de06a?s=96&d=mm&r=g\",\"contentUrl\":\"https:\/\/secure.gravatar.com\/avatar\/ecf2eab02e30486a7038f8b2858de06a?s=96&d=mm&r=g\",\"caption\":\"Gabriel Barbosa\"},\"url\":\"https:\/\/www.adf.org.br\/home\/author\/gabriel-aascj\/\"}]}<\/script>\n<!-- \/ Yoast SEO plugin. -->","yoast_head_json":{"title":"Nossa Senhora de F\u00e1tima: Um terr\u00edvel atentado, mas por tr\u00e1s, um grande sinal","description":"Revela\u00e7\u00e3o de F\u00e1tima sobre a R\u00fassia, veja esse momento hist\u00f3rico que chocou toda a igreja. N\u00e3o deixe de ler","robots":{"index":"index","follow":"follow","max-snippet":"max-snippet:-1","max-image-preview":"max-image-preview:large","max-video-preview":"max-video-preview:-1"},"canonical":"https:\/\/www.adf.org.br\/home\/visao-de-fatima\/","og_locale":"pt_BR","og_type":"article","og_title":"Nossa Senhora de F\u00e1tima: Um terr\u00edvel atentado, mas por tr\u00e1s, um grande sinal","og_description":"Revela\u00e7\u00e3o de F\u00e1tima sobre a R\u00fassia, veja esse momento hist\u00f3rico que chocou toda a igreja. N\u00e3o deixe de ler","og_url":"https:\/\/www.adf.org.br\/home\/visao-de-fatima\/","og_site_name":"Associa\u00e7\u00e3o Devotos de F\u00e1tima","article_published_time":"2019-01-15T02:00:11+00:00","twitter_card":"summary_large_image","twitter_misc":{"Escrito por":"Gabriel Barbosa","Est. tempo de leitura":"2 minutos"},"schema":{"@context":"https:\/\/schema.org","@graph":[{"@type":"WebSite","@id":"https:\/\/www.adf.org.br\/home\/#website","url":"https:\/\/www.adf.org.br\/home\/","name":"Associa\u00e7\u00e3o Devotos de F\u00e1tima","description":"Associa\u00e7\u00e3o Devotos de F\u00e1tima","potentialAction":[{"@type":"SearchAction","target":{"@type":"EntryPoint","urlTemplate":"https:\/\/www.adf.org.br\/home\/?s={search_term_string}"},"query-input":"required name=search_term_string"}],"inLanguage":"pt-BR"},{"@type":"ImageObject","@id":"https:\/\/www.adf.org.br\/home\/visao-de-fatima\/#primaryimage","inLanguage":"pt-BR","url":"","contentUrl":""},{"@type":"WebPage","@id":"https:\/\/www.adf.org.br\/home\/visao-de-fatima\/#webpage","url":"https:\/\/www.adf.org.br\/home\/visao-de-fatima\/","name":"Nossa Senhora de F\u00e1tima: Um terr\u00edvel atentado, mas por tr\u00e1s, um grande sinal","isPartOf":{"@id":"https:\/\/www.adf.org.br\/home\/#website"},"primaryImageOfPage":{"@id":"https:\/\/www.adf.org.br\/home\/visao-de-fatima\/#primaryimage"},"datePublished":"2019-01-15T02:00:11+00:00","dateModified":"2019-01-15T02:00:11+00:00","author":{"@id":"https:\/\/www.adf.org.br\/home\/#\/schema\/person\/affa494ecf91434f3620f5392de44327"},"description":"Revela\u00e7\u00e3o de F\u00e1tima sobre a R\u00fassia, veja esse momento hist\u00f3rico que chocou toda a igreja. N\u00e3o deixe de ler","breadcrumb":{"@id":"https:\/\/www.adf.org.br\/home\/visao-de-fatima\/#breadcrumb"},"inLanguage":"pt-BR","potentialAction":[{"@type":"ReadAction","target":["https:\/\/www.adf.org.br\/home\/visao-de-fatima\/"]}]},{"@type":"BreadcrumbList","@id":"https:\/\/www.adf.org.br\/home\/visao-de-fatima\/#breadcrumb","itemListElement":[{"@type":"ListItem","position":1,"name":"Home","item":"https:\/\/www.adf.org.br\/home\/"},{"@type":"ListItem","position":2,"name":"Nossa Senhora de F\u00e1tima: Um terr\u00edvel atentado, mas por tr\u00e1s, um grande sinal"}]},{"@type":"Person","@id":"https:\/\/www.adf.org.br\/home\/#\/schema\/person\/affa494ecf91434f3620f5392de44327","name":"Gabriel Barbosa","image":{"@type":"ImageObject","@id":"https:\/\/www.adf.org.br\/home\/#personlogo","inLanguage":"pt-BR","url":"https:\/\/secure.gravatar.com\/avatar\/ecf2eab02e30486a7038f8b2858de06a?s=96&d=mm&r=g","contentUrl":"https:\/\/secure.gravatar.com\/avatar\/ecf2eab02e30486a7038f8b2858de06a?s=96&d=mm&r=g","caption":"Gabriel Barbosa"},"url":"https:\/\/www.adf.org.br\/home\/author\/gabriel-aascj\/"}]}},"_links":{"self":[{"href":"https:\/\/www.adf.org.br\/home\/wp-json\/wp\/v2\/posts\/49543"}],"collection":[{"href":"https:\/\/www.adf.org.br\/home\/wp-json\/wp\/v2\/posts"}],"about":[{"href":"https:\/\/www.adf.org.br\/home\/wp-json\/wp\/v2\/types\/post"}],"author":[{"embeddable":true,"href":"https:\/\/www.adf.org.br\/home\/wp-json\/wp\/v2\/users\/27"}],"replies":[{"embeddable":true,"href":"https:\/\/www.adf.org.br\/home\/wp-json\/wp\/v2\/comments?post=49543"}],"version-history":[{"count":0,"href":"https:\/\/www.adf.org.br\/home\/wp-json\/wp\/v2\/posts\/49543\/revisions"}],"wp:featuredmedia":[{"embeddable":true,"href":"https:\/\/www.adf.org.br\/home\/wp-json\/wp\/v2\/media\/49558"}],"wp:attachment":[{"href":"https:\/\/www.adf.org.br\/home\/wp-json\/wp\/v2\/media?parent=49543"}],"wp:term":[{"taxonomy":"category","embeddable":true,"href":"https:\/\/www.adf.org.br\/home\/wp-json\/wp\/v2\/categories?post=49543"},{"taxonomy":"post_tag","embeddable":true,"href":"https:\/\/www.adf.org.br\/home\/wp-json\/wp\/v2\/tags?post=49543"}],"curies":[{"name":"wp","href":"https:\/\/api.w.org\/{rel}","templated":true}]}}