{"id":49500,"date":"2019-01-12T00:00:26","date_gmt":"2019-01-12T02:00:26","guid":{"rendered":"http:\/\/www.adf.org.br\/home\/?p=49500"},"modified":"2019-01-12T00:00:26","modified_gmt":"2019-01-12T02:00:26","slug":"mae-de-misericordia","status":"publish","type":"post","link":"https:\/\/www.adf.org.br\/home\/mae-de-misericordia\/","title":{"rendered":"O que ainda podemos aprender com a mensagem de Nossa Senhora de F\u00e1tima? Descubra:"},"content":{"rendered":"<p style=\"text-align: center;\"><strong><img loading=\"lazy\" class=\"wp-image-36907 aligncenter\" title=\"Nossa Senhora de F\u00e1tima.\" src=\"http:\/\/www.adf.org.br\/home\/wp-content\/uploads\/2016\/01\/Retrospecto-16.jpg\" sizes=\"(max-width: 445px) 100vw, 445px\" srcset=\"https:\/\/www.adf.org.br\/home\/wp-content\/uploads\/2016\/01\/Retrospecto-16.jpg 814w, https:\/\/www.adf.org.br\/home\/wp-content\/uploads\/2016\/01\/Retrospecto-16-238x300.jpg 238w\" alt=\"Nossa Senhora de F\u00e1tima e o caos de nossa sociedade moderna!\" width=\"445\" height=\"560\" \/><\/strong><\/p>\n<h5 style=\"text-align: center;\"><span style=\"color: #000000; font-size: 12pt; font-family: verdana, geneva, sans-serif;\"><strong><span style=\"color: #ffffff;\">.<\/span><br \/>\n&#8220;O futuro s\u00f3 Deus o\u00a0conhece.<br \/>\nNingu\u00e9m poderia se surpreender se toda a estrutura da civiliza\u00e7\u00e3o viesse a desabar tragicamente.&#8221;<\/strong><\/span><\/h5>\n<h5 style=\"text-align: left;\"><span style=\"color: #000000; font-size: 12pt; font-family: verdana, geneva, sans-serif;\"><span style=\"font-size: 18pt;\"><strong>M<\/strong><\/span>as\u2026\u00a0<\/span><span style=\"color: #000000; font-size: 12pt; font-family: verdana, geneva, sans-serif;\">Entre as desola\u00e7\u00f5es da \u00e9poca presente, j\u00e1 existe um pren\u00fancio de vit\u00f3ria: a a\u00e7\u00e3o por assim dizer vis\u00edvel, da Virgem Sant\u00edssima na Terra.\u00a0<\/span><\/h5>\n<p style=\"padding-left: 60px;\"><em><span style=\"color: #000000; font-size: 12pt; font-family: verdana, geneva, sans-serif;\">\u201cTodas as circunstancias parecem adequadas a um triunfo imenso da Virgem.<\/span><\/em><\/p>\n<p style=\"padding-left: 60px;\"><em><span style=\"color: #000000; font-size: 12pt; font-family: verdana, geneva, sans-serif;\">A crise \u00e9 tr\u00e1gica.<\/span><\/em><\/p>\n<p style=\"padding-left: 60px;\"><em><span style=\"color: #000000; font-size: 12pt; font-family: verdana, geneva, sans-serif;\">Ela se aproxima do auge. [\u2026]<\/span><\/em><\/p>\n<p style=\"padding-left: 60px;\"><em><span style=\"color: #000000; font-size: 12pt; font-family: verdana, geneva, sans-serif;\">Todas as caracter\u00edsticas de uma situa\u00e7\u00e3o humanamente perdida parecem acumular-se n\u00e3o s\u00f3 t\u00edpica, mas arque tipicamente no momento presente.&#8221;<\/span><\/em><\/p>\n<p><span style=\"color: #000000; font-size: 12pt; font-family: verdana, geneva, sans-serif;\">Quem nos poderia salvar?<\/span><\/p>\n<p><span style=\"color: #000000; font-size: 12pt; font-family: verdana, geneva, sans-serif;\">Somente quem tivesse um desejo sem limites, uma complac\u00eancia de M\u00e3e ilimitadamente boa, generosa, exor\u00e1vel.<\/span><\/p>\n<p style=\"padding-left: 60px;\"><span style=\"color: #000000; font-size: 12pt; font-family: verdana, geneva, sans-serif;\"><strong><br \/>\nEla \u00e9 M\u00e3e nossa, e M\u00e3e de Deus.<\/strong><\/span><\/p>\n<p style=\"padding-left: 60px;\"><span style=\"color: #000000; font-size: 12pt; font-family: verdana, geneva, sans-serif;\"><strong>Como n\u00e3o perceber que tantos desastres e tantos pecados por assim dizer clamam pela interven\u00e7\u00e3o de Maria Sant\u00edssima?<\/strong><\/span><\/p>\n<p><span style=\"color: #000000; font-size: 12pt; font-family: verdana, geneva, sans-serif;\">E como n\u00e3o perceber que ela atender\u00e1 a este clamor?<\/span><\/p>\n<p><em><span style=\"color: #000000; font-size: 12pt; font-family: verdana, geneva, sans-serif;\">\u201cQuando? Durante o grande drama que se aproxima? Depois dele? N\u00e3o sabemos.<\/span><\/em><\/p>\n<p><em><span style=\"color: #000000; font-size: 12pt; font-family: verdana, geneva, sans-serif;\">Por\u00e9m uma coisa parece absolutamente prov\u00e1vel:<\/span><\/em><\/p>\n<p><em><span style=\"color: #000000; font-size: 12pt; font-family: verdana, geneva, sans-serif;\">\u00c9 que Nossa Senhora de F\u00e1tima Sant\u00edssima n\u00e3o prepara para a Santa Igreja, como desfecho desta crise, s\u00e9culos de agonia e de dor, mas uma era de triunfo universal\u201d.<\/span><\/em><\/p>\n<p><span style=\"color: #000000; font-size: 12pt; font-family: verdana, geneva, sans-serif;\">Propagar a devo\u00e7\u00e3o ao <span style=\"color: #800080;\">Imaculado Cora\u00e7\u00e3o de Maria<\/span> para alcan\u00e7armos os auges e a era de gl\u00f3ria junto de Nossa Senhora.<\/span><\/p>\n<p><span style=\"color: #000000; font-size: 12pt; font-family: verdana, geneva, sans-serif;\">Se torne um <span style=\"color: #0000ff;\"><a style=\"color: #0000ff;\" href=\"https:\/\/adf.org.br\/apostolosdefatima\/2\/?origem=4547#\" target=\"_blank\" rel=\"noopener noreferrer\">Ap\u00f3stolo de F\u00e1tima!<\/a><\/span><\/span><\/p>\n<p><span style=\"color: #000000; font-size: 12pt; font-family: verdana, geneva, sans-serif;\">Os participantes nos ajudam a propagar a devo\u00e7\u00e3o, hist\u00f3ria, mensagens e promessas dEla.<\/span><\/p>\n<p><span style=\"color: #000000; font-size: 12pt; font-family: verdana, geneva, sans-serif;\"><span style=\"color: #0000ff;\"><a style=\"color: #0000ff;\" href=\"https:\/\/adf.org.br\/apostolosdefatima\/2\/?origem=4547#\" target=\"_blank\" rel=\"noopener noreferrer\">Clique aqui<\/a><\/span> e veja como participar.<\/span><\/p>\n<p><strong><span style=\"color: #000000; font-size: 12pt; font-family: verdana, geneva, sans-serif;\">O seu nome poder\u00e1 ser levado at\u00e9 o santu\u00e1rio de Nossa Senhora de F\u00e1tima.<\/span><\/strong><\/p>\n<hr \/>\n<p><span style=\"font-family: georgia, palatino, serif; font-size: 12pt; color: #000000;\"><em>N\u00e3o deixe de compartilhar!<\/em><\/span><\/p>\n","protected":false},"excerpt":{"rendered":"<p>. &#8220;O futuro s\u00f3 Deus o\u00a0conhece. Ningu\u00e9m poderia se surpreender se toda a estrutura da civiliza\u00e7\u00e3o viesse a desabar tragicamente.&#8221; Mas\u2026\u00a0Entre as desola\u00e7\u00f5es da \u00e9poca presente, j\u00e1 existe um pren\u00fancio de vit\u00f3ria: a a\u00e7\u00e3o por assim dizer vis\u00edvel, da Virgem Sant\u00edssima na Terra.\u00a0 \u201cTodas as circunstancias parecem adequadas a um triunfo imenso da Virgem. A [&hellip;]<\/p>\n","protected":false},"author":27,"featured_media":49504,"comment_status":"open","ping_status":"open","sticky":false,"template":"","format":"standard","meta":[],"categories":[20],"tags":[2242,2328,2329,249,38,57,470],"yoast_head":"<!-- This site is optimized with the Yoast SEO plugin v17.4 - https:\/\/yoast.com\/wordpress\/plugins\/seo\/ -->\n<title>O que ainda podemos aprender com a mensagem de Nossa Senhora de F\u00e1tima? Descubra:<\/title>\n<meta name=\"description\" content=\"Nossa Senhora de F\u00e1tima possui a express\u00e3o do perd\u00e3o! Entenda melhor lendo essa mat\u00e9ria\" \/>\n<meta name=\"robots\" content=\"index, follow, max-snippet:-1, max-image-preview:large, max-video-preview:-1\" \/>\n<link rel=\"canonical\" href=\"https:\/\/www.adf.org.br\/home\/mae-de-misericordia\/\" \/>\n<meta property=\"og:locale\" content=\"pt_BR\" \/>\n<meta property=\"og:type\" content=\"article\" \/>\n<meta property=\"og:title\" content=\"O que ainda podemos aprender com a mensagem de Nossa Senhora de F\u00e1tima? Descubra:\" \/>\n<meta property=\"og:description\" content=\"Nossa Senhora de F\u00e1tima possui a express\u00e3o do perd\u00e3o! Entenda melhor lendo essa mat\u00e9ria\" \/>\n<meta property=\"og:url\" content=\"https:\/\/www.adf.org.br\/home\/mae-de-misericordia\/\" \/>\n<meta property=\"og:site_name\" content=\"Associa\u00e7\u00e3o Devotos de F\u00e1tima\" \/>\n<meta property=\"article:published_time\" content=\"2019-01-12T02:00:26+00:00\" \/>\n<meta name=\"twitter:card\" content=\"summary_large_image\" \/>\n<meta name=\"twitter:label1\" content=\"Escrito por\" \/>\n\t<meta name=\"twitter:data1\" content=\"Gabriel Barbosa\" \/>\n\t<meta name=\"twitter:label2\" content=\"Est. tempo de leitura\" \/>\n\t<meta name=\"twitter:data2\" content=\"1 minuto\" \/>\n<script type=\"application\/ld+json\" class=\"yoast-schema-graph\">{\"@context\":\"https:\/\/schema.org\",\"@graph\":[{\"@type\":\"WebSite\",\"@id\":\"https:\/\/www.adf.org.br\/home\/#website\",\"url\":\"https:\/\/www.adf.org.br\/home\/\",\"name\":\"Associa\\u00e7\\u00e3o Devotos de F\\u00e1tima\",\"description\":\"Associa\\u00e7\\u00e3o Devotos de F\\u00e1tima\",\"potentialAction\":[{\"@type\":\"SearchAction\",\"target\":{\"@type\":\"EntryPoint\",\"urlTemplate\":\"https:\/\/www.adf.org.br\/home\/?s={search_term_string}\"},\"query-input\":\"required name=search_term_string\"}],\"inLanguage\":\"pt-BR\"},{\"@type\":\"ImageObject\",\"@id\":\"https:\/\/www.adf.org.br\/home\/mae-de-misericordia\/#primaryimage\",\"inLanguage\":\"pt-BR\",\"url\":\"\",\"contentUrl\":\"\"},{\"@type\":\"WebPage\",\"@id\":\"https:\/\/www.adf.org.br\/home\/mae-de-misericordia\/#webpage\",\"url\":\"https:\/\/www.adf.org.br\/home\/mae-de-misericordia\/\",\"name\":\"O que ainda podemos aprender com a mensagem de Nossa Senhora de F\\u00e1tima? Descubra:\",\"isPartOf\":{\"@id\":\"https:\/\/www.adf.org.br\/home\/#website\"},\"primaryImageOfPage\":{\"@id\":\"https:\/\/www.adf.org.br\/home\/mae-de-misericordia\/#primaryimage\"},\"datePublished\":\"2019-01-12T02:00:26+00:00\",\"dateModified\":\"2019-01-12T02:00:26+00:00\",\"author\":{\"@id\":\"https:\/\/www.adf.org.br\/home\/#\/schema\/person\/affa494ecf91434f3620f5392de44327\"},\"description\":\"Nossa Senhora de F\\u00e1tima possui a express\\u00e3o do perd\\u00e3o! Entenda melhor lendo essa mat\\u00e9ria\",\"breadcrumb\":{\"@id\":\"https:\/\/www.adf.org.br\/home\/mae-de-misericordia\/#breadcrumb\"},\"inLanguage\":\"pt-BR\",\"potentialAction\":[{\"@type\":\"ReadAction\",\"target\":[\"https:\/\/www.adf.org.br\/home\/mae-de-misericordia\/\"]}]},{\"@type\":\"BreadcrumbList\",\"@id\":\"https:\/\/www.adf.org.br\/home\/mae-de-misericordia\/#breadcrumb\",\"itemListElement\":[{\"@type\":\"ListItem\",\"position\":1,\"name\":\"Home\",\"item\":\"https:\/\/www.adf.org.br\/home\/\"},{\"@type\":\"ListItem\",\"position\":2,\"name\":\"O que ainda podemos aprender com a mensagem de Nossa Senhora de F\\u00e1tima? Descubra:\"}]},{\"@type\":\"Person\",\"@id\":\"https:\/\/www.adf.org.br\/home\/#\/schema\/person\/affa494ecf91434f3620f5392de44327\",\"name\":\"Gabriel Barbosa\",\"image\":{\"@type\":\"ImageObject\",\"@id\":\"https:\/\/www.adf.org.br\/home\/#personlogo\",\"inLanguage\":\"pt-BR\",\"url\":\"https:\/\/secure.gravatar.com\/avatar\/ecf2eab02e30486a7038f8b2858de06a?s=96&d=mm&r=g\",\"contentUrl\":\"https:\/\/secure.gravatar.com\/avatar\/ecf2eab02e30486a7038f8b2858de06a?s=96&d=mm&r=g\",\"caption\":\"Gabriel Barbosa\"},\"url\":\"https:\/\/www.adf.org.br\/home\/author\/gabriel-aascj\/\"}]}<\/script>\n<!-- \/ Yoast SEO plugin. -->","yoast_head_json":{"title":"O que ainda podemos aprender com a mensagem de Nossa Senhora de F\u00e1tima? Descubra:","description":"Nossa Senhora de F\u00e1tima possui a express\u00e3o do perd\u00e3o! Entenda melhor lendo essa mat\u00e9ria","robots":{"index":"index","follow":"follow","max-snippet":"max-snippet:-1","max-image-preview":"max-image-preview:large","max-video-preview":"max-video-preview:-1"},"canonical":"https:\/\/www.adf.org.br\/home\/mae-de-misericordia\/","og_locale":"pt_BR","og_type":"article","og_title":"O que ainda podemos aprender com a mensagem de Nossa Senhora de F\u00e1tima? Descubra:","og_description":"Nossa Senhora de F\u00e1tima possui a express\u00e3o do perd\u00e3o! Entenda melhor lendo essa mat\u00e9ria","og_url":"https:\/\/www.adf.org.br\/home\/mae-de-misericordia\/","og_site_name":"Associa\u00e7\u00e3o Devotos de F\u00e1tima","article_published_time":"2019-01-12T02:00:26+00:00","twitter_card":"summary_large_image","twitter_misc":{"Escrito por":"Gabriel Barbosa","Est. tempo de leitura":"1 minuto"},"schema":{"@context":"https:\/\/schema.org","@graph":[{"@type":"WebSite","@id":"https:\/\/www.adf.org.br\/home\/#website","url":"https:\/\/www.adf.org.br\/home\/","name":"Associa\u00e7\u00e3o Devotos de F\u00e1tima","description":"Associa\u00e7\u00e3o Devotos de F\u00e1tima","potentialAction":[{"@type":"SearchAction","target":{"@type":"EntryPoint","urlTemplate":"https:\/\/www.adf.org.br\/home\/?s={search_term_string}"},"query-input":"required name=search_term_string"}],"inLanguage":"pt-BR"},{"@type":"ImageObject","@id":"https:\/\/www.adf.org.br\/home\/mae-de-misericordia\/#primaryimage","inLanguage":"pt-BR","url":"","contentUrl":""},{"@type":"WebPage","@id":"https:\/\/www.adf.org.br\/home\/mae-de-misericordia\/#webpage","url":"https:\/\/www.adf.org.br\/home\/mae-de-misericordia\/","name":"O que ainda podemos aprender com a mensagem de Nossa Senhora de F\u00e1tima? Descubra:","isPartOf":{"@id":"https:\/\/www.adf.org.br\/home\/#website"},"primaryImageOfPage":{"@id":"https:\/\/www.adf.org.br\/home\/mae-de-misericordia\/#primaryimage"},"datePublished":"2019-01-12T02:00:26+00:00","dateModified":"2019-01-12T02:00:26+00:00","author":{"@id":"https:\/\/www.adf.org.br\/home\/#\/schema\/person\/affa494ecf91434f3620f5392de44327"},"description":"Nossa Senhora de F\u00e1tima possui a express\u00e3o do perd\u00e3o! Entenda melhor lendo essa mat\u00e9ria","breadcrumb":{"@id":"https:\/\/www.adf.org.br\/home\/mae-de-misericordia\/#breadcrumb"},"inLanguage":"pt-BR","potentialAction":[{"@type":"ReadAction","target":["https:\/\/www.adf.org.br\/home\/mae-de-misericordia\/"]}]},{"@type":"BreadcrumbList","@id":"https:\/\/www.adf.org.br\/home\/mae-de-misericordia\/#breadcrumb","itemListElement":[{"@type":"ListItem","position":1,"name":"Home","item":"https:\/\/www.adf.org.br\/home\/"},{"@type":"ListItem","position":2,"name":"O que ainda podemos aprender com a mensagem de Nossa Senhora de F\u00e1tima? Descubra:"}]},{"@type":"Person","@id":"https:\/\/www.adf.org.br\/home\/#\/schema\/person\/affa494ecf91434f3620f5392de44327","name":"Gabriel Barbosa","image":{"@type":"ImageObject","@id":"https:\/\/www.adf.org.br\/home\/#personlogo","inLanguage":"pt-BR","url":"https:\/\/secure.gravatar.com\/avatar\/ecf2eab02e30486a7038f8b2858de06a?s=96&d=mm&r=g","contentUrl":"https:\/\/secure.gravatar.com\/avatar\/ecf2eab02e30486a7038f8b2858de06a?s=96&d=mm&r=g","caption":"Gabriel Barbosa"},"url":"https:\/\/www.adf.org.br\/home\/author\/gabriel-aascj\/"}]}},"_links":{"self":[{"href":"https:\/\/www.adf.org.br\/home\/wp-json\/wp\/v2\/posts\/49500"}],"collection":[{"href":"https:\/\/www.adf.org.br\/home\/wp-json\/wp\/v2\/posts"}],"about":[{"href":"https:\/\/www.adf.org.br\/home\/wp-json\/wp\/v2\/types\/post"}],"author":[{"embeddable":true,"href":"https:\/\/www.adf.org.br\/home\/wp-json\/wp\/v2\/users\/27"}],"replies":[{"embeddable":true,"href":"https:\/\/www.adf.org.br\/home\/wp-json\/wp\/v2\/comments?post=49500"}],"version-history":[{"count":0,"href":"https:\/\/www.adf.org.br\/home\/wp-json\/wp\/v2\/posts\/49500\/revisions"}],"wp:featuredmedia":[{"embeddable":true,"href":"https:\/\/www.adf.org.br\/home\/wp-json\/wp\/v2\/media\/49504"}],"wp:attachment":[{"href":"https:\/\/www.adf.org.br\/home\/wp-json\/wp\/v2\/media?parent=49500"}],"wp:term":[{"taxonomy":"category","embeddable":true,"href":"https:\/\/www.adf.org.br\/home\/wp-json\/wp\/v2\/categories?post=49500"},{"taxonomy":"post_tag","embeddable":true,"href":"https:\/\/www.adf.org.br\/home\/wp-json\/wp\/v2\/tags?post=49500"}],"curies":[{"name":"wp","href":"https:\/\/api.w.org\/{rel}","templated":true}]}}