{"id":49493,"date":"2019-01-11T01:00:15","date_gmt":"2019-01-11T03:00:15","guid":{"rendered":"http:\/\/www.adf.org.br\/home\/?p=49493"},"modified":"2019-01-11T01:00:15","modified_gmt":"2019-01-11T03:00:15","slug":"oracao-do-anjo-de-portugal","status":"publish","type":"post","link":"https:\/\/www.adf.org.br\/home\/oracao-do-anjo-de-portugal\/","title":{"rendered":"Ora\u00e7\u00e3o que o Anjo de Portugal ensinou aos Pastorinhos de F\u00e1tima"},"content":{"rendered":"<h3 class=\"text_subtitulo_2\"><span style=\"color: #000000; font-size: 14pt; font-family: verdana, geneva, sans-serif;\"><strong><span style=\"color: #800080;\">Primeira ora\u00e7\u00e3o:<\/span><br \/>\n<span style=\"color: #ffffff;\">.<\/span><\/strong><\/span><\/h3>\n<blockquote><p><em><span style=\"color: #000000; font-size: 14pt; font-family: verdana, geneva, sans-serif;\">Meu Deus, eu creio, adoro, espero e amo-Vos.<\/span><\/em><\/p>\n<p><em><span style=\"color: #000000; font-size: 14pt; font-family: verdana, geneva, sans-serif;\">Pe\u00e7o-Vos perd\u00e3o para os que n\u00e3o creem, n\u00e3o adoram, n\u00e3o esperam e n\u00e3o Vos amam.<\/span><\/em><\/p><\/blockquote>\n<h5 class=\"text_subtitulo_3\"><span style=\"color: #000000; font-size: 14pt; font-family: verdana, geneva, sans-serif;\"><strong><span style=\"color: #800080;\"><span style=\"color: #ffffff;\">.<\/span><br \/>\nSegunda ora\u00e7\u00e3o:<\/span><br \/>\n<span style=\"color: #ffffff;\">.<\/span><\/strong><\/span><\/h5>\n<blockquote><p><em><span style=\"color: #000000; font-size: 14pt; font-family: verdana, geneva, sans-serif;\">Sant\u00edssima Trindade, Pai, Filho, Esp\u00edrito Santo,<\/span><\/em><\/p>\n<p><em><span style=\"color: #000000; font-size: 14pt; font-family: verdana, geneva, sans-serif;\">adoro-Vos profundamente<\/span><\/em><\/p>\n<p><em><span style=\"color: #000000; font-size: 14pt; font-family: verdana, geneva, sans-serif;\">e ofere\u00e7o-Vos o precios\u00edssimo Corpo, Sangue, Alma e Divindade de Jesus Cristo,<\/span><\/em><\/p>\n<p><em><span style=\"color: #000000; font-size: 14pt; font-family: verdana, geneva, sans-serif;\">presente em todos os sacr\u00e1rios da terra,<\/span><\/em><\/p>\n<p><em><span style=\"color: #000000; font-size: 14pt; font-family: verdana, geneva, sans-serif;\">em repara\u00e7\u00e3o dos ultrajes, sacril\u00e9gios e indiferen\u00e7as com que ele mesmo \u00e9 ofendido.<\/span><\/em><\/p>\n<p><em><span style=\"color: #000000; font-size: 14pt; font-family: verdana, geneva, sans-serif;\">E pelos m\u00e9ritos infinitos do Seu Sant\u00edssimo Cora\u00e7\u00e3o<\/span><\/em><\/p>\n<p><em><span style=\"color: #000000; font-size: 14pt; font-family: verdana, geneva, sans-serif;\">e do Cora\u00e7\u00e3o Imaculado de Maria,<\/span><\/em><\/p>\n<p><em><span style=\"color: #000000; font-size: 14pt; font-family: verdana, geneva, sans-serif;\">pe\u00e7o-Vos a convers\u00e3o dos pobres pecadores.<\/span><\/em><\/p><\/blockquote>\n<hr \/>\n<p style=\"text-align: center;\"><span style=\"color: #000000; font-family: verdana, geneva, sans-serif; font-size: 14pt;\">Ao concluir seu momento de ora\u00e7\u00e3o, acesse o Vel\u00e1rio da Associa\u00e7\u00e3o Devotos de F\u00e1tima <span style=\"color: #0000ff;\"><a style=\"color: #0000ff;\" href=\"https:\/\/adf.org.br\/velario\/fatima?origem=4547\" target=\"_blank\" rel=\"noopener noreferrer\">clicando aqui!<\/a><\/span><br \/>\nVoc\u00ea acender\u00e1 uma\u00a0<span style=\"color: #0000ff;\"><a style=\"color: #0000ff;\" href=\"https:\/\/adf.org.br\/velario\/fatima?origem=4547\" target=\"_blank\" rel=\"noopener noreferrer\">Vela das Gra\u00e7as de Nossa Senhora de F\u00e1tima!<\/a><\/span><\/span><\/p>\n","protected":false},"excerpt":{"rendered":"<p>Primeira ora\u00e7\u00e3o: . Meu Deus, eu creio, adoro, espero e amo-Vos. Pe\u00e7o-Vos perd\u00e3o para os que n\u00e3o creem, n\u00e3o adoram, n\u00e3o esperam e n\u00e3o Vos amam. . Segunda ora\u00e7\u00e3o: . Sant\u00edssima Trindade, Pai, Filho, Esp\u00edrito Santo, adoro-Vos profundamente e ofere\u00e7o-Vos o precios\u00edssimo Corpo, Sangue, Alma e Divindade de Jesus Cristo, presente em todos os sacr\u00e1rios [&hellip;]<\/p>\n","protected":false},"author":27,"featured_media":49495,"comment_status":"open","ping_status":"open","sticky":false,"template":"","format":"standard","meta":[],"categories":[14],"tags":[259,43,2324,347,2325,57,142,2326,2327,1485],"yoast_head":"<!-- This site is optimized with the Yoast SEO plugin v17.4 - https:\/\/yoast.com\/wordpress\/plugins\/seo\/ -->\n<title>Ora\u00e7\u00e3o que o Anjo de Portugal ensinou aos Pastorinhos de F\u00e1tima<\/title>\n<meta name=\"description\" content=\"Nas apari\u00e7\u00f5es aos pastorinhos de F\u00e1tima, o Anjo ensinou essas duas ora\u00e7\u00f5es para eles, clique e reze agora mesmo!\" \/>\n<meta name=\"robots\" content=\"index, follow, max-snippet:-1, max-image-preview:large, max-video-preview:-1\" \/>\n<link rel=\"canonical\" href=\"https:\/\/www.adf.org.br\/home\/oracao-do-anjo-de-portugal\/\" \/>\n<meta property=\"og:locale\" content=\"pt_BR\" \/>\n<meta property=\"og:type\" content=\"article\" \/>\n<meta property=\"og:title\" content=\"Ora\u00e7\u00e3o que o Anjo de Portugal ensinou aos Pastorinhos de F\u00e1tima\" \/>\n<meta property=\"og:description\" content=\"Nas apari\u00e7\u00f5es aos pastorinhos de F\u00e1tima, o Anjo ensinou essas duas ora\u00e7\u00f5es para eles, clique e reze agora mesmo!\" \/>\n<meta property=\"og:url\" content=\"https:\/\/www.adf.org.br\/home\/oracao-do-anjo-de-portugal\/\" \/>\n<meta property=\"og:site_name\" content=\"Associa\u00e7\u00e3o Devotos de F\u00e1tima\" \/>\n<meta property=\"article:published_time\" content=\"2019-01-11T03:00:15+00:00\" \/>\n<meta name=\"twitter:card\" content=\"summary_large_image\" \/>\n<meta name=\"twitter:label1\" content=\"Escrito por\" \/>\n\t<meta name=\"twitter:data1\" content=\"Gabriel Barbosa\" \/>\n\t<meta name=\"twitter:label2\" content=\"Est. tempo de leitura\" \/>\n\t<meta name=\"twitter:data2\" content=\"1 minuto\" \/>\n<script type=\"application\/ld+json\" class=\"yoast-schema-graph\">{\"@context\":\"https:\/\/schema.org\",\"@graph\":[{\"@type\":\"WebSite\",\"@id\":\"https:\/\/www.adf.org.br\/home\/#website\",\"url\":\"https:\/\/www.adf.org.br\/home\/\",\"name\":\"Associa\\u00e7\\u00e3o Devotos de F\\u00e1tima\",\"description\":\"Associa\\u00e7\\u00e3o Devotos de F\\u00e1tima\",\"potentialAction\":[{\"@type\":\"SearchAction\",\"target\":{\"@type\":\"EntryPoint\",\"urlTemplate\":\"https:\/\/www.adf.org.br\/home\/?s={search_term_string}\"},\"query-input\":\"required name=search_term_string\"}],\"inLanguage\":\"pt-BR\"},{\"@type\":\"ImageObject\",\"@id\":\"https:\/\/www.adf.org.br\/home\/oracao-do-anjo-de-portugal\/#primaryimage\",\"inLanguage\":\"pt-BR\",\"url\":\"\",\"contentUrl\":\"\"},{\"@type\":\"WebPage\",\"@id\":\"https:\/\/www.adf.org.br\/home\/oracao-do-anjo-de-portugal\/#webpage\",\"url\":\"https:\/\/www.adf.org.br\/home\/oracao-do-anjo-de-portugal\/\",\"name\":\"Ora\\u00e7\\u00e3o que o Anjo de Portugal ensinou aos Pastorinhos de F\\u00e1tima\",\"isPartOf\":{\"@id\":\"https:\/\/www.adf.org.br\/home\/#website\"},\"primaryImageOfPage\":{\"@id\":\"https:\/\/www.adf.org.br\/home\/oracao-do-anjo-de-portugal\/#primaryimage\"},\"datePublished\":\"2019-01-11T03:00:15+00:00\",\"dateModified\":\"2019-01-11T03:00:15+00:00\",\"author\":{\"@id\":\"https:\/\/www.adf.org.br\/home\/#\/schema\/person\/affa494ecf91434f3620f5392de44327\"},\"description\":\"Nas apari\\u00e7\\u00f5es aos pastorinhos de F\\u00e1tima, o Anjo ensinou essas duas ora\\u00e7\\u00f5es para eles, clique e reze agora mesmo!\",\"breadcrumb\":{\"@id\":\"https:\/\/www.adf.org.br\/home\/oracao-do-anjo-de-portugal\/#breadcrumb\"},\"inLanguage\":\"pt-BR\",\"potentialAction\":[{\"@type\":\"ReadAction\",\"target\":[\"https:\/\/www.adf.org.br\/home\/oracao-do-anjo-de-portugal\/\"]}]},{\"@type\":\"BreadcrumbList\",\"@id\":\"https:\/\/www.adf.org.br\/home\/oracao-do-anjo-de-portugal\/#breadcrumb\",\"itemListElement\":[{\"@type\":\"ListItem\",\"position\":1,\"name\":\"Home\",\"item\":\"https:\/\/www.adf.org.br\/home\/\"},{\"@type\":\"ListItem\",\"position\":2,\"name\":\"Ora\\u00e7\\u00e3o que o Anjo de Portugal ensinou aos Pastorinhos de F\\u00e1tima\"}]},{\"@type\":\"Person\",\"@id\":\"https:\/\/www.adf.org.br\/home\/#\/schema\/person\/affa494ecf91434f3620f5392de44327\",\"name\":\"Gabriel Barbosa\",\"image\":{\"@type\":\"ImageObject\",\"@id\":\"https:\/\/www.adf.org.br\/home\/#personlogo\",\"inLanguage\":\"pt-BR\",\"url\":\"https:\/\/secure.gravatar.com\/avatar\/ecf2eab02e30486a7038f8b2858de06a?s=96&d=mm&r=g\",\"contentUrl\":\"https:\/\/secure.gravatar.com\/avatar\/ecf2eab02e30486a7038f8b2858de06a?s=96&d=mm&r=g\",\"caption\":\"Gabriel Barbosa\"},\"url\":\"https:\/\/www.adf.org.br\/home\/author\/gabriel-aascj\/\"}]}<\/script>\n<!-- \/ Yoast SEO plugin. -->","yoast_head_json":{"title":"Ora\u00e7\u00e3o que o Anjo de Portugal ensinou aos Pastorinhos de F\u00e1tima","description":"Nas apari\u00e7\u00f5es aos pastorinhos de F\u00e1tima, o Anjo ensinou essas duas ora\u00e7\u00f5es para eles, clique e reze agora mesmo!","robots":{"index":"index","follow":"follow","max-snippet":"max-snippet:-1","max-image-preview":"max-image-preview:large","max-video-preview":"max-video-preview:-1"},"canonical":"https:\/\/www.adf.org.br\/home\/oracao-do-anjo-de-portugal\/","og_locale":"pt_BR","og_type":"article","og_title":"Ora\u00e7\u00e3o que o Anjo de Portugal ensinou aos Pastorinhos de F\u00e1tima","og_description":"Nas apari\u00e7\u00f5es aos pastorinhos de F\u00e1tima, o Anjo ensinou essas duas ora\u00e7\u00f5es para eles, clique e reze agora mesmo!","og_url":"https:\/\/www.adf.org.br\/home\/oracao-do-anjo-de-portugal\/","og_site_name":"Associa\u00e7\u00e3o Devotos de F\u00e1tima","article_published_time":"2019-01-11T03:00:15+00:00","twitter_card":"summary_large_image","twitter_misc":{"Escrito por":"Gabriel Barbosa","Est. tempo de leitura":"1 minuto"},"schema":{"@context":"https:\/\/schema.org","@graph":[{"@type":"WebSite","@id":"https:\/\/www.adf.org.br\/home\/#website","url":"https:\/\/www.adf.org.br\/home\/","name":"Associa\u00e7\u00e3o Devotos de F\u00e1tima","description":"Associa\u00e7\u00e3o Devotos de F\u00e1tima","potentialAction":[{"@type":"SearchAction","target":{"@type":"EntryPoint","urlTemplate":"https:\/\/www.adf.org.br\/home\/?s={search_term_string}"},"query-input":"required name=search_term_string"}],"inLanguage":"pt-BR"},{"@type":"ImageObject","@id":"https:\/\/www.adf.org.br\/home\/oracao-do-anjo-de-portugal\/#primaryimage","inLanguage":"pt-BR","url":"","contentUrl":""},{"@type":"WebPage","@id":"https:\/\/www.adf.org.br\/home\/oracao-do-anjo-de-portugal\/#webpage","url":"https:\/\/www.adf.org.br\/home\/oracao-do-anjo-de-portugal\/","name":"Ora\u00e7\u00e3o que o Anjo de Portugal ensinou aos Pastorinhos de F\u00e1tima","isPartOf":{"@id":"https:\/\/www.adf.org.br\/home\/#website"},"primaryImageOfPage":{"@id":"https:\/\/www.adf.org.br\/home\/oracao-do-anjo-de-portugal\/#primaryimage"},"datePublished":"2019-01-11T03:00:15+00:00","dateModified":"2019-01-11T03:00:15+00:00","author":{"@id":"https:\/\/www.adf.org.br\/home\/#\/schema\/person\/affa494ecf91434f3620f5392de44327"},"description":"Nas apari\u00e7\u00f5es aos pastorinhos de F\u00e1tima, o Anjo ensinou essas duas ora\u00e7\u00f5es para eles, clique e reze agora mesmo!","breadcrumb":{"@id":"https:\/\/www.adf.org.br\/home\/oracao-do-anjo-de-portugal\/#breadcrumb"},"inLanguage":"pt-BR","potentialAction":[{"@type":"ReadAction","target":["https:\/\/www.adf.org.br\/home\/oracao-do-anjo-de-portugal\/"]}]},{"@type":"BreadcrumbList","@id":"https:\/\/www.adf.org.br\/home\/oracao-do-anjo-de-portugal\/#breadcrumb","itemListElement":[{"@type":"ListItem","position":1,"name":"Home","item":"https:\/\/www.adf.org.br\/home\/"},{"@type":"ListItem","position":2,"name":"Ora\u00e7\u00e3o que o Anjo de Portugal ensinou aos Pastorinhos de F\u00e1tima"}]},{"@type":"Person","@id":"https:\/\/www.adf.org.br\/home\/#\/schema\/person\/affa494ecf91434f3620f5392de44327","name":"Gabriel Barbosa","image":{"@type":"ImageObject","@id":"https:\/\/www.adf.org.br\/home\/#personlogo","inLanguage":"pt-BR","url":"https:\/\/secure.gravatar.com\/avatar\/ecf2eab02e30486a7038f8b2858de06a?s=96&d=mm&r=g","contentUrl":"https:\/\/secure.gravatar.com\/avatar\/ecf2eab02e30486a7038f8b2858de06a?s=96&d=mm&r=g","caption":"Gabriel Barbosa"},"url":"https:\/\/www.adf.org.br\/home\/author\/gabriel-aascj\/"}]}},"_links":{"self":[{"href":"https:\/\/www.adf.org.br\/home\/wp-json\/wp\/v2\/posts\/49493"}],"collection":[{"href":"https:\/\/www.adf.org.br\/home\/wp-json\/wp\/v2\/posts"}],"about":[{"href":"https:\/\/www.adf.org.br\/home\/wp-json\/wp\/v2\/types\/post"}],"author":[{"embeddable":true,"href":"https:\/\/www.adf.org.br\/home\/wp-json\/wp\/v2\/users\/27"}],"replies":[{"embeddable":true,"href":"https:\/\/www.adf.org.br\/home\/wp-json\/wp\/v2\/comments?post=49493"}],"version-history":[{"count":0,"href":"https:\/\/www.adf.org.br\/home\/wp-json\/wp\/v2\/posts\/49493\/revisions"}],"wp:featuredmedia":[{"embeddable":true,"href":"https:\/\/www.adf.org.br\/home\/wp-json\/wp\/v2\/media\/49495"}],"wp:attachment":[{"href":"https:\/\/www.adf.org.br\/home\/wp-json\/wp\/v2\/media?parent=49493"}],"wp:term":[{"taxonomy":"category","embeddable":true,"href":"https:\/\/www.adf.org.br\/home\/wp-json\/wp\/v2\/categories?post=49493"},{"taxonomy":"post_tag","embeddable":true,"href":"https:\/\/www.adf.org.br\/home\/wp-json\/wp\/v2\/tags?post=49493"}],"curies":[{"name":"wp","href":"https:\/\/api.w.org\/{rel}","templated":true}]}}