{"id":49450,"date":"2019-01-11T00:00:22","date_gmt":"2019-01-11T02:00:22","guid":{"rendered":"http:\/\/www.adf.org.br\/home\/?p=49450"},"modified":"2019-01-11T00:00:22","modified_gmt":"2019-01-11T02:00:22","slug":"fatima","status":"publish","type":"post","link":"https:\/\/www.adf.org.br\/home\/fatima\/","title":{"rendered":"Deus enviou Nossa Senhora de F\u00e1tima para educar seus filhos"},"content":{"rendered":"<p><span style=\"font-weight: 400; color: #000000; font-size: 12pt; font-family: verdana, geneva, sans-serif;\"><img loading=\"lazy\" class=\"wp-image-49452 alignleft\" src=\"https:\/\/www.adf.org.br\/home\/wp-content\/uploads\/2019\/01\/pais-jovem-adolescente-1412263837808_615x470.jpg\" alt=\"pais-jovem-adolescente-1412263837808_615x470\" width=\"408\" height=\"312\" \/>Educar os filhos \u00e9 uma tarefa muito \u00e1rdua, e<\/span><span style=\"font-weight: 400; color: #000000; font-size: 12pt; font-family: verdana, geneva, sans-serif;\">xige um tremendo esfor\u00e7o psicol\u00f3gico, afinal devemos entende-los e passar o nosso conhecimento de forma que eles consigam entender.<\/span><\/p>\n<p><span style=\"color: #000000; font-size: 12pt; font-family: verdana, geneva, sans-serif;\">Se voc\u00ea tem 1, 2, 3 ou mais filhos voc\u00ea acha que pode ser trabalhoso?<\/span><\/p>\n<p><em><span style=\"color: #000000; font-size: 12pt; font-family: verdana, geneva, sans-serif;\">Imagine se fossem 7,6 bilh\u00f5es&#8230; \u00c9 o n\u00famero aproximados dos filhos de Deus pelo mundo.<\/span><\/em><\/p>\n<p><span style=\"font-weight: 400; color: #000000; font-size: 12pt; font-family: verdana, geneva, sans-serif;\">O maior orgulho para os pais \u00e9 ver que todo o esfor\u00e7o valeu a pena, indo bem na escola, caminho certo, bom emprego e vida saud\u00e1vel.<\/span><\/p>\n<p><span style=\"font-weight: 400; color: #000000; font-size: 12pt; font-family: verdana, geneva, sans-serif;\">A tristeza \u00e9 ver que os esfor\u00e7os s\u00e3o jogados fora, ver os filhos num caminho sem volta devido as influ\u00eancias mundanas.<\/span><\/p>\n<p><span style=\"font-size: 12pt; color: #000000; font-family: verdana, geneva, sans-serif;\">Podemos dizer que metade da popula\u00e7\u00e3o est\u00e1 neste caminho:<br \/>\n<span style=\"color: #ffffff;\">.<\/span><\/span><\/p>\n<p style=\"padding-left: 60px;\"><span style=\"color: #800080;\"><span style=\"font-size: 12pt; font-family: verdana, geneva, sans-serif;\">Bebidas, drogas, ultrajes, ate\u00edsmo, blasf\u00eamias, o n\u00e3o cumprimento dos mandamos e etc, s\u00e3o<\/span><span style=\"font-size: 12pt; font-family: verdana, geneva, sans-serif;\">\u00a0milh\u00f5es que enfurecem a Deus.<br \/>\n<span style=\"color: #ffffff;\">.<\/span><\/span><\/span><\/p>\n<p><span style=\"font-weight: 400; color: #000000; font-size: 12pt; font-family: verdana, geneva, sans-serif;\">Por\u00e9m, como misericordioso, Ele quis nos ajudar mais uma vez, usando uma &#8220;t\u00e1tica&#8221; que muitos pais usam.<\/span><\/p>\n<p><span style=\"font-weight: 400; color: #000000; font-size: 12pt; font-family: verdana, geneva, sans-serif;\">Alguns pais quando veem que os filhos n\u00e3o escutam, recorrem a m\u00e3e.<\/span><\/p>\n<p><span style=\"font-weight: 400; color: #000000; font-size: 12pt; font-family: verdana, geneva, sans-serif;\">Ele fez o mesmo em 1917, as apari\u00e7\u00f5es de Nossa Senhora de F\u00e1tima foi obra dEle.<\/span><\/p>\n<p><span style=\"font-weight: 400; color: #000000; font-size: 12pt; font-family: verdana, geneva, sans-serif;\">Essa apari\u00e7\u00e3o foi um apelo de Deus querendo que sejamos salvos e o <em>Imaculado Cora\u00e7\u00e3o de Maria<\/em> \u00e9 o caminho que precisamos seguir.<br \/>\n<span style=\"color: #ffffff;\">.<\/span><\/span><\/p>\n<p style=\"padding-left: 60px;\"><strong><span style=\"font-size: 12pt; color: #000000; font-family: verdana, geneva, sans-serif;\">Deus j\u00e1 havia enviado Jesus Cristo outrora para que nos ensinasse como ser um Filho de Deus e herdeiros do c\u00e9u e dessa vez, Maria mostrou um novo caminho para que possamos alcan\u00e7ar a Paz Eterna.<br \/>\n<span style=\"color: #ffffff;\">.<\/span><\/span><\/strong><\/p>\n<p><span style=\"font-size: 12pt; color: #000000; font-family: verdana, geneva, sans-serif;\">Infelizmente s\u00e3o tantos lares e pessoas que recusam ou n\u00e3o reconhecem o Amor de Nossa Senhora.<\/span><\/p>\n<p><em><span style=\"font-size: 12pt; color: #000000; font-family: verdana, geneva, sans-serif;\">E com o decorrer do tempo, a humanidade n\u00e3o colaborou com o desejo dEla, viver como descendentes de Deus e sucessores do C\u00e9u, somente assim nos livrar\u00edamos do julgamento do Pai.<\/span><\/em><\/p>\n<p><span style=\"color: #000000; font-size: 12pt; font-family: verdana, geneva, sans-serif;\">O <strong>Grupo Ap\u00f3stolos de F\u00e1tima<\/strong> tem isso como princ\u00edpio, propagar a devo\u00e7\u00e3o ao Imaculado Cora\u00e7\u00e3o de Maria.<\/span><\/p>\n<p><span style=\"color: #000000; font-size: 12pt; font-family: verdana, geneva, sans-serif;\">Dessa maneira repararemos os ultrajes de toda a humanidade, inclusive os nossos.\u00a0<\/span><\/p>\n<p><span style=\"color: #000000; font-size: 12pt; font-family: verdana, geneva, sans-serif;\"><span style=\"color: #0000ff;\"><a style=\"color: #0000ff;\" href=\"https:\/\/adf.org.br\/apostolosdefatima\/2\/?origem=4547#ChanceUnica\" target=\"_blank\" rel=\"noopener noreferrer\">Veja aqui<\/a><\/span> esse grupo de Apostolado.\u00a0<\/span><\/p>\n<p><em><span style=\"color: #000000; font-size: 12pt; font-family: verdana, geneva, sans-serif;\">Al\u00e9m de voc\u00ea nos apoiar a propagar a devo\u00e7\u00e3o \u00e0 Ela, ir\u00e1 receber ilustres presentes:<br \/>\n<span style=\"color: #ffffff;\">.<\/span><\/span><\/em><\/p>\n<blockquote><p><span style=\"font-size: 14pt;\"><span style=\"color: #000000; font-family: verdana, geneva, sans-serif;\">Ao longo dos anos, a Associa\u00e7\u00e3o Devotos de F\u00e1tima, faz celebrar missas semanais todos os s\u00e1bados em honra a promessa de Nossa Senhora.<\/span><\/span><\/p>\n<p><span style=\"font-size: 14pt; color: #800080;\"><span style=\"font-family: verdana, geneva, sans-serif;\">O seu nome, de sua fam\u00edlia e inten\u00e7\u00f5es, estar\u00e3o em TODAS as missas que celebramos anualmente.<\/span><\/span><\/p>\n<p><span style=\"font-size: 14pt;\"><span style=\"color: #000000; font-family: verdana, geneva, sans-serif;\">S\u00e3o mais\u00a0de 60 todos os anos.\u00a0<\/span><\/span><\/p>\n<p><span style=\"font-size: 14pt; color: #800080;\"><span style=\"font-family: verdana, geneva, sans-serif;\">Suas inten\u00e7\u00f5es, tamb\u00e9m estar\u00e1 nas ora\u00e7\u00f5es di\u00e1rias de conventos de mosteiros que nos apoiam, onde todos os dias mais de 50 ter\u00e7os ser\u00e3o rezados por voc\u00ea.<\/span><\/span><\/p>\n<p><span style=\"font-size: 14pt;\"><span style=\"color: #000000; font-family: verdana, geneva, sans-serif;\">Nossa Senhora sempre aben\u00e7oa aqueles que fazem um sacrif\u00edcio em Vosso nome.<\/span><\/span><\/p>\n<p><span style=\"font-size: 14pt;\"><span style=\"color: #000000; font-family: verdana, geneva, sans-serif;\">Ser\u00e3o tantas ora\u00e7\u00f5es por voc\u00ea que, possivelmente, Ela trar\u00e1 as gra\u00e7as que tanto precisa.<\/span><\/span><\/p>\n<p><span style=\"font-size: 14pt; color: #800080;\"><span style=\"font-family: verdana, geneva, sans-serif;\">Seus pedidos e inten\u00e7\u00f5es ser\u00e3o levados at\u00e9 o santu\u00e1rio de Nossa Senhora de F\u00e1tima, l\u00e1 em Portugal, deixaremos bem aos p\u00e9s dEla.<\/span><\/span><\/p><\/blockquote>\n<h5><span style=\"color: #ffffff;\">.<\/span><\/h5>\n<p><span style=\"color: #000000; font-size: 14pt; font-family: verdana, geneva, sans-serif;\">Se voc\u00ea diz <span style=\"color: #0000ff;\"><a style=\"color: #0000ff;\" href=\"https:\/\/adf.org.br\/apostolosdefatima\/2\/?origem=4547#ChanceUnica\" target=\"_blank\" rel=\"noopener noreferrer\">SIM<\/a><\/span> para Ela <span style=\"color: #0000ff;\"><a style=\"color: #0000ff;\" href=\"https:\/\/adf.org.br\/apostolosdefatima\/2\/?origem=4547#ChanceUnica\" target=\"_blank\" rel=\"noopener noreferrer\">clique aqui<\/a><\/span> e fa\u00e7a sua inscri\u00e7\u00e3o.<\/span><\/p>\n<p style=\"text-align: center;\"><span style=\"color: #000000; font-size: 14pt; font-family: verdana, geneva, sans-serif;\"><span style=\"color: #800080;\">Essa \u00e9 a sua chance de fazer Nossa Senhora de F\u00e1tima reinar sobre o nosso mundo.<\/span><br \/>\n<span style=\"color: #0000ff;\"><a style=\"color: #0000ff;\" href=\"https:\/\/adf.org.br\/apostolosdefatima\/2\/?origem=4547#ChanceUnica\" target=\"_blank\" rel=\"noopener noreferrer\">Clique<\/a><\/span> e seja um Ap\u00f3stolo de F\u00e1tima<\/span><\/p>\n<p><em><span style=\"font-size: 12pt; color: #000000; font-family: georgia, palatino, serif;\"><span style=\"color: #ffffff;\">.<\/span><br \/>\nNos ajude compartilhando essa mat\u00e9ria.<\/span><\/em><\/p>\n","protected":false},"excerpt":{"rendered":"<p>Educar os filhos \u00e9 uma tarefa muito \u00e1rdua, exige um tremendo esfor\u00e7o psicol\u00f3gico, afinal devemos entende-los e passar o nosso conhecimento de forma que eles consigam entender. Se voc\u00ea tem 1, 2, 3 ou mais filhos voc\u00ea acha que pode ser trabalhoso? Imagine se fossem 7,6 bilh\u00f5es&#8230; \u00c9 o n\u00famero aproximados dos filhos de Deus [&hellip;]<\/p>\n","protected":false},"author":27,"featured_media":49451,"comment_status":"open","ping_status":"open","sticky":false,"template":"","format":"standard","meta":[],"categories":[20,2323],"tags":[1426,249,659,38,57],"yoast_head":"<!-- This site is optimized with the Yoast SEO plugin v17.4 - https:\/\/yoast.com\/wordpress\/plugins\/seo\/ -->\n<title>Deus enviou Nossa Senhora de F\u00e1tima para educar seus filhos<\/title>\n<meta name=\"description\" content=\"Qual o verdadeiro significado da chegada de Nossa Senhora de F\u00e1tima para n\u00f3s? Essa mat\u00e9ria contar\u00e1 a voc\u00ea um fato nunca revelado. Leia!\" \/>\n<meta name=\"robots\" content=\"index, follow, max-snippet:-1, max-image-preview:large, max-video-preview:-1\" \/>\n<link rel=\"canonical\" href=\"https:\/\/www.adf.org.br\/home\/fatima\/\" \/>\n<meta property=\"og:locale\" content=\"pt_BR\" \/>\n<meta property=\"og:type\" content=\"article\" \/>\n<meta property=\"og:title\" content=\"Deus enviou Nossa Senhora de F\u00e1tima para educar seus filhos\" \/>\n<meta property=\"og:description\" content=\"Qual o verdadeiro significado da chegada de Nossa Senhora de F\u00e1tima para n\u00f3s? Essa mat\u00e9ria contar\u00e1 a voc\u00ea um fato nunca revelado. Leia!\" \/>\n<meta property=\"og:url\" content=\"https:\/\/www.adf.org.br\/home\/fatima\/\" \/>\n<meta property=\"og:site_name\" content=\"Associa\u00e7\u00e3o Devotos de F\u00e1tima\" \/>\n<meta property=\"article:published_time\" content=\"2019-01-11T02:00:22+00:00\" \/>\n<meta name=\"twitter:card\" content=\"summary_large_image\" \/>\n<meta name=\"twitter:label1\" content=\"Escrito por\" \/>\n\t<meta name=\"twitter:data1\" content=\"Gabriel Barbosa\" \/>\n\t<meta name=\"twitter:label2\" content=\"Est. tempo de leitura\" \/>\n\t<meta name=\"twitter:data2\" content=\"3 minutos\" \/>\n<script type=\"application\/ld+json\" class=\"yoast-schema-graph\">{\"@context\":\"https:\/\/schema.org\",\"@graph\":[{\"@type\":\"WebSite\",\"@id\":\"https:\/\/www.adf.org.br\/home\/#website\",\"url\":\"https:\/\/www.adf.org.br\/home\/\",\"name\":\"Associa\\u00e7\\u00e3o Devotos de F\\u00e1tima\",\"description\":\"Associa\\u00e7\\u00e3o Devotos de F\\u00e1tima\",\"potentialAction\":[{\"@type\":\"SearchAction\",\"target\":{\"@type\":\"EntryPoint\",\"urlTemplate\":\"https:\/\/www.adf.org.br\/home\/?s={search_term_string}\"},\"query-input\":\"required name=search_term_string\"}],\"inLanguage\":\"pt-BR\"},{\"@type\":\"ImageObject\",\"@id\":\"https:\/\/www.adf.org.br\/home\/fatima\/#primaryimage\",\"inLanguage\":\"pt-BR\",\"url\":\"\",\"contentUrl\":\"\"},{\"@type\":\"WebPage\",\"@id\":\"https:\/\/www.adf.org.br\/home\/fatima\/#webpage\",\"url\":\"https:\/\/www.adf.org.br\/home\/fatima\/\",\"name\":\"Deus enviou Nossa Senhora de F\\u00e1tima para educar seus filhos\",\"isPartOf\":{\"@id\":\"https:\/\/www.adf.org.br\/home\/#website\"},\"primaryImageOfPage\":{\"@id\":\"https:\/\/www.adf.org.br\/home\/fatima\/#primaryimage\"},\"datePublished\":\"2019-01-11T02:00:22+00:00\",\"dateModified\":\"2019-01-11T02:00:22+00:00\",\"author\":{\"@id\":\"https:\/\/www.adf.org.br\/home\/#\/schema\/person\/affa494ecf91434f3620f5392de44327\"},\"description\":\"Qual o verdadeiro significado da chegada de Nossa Senhora de F\\u00e1tima para n\\u00f3s? Essa mat\\u00e9ria contar\\u00e1 a voc\\u00ea um fato nunca revelado. Leia!\",\"breadcrumb\":{\"@id\":\"https:\/\/www.adf.org.br\/home\/fatima\/#breadcrumb\"},\"inLanguage\":\"pt-BR\",\"potentialAction\":[{\"@type\":\"ReadAction\",\"target\":[\"https:\/\/www.adf.org.br\/home\/fatima\/\"]}]},{\"@type\":\"BreadcrumbList\",\"@id\":\"https:\/\/www.adf.org.br\/home\/fatima\/#breadcrumb\",\"itemListElement\":[{\"@type\":\"ListItem\",\"position\":1,\"name\":\"Home\",\"item\":\"https:\/\/www.adf.org.br\/home\/\"},{\"@type\":\"ListItem\",\"position\":2,\"name\":\"Deus enviou Nossa Senhora de F\\u00e1tima para educar seus filhos\"}]},{\"@type\":\"Person\",\"@id\":\"https:\/\/www.adf.org.br\/home\/#\/schema\/person\/affa494ecf91434f3620f5392de44327\",\"name\":\"Gabriel Barbosa\",\"image\":{\"@type\":\"ImageObject\",\"@id\":\"https:\/\/www.adf.org.br\/home\/#personlogo\",\"inLanguage\":\"pt-BR\",\"url\":\"https:\/\/secure.gravatar.com\/avatar\/ecf2eab02e30486a7038f8b2858de06a?s=96&d=mm&r=g\",\"contentUrl\":\"https:\/\/secure.gravatar.com\/avatar\/ecf2eab02e30486a7038f8b2858de06a?s=96&d=mm&r=g\",\"caption\":\"Gabriel Barbosa\"},\"url\":\"https:\/\/www.adf.org.br\/home\/author\/gabriel-aascj\/\"}]}<\/script>\n<!-- \/ Yoast SEO plugin. -->","yoast_head_json":{"title":"Deus enviou Nossa Senhora de F\u00e1tima para educar seus filhos","description":"Qual o verdadeiro significado da chegada de Nossa Senhora de F\u00e1tima para n\u00f3s? Essa mat\u00e9ria contar\u00e1 a voc\u00ea um fato nunca revelado. Leia!","robots":{"index":"index","follow":"follow","max-snippet":"max-snippet:-1","max-image-preview":"max-image-preview:large","max-video-preview":"max-video-preview:-1"},"canonical":"https:\/\/www.adf.org.br\/home\/fatima\/","og_locale":"pt_BR","og_type":"article","og_title":"Deus enviou Nossa Senhora de F\u00e1tima para educar seus filhos","og_description":"Qual o verdadeiro significado da chegada de Nossa Senhora de F\u00e1tima para n\u00f3s? Essa mat\u00e9ria contar\u00e1 a voc\u00ea um fato nunca revelado. Leia!","og_url":"https:\/\/www.adf.org.br\/home\/fatima\/","og_site_name":"Associa\u00e7\u00e3o Devotos de F\u00e1tima","article_published_time":"2019-01-11T02:00:22+00:00","twitter_card":"summary_large_image","twitter_misc":{"Escrito por":"Gabriel Barbosa","Est. tempo de leitura":"3 minutos"},"schema":{"@context":"https:\/\/schema.org","@graph":[{"@type":"WebSite","@id":"https:\/\/www.adf.org.br\/home\/#website","url":"https:\/\/www.adf.org.br\/home\/","name":"Associa\u00e7\u00e3o Devotos de F\u00e1tima","description":"Associa\u00e7\u00e3o Devotos de F\u00e1tima","potentialAction":[{"@type":"SearchAction","target":{"@type":"EntryPoint","urlTemplate":"https:\/\/www.adf.org.br\/home\/?s={search_term_string}"},"query-input":"required name=search_term_string"}],"inLanguage":"pt-BR"},{"@type":"ImageObject","@id":"https:\/\/www.adf.org.br\/home\/fatima\/#primaryimage","inLanguage":"pt-BR","url":"","contentUrl":""},{"@type":"WebPage","@id":"https:\/\/www.adf.org.br\/home\/fatima\/#webpage","url":"https:\/\/www.adf.org.br\/home\/fatima\/","name":"Deus enviou Nossa Senhora de F\u00e1tima para educar seus filhos","isPartOf":{"@id":"https:\/\/www.adf.org.br\/home\/#website"},"primaryImageOfPage":{"@id":"https:\/\/www.adf.org.br\/home\/fatima\/#primaryimage"},"datePublished":"2019-01-11T02:00:22+00:00","dateModified":"2019-01-11T02:00:22+00:00","author":{"@id":"https:\/\/www.adf.org.br\/home\/#\/schema\/person\/affa494ecf91434f3620f5392de44327"},"description":"Qual o verdadeiro significado da chegada de Nossa Senhora de F\u00e1tima para n\u00f3s? Essa mat\u00e9ria contar\u00e1 a voc\u00ea um fato nunca revelado. Leia!","breadcrumb":{"@id":"https:\/\/www.adf.org.br\/home\/fatima\/#breadcrumb"},"inLanguage":"pt-BR","potentialAction":[{"@type":"ReadAction","target":["https:\/\/www.adf.org.br\/home\/fatima\/"]}]},{"@type":"BreadcrumbList","@id":"https:\/\/www.adf.org.br\/home\/fatima\/#breadcrumb","itemListElement":[{"@type":"ListItem","position":1,"name":"Home","item":"https:\/\/www.adf.org.br\/home\/"},{"@type":"ListItem","position":2,"name":"Deus enviou Nossa Senhora de F\u00e1tima para educar seus filhos"}]},{"@type":"Person","@id":"https:\/\/www.adf.org.br\/home\/#\/schema\/person\/affa494ecf91434f3620f5392de44327","name":"Gabriel Barbosa","image":{"@type":"ImageObject","@id":"https:\/\/www.adf.org.br\/home\/#personlogo","inLanguage":"pt-BR","url":"https:\/\/secure.gravatar.com\/avatar\/ecf2eab02e30486a7038f8b2858de06a?s=96&d=mm&r=g","contentUrl":"https:\/\/secure.gravatar.com\/avatar\/ecf2eab02e30486a7038f8b2858de06a?s=96&d=mm&r=g","caption":"Gabriel Barbosa"},"url":"https:\/\/www.adf.org.br\/home\/author\/gabriel-aascj\/"}]}},"_links":{"self":[{"href":"https:\/\/www.adf.org.br\/home\/wp-json\/wp\/v2\/posts\/49450"}],"collection":[{"href":"https:\/\/www.adf.org.br\/home\/wp-json\/wp\/v2\/posts"}],"about":[{"href":"https:\/\/www.adf.org.br\/home\/wp-json\/wp\/v2\/types\/post"}],"author":[{"embeddable":true,"href":"https:\/\/www.adf.org.br\/home\/wp-json\/wp\/v2\/users\/27"}],"replies":[{"embeddable":true,"href":"https:\/\/www.adf.org.br\/home\/wp-json\/wp\/v2\/comments?post=49450"}],"version-history":[{"count":0,"href":"https:\/\/www.adf.org.br\/home\/wp-json\/wp\/v2\/posts\/49450\/revisions"}],"wp:featuredmedia":[{"embeddable":true,"href":"https:\/\/www.adf.org.br\/home\/wp-json\/wp\/v2\/media\/49451"}],"wp:attachment":[{"href":"https:\/\/www.adf.org.br\/home\/wp-json\/wp\/v2\/media?parent=49450"}],"wp:term":[{"taxonomy":"category","embeddable":true,"href":"https:\/\/www.adf.org.br\/home\/wp-json\/wp\/v2\/categories?post=49450"},{"taxonomy":"post_tag","embeddable":true,"href":"https:\/\/www.adf.org.br\/home\/wp-json\/wp\/v2\/tags?post=49450"}],"curies":[{"name":"wp","href":"https:\/\/api.w.org\/{rel}","templated":true}]}}