{"id":49281,"date":"2018-12-21T00:30:02","date_gmt":"2018-12-21T02:30:02","guid":{"rendered":"http:\/\/www.adf.org.br\/home\/?p=49281"},"modified":"2018-12-21T00:30:02","modified_gmt":"2018-12-21T02:30:02","slug":"imaculado-coracao-triunfara","status":"publish","type":"post","link":"https:\/\/www.adf.org.br\/home\/imaculado-coracao-triunfara\/","title":{"rendered":"&#8220;Por fim o meu Imaculado Cora\u00e7\u00e3o Triunfar\u00e1&#8221;"},"content":{"rendered":"<p><span style=\"font-size: 12pt; color: #000000; font-family: verdana, geneva, sans-serif;\"><img loading=\"lazy\" class=\"wp-image-49284 alignleft\" src=\"https:\/\/www.adf.org.br\/home\/wp-content\/uploads\/2018\/12\/pastorinhos-1.jpg\" alt=\"pastorinhos\" width=\"200\" height=\"311\" \/>Esse \u00e9 o maior desejo de Nossa Senhora de F\u00e1tima, mas para que o Vosso Cora\u00e7\u00e3o reine precisamos abrir os nossos para que Ela os preencha.<\/span><\/p>\n<p><span style=\"font-size: 12pt; color: #000000; font-family: verdana, geneva, sans-serif;\">Nos dias atuais vem se tornando t\u00e3o dif\u00edcil resgatar almas para Nossa Senhora.<\/span><\/p>\n<p><strong><span style=\"font-size: 12pt; color: #000000; font-family: verdana, geneva, sans-serif;\">Parece que as influ\u00eancias malignas est\u00e3o se manifestando de uma maneira t\u00e3o devastadora que consegue afastar as pessoas para longe dEla.<\/span><\/strong><\/p>\n<p><span style=\"font-size: 12pt; color: #000000; font-family: verdana, geneva, sans-serif;\">E a prova \u00e9 este ano de 2018;\u00a0<em>viol\u00eancias que aumentam, suic\u00eddio que ocorrem a cada dia( inclusive enquanto voc\u00ea l\u00ea essa mat\u00e9ria), fam\u00edlias sendo destru\u00eddas todos os dias.<\/em><\/span><\/p>\n<p><span style=\"color: #000000; font-size: 12pt; font-family: verdana, geneva, sans-serif;\">Aparentava ser um caos sem fim. Mas podemos tentar fazer o ano de 2019 totalmente diferente.<\/span><\/p>\n<p><span style=\"font-size: 12pt; color: #000000; font-family: verdana, geneva, sans-serif;\">Existem sinais mais claros que o Amor de Maria faz falta na vida de muitos?<\/span><\/p>\n<p style=\"padding-left: 60px;\"><strong><span style=\"font-size: 12pt; color: #000000; font-family: verdana, geneva, sans-serif;\">E n\u00e3o \u00e9 Nossa Senhora que nos deixou de Amar, mas sim muitos que deixaram de am\u00e1-la.<\/span><\/strong><\/p>\n<p style=\"padding-left: 60px;\"><strong><span style=\"color: #000000; font-size: 12pt; font-family: verdana, geneva, sans-serif;\">Poucos se preocupam em agrad\u00e1-la, e propag\u00e1-la conforme sua vontade.<\/span><\/strong><\/p>\n<p><span style=\"font-size: 12pt; color: #000000; font-family: verdana, geneva, sans-serif;\">Mas, existem aqueles que se preocupam com a vontade dEla, inclusive com a pr\u00f3pria salva\u00e7\u00e3o e participam do <span style=\"color: #0000ff;\"><a style=\"color: #0000ff;\" href=\"https:\/\/adf.org.br\/apostolosdefatima\/2\/?origem=4547#\" target=\"_blank\" rel=\"noopener noreferrer\">Grupo Ap\u00f3stolos de F\u00e1tima.<\/a><\/span><\/span><\/p>\n<p><span style=\"color: #000000; font-size: 12pt; font-family: verdana, geneva, sans-serif;\">Os participantes nos ajudam a propagar a devo\u00e7\u00e3o e as apari\u00e7\u00f5es de Nossa Senhora, afinal, desta devo\u00e7\u00e3o Ela prometeu:<br \/>\n<span style=\"color: #ffffff;\">.<\/span><\/span><\/p>\n<p style=\"padding-left: 60px; text-align: center;\"><span style=\"color: #800080; font-size: 14pt;\"><em><span style=\"font-family: verdana, geneva, sans-serif;\">&#8220;Deus quer estabelecer ao mundo a devo\u00e7\u00e3o ao meu imaculado Cora\u00e7\u00e3o.<\/span><\/em><\/span><br \/>\n<span style=\"color: #000000; font-size: 12pt; font-family: verdana, geneva, sans-serif;\"><span style=\"color: #800080; font-size: 14pt;\"><em>A quem a abra\u00e7ar, prometo a salva\u00e7\u00e3o.&#8221;<\/em><\/span><br \/>\n<span style=\"color: #ffffff;\">.<\/span><\/span><\/p>\n<p><span style=\"color: #000000; font-size: 12pt; font-family: verdana, geneva, sans-serif;\">E s\u00e3o milhares de pessoas que necessitam ser salvas e contamos com <strong>VOC\u00ca<\/strong> para fazer o Imaculado Cora\u00e7\u00e3o de Maria triunfar. <\/span><\/p>\n<p><span style=\"color: #000000; font-size: 12pt; font-family: verdana, geneva, sans-serif;\">Clique aqui e participe do grupo Ap\u00f3stolos de F\u00e1tima.<br \/>\n<span style=\"color: #ffffff;\">. <\/span><\/span><\/p>\n<p style=\"padding-left: 60px;\"><span style=\"color: #000000; font-size: 14pt; font-family: verdana, geneva, sans-serif;\">Voc\u00ea concorda que Nossa Senhora de F\u00e1tima precisa reinar sobre os lares?<\/span><\/p>\n<p style=\"padding-left: 60px;\"><span style=\"font-size: 14pt;\"><a href=\"https:\/\/adf.org.br\/apostolosdefatima\/2\/?origem=4547#\"><span style=\"color: #0000ff;\"><span style=\"font-family: verdana, geneva, sans-serif;\">(X) Sim<\/span><\/span><\/a><\/span><\/p>\n<p style=\"padding-left: 60px;\"><span style=\"color: #000000; font-size: 14pt; font-family: verdana, geneva, sans-serif;\"><span style=\"color: #0000ff;\"><a style=\"color: #0000ff;\" href=\"https:\/\/www.adf.org.br\/home\/\" target=\"_blank\" rel=\"noopener noreferrer\">(X) N\u00e3o<\/a><\/span><br \/>\n<span style=\"color: #ffffff;\">.<\/span><\/span><\/p>\n<p><span style=\"color: #000000; font-size: 12pt; font-family: verdana, geneva, sans-serif;\">Tenho certeza que voc\u00ea j\u00e1 sabe a resposta.<\/span><span style=\"font-size: 12pt; color: #000000; font-family: verdana, geneva, sans-serif;\">\u00a0<\/span><\/p>\n<p><span style=\"font-size: 12pt; color: #000000; font-family: verdana, geneva, sans-serif;\">Ao participar deste estupendo grupo, saiba que ser\u00e1 Ela ir\u00e1 retribuir com muitas gra\u00e7as em sua vida, afinal voc\u00ea estar\u00e1 fazendo algo por V\u00f3s.<\/span><\/p>\n<p><span style=\"font-size: 12pt; color: #000000; font-family: verdana, geneva, sans-serif;\">E n\u00e3o pense que n\u00f3s n\u00e3o iremos agradecer sua generosidade. Leia abaixo:<br \/>\n<span style=\"color: #ffffff;\">.<\/span><\/span><\/p>\n<p><em><span style=\"font-size: 12pt; color: #000000; font-family: verdana, geneva, sans-serif;\">\u2014 Seu nome, de seus familiares, pedidos e inten\u00e7\u00f5es, estar\u00e3o inclusos em mais de 60 Missas que celebramos anualmente.<\/span><\/em><\/p>\n<p><em><span style=\"font-size: 12pt; color: #000000; font-family: verdana, geneva, sans-serif;\">\u2014<\/span> <span style=\"font-size: 12pt; color: #000000; font-family: verdana, geneva, sans-serif;\">Suas inten\u00e7\u00f5es estar\u00e3o presente nas inten\u00e7\u00f5es das vig\u00edlias de di\u00e1rias de ora\u00e7\u00e3o, onde todas as noites os volunt\u00e1rios rezam profundamente o Santo Ros\u00e1rio por voc\u00ea. Ser\u00e1 mais de 18.000 a 20.00 ter\u00e7o rezados a cada ano! <\/span><\/em><\/p>\n<p style=\"padding-left: 60px;\"><span style=\"color: #000000; font-family: verdana, geneva, sans-serif; font-size: 12pt;\">Imagine quantas gra\u00e7as voc\u00ea n\u00e3o poder\u00e1 receber&#8230;<\/span><\/p>\n<p style=\"padding-left: 60px;\"><span style=\"color: #000000; font-family: verdana, geneva, sans-serif; font-size: 12pt;\"><span style=\"color: #0000ff;\"><a style=\"color: #0000ff;\" href=\"https:\/\/adf.org.br\/apostolosdefatima\/2\/?origem=4547#Participar\" target=\"_blank\" rel=\"noopener noreferrer\">Clique aqui<\/a><\/span> e saiba como participar.<\/span><\/p>\n<p><em><span style=\"font-size: 12pt; color: #000000; font-family: verdana, geneva, sans-serif;\">\u2014 Iremos encaminhar uma Vela Virtual pelo seu e-mail. Atrav\u00e9s dela voc\u00ea poder\u00e1 inscrever seus pedidos em todas as missas que celebramos sempre quando quiser.<\/span><\/em><\/p>\n<h5><em><span style=\"color: #000000; font-size: 12pt; font-family: verdana, geneva, sans-serif;\">\u2014 O melhor \u00e9 que seu nome ser\u00e1 levado ao Santu\u00e1rio de F\u00e1tima em Portugal. Um lugar aben\u00e7oado pela presen\u00e7a de Nossa Senhora.<br \/>\n<span style=\"color: #ffffff;\">.<\/span><\/span><\/em><\/h5>\n<p style=\"text-align: center;\"><span style=\"color: #0000ff; font-size: 14pt;\"><a style=\"color: #0000ff;\" href=\"https:\/\/adf.org.br\/apostolosdefatima\/2\/?origem=4547#Participar\" target=\"_blank\" rel=\"noopener noreferrer\"><span style=\"font-family: verdana, geneva, sans-serif;\">DIGA SIM \u00e0 Nossa Senhora de F\u00e1tima!<\/span><\/a><\/span><br \/>\n<a href=\"https:\/\/adf.org.br\/apostolosdefatima\/2\/?origem=4547#Participar\" target=\"_blank\" rel=\"noopener noreferrer\"><span style=\"color: #0000ff;\"><span style=\"font-size: 12pt; font-family: verdana, geneva, sans-serif;\"><span style=\"color: #0000ff; font-size: 14pt;\">Clique aqui para receber estas maravilhas.<\/span><br \/>\n<\/span><\/span><\/a><\/p>\n<p><span style=\"font-size: 12pt; color: #000000; font-family: verdana, geneva, sans-serif;\"><span style=\"color: #ffffff;\">.<\/span><br \/>\nEstas ora\u00e7\u00f5es e presentes de agradecimento, n\u00e3o se comparam com o maior PRESENTE de todos que voc\u00ea poder\u00e1 receber de Nossa Senhora&#8230;<\/span><\/p>\n<p style=\"padding-left: 60px;\"><em><span style=\"font-size: 12pt; color: #000000; font-family: verdana, geneva, sans-serif;\">A Salva\u00e7\u00e3o.<\/span><\/em><\/p>\n<p><span style=\"font-size: 12pt; color: #000000; font-family: verdana, geneva, sans-serif;\">Esta \u00e9 a raz\u00e3o para que <strong>TODOS<\/strong> se tornem um <span style=\"color: #0000ff;\"><a style=\"color: #0000ff;\" href=\"https:\/\/adf.org.br\/apostolosdefatima\/2\/?origem=4547#\" target=\"_blank\" rel=\"noopener noreferrer\">Ap\u00f3stolo de F\u00e1tima!<\/a><\/span><\/span><\/p>\n<p style=\"text-align: center;\"><span style=\"font-size: 14pt; color: #000000; font-family: verdana, geneva, sans-serif;\"><a href=\"https:\/\/adf.org.br\/apostolosdefatima\/2\/?origem=4547#Participar\" target=\"_blank\" rel=\"noopener noreferrer\"><span style=\"color: #0000ff;\">Clique aqui<\/span>\u00a0<\/a>e fa\u00e7a sua inscri\u00e7\u00e3o.<\/span><\/p>\n<hr \/>\n<p style=\"text-align: center;\"><em><span style=\"font-size: 12pt; color: #000000; font-family: verdana, geneva, sans-serif;\">Voc\u00ea j\u00e1 deve ter pensado no presente essencial para sua fam\u00edlia, certo?<\/span><\/em><\/p>\n<p style=\"text-align: center;\"><em><span style=\"font-size: 12pt; color: #000000; font-family: verdana, geneva, sans-serif;\">E para a alma deles? O que voc\u00ea oferecer\u00e1?<\/span><\/em><\/p>\n<p style=\"text-align: center;\"><span style=\"font-size: 12pt; color: #000000; font-family: verdana, geneva, sans-serif;\"><span style=\"color: #0000ff;\"><a style=\"color: #0000ff;\" href=\"http:\/\/aascj.org.br\/livrodemissas\/natal?origem=9511\" target=\"_blank\" rel=\"noopener noreferrer\">Clique aqui<\/a><\/span> e acenda sua Vela de Natal!<\/span><\/p>\n<p style=\"text-align: center;\"><em><span style=\"font-size: 12pt; color: #000000; font-family: verdana, geneva, sans-serif;\">Um dos melhores presentes sempre ser\u00e1 uma ora\u00e7\u00e3o!<\/span><\/em><\/p>\n","protected":false},"excerpt":{"rendered":"<p>Esse \u00e9 o maior desejo de Nossa Senhora de F\u00e1tima, mas para que o Vosso Cora\u00e7\u00e3o reine precisamos abrir os nossos para que Ela os preencha. Nos dias atuais vem se tornando t\u00e3o dif\u00edcil resgatar almas para Nossa Senhora. Parece que as influ\u00eancias malignas est\u00e3o se manifestando de uma maneira t\u00e3o devastadora que consegue afastar [&hellip;]<\/p>\n","protected":false},"author":27,"featured_media":0,"comment_status":"open","ping_status":"open","sticky":false,"template":"","format":"standard","meta":[],"categories":[20,2323],"tags":[773,2242,3132,38,57],"yoast_head":"<!-- This site is optimized with the Yoast SEO plugin v17.4 - https:\/\/yoast.com\/wordpress\/plugins\/seo\/ -->\n<title>&quot;Por fim o meu Imaculado Cora\u00e7\u00e3o Triunfar\u00e1&quot;<\/title>\n<meta name=\"description\" content=\"O mundo precisa da Devo\u00e7\u00e3o ao Cora\u00e7\u00e3o de Maria! Voc\u00ea acredita? Leia essa mat\u00e9ria\" \/>\n<meta name=\"robots\" content=\"index, follow, max-snippet:-1, max-image-preview:large, max-video-preview:-1\" \/>\n<link rel=\"canonical\" href=\"https:\/\/www.adf.org.br\/home\/imaculado-coracao-triunfara\/\" \/>\n<meta property=\"og:locale\" content=\"pt_BR\" \/>\n<meta property=\"og:type\" content=\"article\" \/>\n<meta property=\"og:title\" content=\"&quot;Por fim o meu Imaculado Cora\u00e7\u00e3o Triunfar\u00e1&quot;\" \/>\n<meta property=\"og:description\" content=\"O mundo precisa da Devo\u00e7\u00e3o ao Cora\u00e7\u00e3o de Maria! Voc\u00ea acredita? Leia essa mat\u00e9ria\" \/>\n<meta property=\"og:url\" content=\"https:\/\/www.adf.org.br\/home\/imaculado-coracao-triunfara\/\" \/>\n<meta property=\"og:site_name\" content=\"Associa\u00e7\u00e3o Devotos de F\u00e1tima\" \/>\n<meta property=\"article:published_time\" content=\"2018-12-21T02:30:02+00:00\" \/>\n<meta property=\"og:image\" content=\"https:\/\/www.adf.org.br\/home\/wp-content\/uploads\/2018\/12\/pastorinhos-1.jpg\" \/>\n<meta name=\"twitter:card\" content=\"summary_large_image\" \/>\n<meta name=\"twitter:label1\" content=\"Escrito por\" \/>\n\t<meta name=\"twitter:data1\" content=\"Gabriel Barbosa\" \/>\n\t<meta name=\"twitter:label2\" content=\"Est. tempo de leitura\" \/>\n\t<meta name=\"twitter:data2\" content=\"3 minutos\" \/>\n<script type=\"application\/ld+json\" class=\"yoast-schema-graph\">{\"@context\":\"https:\/\/schema.org\",\"@graph\":[{\"@type\":\"WebSite\",\"@id\":\"https:\/\/www.adf.org.br\/home\/#website\",\"url\":\"https:\/\/www.adf.org.br\/home\/\",\"name\":\"Associa\\u00e7\\u00e3o Devotos de F\\u00e1tima\",\"description\":\"Associa\\u00e7\\u00e3o Devotos de F\\u00e1tima\",\"potentialAction\":[{\"@type\":\"SearchAction\",\"target\":{\"@type\":\"EntryPoint\",\"urlTemplate\":\"https:\/\/www.adf.org.br\/home\/?s={search_term_string}\"},\"query-input\":\"required name=search_term_string\"}],\"inLanguage\":\"pt-BR\"},{\"@type\":\"ImageObject\",\"@id\":\"https:\/\/www.adf.org.br\/home\/imaculado-coracao-triunfara\/#primaryimage\",\"inLanguage\":\"pt-BR\",\"url\":\"https:\/\/www.adf.org.br\/home\/wp-content\/uploads\/2018\/12\/pastorinhos-1.jpg\",\"contentUrl\":\"https:\/\/www.adf.org.br\/home\/wp-content\/uploads\/2018\/12\/pastorinhos-1.jpg\"},{\"@type\":\"WebPage\",\"@id\":\"https:\/\/www.adf.org.br\/home\/imaculado-coracao-triunfara\/#webpage\",\"url\":\"https:\/\/www.adf.org.br\/home\/imaculado-coracao-triunfara\/\",\"name\":\"\\\"Por fim o meu Imaculado Cora\\u00e7\\u00e3o Triunfar\\u00e1\\\"\",\"isPartOf\":{\"@id\":\"https:\/\/www.adf.org.br\/home\/#website\"},\"primaryImageOfPage\":{\"@id\":\"https:\/\/www.adf.org.br\/home\/imaculado-coracao-triunfara\/#primaryimage\"},\"datePublished\":\"2018-12-21T02:30:02+00:00\",\"dateModified\":\"2018-12-21T02:30:02+00:00\",\"author\":{\"@id\":\"https:\/\/www.adf.org.br\/home\/#\/schema\/person\/affa494ecf91434f3620f5392de44327\"},\"description\":\"O mundo precisa da Devo\\u00e7\\u00e3o ao Cora\\u00e7\\u00e3o de Maria! Voc\\u00ea acredita? Leia essa mat\\u00e9ria\",\"breadcrumb\":{\"@id\":\"https:\/\/www.adf.org.br\/home\/imaculado-coracao-triunfara\/#breadcrumb\"},\"inLanguage\":\"pt-BR\",\"potentialAction\":[{\"@type\":\"ReadAction\",\"target\":[\"https:\/\/www.adf.org.br\/home\/imaculado-coracao-triunfara\/\"]}]},{\"@type\":\"BreadcrumbList\",\"@id\":\"https:\/\/www.adf.org.br\/home\/imaculado-coracao-triunfara\/#breadcrumb\",\"itemListElement\":[{\"@type\":\"ListItem\",\"position\":1,\"name\":\"Home\",\"item\":\"https:\/\/www.adf.org.br\/home\/\"},{\"@type\":\"ListItem\",\"position\":2,\"name\":\"&#8220;Por fim o meu Imaculado Cora\\u00e7\\u00e3o Triunfar\\u00e1&#8221;\"}]},{\"@type\":\"Person\",\"@id\":\"https:\/\/www.adf.org.br\/home\/#\/schema\/person\/affa494ecf91434f3620f5392de44327\",\"name\":\"Gabriel Barbosa\",\"image\":{\"@type\":\"ImageObject\",\"@id\":\"https:\/\/www.adf.org.br\/home\/#personlogo\",\"inLanguage\":\"pt-BR\",\"url\":\"https:\/\/secure.gravatar.com\/avatar\/ecf2eab02e30486a7038f8b2858de06a?s=96&d=mm&r=g\",\"contentUrl\":\"https:\/\/secure.gravatar.com\/avatar\/ecf2eab02e30486a7038f8b2858de06a?s=96&d=mm&r=g\",\"caption\":\"Gabriel Barbosa\"},\"url\":\"https:\/\/www.adf.org.br\/home\/author\/gabriel-aascj\/\"}]}<\/script>\n<!-- \/ Yoast SEO plugin. -->","yoast_head_json":{"title":"\"Por fim o meu Imaculado Cora\u00e7\u00e3o Triunfar\u00e1\"","description":"O mundo precisa da Devo\u00e7\u00e3o ao Cora\u00e7\u00e3o de Maria! Voc\u00ea acredita? Leia essa mat\u00e9ria","robots":{"index":"index","follow":"follow","max-snippet":"max-snippet:-1","max-image-preview":"max-image-preview:large","max-video-preview":"max-video-preview:-1"},"canonical":"https:\/\/www.adf.org.br\/home\/imaculado-coracao-triunfara\/","og_locale":"pt_BR","og_type":"article","og_title":"\"Por fim o meu Imaculado Cora\u00e7\u00e3o Triunfar\u00e1\"","og_description":"O mundo precisa da Devo\u00e7\u00e3o ao Cora\u00e7\u00e3o de Maria! Voc\u00ea acredita? Leia essa mat\u00e9ria","og_url":"https:\/\/www.adf.org.br\/home\/imaculado-coracao-triunfara\/","og_site_name":"Associa\u00e7\u00e3o Devotos de F\u00e1tima","article_published_time":"2018-12-21T02:30:02+00:00","og_image":[{"url":"https:\/\/www.adf.org.br\/home\/wp-content\/uploads\/2018\/12\/pastorinhos-1.jpg"}],"twitter_card":"summary_large_image","twitter_misc":{"Escrito por":"Gabriel Barbosa","Est. tempo de leitura":"3 minutos"},"schema":{"@context":"https:\/\/schema.org","@graph":[{"@type":"WebSite","@id":"https:\/\/www.adf.org.br\/home\/#website","url":"https:\/\/www.adf.org.br\/home\/","name":"Associa\u00e7\u00e3o Devotos de F\u00e1tima","description":"Associa\u00e7\u00e3o Devotos de F\u00e1tima","potentialAction":[{"@type":"SearchAction","target":{"@type":"EntryPoint","urlTemplate":"https:\/\/www.adf.org.br\/home\/?s={search_term_string}"},"query-input":"required name=search_term_string"}],"inLanguage":"pt-BR"},{"@type":"ImageObject","@id":"https:\/\/www.adf.org.br\/home\/imaculado-coracao-triunfara\/#primaryimage","inLanguage":"pt-BR","url":"https:\/\/www.adf.org.br\/home\/wp-content\/uploads\/2018\/12\/pastorinhos-1.jpg","contentUrl":"https:\/\/www.adf.org.br\/home\/wp-content\/uploads\/2018\/12\/pastorinhos-1.jpg"},{"@type":"WebPage","@id":"https:\/\/www.adf.org.br\/home\/imaculado-coracao-triunfara\/#webpage","url":"https:\/\/www.adf.org.br\/home\/imaculado-coracao-triunfara\/","name":"\"Por fim o meu Imaculado Cora\u00e7\u00e3o Triunfar\u00e1\"","isPartOf":{"@id":"https:\/\/www.adf.org.br\/home\/#website"},"primaryImageOfPage":{"@id":"https:\/\/www.adf.org.br\/home\/imaculado-coracao-triunfara\/#primaryimage"},"datePublished":"2018-12-21T02:30:02+00:00","dateModified":"2018-12-21T02:30:02+00:00","author":{"@id":"https:\/\/www.adf.org.br\/home\/#\/schema\/person\/affa494ecf91434f3620f5392de44327"},"description":"O mundo precisa da Devo\u00e7\u00e3o ao Cora\u00e7\u00e3o de Maria! Voc\u00ea acredita? Leia essa mat\u00e9ria","breadcrumb":{"@id":"https:\/\/www.adf.org.br\/home\/imaculado-coracao-triunfara\/#breadcrumb"},"inLanguage":"pt-BR","potentialAction":[{"@type":"ReadAction","target":["https:\/\/www.adf.org.br\/home\/imaculado-coracao-triunfara\/"]}]},{"@type":"BreadcrumbList","@id":"https:\/\/www.adf.org.br\/home\/imaculado-coracao-triunfara\/#breadcrumb","itemListElement":[{"@type":"ListItem","position":1,"name":"Home","item":"https:\/\/www.adf.org.br\/home\/"},{"@type":"ListItem","position":2,"name":"&#8220;Por fim o meu Imaculado Cora\u00e7\u00e3o Triunfar\u00e1&#8221;"}]},{"@type":"Person","@id":"https:\/\/www.adf.org.br\/home\/#\/schema\/person\/affa494ecf91434f3620f5392de44327","name":"Gabriel Barbosa","image":{"@type":"ImageObject","@id":"https:\/\/www.adf.org.br\/home\/#personlogo","inLanguage":"pt-BR","url":"https:\/\/secure.gravatar.com\/avatar\/ecf2eab02e30486a7038f8b2858de06a?s=96&d=mm&r=g","contentUrl":"https:\/\/secure.gravatar.com\/avatar\/ecf2eab02e30486a7038f8b2858de06a?s=96&d=mm&r=g","caption":"Gabriel Barbosa"},"url":"https:\/\/www.adf.org.br\/home\/author\/gabriel-aascj\/"}]}},"_links":{"self":[{"href":"https:\/\/www.adf.org.br\/home\/wp-json\/wp\/v2\/posts\/49281"}],"collection":[{"href":"https:\/\/www.adf.org.br\/home\/wp-json\/wp\/v2\/posts"}],"about":[{"href":"https:\/\/www.adf.org.br\/home\/wp-json\/wp\/v2\/types\/post"}],"author":[{"embeddable":true,"href":"https:\/\/www.adf.org.br\/home\/wp-json\/wp\/v2\/users\/27"}],"replies":[{"embeddable":true,"href":"https:\/\/www.adf.org.br\/home\/wp-json\/wp\/v2\/comments?post=49281"}],"version-history":[{"count":0,"href":"https:\/\/www.adf.org.br\/home\/wp-json\/wp\/v2\/posts\/49281\/revisions"}],"wp:attachment":[{"href":"https:\/\/www.adf.org.br\/home\/wp-json\/wp\/v2\/media?parent=49281"}],"wp:term":[{"taxonomy":"category","embeddable":true,"href":"https:\/\/www.adf.org.br\/home\/wp-json\/wp\/v2\/categories?post=49281"},{"taxonomy":"post_tag","embeddable":true,"href":"https:\/\/www.adf.org.br\/home\/wp-json\/wp\/v2\/tags?post=49281"}],"curies":[{"name":"wp","href":"https:\/\/api.w.org\/{rel}","templated":true}]}}