{"id":49085,"date":"2020-12-15T06:00:04","date_gmt":"2020-12-15T09:00:04","guid":{"rendered":"http:\/\/www.adf.org.br\/home\/?p=49085"},"modified":"2020-12-14T15:01:56","modified_gmt":"2020-12-14T18:01:56","slug":"vela-para-um-santo-natal","status":"publish","type":"post","link":"https:\/\/www.adf.org.br\/home\/vela-para-um-santo-natal\/","title":{"rendered":"Vela para um Santo Natal"},"content":{"rendered":"<p><a href=\"http:\/\/www.adf.org.br\/velanatalina\/?origem=17050\" target=\"_blank\" rel=\"noopener noreferrer\"><img loading=\"lazy\" class=\"CToWUd aligncenter\" style=\"display: block;\" src=\"https:\/\/ci4.googleusercontent.com\/proxy\/yo2e2u_JUhf0Dbyu9hTFozqR-8kBEts-Eak7Qx5b3IPcZi7uGFlrjhcWifvO_LFpXNbKyJwN2wLrDgQk0Pgq8N1mmpzNpYqLlzwuSIAt_2NjncaLN_-P=s0-d-e1-ft#http:\/\/www.adf.org.br\/home\/emkt\/01_barbara\/testeira_adf_18_12_AT.gif\" alt=\"Saiba mais aqui.\" width=\"366\" height=\"214\" \/><\/a><\/p>\n<p><span style=\"font-family: 'courier new', courier, monospace; font-size: 14pt; color: #000000;\">Caro (a) amigo (a),<\/span><\/p>\n<p><span style=\"font-size: 14pt; color: #000000; font-family: 'courier new', courier, monospace;\">Meu maior desejo \u00e9 que voc\u00ea tenha um <strong><span style=\"color: #ff0000;\">Santo Natal<\/span><\/strong> com as mais belas gra\u00e7as do Menino Jesus e da Sant\u00edssima Virgem.<\/span><\/p>\n<p style=\"padding-left: 60px;\"><span style=\"font-size: 14pt; color: #000000; font-family: 'courier new', courier, monospace;\">Por isso, criamos uma\u00a0<strong><span style=\"color: #0000ff;\"><a style=\"color: #0000ff;\" href=\"http:\/\/www.adf.org.br\/velanatalina\/?origem=17050\" target=\"_blank\" rel=\"noopener noreferrer\" data-saferedirecturl=\"https:\/\/www.google.com\/url?q=http:\/\/e.adf.org.br\/bendar\/?atmca%3D7221105%26atmme%3D2%26atmte%3D1%26atmso%3Dck%26utm_content%3D238215336%26atmem%3DZWR1YXJkb3ZoQHBtay5jb20uYnI%3D%26&amp;source=gmail&amp;ust=1544529055083000&amp;usg=AFQjCNGcgKWEiGZVHTE1e6TDx1RPjaYQdQ\">Vela Natalina<\/a><\/span><\/strong>\u00a0especialmente para voc\u00ea colocar seus pedidos de gra\u00e7as por meio da internet.<\/span><\/p>\n<p><span style=\"font-size: 14pt; color: #000000; font-family: 'courier new', courier, monospace;\">Suas inten\u00e7\u00f5es inscritas nesta vela ser\u00e3o automaticamente levadas ao altar da Santa Missa de Natal do dia 25\/12.<\/span><\/p>\n<p><span style=\"font-size: 14pt; color: #000000; font-family: 'courier new', courier, monospace;\">Ent\u00e3o aproveite.<\/span><\/p>\n<p><a href=\"http:\/\/www.adf.org.br\/velanatalina\/?origem=17050\" target=\"_blank\" rel=\"noopener noreferrer\"><img loading=\"lazy\" class=\"CToWUd aligncenter\" src=\"https:\/\/ci5.googleusercontent.com\/proxy\/KPeAIgndOrEUJLuX4IT2V9MboYsjlGuAjuLWNkgnm9-iTJoUCu8ytFSfnvJLxKGGTz0Ug3VNtVyZ3ED2lKSs2NhtJPLne3ftMsGSifReKrHeyEHG=s0-d-e1-ft#http:\/\/www.adf.org.br\/home\/emkt\/01_barbara\/botao_adf_17_12_RL.png\" alt=\"#\" width=\"387\" height=\"137\" \/><\/a><\/p>\n<div><\/div>\n<p><span style=\"font-size: 14pt; color: #000000; font-family: 'courier new', courier, monospace;\">Depois, compartilhe esta novidade com seus amigos.<\/span><\/p>\n<p><span style=\"font-size: 14pt; color: #0000ff; font-family: 'courier new', courier, monospace;\"><a style=\"color: #0000ff;\" href=\"http:\/\/www.adf.org.br\/velanatalina\/?origem=17050\" target=\"_blank\" rel=\"noopener noreferrer\" data-saferedirecturl=\"https:\/\/www.google.com\/url?q=http:\/\/e.adf.org.br\/bendar\/?atmca%3D7221105%26atmme%3D2%26atmte%3D1%26atmso%3Dck%26utm_content%3D238215336%26atmem%3DZWR1YXJkb3ZoQHBtay5jb20uYnI%3D%26&amp;source=gmail&amp;ust=1544529055083000&amp;usg=AFQjCNGcgKWEiGZVHTE1e6TDx1RPjaYQdQ\"><strong>Clique para incluir seus pedidos de gra\u00e7as &#8211; sem sair de casa e com toda privacidade<\/strong><\/a>.<\/span><\/p>\n<p><span style=\"font-size: 14pt; color: #000000; font-family: 'courier new', courier, monospace;\">Que Nossa Senhora e o Menino Jesus lhe cumulem de b\u00ean\u00e7\u00e3os neste Natal.<\/span><\/p>\n<p><span style=\"font-size: 14pt; font-family: 'courier new', courier, monospace; color: #000000;\"><strong><i>Carlos Lanna<\/i><\/strong><\/span><br \/>\n<span style=\"font-size: 14pt; font-family: 'courier new', courier, monospace; color: #000000;\">Coordenador de Apostolado<\/span><br \/>\n<span style=\"font-size: 14pt; font-family: 'courier new', courier, monospace; color: #000000;\">Associa\u00e7\u00e3o Devotos de F\u00e1tima<\/span><\/p>\n<h5><span style=\"color: #ffffff;\">.<\/span><\/h5>\n","protected":false},"excerpt":{"rendered":"<p>Caro (a) amigo (a), Meu maior desejo \u00e9 que voc\u00ea tenha um Santo Natal com as mais belas gra\u00e7as do Menino Jesus e da Sant\u00edssima Virgem. Por isso, criamos uma\u00a0Vela Natalina\u00a0especialmente para voc\u00ea colocar seus pedidos de gra\u00e7as por meio da internet. Suas inten\u00e7\u00f5es inscritas nesta vela ser\u00e3o automaticamente levadas ao altar da Santa Missa [&hellip;]<\/p>\n","protected":false},"author":27,"featured_media":62941,"comment_status":"open","ping_status":"open","sticky":false,"template":"","format":"standard","meta":[],"categories":[2224,20,3069,2332],"tags":[2446,3068,920,39,3070,38,57,53,3071,3072],"yoast_head":"<!-- This site is optimized with the Yoast SEO plugin v17.4 - https:\/\/yoast.com\/wordpress\/plugins\/seo\/ -->\n<title>Vela para um Santo Natal<\/title>\n<meta name=\"description\" content=\"A melhor maneira de garantir um Natal aben\u00e7oado e pr\u00f3spero e pedindo a intercess\u00e3o da Sant\u00edssima Virgem! Clique e acenda sua Vela Natalina!\" \/>\n<meta name=\"robots\" content=\"index, follow, max-snippet:-1, max-image-preview:large, max-video-preview:-1\" \/>\n<link rel=\"canonical\" href=\"https:\/\/www.adf.org.br\/home\/vela-para-um-santo-natal\/\" \/>\n<meta property=\"og:locale\" content=\"pt_BR\" \/>\n<meta property=\"og:type\" content=\"article\" \/>\n<meta property=\"og:title\" content=\"Vela para um Santo Natal\" \/>\n<meta property=\"og:description\" content=\"A melhor maneira de garantir um Natal aben\u00e7oado e pr\u00f3spero e pedindo a intercess\u00e3o da Sant\u00edssima Virgem! Clique e acenda sua Vela Natalina!\" \/>\n<meta property=\"og:url\" content=\"https:\/\/www.adf.org.br\/home\/vela-para-um-santo-natal\/\" \/>\n<meta property=\"og:site_name\" content=\"Associa\u00e7\u00e3o Devotos de F\u00e1tima\" \/>\n<meta property=\"article:published_time\" content=\"2020-12-15T09:00:04+00:00\" \/>\n<meta property=\"article:modified_time\" content=\"2020-12-14T18:01:56+00:00\" \/>\n<meta property=\"og:image\" content=\"https:\/\/www.adf.org.br\/home\/wp-content\/uploads\/2020\/12\/capa-post-vela.gif\" \/>\n\t<meta property=\"og:image:width\" content=\"600\" \/>\n\t<meta property=\"og:image:height\" content=\"350\" \/>\n<meta name=\"twitter:card\" content=\"summary_large_image\" \/>\n<meta name=\"twitter:label1\" content=\"Escrito por\" \/>\n\t<meta name=\"twitter:data1\" content=\"Gabriel Barbosa\" \/>\n\t<meta name=\"twitter:label2\" content=\"Est. tempo de leitura\" \/>\n\t<meta name=\"twitter:data2\" content=\"1 minuto\" \/>\n<script type=\"application\/ld+json\" class=\"yoast-schema-graph\">{\"@context\":\"https:\/\/schema.org\",\"@graph\":[{\"@type\":\"WebSite\",\"@id\":\"https:\/\/www.adf.org.br\/home\/#website\",\"url\":\"https:\/\/www.adf.org.br\/home\/\",\"name\":\"Associa\\u00e7\\u00e3o Devotos de F\\u00e1tima\",\"description\":\"Associa\\u00e7\\u00e3o Devotos de F\\u00e1tima\",\"potentialAction\":[{\"@type\":\"SearchAction\",\"target\":{\"@type\":\"EntryPoint\",\"urlTemplate\":\"https:\/\/www.adf.org.br\/home\/?s={search_term_string}\"},\"query-input\":\"required name=search_term_string\"}],\"inLanguage\":\"pt-BR\"},{\"@type\":\"ImageObject\",\"@id\":\"https:\/\/www.adf.org.br\/home\/vela-para-um-santo-natal\/#primaryimage\",\"inLanguage\":\"pt-BR\",\"url\":\"https:\/\/www.adf.org.br\/home\/wp-content\/uploads\/2020\/12\/capa-post-vela.gif\",\"contentUrl\":\"https:\/\/www.adf.org.br\/home\/wp-content\/uploads\/2020\/12\/capa-post-vela.gif\",\"width\":600,\"height\":350},{\"@type\":\"WebPage\",\"@id\":\"https:\/\/www.adf.org.br\/home\/vela-para-um-santo-natal\/#webpage\",\"url\":\"https:\/\/www.adf.org.br\/home\/vela-para-um-santo-natal\/\",\"name\":\"Vela para um Santo Natal\",\"isPartOf\":{\"@id\":\"https:\/\/www.adf.org.br\/home\/#website\"},\"primaryImageOfPage\":{\"@id\":\"https:\/\/www.adf.org.br\/home\/vela-para-um-santo-natal\/#primaryimage\"},\"datePublished\":\"2020-12-15T09:00:04+00:00\",\"dateModified\":\"2020-12-14T18:01:56+00:00\",\"author\":{\"@id\":\"https:\/\/www.adf.org.br\/home\/#\/schema\/person\/affa494ecf91434f3620f5392de44327\"},\"description\":\"A melhor maneira de garantir um Natal aben\\u00e7oado e pr\\u00f3spero e pedindo a intercess\\u00e3o da Sant\\u00edssima Virgem! Clique e acenda sua Vela Natalina!\",\"breadcrumb\":{\"@id\":\"https:\/\/www.adf.org.br\/home\/vela-para-um-santo-natal\/#breadcrumb\"},\"inLanguage\":\"pt-BR\",\"potentialAction\":[{\"@type\":\"ReadAction\",\"target\":[\"https:\/\/www.adf.org.br\/home\/vela-para-um-santo-natal\/\"]}]},{\"@type\":\"BreadcrumbList\",\"@id\":\"https:\/\/www.adf.org.br\/home\/vela-para-um-santo-natal\/#breadcrumb\",\"itemListElement\":[{\"@type\":\"ListItem\",\"position\":1,\"name\":\"Home\",\"item\":\"https:\/\/www.adf.org.br\/home\/\"},{\"@type\":\"ListItem\",\"position\":2,\"name\":\"Vela para um Santo Natal\"}]},{\"@type\":\"Person\",\"@id\":\"https:\/\/www.adf.org.br\/home\/#\/schema\/person\/affa494ecf91434f3620f5392de44327\",\"name\":\"Gabriel Barbosa\",\"image\":{\"@type\":\"ImageObject\",\"@id\":\"https:\/\/www.adf.org.br\/home\/#personlogo\",\"inLanguage\":\"pt-BR\",\"url\":\"https:\/\/secure.gravatar.com\/avatar\/ecf2eab02e30486a7038f8b2858de06a?s=96&d=mm&r=g\",\"contentUrl\":\"https:\/\/secure.gravatar.com\/avatar\/ecf2eab02e30486a7038f8b2858de06a?s=96&d=mm&r=g\",\"caption\":\"Gabriel Barbosa\"},\"url\":\"https:\/\/www.adf.org.br\/home\/author\/gabriel-aascj\/\"}]}<\/script>\n<!-- \/ Yoast SEO plugin. -->","yoast_head_json":{"title":"Vela para um Santo Natal","description":"A melhor maneira de garantir um Natal aben\u00e7oado e pr\u00f3spero e pedindo a intercess\u00e3o da Sant\u00edssima Virgem! Clique e acenda sua Vela Natalina!","robots":{"index":"index","follow":"follow","max-snippet":"max-snippet:-1","max-image-preview":"max-image-preview:large","max-video-preview":"max-video-preview:-1"},"canonical":"https:\/\/www.adf.org.br\/home\/vela-para-um-santo-natal\/","og_locale":"pt_BR","og_type":"article","og_title":"Vela para um Santo Natal","og_description":"A melhor maneira de garantir um Natal aben\u00e7oado e pr\u00f3spero e pedindo a intercess\u00e3o da Sant\u00edssima Virgem! Clique e acenda sua Vela Natalina!","og_url":"https:\/\/www.adf.org.br\/home\/vela-para-um-santo-natal\/","og_site_name":"Associa\u00e7\u00e3o Devotos de F\u00e1tima","article_published_time":"2020-12-15T09:00:04+00:00","article_modified_time":"2020-12-14T18:01:56+00:00","og_image":[{"width":600,"height":350,"url":"https:\/\/www.adf.org.br\/home\/wp-content\/uploads\/2020\/12\/capa-post-vela.gif","type":"image\/gif"}],"twitter_card":"summary_large_image","twitter_misc":{"Escrito por":"Gabriel Barbosa","Est. tempo de leitura":"1 minuto"},"schema":{"@context":"https:\/\/schema.org","@graph":[{"@type":"WebSite","@id":"https:\/\/www.adf.org.br\/home\/#website","url":"https:\/\/www.adf.org.br\/home\/","name":"Associa\u00e7\u00e3o Devotos de F\u00e1tima","description":"Associa\u00e7\u00e3o Devotos de F\u00e1tima","potentialAction":[{"@type":"SearchAction","target":{"@type":"EntryPoint","urlTemplate":"https:\/\/www.adf.org.br\/home\/?s={search_term_string}"},"query-input":"required name=search_term_string"}],"inLanguage":"pt-BR"},{"@type":"ImageObject","@id":"https:\/\/www.adf.org.br\/home\/vela-para-um-santo-natal\/#primaryimage","inLanguage":"pt-BR","url":"https:\/\/www.adf.org.br\/home\/wp-content\/uploads\/2020\/12\/capa-post-vela.gif","contentUrl":"https:\/\/www.adf.org.br\/home\/wp-content\/uploads\/2020\/12\/capa-post-vela.gif","width":600,"height":350},{"@type":"WebPage","@id":"https:\/\/www.adf.org.br\/home\/vela-para-um-santo-natal\/#webpage","url":"https:\/\/www.adf.org.br\/home\/vela-para-um-santo-natal\/","name":"Vela para um Santo Natal","isPartOf":{"@id":"https:\/\/www.adf.org.br\/home\/#website"},"primaryImageOfPage":{"@id":"https:\/\/www.adf.org.br\/home\/vela-para-um-santo-natal\/#primaryimage"},"datePublished":"2020-12-15T09:00:04+00:00","dateModified":"2020-12-14T18:01:56+00:00","author":{"@id":"https:\/\/www.adf.org.br\/home\/#\/schema\/person\/affa494ecf91434f3620f5392de44327"},"description":"A melhor maneira de garantir um Natal aben\u00e7oado e pr\u00f3spero e pedindo a intercess\u00e3o da Sant\u00edssima Virgem! Clique e acenda sua Vela Natalina!","breadcrumb":{"@id":"https:\/\/www.adf.org.br\/home\/vela-para-um-santo-natal\/#breadcrumb"},"inLanguage":"pt-BR","potentialAction":[{"@type":"ReadAction","target":["https:\/\/www.adf.org.br\/home\/vela-para-um-santo-natal\/"]}]},{"@type":"BreadcrumbList","@id":"https:\/\/www.adf.org.br\/home\/vela-para-um-santo-natal\/#breadcrumb","itemListElement":[{"@type":"ListItem","position":1,"name":"Home","item":"https:\/\/www.adf.org.br\/home\/"},{"@type":"ListItem","position":2,"name":"Vela para um Santo Natal"}]},{"@type":"Person","@id":"https:\/\/www.adf.org.br\/home\/#\/schema\/person\/affa494ecf91434f3620f5392de44327","name":"Gabriel Barbosa","image":{"@type":"ImageObject","@id":"https:\/\/www.adf.org.br\/home\/#personlogo","inLanguage":"pt-BR","url":"https:\/\/secure.gravatar.com\/avatar\/ecf2eab02e30486a7038f8b2858de06a?s=96&d=mm&r=g","contentUrl":"https:\/\/secure.gravatar.com\/avatar\/ecf2eab02e30486a7038f8b2858de06a?s=96&d=mm&r=g","caption":"Gabriel Barbosa"},"url":"https:\/\/www.adf.org.br\/home\/author\/gabriel-aascj\/"}]}},"_links":{"self":[{"href":"https:\/\/www.adf.org.br\/home\/wp-json\/wp\/v2\/posts\/49085"}],"collection":[{"href":"https:\/\/www.adf.org.br\/home\/wp-json\/wp\/v2\/posts"}],"about":[{"href":"https:\/\/www.adf.org.br\/home\/wp-json\/wp\/v2\/types\/post"}],"author":[{"embeddable":true,"href":"https:\/\/www.adf.org.br\/home\/wp-json\/wp\/v2\/users\/27"}],"replies":[{"embeddable":true,"href":"https:\/\/www.adf.org.br\/home\/wp-json\/wp\/v2\/comments?post=49085"}],"version-history":[{"count":4,"href":"https:\/\/www.adf.org.br\/home\/wp-json\/wp\/v2\/posts\/49085\/revisions"}],"predecessor-version":[{"id":62939,"href":"https:\/\/www.adf.org.br\/home\/wp-json\/wp\/v2\/posts\/49085\/revisions\/62939"}],"wp:featuredmedia":[{"embeddable":true,"href":"https:\/\/www.adf.org.br\/home\/wp-json\/wp\/v2\/media\/62941"}],"wp:attachment":[{"href":"https:\/\/www.adf.org.br\/home\/wp-json\/wp\/v2\/media?parent=49085"}],"wp:term":[{"taxonomy":"category","embeddable":true,"href":"https:\/\/www.adf.org.br\/home\/wp-json\/wp\/v2\/categories?post=49085"},{"taxonomy":"post_tag","embeddable":true,"href":"https:\/\/www.adf.org.br\/home\/wp-json\/wp\/v2\/tags?post=49085"}],"curies":[{"name":"wp","href":"https:\/\/api.w.org\/{rel}","templated":true}]}}