{"id":48546,"date":"2018-11-05T05:00:09","date_gmt":"2018-11-05T07:00:09","guid":{"rendered":"http:\/\/www.adf.org.br\/home\/?p=48546"},"modified":"2018-11-05T05:00:09","modified_gmt":"2018-11-05T07:00:09","slug":"voce-precisa-conhecer-esse-testemunho","status":"publish","type":"post","link":"https:\/\/www.adf.org.br\/home\/voce-precisa-conhecer-esse-testemunho\/","title":{"rendered":"Voc\u00ea precisa conhecer esse testemunho"},"content":{"rendered":"<p><a href=\"https:\/\/adf.org.br\/apostolosdacura\/?origem=4547\" target=\"_blank\" rel=\"noopener noreferrer\"><img loading=\"lazy\" class=\"aligncenter wp-image-48610\" src=\"https:\/\/www.adf.org.br\/home\/wp-content\/uploads\/2018\/10\/testeira_adf_10_11_AT.jpg\" alt=\"testeira_adf_10_11_AT\" width=\"560\" height=\"327\" \/><\/a><\/p>\n<p><span style=\"font-family: 'courier new', courier, monospace; font-size: 14pt;\"><span style=\"color: #ffffff;\">.<\/span><br \/>\nCaro (a) amigo (a),<\/span><\/p>\n<p><span style=\"font-family: 'courier new', courier, monospace; font-size: 14pt;\"><br \/>\nEsse \u00e9 mais um testemunho dentre os que recebemos todos os dias aqui na associa\u00e7\u00e3o e que fa\u00e7o quest\u00e3o de compartilh\u00e1-lo com voc\u00ea.<\/span><\/p>\n<p><span style=\"font-family: 'courier new', courier, monospace; font-size: 14pt;\">Ele foi enviado pelo sr Alcides, de Esteio &#8211; RS.<\/span><\/p>\n<p><span style=\"font-family: 'courier new', courier, monospace; font-size: 14pt;\"><em><br \/>\n&#8220;Eu\u00a0<strong>nunca pensei<\/strong>\u00a0que isso fosse acontecer com meu filho Renato,\u00a0<span class=\"il\">de<\/span>\u00a06 anos. Ele come\u00e7ou a ficar\u00a0<strong>muito fraquinho<\/strong>\u00a0e o levei ao m\u00e9dico.<\/em><\/span><\/p>\n<p><span style=\"font-family: 'courier new', courier, monospace; font-size: 14pt;\"><br \/>\n&#8220;No hospital disseram que era uma\u00a0<strong>doen\u00e7a grave nos rins<\/strong>, e que ele teria poucas chances\u00a0<span class=\"il\">de\u00a0<\/span>sobreviver. Neste mesmo dia, eu recebi um e-mail do <span style=\"color: #0000ff;\"><a style=\"color: #0000ff;\" href=\"https:\/\/adf.org.br\/apostolosdacura\/?origem=4547\" target=\"_blank\" rel=\"noopener noreferrer\">grupo Ap\u00f3stolos da Cura<\/a><\/span>, desta associa\u00e7\u00e3o.<\/span><\/p>\n<p style=\"text-align: left;\"><span style=\"font-family: 'courier new', courier, monospace; font-size: 14pt;\"><br \/>\n&#8220;Eu\u00a0nem pensei e decidi que naquele mesmo momento inscreveria meus pedidos com f\u00e9. Ap\u00f3s uma semana eu fui atendido. Ele n\u00e3o precisou\u00a0<span class=\"il\">de<\/span>\u00a0doador\u00a0<span class=\"il\">de<\/span>\u00a0\u00f3rg\u00e3os e\u00a0<strong>teve melhoras com os rem\u00e9dios<\/strong>. Hoje ele est\u00e1 quase curado. Obrigado, Nossa Senhora!&#8221;<\/span><\/p>\n<p style=\"text-align: right;\"><span style=\"font-family: 'courier new', courier, monospace; font-size: 14pt;\">Sr. Alcides\u00a0<span class=\"il\">de<\/span>\u00a0Esteio &#8211; RS.<\/span><\/p>\n<p><span style=\"font-family: 'courier new', courier, monospace; font-size: 14pt;\"><br \/>\nDepois de ler esse testemunho emocionante de\u00a0um pai eu tenho certeza que Nossa Senhora tocou o seu cora\u00e7\u00e3o, assim como tocou o meu.<\/span><\/p>\n<p style=\"padding-left: 90px;\"><span style=\"font-family: 'courier new', courier, monospace; font-size: 14pt;\"><strong><br \/>\nEm determinadas situa\u00e7\u00f5es\u00a0<span class=\"il\">de<\/span>\u00a0nossa vida, tudo o que queremos \u00e9 que as coisas se resolvam o quanto antes, n\u00e3o \u00e9 mesmo? Ainda mais quando se trata\u00a0<span class=\"il\">de<\/span>\u00a0algo que atinge quem n\u00f3s amamos.<\/strong><\/span><\/p>\n<p><span style=\"font-family: 'courier new', courier, monospace; font-size: 14pt;\"><br \/>\nO que temos a fazer \u00e9 pedir a ajuda dos C\u00e9us.<\/span><\/p>\n<p><span style=\"font-family: 'courier new', courier, monospace; font-size: 14pt;\"><br \/>\nPortanto, se voc\u00ea est\u00e1 precisando\u00a0<span class=\"il\">de<\/span>\u00a0uma gra\u00e7a da Virgem Maria, fa\u00e7a como\u00a0o Sr. Alcides\u00a0e inicie agora mesmo sua participa\u00e7\u00e3o no grupo <span style=\"color: #0000ff;\"><a style=\"color: #0000ff;\" href=\"https:\/\/adf.org.br\/apostolosdacura\/?origem=4547\" target=\"_blank\" rel=\"noopener noreferrer\">Ap\u00f3stolos da Cura<\/a><\/span>.<\/span><\/p>\n<p>&nbsp;<\/p>\n<p><img loading=\"lazy\" class=\"aligncenter wp-image-48612 size-medium\" title=\"Lourdes\" src=\"https:\/\/www.adf.org.br\/home\/wp-content\/uploads\/2018\/10\/06-Nossa-Senhora-de-Lourdes2-212x300.jpg\" alt=\"Nossa Senhora de Lourdes\" width=\"212\" height=\"300\" \/><\/p>\n<p><span style=\"font-family: 'courier new', courier, monospace; font-size: 14pt;\"><br \/>\nSeus pedidos ser\u00e3o levados ao altar e inscritos em mais de 60 missas por ano.<\/span><\/p>\n<p><span style=\"font-family: 'courier new', courier, monospace; font-size: 14pt;\"><br \/>\nSinto que esse grupo ir\u00e1 lhe ajudar muito. Ent\u00e3o,\u00a0<a href=\"https:\/\/adf.org.br\/apostolosdacura\/?origem=4547\" target=\"_blank\" rel=\"noopener noreferrer\"><span style=\"color: #0000ff;\">clique aqui<\/span>\u00a0<\/a>e\u00a0inclua\u00a0seus pedidos\u00a0<span class=\"il\">de<\/span>\u00a0gra\u00e7a agora mesmo.<\/span><\/p>\n<p><span style=\"font-family: 'courier new', courier, monospace; font-size: 14pt;\"><br \/>\nQue Nossa Senhora interceda sempre por voc\u00ea e por toda sua fam\u00edlia.<\/span><\/p>\n<p><span style=\"font-family: 'courier new', courier, monospace; font-size: 14pt;\">Em Jesus, Maria e Jos\u00e9.<\/span><\/p>\n<h5><span style=\"font-family: 'courier new', courier, monospace; font-size: 14pt;\"><b><br \/>\nCarlos Lanna<\/b><\/span><\/h5>\n<p><span style=\"font-family: 'courier new', courier, monospace; font-size: 14pt;\">Coordenador de Apostolado<\/span><br \/>\n<span style=\"font-family: 'courier new', courier, monospace; font-size: 14pt;\"> Associa\u00e7\u00e3o Devotos de F\u00e1tima<\/span><\/p>\n","protected":false},"excerpt":{"rendered":"<p>Esse \u00e9 mais um testemunho dentre os que recebemos todos os dias aqui na associa\u00e7\u00e3o e que fa\u00e7o quest\u00e3o de compartilh\u00e1-lo com voc\u00ea.<\/p>\n","protected":false},"author":31,"featured_media":48612,"comment_status":"open","ping_status":"open","sticky":false,"template":"","format":"standard","meta":[],"categories":[2387],"tags":[2562,680,1969,38],"yoast_head":"<!-- This site is optimized with the Yoast SEO plugin v17.4 - https:\/\/yoast.com\/wordpress\/plugins\/seo\/ -->\n<title>Voc\u00ea precisa conhecer esse testemunho<\/title>\n<meta name=\"description\" content=\"Voc\u00ea precisa conhecer esse testemunho. Mais um testemunho dentre os que recebemos todos os dias na associa\u00e7\u00e3o, fa\u00e7o quest\u00e3o de compartilh\u00e1-lo.\" \/>\n<meta name=\"robots\" content=\"index, follow, max-snippet:-1, max-image-preview:large, max-video-preview:-1\" \/>\n<link rel=\"canonical\" href=\"https:\/\/www.adf.org.br\/home\/voce-precisa-conhecer-esse-testemunho\/\" \/>\n<meta property=\"og:locale\" content=\"pt_BR\" \/>\n<meta property=\"og:type\" content=\"article\" \/>\n<meta property=\"og:title\" content=\"Voc\u00ea precisa conhecer esse testemunho\" \/>\n<meta property=\"og:description\" content=\"Voc\u00ea precisa conhecer esse testemunho. Mais um testemunho dentre os que recebemos todos os dias na associa\u00e7\u00e3o, fa\u00e7o quest\u00e3o de compartilh\u00e1-lo.\" \/>\n<meta property=\"og:url\" content=\"https:\/\/www.adf.org.br\/home\/voce-precisa-conhecer-esse-testemunho\/\" \/>\n<meta property=\"og:site_name\" content=\"Associa\u00e7\u00e3o Devotos de F\u00e1tima\" \/>\n<meta property=\"article:published_time\" content=\"2018-11-05T07:00:09+00:00\" \/>\n<meta name=\"twitter:card\" content=\"summary_large_image\" \/>\n<meta name=\"twitter:label1\" content=\"Escrito por\" \/>\n\t<meta name=\"twitter:data1\" content=\"Gabriel Barbosa\" \/>\n\t<meta name=\"twitter:label2\" content=\"Est. tempo de leitura\" \/>\n\t<meta name=\"twitter:data2\" content=\"2 minutos\" \/>\n<script type=\"application\/ld+json\" class=\"yoast-schema-graph\">{\"@context\":\"https:\/\/schema.org\",\"@graph\":[{\"@type\":\"WebSite\",\"@id\":\"https:\/\/www.adf.org.br\/home\/#website\",\"url\":\"https:\/\/www.adf.org.br\/home\/\",\"name\":\"Associa\\u00e7\\u00e3o Devotos de F\\u00e1tima\",\"description\":\"Associa\\u00e7\\u00e3o Devotos de F\\u00e1tima\",\"potentialAction\":[{\"@type\":\"SearchAction\",\"target\":{\"@type\":\"EntryPoint\",\"urlTemplate\":\"https:\/\/www.adf.org.br\/home\/?s={search_term_string}\"},\"query-input\":\"required name=search_term_string\"}],\"inLanguage\":\"pt-BR\"},{\"@type\":\"ImageObject\",\"@id\":\"https:\/\/www.adf.org.br\/home\/voce-precisa-conhecer-esse-testemunho\/#primaryimage\",\"inLanguage\":\"pt-BR\",\"url\":\"\",\"contentUrl\":\"\"},{\"@type\":\"WebPage\",\"@id\":\"https:\/\/www.adf.org.br\/home\/voce-precisa-conhecer-esse-testemunho\/#webpage\",\"url\":\"https:\/\/www.adf.org.br\/home\/voce-precisa-conhecer-esse-testemunho\/\",\"name\":\"Voc\\u00ea precisa conhecer esse testemunho\",\"isPartOf\":{\"@id\":\"https:\/\/www.adf.org.br\/home\/#website\"},\"primaryImageOfPage\":{\"@id\":\"https:\/\/www.adf.org.br\/home\/voce-precisa-conhecer-esse-testemunho\/#primaryimage\"},\"datePublished\":\"2018-11-05T07:00:09+00:00\",\"dateModified\":\"2018-11-05T07:00:09+00:00\",\"author\":{\"@id\":\"https:\/\/www.adf.org.br\/home\/#\/schema\/person\/f35a5c5aa7728a3dedf4ea9aa1fc2753\"},\"description\":\"Voc\\u00ea precisa conhecer esse testemunho. Mais um testemunho dentre os que recebemos todos os dias na associa\\u00e7\\u00e3o, fa\\u00e7o quest\\u00e3o de compartilh\\u00e1-lo.\",\"breadcrumb\":{\"@id\":\"https:\/\/www.adf.org.br\/home\/voce-precisa-conhecer-esse-testemunho\/#breadcrumb\"},\"inLanguage\":\"pt-BR\",\"potentialAction\":[{\"@type\":\"ReadAction\",\"target\":[\"https:\/\/www.adf.org.br\/home\/voce-precisa-conhecer-esse-testemunho\/\"]}]},{\"@type\":\"BreadcrumbList\",\"@id\":\"https:\/\/www.adf.org.br\/home\/voce-precisa-conhecer-esse-testemunho\/#breadcrumb\",\"itemListElement\":[{\"@type\":\"ListItem\",\"position\":1,\"name\":\"Home\",\"item\":\"https:\/\/www.adf.org.br\/home\/\"},{\"@type\":\"ListItem\",\"position\":2,\"name\":\"Voc\\u00ea precisa conhecer esse testemunho\"}]},{\"@type\":\"Person\",\"@id\":\"https:\/\/www.adf.org.br\/home\/#\/schema\/person\/f35a5c5aa7728a3dedf4ea9aa1fc2753\",\"name\":\"Gabriel Barbosa\",\"image\":{\"@type\":\"ImageObject\",\"@id\":\"https:\/\/www.adf.org.br\/home\/#personlogo\",\"inLanguage\":\"pt-BR\",\"url\":\"https:\/\/secure.gravatar.com\/avatar\/2b2cb2f4637682c5605e8d36818f51ef?s=96&d=mm&r=g\",\"contentUrl\":\"https:\/\/secure.gravatar.com\/avatar\/2b2cb2f4637682c5605e8d36818f51ef?s=96&d=mm&r=g\",\"caption\":\"Gabriel Barbosa\"},\"url\":\"https:\/\/www.adf.org.br\/home\/author\/gabrielpmk-com-br\/\"}]}<\/script>\n<!-- \/ Yoast SEO plugin. -->","yoast_head_json":{"title":"Voc\u00ea precisa conhecer esse testemunho","description":"Voc\u00ea precisa conhecer esse testemunho. Mais um testemunho dentre os que recebemos todos os dias na associa\u00e7\u00e3o, fa\u00e7o quest\u00e3o de compartilh\u00e1-lo.","robots":{"index":"index","follow":"follow","max-snippet":"max-snippet:-1","max-image-preview":"max-image-preview:large","max-video-preview":"max-video-preview:-1"},"canonical":"https:\/\/www.adf.org.br\/home\/voce-precisa-conhecer-esse-testemunho\/","og_locale":"pt_BR","og_type":"article","og_title":"Voc\u00ea precisa conhecer esse testemunho","og_description":"Voc\u00ea precisa conhecer esse testemunho. Mais um testemunho dentre os que recebemos todos os dias na associa\u00e7\u00e3o, fa\u00e7o quest\u00e3o de compartilh\u00e1-lo.","og_url":"https:\/\/www.adf.org.br\/home\/voce-precisa-conhecer-esse-testemunho\/","og_site_name":"Associa\u00e7\u00e3o Devotos de F\u00e1tima","article_published_time":"2018-11-05T07:00:09+00:00","twitter_card":"summary_large_image","twitter_misc":{"Escrito por":"Gabriel Barbosa","Est. tempo de leitura":"2 minutos"},"schema":{"@context":"https:\/\/schema.org","@graph":[{"@type":"WebSite","@id":"https:\/\/www.adf.org.br\/home\/#website","url":"https:\/\/www.adf.org.br\/home\/","name":"Associa\u00e7\u00e3o Devotos de F\u00e1tima","description":"Associa\u00e7\u00e3o Devotos de F\u00e1tima","potentialAction":[{"@type":"SearchAction","target":{"@type":"EntryPoint","urlTemplate":"https:\/\/www.adf.org.br\/home\/?s={search_term_string}"},"query-input":"required name=search_term_string"}],"inLanguage":"pt-BR"},{"@type":"ImageObject","@id":"https:\/\/www.adf.org.br\/home\/voce-precisa-conhecer-esse-testemunho\/#primaryimage","inLanguage":"pt-BR","url":"","contentUrl":""},{"@type":"WebPage","@id":"https:\/\/www.adf.org.br\/home\/voce-precisa-conhecer-esse-testemunho\/#webpage","url":"https:\/\/www.adf.org.br\/home\/voce-precisa-conhecer-esse-testemunho\/","name":"Voc\u00ea precisa conhecer esse testemunho","isPartOf":{"@id":"https:\/\/www.adf.org.br\/home\/#website"},"primaryImageOfPage":{"@id":"https:\/\/www.adf.org.br\/home\/voce-precisa-conhecer-esse-testemunho\/#primaryimage"},"datePublished":"2018-11-05T07:00:09+00:00","dateModified":"2018-11-05T07:00:09+00:00","author":{"@id":"https:\/\/www.adf.org.br\/home\/#\/schema\/person\/f35a5c5aa7728a3dedf4ea9aa1fc2753"},"description":"Voc\u00ea precisa conhecer esse testemunho. Mais um testemunho dentre os que recebemos todos os dias na associa\u00e7\u00e3o, fa\u00e7o quest\u00e3o de compartilh\u00e1-lo.","breadcrumb":{"@id":"https:\/\/www.adf.org.br\/home\/voce-precisa-conhecer-esse-testemunho\/#breadcrumb"},"inLanguage":"pt-BR","potentialAction":[{"@type":"ReadAction","target":["https:\/\/www.adf.org.br\/home\/voce-precisa-conhecer-esse-testemunho\/"]}]},{"@type":"BreadcrumbList","@id":"https:\/\/www.adf.org.br\/home\/voce-precisa-conhecer-esse-testemunho\/#breadcrumb","itemListElement":[{"@type":"ListItem","position":1,"name":"Home","item":"https:\/\/www.adf.org.br\/home\/"},{"@type":"ListItem","position":2,"name":"Voc\u00ea precisa conhecer esse testemunho"}]},{"@type":"Person","@id":"https:\/\/www.adf.org.br\/home\/#\/schema\/person\/f35a5c5aa7728a3dedf4ea9aa1fc2753","name":"Gabriel Barbosa","image":{"@type":"ImageObject","@id":"https:\/\/www.adf.org.br\/home\/#personlogo","inLanguage":"pt-BR","url":"https:\/\/secure.gravatar.com\/avatar\/2b2cb2f4637682c5605e8d36818f51ef?s=96&d=mm&r=g","contentUrl":"https:\/\/secure.gravatar.com\/avatar\/2b2cb2f4637682c5605e8d36818f51ef?s=96&d=mm&r=g","caption":"Gabriel Barbosa"},"url":"https:\/\/www.adf.org.br\/home\/author\/gabrielpmk-com-br\/"}]}},"_links":{"self":[{"href":"https:\/\/www.adf.org.br\/home\/wp-json\/wp\/v2\/posts\/48546"}],"collection":[{"href":"https:\/\/www.adf.org.br\/home\/wp-json\/wp\/v2\/posts"}],"about":[{"href":"https:\/\/www.adf.org.br\/home\/wp-json\/wp\/v2\/types\/post"}],"author":[{"embeddable":true,"href":"https:\/\/www.adf.org.br\/home\/wp-json\/wp\/v2\/users\/31"}],"replies":[{"embeddable":true,"href":"https:\/\/www.adf.org.br\/home\/wp-json\/wp\/v2\/comments?post=48546"}],"version-history":[{"count":0,"href":"https:\/\/www.adf.org.br\/home\/wp-json\/wp\/v2\/posts\/48546\/revisions"}],"wp:featuredmedia":[{"embeddable":true,"href":"https:\/\/www.adf.org.br\/home\/wp-json\/wp\/v2\/media\/48612"}],"wp:attachment":[{"href":"https:\/\/www.adf.org.br\/home\/wp-json\/wp\/v2\/media?parent=48546"}],"wp:term":[{"taxonomy":"category","embeddable":true,"href":"https:\/\/www.adf.org.br\/home\/wp-json\/wp\/v2\/categories?post=48546"},{"taxonomy":"post_tag","embeddable":true,"href":"https:\/\/www.adf.org.br\/home\/wp-json\/wp\/v2\/tags?post=48546"}],"curies":[{"name":"wp","href":"https:\/\/api.w.org\/{rel}","templated":true}]}}