{"id":48465,"date":"2018-10-25T00:05:31","date_gmt":"2018-10-25T02:05:31","guid":{"rendered":"http:\/\/www.adf.org.br\/home\/?p=48465"},"modified":"2018-10-25T00:05:31","modified_gmt":"2018-10-25T02:05:31","slug":"o-milagre-que-calou-o-dr-carrel-premio-nobel-de-medicina","status":"publish","type":"post","link":"https:\/\/www.adf.org.br\/home\/o-milagre-que-calou-o-dr-carrel-premio-nobel-de-medicina\/","title":{"rendered":"O milagre que calou o Dr. Carrel, Pr\u00eamio Nobel de Medicina"},"content":{"rendered":"<p>&nbsp;<\/p>\n<p><span style=\"color: #ffffff; font-size: 14pt; font-family: 'courier new', courier, monospace;\">.<\/span><\/p>\n<figure id=\"attachment_48467\" aria-describedby=\"caption-attachment-48467\" style=\"width: 300px\" class=\"wp-caption aligncenter\"><img loading=\"lazy\" class=\"wp-image-48467 size-medium\" src=\"https:\/\/www.adf.org.br\/home\/wp-content\/uploads\/2018\/10\/alexis-carrel-1-300x173.jpg\" alt=\"alexis-carrel\" width=\"300\" height=\"173\" \/><figcaption id=\"caption-attachment-48467\" class=\"wp-caption-text\"><span style=\"font-size: 10pt; font-family: 'courier new', courier, monospace;\"><em>(foto do Dr. Alexis Carrel, que viu o imposs\u00edvel acontecer)<\/em><\/span><\/figcaption><\/figure>\n<p>&nbsp;<\/p>\n<p><span style=\"font-size: 14pt; font-family: 'courier new', courier, monospace;\">Caro(a) amigo(a),<\/span><\/p>\n<p><span style=\"font-size: 14pt; font-family: 'courier new', courier, monospace;\">Tem hist\u00f3rias que n\u00e3o saem da nossa cabe\u00e7a.<\/span><\/p>\n<p><span style=\"font-size: 14pt; font-family: 'courier new', courier, monospace;\">Essa \u00e9 uma delas. Assim que a ouvi de um sacerdote amigo meu, fiz quest\u00e3o de transcrev\u00ea-la a voc\u00ea.<\/span><\/p>\n<p><span style=\"color: #ffffff;\">.<\/span><\/p>\n<p style=\"padding-left: 90px;\"><span style=\"font-size: 14pt; font-family: 'courier new', courier, monospace; color: #000080;\"><em>&#8220;Alexis Carrel foi um dos m\u00e9dicos mais respeitados do mundo. Para voc\u00ea ter no\u00e7\u00e3o, este doutor franc\u00eas chegou a ganhar o Pr\u00eamio Nobel de Medicina em 1912.<\/em><\/span><\/p>\n<p style=\"padding-left: 90px;\"><span style=\"color: #000080;\"><em><span style=\"font-size: 14pt; font-family: 'courier new', courier, monospace;\">Mas, uma caracter\u00edstica o tornava peculiar.<\/span><\/em><\/span><\/p>\n<p style=\"padding-left: 90px;\"><span style=\"color: #000080;\"><em><span style=\"font-size: 14pt; font-family: 'courier new', courier, monospace;\">Dr. Carrel n\u00e3o acreditava em Deus.<\/span><\/em><em><span style=\"font-size: 14pt; font-family: 'courier new', courier, monospace;\">Era ateu, ateu, ateu!<\/span><\/em><\/span><\/p>\n<p style=\"padding-left: 90px;\"><span style=\"color: #000080;\"><em><span style=\"font-size: 14pt; font-family: 'courier new', courier, monospace;\"><span style=\"text-decoration: underline;\"><strong>Seu ceticismo era t\u00e3o grande, que certa vez resolveu ir at\u00e9 Lourdes, visitar a famosa gruta de Nossa Senhora respons\u00e1vel por curas extraordin\u00e1rias<\/strong><\/span>.<\/span><\/em><\/span><\/p>\n<p style=\"padding-left: 90px;\"><span style=\"color: #000080;\"><em><span style=\"font-size: 14pt; font-family: 'courier new', courier, monospace;\">Ele queria comprovar pessoalmente a falsidade dos supostos milagres.<\/span><\/em><\/span><br \/>\n<span style=\"color: #000080;\"> <em><span style=\"font-size: 14pt; font-family: 'courier new', courier, monospace;\"> Mas, antes de dar in\u00edcio \u00e0 sua miss\u00e3o, o doutor visitou uma senhora, moribunda, devido a uma grave tuberculose.<\/span><\/em><\/span><\/p>\n<p style=\"padding-left: 90px;\"><span style=\"color: #000080;\"><em><span style=\"font-size: 14pt; font-family: 'courier new', courier, monospace;\">N\u00e3o havia d\u00favidas que ela morreria em breve.<\/span><\/em><\/span><\/p>\n<p style=\"padding-left: 90px;\"><span style=\"color: #000080;\"><em><span style=\"font-size: 14pt; font-family: 'courier new', courier, monospace;\">Entretanto, o que era imposs\u00edvel aconteceu.\u00a0<\/span><\/em><\/span><\/p>\n<p style=\"padding-left: 90px;\"><span style=\"color: #000080;\"><em><span style=\"font-size: 14pt; font-family: 'courier new', courier, monospace;\"><span style=\"text-decoration: underline;\"><strong>A mesma mulher, desenganada pelos m\u00e9dicos e diante dos seus olhos incr\u00e9dulos, saiu das piscinas de Lourdes completamente curada. Sem explica\u00e7\u00e3o<\/strong><\/span>.<\/span><\/em><\/span><\/p>\n<p style=\"padding-left: 90px;\"><span style=\"color: #000080;\"><em><span style=\"font-size: 14pt; font-family: 'courier new', courier, monospace;\">Dr. Carrel n\u00e3o teve outra escolha. <span style=\"text-decoration: underline;\"><strong>F<\/strong><strong>icou t\u00e3o impressionado com o fato que se converteu imediatamente ao catolicismo<\/strong><\/span>.<\/span><\/em><\/span><\/p>\n<p style=\"padding-left: 90px;\"><span style=\"color: #000080;\"><em><span style=\"font-size: 14pt; font-family: 'courier new', courier, monospace;\">Inclusive se tornou um propagador da devo\u00e7\u00e3o \u00e0 Virgem de Lourdes.<\/span><\/em><\/span><\/p>\n<p style=\"padding-left: 90px;\"><span style=\"color: #000080;\"><em><span style=\"font-size: 14pt; font-family: 'courier new', courier, monospace;\">A not\u00edcia, claro, caiu como uma bomba em todos os c\u00e9ticos e meios de comunica\u00e7\u00e3o da \u00e9poca. E mesmo com tanto rebuli\u00e7o, muitos outros c\u00e9ticos foram convertidos.<\/span><\/em><\/span><\/p>\n<p style=\"padding-left: 90px;\"><span style=\"color: #000080;\"><em><span style=\"font-size: 14pt; font-family: 'courier new', courier, monospace;\">E os milagres, ah, esses n\u00e3o acabam nunca!&#8221;<\/span><\/em><\/span><\/p>\n<p style=\"padding-left: 90px;\"><span style=\"color: #ffffff;\">.<\/span><\/p>\n<p><span style=\"font-size: 14pt; font-family: 'courier new', courier, monospace;\">Eu n\u00e3o me canso de ler e repassar este relato aos meus amigos, inclusive para aquelas pessoas que se julgam \u201cc\u00e9ticas\u201d.<\/span><\/p>\n<p><span style=\"font-size: 14pt; font-family: 'courier new', courier, monospace;\">Repare em qu\u00e3o bom \u00e9 o Imaculado Cora\u00e7\u00e3o de Maria, capaz de curar e at\u00e9 provocar convers\u00f5es imposs\u00edveis.<\/span><\/p>\n<p><span style=\"font-size: 14pt; font-family: 'courier new', courier, monospace;\"><span style=\"text-decoration: underline;\"><strong>Por isso, espero que este relato motive voc\u00ea a ingressar hoje mesmo em um Grupo de Ora\u00e7\u00e3o dedicado a Nossa Senhora de Lourdes<\/strong><\/span>.<\/span><\/p>\n<p><span style=\"color: #ffffff;\">.<\/span><br \/>\n<span style=\"font-size: 14pt; font-family: 'courier new', courier, monospace; color: #0000ff;\"><a style=\"color: #0000ff;\" href=\"http:\/\/www.adf.org.br\/apostolosdacura\/inscrever\/?origem=4547\" target=\"_blank\" rel=\"noopener noreferrer\">Clique para participar<\/a>.<\/span><\/p>\n<p style=\"padding-left: 60px;\"><span style=\"color: #ffffff;\">.<\/span><br \/>\n<span style=\"color: #000080;\"><em><span style=\"font-size: 14pt; font-family: 'courier new', courier, monospace;\"> Ao fazer parte, seu nome ser\u00e1 levado at\u00e9 o famoso <strong>Santu\u00e1rio de Lourdes, na Fran\u00e7a<\/strong>, lugar onde ocorreu este milagre, e outros milhares.<\/span><\/em><\/span><\/p>\n<p style=\"padding-left: 60px;\"><span style=\"color: #000080;\"><em><span style=\"font-size: 14pt; font-family: 'courier new', courier, monospace;\"> Todos os dias voc\u00ea tamb\u00e9m contar\u00e1 com uma <strong>Vig\u00edlia de Ora\u00e7\u00f5es, cerca de 50 ter\u00e7os rezados por voc\u00ea<\/strong>. Ser\u00e3o mais de 18.000 ter\u00e7os rezados anualmente.<\/span><\/em><\/span><\/p>\n<p style=\"padding-left: 60px;\"><span style=\"color: #ffffff;\"><em><span style=\"font-size: 14pt; font-family: 'courier new', courier, monospace;\">.<\/span><\/em><\/span><\/p>\n<p><span style=\"font-size: 14pt; font-family: 'courier new', courier, monospace;\"> E ent\u00e3o, vamos participar?<\/span><\/p>\n<p><span style=\"font-size: 14pt; font-family: 'courier new', courier, monospace;\">Voc\u00ea n\u00e3o precisar\u00e1 fazer trabalhos volunt\u00e1rios ou sair de casa. N\u00e3o. <span style=\"color: #0000ff;\"><a style=\"color: #0000ff;\" href=\"http:\/\/www.adf.org.br\/apostolosdacura\/inscrever\/?origem=4547\" target=\"_blank\" rel=\"noopener noreferrer\">Basta acessar este link 100% seguro e ir em frente<\/a><\/span>.<\/span><\/p>\n<p><span style=\"font-size: 14pt; font-family: 'courier new', courier, monospace;\">A \u00fanica coisa que lhe pe\u00e7o \u00e9:<\/span><\/p>\n<p style=\"padding-left: 60px;\"><strong><span style=\"font-size: 14pt; font-family: 'courier new', courier, monospace;\">&#8211; Confiar em Nossa Senhora de Lourdes;<\/span><\/strong><\/p>\n<p style=\"padding-left: 60px;\"><strong><span style=\"font-size: 14pt; font-family: 'courier new', courier, monospace;\">&#8211; Ter f\u00e9 e rezar sempre para Ela;<\/span><\/strong><\/p>\n<p style=\"padding-left: 60px;\"><strong><span style=\"font-size: 14pt; font-family: 'courier new', courier, monospace;\">&#8211; Fazer um pequeno esfor\u00e7o por Nossa Senhora, para ajudar a manter e divulgar este Grupo de Ora\u00e7\u00e3o.<\/span><\/strong><\/p>\n<p style=\"padding-left: 60px;\"><span style=\"color: #ffffff;\">.<\/span><\/p>\n<p><span style=\"font-size: 14pt; font-family: 'courier new', courier, monospace; color: #0000ff;\"><a style=\"color: #0000ff;\" href=\"http:\/\/www.adf.org.br\/apostolosdacura\/inscrever\/?origem=4547\" target=\"_blank\" rel=\"noopener noreferrer\">Conto com sua participa\u00e7\u00e3o<\/a>.<\/span><\/p>\n<p><span style=\"color: #ffffff;\">.<\/span><br \/>\n<span style=\"font-size: 14pt; font-family: 'courier new', courier, monospace;\"> Lembre-se da hist\u00f3ria do Dr. Carrel, o m\u00e9dico renomado que calou-se diante da intercess\u00e3o de Maria Sant\u00edssima.<\/span><\/p>\n<p><span style=\"font-size: 14pt; font-family: 'courier new', courier, monospace;\">Ela \u00e9 capaz de tudo! Ela pode tudo!<\/span><\/p>\n<p><strong><span style=\"font-size: 14pt; font-family: 'courier new', courier, monospace;\"><span style=\"text-decoration: underline;\">Imagine ent\u00e3o o que pode acontecer na sua vida e na vida de quem voc\u00ea ama<\/span>?<\/span><\/strong><\/p>\n<p><span style=\"font-size: 14pt; font-family: 'courier new', courier, monospace;\">Portanto, se me permitir lhe dar uma dica: n\u00e3o deixe para depois.<\/span><\/p>\n<p><span style=\"font-size: 14pt; font-family: 'courier new', courier, monospace;\">N\u00e3o permita que nenhum pensamento ruim, muitas vezes criado pelo maligno, lhe tire do foco.<\/span><\/p>\n<p><span style=\"font-size: 14pt; font-family: 'courier new', courier, monospace; color: #0000ff;\"><a style=\"color: #0000ff;\" href=\"http:\/\/www.adf.org.br\/apostolosdacura\/inscrever\/?origem=4547\" target=\"_blank\" rel=\"noopener noreferrer\">Entre hoje para o grupo Ap\u00f3stolos da Cura de Nossa Senhora de Lourdes<\/a>.<\/span><\/p>\n<p><span style=\"color: #ffffff;\">.<\/span><\/p>\n<p style=\"padding-left: 60px;\"><span style=\"font-size: 14pt; font-family: 'courier new', courier, monospace;\"><strong><span style=\"text-decoration: underline;\"> Al\u00e9m do que lhe disse acima, faremos quest\u00e3o de incluir seu nome em mais de 60 missas anuais, pedindo pela sa\u00fade de quem voc\u00ea ama<\/span><\/strong>.<\/span><\/p>\n<p style=\"padding-left: 60px;\"><span style=\"font-size: 14pt; font-family: 'courier new', courier, monospace;\"> E lhe enviaremos de presente <span style=\"text-decoration: underline;\"><strong>uma ou mais Medalh<\/strong><\/span><\/span><span style=\"font-size: 14pt; font-family: 'courier new', courier, monospace;\"><span style=\"text-decoration: underline;\"><strong>as bentas de Nossa Senhora de Lourdes<\/strong><\/span>, pelo Correio.<\/span><\/p>\n<p style=\"padding-left: 60px;\"><span style=\"color: #ffffff;\">.<\/span><\/p>\n<p><span style=\"font-size: 14pt; font-family: 'courier new', courier, monospace;\"> Espero muito que voc\u00ea conte com tudo isso.<\/span><\/p>\n<p><span style=\"font-size: 14pt; font-family: 'courier new', courier, monospace;\">Desejo que minha mensagem tenha tocado o seu cora\u00e7\u00e3o e que este testemunho real sirva de inspira\u00e7\u00e3o para os seus dias.<\/span><\/p>\n<p><span style=\"font-size: 14pt; font-family: 'courier new', courier, monospace;\">Para se lembrar de que Nossa Senhora de Lourdes \u00e9 capaz de tudo! <\/span><\/p>\n<p><strong><span style=\"font-size: 14pt; font-family: 'courier new', courier, monospace;\">At\u00e9 mesmo fazer o imposs\u00edvel.<\/span><\/strong><\/p>\n<p><span style=\"font-size: 14pt; font-family: 'courier new', courier, monospace;\">Rogo \u00e0 Virgem Maria para que lhe aben\u00e7oe hoje e sempre.<\/span><\/p>\n<p><span style=\"color: #ffffff;\">.<\/span><\/p>\n<p><strong><span style=\"font-size: 14pt; font-family: 'courier new', courier, monospace;\">Carlos Lanna<\/span><\/strong><br \/>\n<span style=\"font-size: 14pt; font-family: 'courier new', courier, monospace;\"> Coordenador de Apostolado<\/span><br \/>\n<span style=\"font-size: 14pt; font-family: 'courier new', courier, monospace;\"> Associa\u00e7\u00e3o Devotos de F\u00e1tima<\/span><\/p>\n","protected":false},"excerpt":{"rendered":"<p>&nbsp; . &nbsp; Caro(a) amigo(a), Tem hist\u00f3rias que n\u00e3o saem da nossa cabe\u00e7a. Essa \u00e9 uma delas. Assim que a ouvi de um sacerdote amigo meu, fiz quest\u00e3o de transcrev\u00ea-la a voc\u00ea. . &#8220;Alexis Carrel foi um dos m\u00e9dicos mais respeitados do mundo. Para voc\u00ea ter no\u00e7\u00e3o, este doutor franc\u00eas chegou a ganhar o Pr\u00eamio [&hellip;]<\/p>\n","protected":false},"author":31,"featured_media":48467,"comment_status":"open","ping_status":"open","sticky":false,"template":"","format":"standard","meta":[],"categories":[2387],"tags":[2904,89,726,31,230,54,2600],"yoast_head":"<!-- This site is optimized with the Yoast SEO plugin v17.4 - https:\/\/yoast.com\/wordpress\/plugins\/seo\/ -->\n<title>O milagre que calou o Dr. Carrel, Pr\u00eamio Nobel de Medicina<\/title>\n<meta name=\"description\" content=\"Como um m\u00e9dico renomado, que ganhou o Pr\u00eamio Nobel de Medicina, e completamente ateu, se rendeu a um MILAGRE EXTRAORDIN\u00c1RIO.\" \/>\n<meta name=\"robots\" content=\"index, follow, max-snippet:-1, max-image-preview:large, max-video-preview:-1\" \/>\n<link rel=\"canonical\" href=\"https:\/\/www.adf.org.br\/home\/o-milagre-que-calou-o-dr-carrel-premio-nobel-de-medicina\/\" \/>\n<meta property=\"og:locale\" content=\"pt_BR\" \/>\n<meta property=\"og:type\" content=\"article\" \/>\n<meta property=\"og:title\" content=\"O milagre que calou o Dr. Carrel, Pr\u00eamio Nobel de Medicina\" \/>\n<meta property=\"og:description\" content=\"Como um m\u00e9dico renomado, que ganhou o Pr\u00eamio Nobel de Medicina, e completamente ateu, se rendeu a um MILAGRE EXTRAORDIN\u00c1RIO.\" \/>\n<meta property=\"og:url\" content=\"https:\/\/www.adf.org.br\/home\/o-milagre-que-calou-o-dr-carrel-premio-nobel-de-medicina\/\" \/>\n<meta property=\"og:site_name\" content=\"Associa\u00e7\u00e3o Devotos de F\u00e1tima\" \/>\n<meta property=\"article:published_time\" content=\"2018-10-25T02:05:31+00:00\" \/>\n<meta name=\"twitter:card\" content=\"summary_large_image\" \/>\n<meta name=\"twitter:label1\" content=\"Escrito por\" \/>\n\t<meta name=\"twitter:data1\" content=\"Gabriel Barbosa\" \/>\n\t<meta name=\"twitter:label2\" content=\"Est. tempo de leitura\" \/>\n\t<meta name=\"twitter:data2\" content=\"3 minutos\" \/>\n<script type=\"application\/ld+json\" class=\"yoast-schema-graph\">{\"@context\":\"https:\/\/schema.org\",\"@graph\":[{\"@type\":\"WebSite\",\"@id\":\"https:\/\/www.adf.org.br\/home\/#website\",\"url\":\"https:\/\/www.adf.org.br\/home\/\",\"name\":\"Associa\\u00e7\\u00e3o Devotos de F\\u00e1tima\",\"description\":\"Associa\\u00e7\\u00e3o Devotos de F\\u00e1tima\",\"potentialAction\":[{\"@type\":\"SearchAction\",\"target\":{\"@type\":\"EntryPoint\",\"urlTemplate\":\"https:\/\/www.adf.org.br\/home\/?s={search_term_string}\"},\"query-input\":\"required name=search_term_string\"}],\"inLanguage\":\"pt-BR\"},{\"@type\":\"ImageObject\",\"@id\":\"https:\/\/www.adf.org.br\/home\/o-milagre-que-calou-o-dr-carrel-premio-nobel-de-medicina\/#primaryimage\",\"inLanguage\":\"pt-BR\",\"url\":\"\",\"contentUrl\":\"\"},{\"@type\":\"WebPage\",\"@id\":\"https:\/\/www.adf.org.br\/home\/o-milagre-que-calou-o-dr-carrel-premio-nobel-de-medicina\/#webpage\",\"url\":\"https:\/\/www.adf.org.br\/home\/o-milagre-que-calou-o-dr-carrel-premio-nobel-de-medicina\/\",\"name\":\"O milagre que calou o Dr. Carrel, Pr\\u00eamio Nobel de Medicina\",\"isPartOf\":{\"@id\":\"https:\/\/www.adf.org.br\/home\/#website\"},\"primaryImageOfPage\":{\"@id\":\"https:\/\/www.adf.org.br\/home\/o-milagre-que-calou-o-dr-carrel-premio-nobel-de-medicina\/#primaryimage\"},\"datePublished\":\"2018-10-25T02:05:31+00:00\",\"dateModified\":\"2018-10-25T02:05:31+00:00\",\"author\":{\"@id\":\"https:\/\/www.adf.org.br\/home\/#\/schema\/person\/f35a5c5aa7728a3dedf4ea9aa1fc2753\"},\"description\":\"Como um m\\u00e9dico renomado, que ganhou o Pr\\u00eamio Nobel de Medicina, e completamente ateu, se rendeu a um MILAGRE EXTRAORDIN\\u00c1RIO.\",\"breadcrumb\":{\"@id\":\"https:\/\/www.adf.org.br\/home\/o-milagre-que-calou-o-dr-carrel-premio-nobel-de-medicina\/#breadcrumb\"},\"inLanguage\":\"pt-BR\",\"potentialAction\":[{\"@type\":\"ReadAction\",\"target\":[\"https:\/\/www.adf.org.br\/home\/o-milagre-que-calou-o-dr-carrel-premio-nobel-de-medicina\/\"]}]},{\"@type\":\"BreadcrumbList\",\"@id\":\"https:\/\/www.adf.org.br\/home\/o-milagre-que-calou-o-dr-carrel-premio-nobel-de-medicina\/#breadcrumb\",\"itemListElement\":[{\"@type\":\"ListItem\",\"position\":1,\"name\":\"Home\",\"item\":\"https:\/\/www.adf.org.br\/home\/\"},{\"@type\":\"ListItem\",\"position\":2,\"name\":\"O milagre que calou o Dr. Carrel, Pr\\u00eamio Nobel de Medicina\"}]},{\"@type\":\"Person\",\"@id\":\"https:\/\/www.adf.org.br\/home\/#\/schema\/person\/f35a5c5aa7728a3dedf4ea9aa1fc2753\",\"name\":\"Gabriel Barbosa\",\"image\":{\"@type\":\"ImageObject\",\"@id\":\"https:\/\/www.adf.org.br\/home\/#personlogo\",\"inLanguage\":\"pt-BR\",\"url\":\"https:\/\/secure.gravatar.com\/avatar\/2b2cb2f4637682c5605e8d36818f51ef?s=96&d=mm&r=g\",\"contentUrl\":\"https:\/\/secure.gravatar.com\/avatar\/2b2cb2f4637682c5605e8d36818f51ef?s=96&d=mm&r=g\",\"caption\":\"Gabriel Barbosa\"},\"url\":\"https:\/\/www.adf.org.br\/home\/author\/gabrielpmk-com-br\/\"}]}<\/script>\n<!-- \/ Yoast SEO plugin. -->","yoast_head_json":{"title":"O milagre que calou o Dr. Carrel, Pr\u00eamio Nobel de Medicina","description":"Como um m\u00e9dico renomado, que ganhou o Pr\u00eamio Nobel de Medicina, e completamente ateu, se rendeu a um MILAGRE EXTRAORDIN\u00c1RIO.","robots":{"index":"index","follow":"follow","max-snippet":"max-snippet:-1","max-image-preview":"max-image-preview:large","max-video-preview":"max-video-preview:-1"},"canonical":"https:\/\/www.adf.org.br\/home\/o-milagre-que-calou-o-dr-carrel-premio-nobel-de-medicina\/","og_locale":"pt_BR","og_type":"article","og_title":"O milagre que calou o Dr. Carrel, Pr\u00eamio Nobel de Medicina","og_description":"Como um m\u00e9dico renomado, que ganhou o Pr\u00eamio Nobel de Medicina, e completamente ateu, se rendeu a um MILAGRE EXTRAORDIN\u00c1RIO.","og_url":"https:\/\/www.adf.org.br\/home\/o-milagre-que-calou-o-dr-carrel-premio-nobel-de-medicina\/","og_site_name":"Associa\u00e7\u00e3o Devotos de F\u00e1tima","article_published_time":"2018-10-25T02:05:31+00:00","twitter_card":"summary_large_image","twitter_misc":{"Escrito por":"Gabriel Barbosa","Est. tempo de leitura":"3 minutos"},"schema":{"@context":"https:\/\/schema.org","@graph":[{"@type":"WebSite","@id":"https:\/\/www.adf.org.br\/home\/#website","url":"https:\/\/www.adf.org.br\/home\/","name":"Associa\u00e7\u00e3o Devotos de F\u00e1tima","description":"Associa\u00e7\u00e3o Devotos de F\u00e1tima","potentialAction":[{"@type":"SearchAction","target":{"@type":"EntryPoint","urlTemplate":"https:\/\/www.adf.org.br\/home\/?s={search_term_string}"},"query-input":"required name=search_term_string"}],"inLanguage":"pt-BR"},{"@type":"ImageObject","@id":"https:\/\/www.adf.org.br\/home\/o-milagre-que-calou-o-dr-carrel-premio-nobel-de-medicina\/#primaryimage","inLanguage":"pt-BR","url":"","contentUrl":""},{"@type":"WebPage","@id":"https:\/\/www.adf.org.br\/home\/o-milagre-que-calou-o-dr-carrel-premio-nobel-de-medicina\/#webpage","url":"https:\/\/www.adf.org.br\/home\/o-milagre-que-calou-o-dr-carrel-premio-nobel-de-medicina\/","name":"O milagre que calou o Dr. Carrel, Pr\u00eamio Nobel de Medicina","isPartOf":{"@id":"https:\/\/www.adf.org.br\/home\/#website"},"primaryImageOfPage":{"@id":"https:\/\/www.adf.org.br\/home\/o-milagre-que-calou-o-dr-carrel-premio-nobel-de-medicina\/#primaryimage"},"datePublished":"2018-10-25T02:05:31+00:00","dateModified":"2018-10-25T02:05:31+00:00","author":{"@id":"https:\/\/www.adf.org.br\/home\/#\/schema\/person\/f35a5c5aa7728a3dedf4ea9aa1fc2753"},"description":"Como um m\u00e9dico renomado, que ganhou o Pr\u00eamio Nobel de Medicina, e completamente ateu, se rendeu a um MILAGRE EXTRAORDIN\u00c1RIO.","breadcrumb":{"@id":"https:\/\/www.adf.org.br\/home\/o-milagre-que-calou-o-dr-carrel-premio-nobel-de-medicina\/#breadcrumb"},"inLanguage":"pt-BR","potentialAction":[{"@type":"ReadAction","target":["https:\/\/www.adf.org.br\/home\/o-milagre-que-calou-o-dr-carrel-premio-nobel-de-medicina\/"]}]},{"@type":"BreadcrumbList","@id":"https:\/\/www.adf.org.br\/home\/o-milagre-que-calou-o-dr-carrel-premio-nobel-de-medicina\/#breadcrumb","itemListElement":[{"@type":"ListItem","position":1,"name":"Home","item":"https:\/\/www.adf.org.br\/home\/"},{"@type":"ListItem","position":2,"name":"O milagre que calou o Dr. Carrel, Pr\u00eamio Nobel de Medicina"}]},{"@type":"Person","@id":"https:\/\/www.adf.org.br\/home\/#\/schema\/person\/f35a5c5aa7728a3dedf4ea9aa1fc2753","name":"Gabriel Barbosa","image":{"@type":"ImageObject","@id":"https:\/\/www.adf.org.br\/home\/#personlogo","inLanguage":"pt-BR","url":"https:\/\/secure.gravatar.com\/avatar\/2b2cb2f4637682c5605e8d36818f51ef?s=96&d=mm&r=g","contentUrl":"https:\/\/secure.gravatar.com\/avatar\/2b2cb2f4637682c5605e8d36818f51ef?s=96&d=mm&r=g","caption":"Gabriel Barbosa"},"url":"https:\/\/www.adf.org.br\/home\/author\/gabrielpmk-com-br\/"}]}},"_links":{"self":[{"href":"https:\/\/www.adf.org.br\/home\/wp-json\/wp\/v2\/posts\/48465"}],"collection":[{"href":"https:\/\/www.adf.org.br\/home\/wp-json\/wp\/v2\/posts"}],"about":[{"href":"https:\/\/www.adf.org.br\/home\/wp-json\/wp\/v2\/types\/post"}],"author":[{"embeddable":true,"href":"https:\/\/www.adf.org.br\/home\/wp-json\/wp\/v2\/users\/31"}],"replies":[{"embeddable":true,"href":"https:\/\/www.adf.org.br\/home\/wp-json\/wp\/v2\/comments?post=48465"}],"version-history":[{"count":0,"href":"https:\/\/www.adf.org.br\/home\/wp-json\/wp\/v2\/posts\/48465\/revisions"}],"wp:featuredmedia":[{"embeddable":true,"href":"https:\/\/www.adf.org.br\/home\/wp-json\/wp\/v2\/media\/48467"}],"wp:attachment":[{"href":"https:\/\/www.adf.org.br\/home\/wp-json\/wp\/v2\/media?parent=48465"}],"wp:term":[{"taxonomy":"category","embeddable":true,"href":"https:\/\/www.adf.org.br\/home\/wp-json\/wp\/v2\/categories?post=48465"},{"taxonomy":"post_tag","embeddable":true,"href":"https:\/\/www.adf.org.br\/home\/wp-json\/wp\/v2\/tags?post=48465"}],"curies":[{"name":"wp","href":"https:\/\/api.w.org\/{rel}","templated":true}]}}