{"id":48399,"date":"2018-10-24T11:48:43","date_gmt":"2018-10-24T13:48:43","guid":{"rendered":"http:\/\/www.adf.org.br\/home\/?p=48399"},"modified":"2018-10-24T11:48:43","modified_gmt":"2018-10-24T13:48:43","slug":"se-um-anjo-lhe-pedisse-algo-voce-recusaria","status":"publish","type":"post","link":"https:\/\/www.adf.org.br\/home\/se-um-anjo-lhe-pedisse-algo-voce-recusaria\/","title":{"rendered":"Se um Anjo lhe pedisse algo, voc\u00ea recusaria? Tr\u00eas criancinhas tiveram a chance"},"content":{"rendered":"<p><span style=\"color: #ffffff;\">.<\/span><\/p>\n<p><span style=\"font-family: 'courier new', courier, monospace; font-size: 14pt;\">Caro(a) amigo(a),<\/span><\/p>\n<p><span style=\"font-family: 'courier new', courier, monospace; font-size: 14pt;\">Quantas vezes voc\u00ea j\u00e1 recusou um pedido feito por algu\u00e9m?<\/span><\/p>\n<p><span style=\"font-family: 'courier new', courier, monospace; font-size: 14pt;\">Confesso que j\u00e1 neguei alguns, mas muitas vezes me vi em um dilema &#8211; \u201cfa\u00e7o ou n\u00e3o fa\u00e7o?\u201d.<br \/>\n<span style=\"color: #ffffff;\">.<\/span><\/span><\/p>\n<p style=\"padding-left: 90px;\"><span style=\"font-family: 'courier new', courier, monospace; font-size: 14pt;\"><span style=\"text-decoration: underline;\"><strong>Entretanto, tr\u00eas crian\u00e7as pobres tamb\u00e9m receberam um pedido, mas feito por algu\u00e9m fora do normal: UM ANJO<\/strong><\/span>!<\/span><\/p>\n<p style=\"padding-left: 90px;\"><span style=\"color: #ffffff;\">.<\/span><\/p>\n<p><span style=\"font-family: 'courier new', courier, monospace; font-size: 14pt;\">Mais precisamente o Anjo da Paz, um ser de beleza incompar\u00e1vel, aparentando 14\u00a0ou 15 anos, que apareceu por volta do ano 1916 diante de uma luz intensa sob as \u00e1rvores.<\/span><\/p>\n<p><span style=\"font-family: 'courier new', courier, monospace; font-size: 14pt;\">Bom, as crian\u00e7as voc\u00ea j\u00e1 deve imaginar quem s\u00e3o. <\/span><\/p>\n<p><span style=\"font-family: 'courier new', courier, monospace; font-size: 14pt;\">Me refiro a <strong>L\u00facia, Jacinta e Francisco<\/strong>, tr\u00eas pastorinhos que andavam com suas ovelhinhas quando do nada\u2026 se depararam com esse fato inexplic\u00e1vel.<\/span><\/p>\n<p><span style=\"font-family: 'courier new', courier, monospace; font-size: 14pt;\">O anjo ent\u00e3o rezou com as crian\u00e7as e antes de desaparecer lhes fez um <strong><span style=\"text-decoration: underline;\">importante pedido<\/span><\/strong>:<\/span><\/p>\n<p><span style=\"color: #ffffff;\">.<\/span><\/p>\n<p style=\"padding-left: 90px;\"><strong><span style=\"color: #000080; font-size: 14pt;\"><em><span style=\"font-family: 'courier new', courier, monospace;\">\u201cOrai assim. Os Cora\u00e7\u00f5es de Jesus e Maria est\u00e3o atentos \u00e0 voz das vossas s\u00faplicas.\u201d<\/span><\/em><\/span><\/strong><\/p>\n<p style=\"padding-left: 90px;\"><span style=\"color: #ffffff;\">.<\/span><\/p>\n<p><span style=\"font-family: 'courier new', courier, monospace; font-size: 14pt;\">E \u00e9 a\u00ed que eu quero chegar.<\/span><\/p>\n<p><strong><span style=\"font-family: 'courier new', courier, monospace; font-size: 14pt;\"><span style=\"text-decoration: underline;\">Voc\u00ea acha que os pequeninos obedeceram? Ou como crian\u00e7as serelepes apenas ignoraram ou esqueceram o pedido do Anjo? <\/span><\/span><\/strong><\/p>\n<p><span style=\"font-family: 'courier new', courier, monospace; font-size: 14pt;\">Voc\u00ea faria o qu\u00ea?<\/span><\/p>\n<p><span style=\"font-family: 'courier new', courier, monospace; font-size: 14pt;\">Sem pestanejar, as humildes criancinhas, desprovidas de cultura ou de grandes exemplos, seguiram rigorosamente as orienta\u00e7\u00f5es do Anjo da Paz e rezaram continuamente!<\/span><\/p>\n<p><span style=\"font-family: 'courier new', courier, monospace; font-size: 14pt;\">Por conta disso, o anjo apareceu novamente a elas e as preparou para um dos acontecimentos mais expressivos da hist\u00f3ria da humanidade: <strong>as apari\u00e7\u00f5es de Nossa Senhora de F\u00e1tima<\/strong>.<\/span><\/p>\n<p><span style=\"font-family: 'courier new', courier, monospace; font-size: 14pt;\">Mas veja que tudo isso s\u00f3 aconteceu porque&#8230;<\/span><\/p>\n<p><span style=\"color: #ffffff;\">.<\/span><br \/>\n<strong><span style=\"font-family: 'courier new', courier, monospace; font-size: 14pt;\">OS PASTORINHOS ATENDERAM AO PEDIDO DO ANJO.<\/span><\/strong><\/p>\n<p><span style=\"color: #ffffff;\">.<\/span><\/p>\n<p><span style=\"font-family: 'courier new', courier, monospace; font-size: 14pt;\">Quantas vezes n\u00f3s nos deparamos com um pedido parecido em nosso cora\u00e7\u00e3o? Uma vontade de praticar o bem, de fazer algo por Nossa Senhora, mas\u2026 deixamos para depois?<\/span><\/p>\n<p><span style=\"color: #ffffff;\">.<\/span><\/p>\n<p style=\"text-align: center;\"><span style=\"font-family: 'courier new', courier, monospace; font-size: 14pt;\">(<span style=\"color: #0000ff;\"><a style=\"color: #0000ff;\" href=\"http:\/\/www.adf.org.br\/apostolosdefatima\/2\/form\/?origem=4547\" target=\"_blank\" rel=\"noopener noreferrer\"><span style=\"text-decoration: underline;\">se voc\u00ea j\u00e1 sentiu isso, clique aqui e veja como participar<\/span><\/a><\/span><\/span><br \/>\n<span style=\"font-family: 'courier new', courier, monospace; font-size: 14pt;\"><span style=\"text-decoration: underline; color: #0000ff;\"><a style=\"color: #0000ff;\" href=\"http:\/\/www.adf.org.br\/apostolosdefatima\/2\/form\/?origem=4547\" target=\"_blank\" rel=\"noopener noreferrer\">mensalmente de um apostolado em honra da Virgem Mari<\/a>a<\/span>)<\/span><\/p>\n<p style=\"text-align: center;\"><span style=\"color: #ffffff;\">.<\/span><\/p>\n<p><span style=\"font-family: 'courier new', courier, monospace; font-size: 14pt;\">Pense em quantas vezes voc\u00ea teve a oportunidade de fazer alguma coisa consistente por Nossa Senhora de F\u00e1tima, mas permitiu que outras tarefas e preocupa\u00e7\u00f5es lhe desviassem do foco.<\/span><\/p>\n<p><span style=\"font-family: 'courier new', courier, monospace; font-size: 14pt;\">Bem disse um amigo meu esses dias:<\/span><\/p>\n<p><span style=\"color: #ffffff;\">.<\/span><\/p>\n<p style=\"padding-left: 90px;\"><span style=\"color: #000080;\"><em><span style=\"font-family: 'courier new', courier, monospace; font-size: 14pt;\">&#8211; Carlos, a gente se preocupa tanto com n\u00f3s mesmos que nos esquecemos do mais importante. \u00c9 por isso que Deus est\u00e1 sempre presente com as crian\u00e7as, pela pureza, f\u00e9 e obedi\u00eancia delas.<\/span><\/em><\/span><\/p>\n<p style=\"padding-left: 90px;\"><span style=\"color: #ffffff;\">.<\/span><\/p>\n<p><span style=\"font-family: 'courier new', courier, monospace; font-size: 14pt;\">Sou obrigado a concordar com ele. <\/span><\/p>\n<p><span style=\"font-family: 'courier new', courier, monospace; font-size: 14pt;\">N\u00e3o fosse a obedi\u00eancia incontest\u00e1vel dos tr\u00eas pastorinhos, nada teria acontecido. O Anjo n\u00e3o regressaria e n\u00e3o ocorreriam as apari\u00e7\u00f5es da Virgem Maria em 1917. <\/span><\/p>\n<p><span style=\"font-family: 'courier new', courier, monospace; font-size: 14pt;\">Ao menos n\u00e3o daquele jeito.<\/span><\/p>\n<p><span style=\"font-family: 'courier new', courier, monospace; font-size: 14pt;\"><span style=\"text-decoration: underline;\"><strong>O que quero lhe propor com isso \u00e9 uma reflex\u00e3o: Nossa Senhora nos transmite mensagens em muitas ocasi\u00f5es, n\u00e3o necessariamente na vinda de um anjo, mas por meio de pequenos fatos e oportunidades<\/strong><\/span>.<\/span><\/p>\n<p><span style=\"color: #ffffff;\">.<\/span><\/p>\n<p style=\"padding-left: 60px;\"><span style=\"font-family: 'courier new', courier, monospace; font-size: 14pt;\">&#8211; Ser\u00e1 que estamos preparados para isso? <\/span><\/p>\n<p style=\"padding-left: 60px;\"><span style=\"font-family: 'courier new', courier, monospace; font-size: 14pt;\">&#8211; Para aceitar e fazer algo de bom pela Virgem Sant\u00edssima? <\/span><\/p>\n<p style=\"padding-left: 60px;\"><span style=\"font-family: 'courier new', courier, monospace; font-size: 14pt;\">&#8211; Para algo muito melhor que vir\u00e1 depois?<\/span><\/p>\n<p style=\"padding-left: 60px;\"><span style=\"color: #ffffff;\">.<\/span><\/p>\n<p><span style=\"font-family: 'courier new', courier, monospace; font-size: 14pt;\">Portanto, senti que deveria aparecer aqui, nesta carta, como um mission\u00e1rio de Nossa Senhora para lhe convidar a ingressar num grupo de ora\u00e7\u00e3o chamado <span style=\"color: #0000ff;\"><a style=\"color: #0000ff;\" href=\"http:\/\/www.adf.org.br\/apostolosdefatima\/2\/form\/?origem=4547\" target=\"_blank\" rel=\"noopener noreferrer\">Ap\u00f3stolos de F\u00e1tima<\/a><\/span>.<\/span><\/p>\n<p><span style=\"font-family: 'courier new', courier, monospace; font-size: 14pt;\"><span style=\"text-decoration: underline;\"><strong>Em reconhecimento \u00e0 sua participa\u00e7\u00e3o neste Grupo, seu nome ser\u00e1 levado at\u00e9 o Santu\u00e1rio de F\u00e1tima, l\u00e1 em Portugal, onde voc\u00ea contar\u00e1 com ora\u00e7\u00f5es do mundo todo<\/strong><\/span>.<\/span><\/p>\n<p><span style=\"color: #ffffff;\">.<\/span><\/p>\n<p style=\"padding-left: 60px;\"><em><span style=\"font-family: 'courier new', courier, monospace; font-size: 14pt;\">Contar\u00e1 tamb\u00e9m com missas semanais e uma Vig\u00edlia de Ora\u00e7\u00f5es em que volunt\u00e1rios rezam cerca de 50 ter\u00e7os todos os dias por voc\u00ea e sua fam\u00edlia.<\/span><\/em><\/p>\n<p style=\"padding-left: 60px;\"><span style=\"color: #ffffff;\">.<\/span><\/p>\n<p><span style=\"font-family: 'courier new', courier, monospace; font-size: 14pt;\"><span style=\"color: #0000ff;\"><a style=\"color: #0000ff;\" href=\"http:\/\/www.adf.org.br\/apostolosdefatima\/2\/form\/?origem=4547\" target=\"_blank\" rel=\"noopener noreferrer\">Veja como fazer parte em menos de 1 minuto<\/a><\/span>.<\/span><\/p>\n<p><span style=\"font-family: 'courier new', courier, monospace; font-size: 14pt;\">Para isso, n\u00e3o pediremos nada que fuja do seu alcance.<\/span><\/p>\n<p><span style=\"font-family: 'courier new', courier, monospace; font-size: 14pt;\">O que lhe pe\u00e7o \u00e9 uma <strong>pequena contribui\u00e7\u00e3o mensal<\/strong> para nos ajudar a sustentar as obras desse apostolado mariano.<\/span><\/p>\n<p><span style=\"font-family: 'courier new', courier, monospace; font-size: 14pt;\">Como um esfor\u00e7o pessoal seu por Nossa Senhora, um ato de f\u00e9 e obedi\u00eancia, tal como fizeram os pastorinhos ao atenderem o pedido do Anjo da Paz.<\/span><\/p>\n<p><span style=\"font-family: 'courier new', courier, monospace; font-size: 14pt;\">Voc\u00ea faria isso em prol do que Nossa Senhora de F\u00e1tima faz e ainda\u00a0far\u00e1 por voc\u00ea?<\/span><\/p>\n<p><span style=\"color: #ffffff;\">.<\/span><\/p>\n<p style=\"text-align: center;\"><span style=\"font-family: 'courier new', courier, monospace; font-size: 14pt; color: #0000ff;\">(X)<a style=\"color: #0000ff;\" href=\"http:\/\/www.adf.org.br\/apostolosdefatima\/2\/form\/?origem=4547\" target=\"_blank\" rel=\"noopener noreferrer\">Sim! Farei agora mesmo<\/a>.<\/span><\/p>\n<p style=\"text-align: center;\"><span style=\"color: #ffffff;\">.<\/span><\/p>\n<p><span style=\"font-family: 'courier new', courier, monospace; font-size: 14pt;\">Lembrando que os tr\u00eas pastorinhos n\u00e3o s\u00f3 atenderam aos pedidos do Anjo da Paz como obedeceram a todos os demais feitos pela Sant\u00edssima Virgem.<\/span><\/p>\n<p><span style=\"font-family: 'courier new', courier, monospace; font-size: 14pt;\">Que belo exemplo a ser seguido, n\u00e3o?<\/span><\/p>\n<p><span style=\"font-family: 'courier new', courier, monospace; font-size: 14pt;\">N\u00e3o se esque\u00e7a que muitas vezes Nossa Senhora se faz presente na sua vida atrav\u00e9s de pequenas oportunidades.<\/span><\/p>\n<p><span style=\"font-family: 'courier new', courier, monospace; font-size: 14pt;\">Ser\u00e1 que minha mensagem n\u00e3o \u00e9 uma delas?<\/span><\/p>\n<p><span style=\"color: #ffffff;\">.<\/span><\/p>\n<p style=\"padding-left: 60px;\"><em><span style=\"font-family: 'courier new', courier, monospace; font-size: 14pt;\">Eu gostaria muito que voc\u00ea fizesse parte do grupo <span style=\"color: #0000ff;\"><a style=\"color: #0000ff;\" href=\"http:\/\/www.adf.org.br\/apostolosdefatima\/2\/form\/?origem=4547\" target=\"_blank\" rel=\"noopener noreferrer\">Ap\u00f3stolos de F\u00e1tima<\/a><\/span>; que <span style=\"text-decoration: underline;\"><strong>ajudasse nessa miss\u00e3o em honra de Maria Sant\u00edssima e tivesse seu nome nas missas semanais, nas ora\u00e7\u00f5es di\u00e1rias; al\u00e9m de receber um outro presente<\/strong><\/span>:<\/span><\/em><\/p>\n<p style=\"padding-left: 60px;\"><em><span style=\"font-family: 'courier new', courier, monospace; font-size: 14pt;\"><span style=\"text-decoration: underline;\"><strong>A<\/strong><strong>cesso a um site privado para acender uma Vela Virtual que n\u00e3o se apaga<\/strong><\/span>, para que possa inscrever seus pedidos de ora\u00e7\u00e3o sempre que quiser.<\/span><\/em><\/p>\n<p style=\"padding-left: 60px;\"><span style=\"color: #ffffff;\">.<\/span><\/p>\n<p><span style=\"font-family: 'courier new', courier, monospace; font-size: 14pt;\">Mas a recompensa maior&#8230; ah, essa ser\u00e1 dada pela Virgem Maria, e eu na minha humilde posi\u00e7\u00e3o sequer posso imaginar quantas gra\u00e7as maravilhosas Nossa M\u00e3ezinha lhe t\u00eam reservado.<\/span><\/p>\n<p><span style=\"font-family: 'courier new', courier, monospace; font-size: 14pt;\">Desejo muito voc\u00ea aceite meu convite.<\/span><\/p>\n<p><span style=\"font-family: 'courier new', courier, monospace; font-size: 14pt;\"><span style=\"color: #0000ff;\"><a style=\"color: #0000ff;\" href=\"http:\/\/www.adf.org.br\/apostolosdefatima\/2\/form\/?origem=4547\" target=\"_blank\" rel=\"noopener noreferrer\">Clique e ingresse hoje nos Ap\u00f3stolos de F\u00e1tima<\/a>.<\/span><\/span><\/p>\n<p><span style=\"font-family: 'courier new', courier, monospace; font-size: 14pt;\">Fa\u00e7a isso como uma s\u00faplica pessoal e cont\u00ednua \u00e0 Nossa Senhora.<\/span><\/p>\n<p><span style=\"font-family: 'courier new', courier, monospace; font-size: 14pt;\">Me despe\u00e7o com a ora\u00e7\u00e3o que o Anjo da Paz recomendou aos tr\u00eas pastorinhos que rezassem, e que eles prontamente o fizeram:<\/span><\/p>\n<p><span style=\"color: #ffffff;\">.<\/span><\/p>\n<p style=\"padding-left: 60px;\"><span style=\"color: #000080;\"><em><span style=\"font-family: 'courier new', courier, monospace; font-size: 14pt;\">\u201cMeu Deus! Eu creio, adoro, espero e amo-Vos. Pe\u00e7o-Vos perd\u00e3o para os que n\u00e3o cr\u00eaem, n\u00e3o adoram, n\u00e3o esperam e n\u00e3o Vos amam\u201c.<\/span><\/em><\/span><\/p>\n<p style=\"padding-left: 60px;\"><span style=\"color: #ffffff;\">.<\/span><\/p>\n<p><span style=\"font-family: 'courier new', courier, monospace; font-size: 14pt;\"><span style=\"color: #0000ff;\"><a style=\"color: #0000ff;\" href=\"http:\/\/www.adf.org.br\/apostolosdefatima\/2\/form\/?origem=4547\" target=\"_blank\" rel=\"noopener noreferrer\">Diga am\u00e9m clicando aqui e participando desse Grupo de Ora\u00e7\u00e3o<\/a><\/span>.<\/span><\/p>\n<p><em><span style=\"font-family: 'courier new', courier, monospace; font-size: 14pt;\">Nossa Senhora de F\u00e1tima, rogai por n\u00f3s!<\/span><\/em><\/p>\n<p><strong><span style=\"font-family: 'courier new', courier, monospace; font-size: 14pt;\"><span style=\"color: #ffffff;\">.<\/span><br \/>\nCarlos Lanna<\/span><\/strong><br \/>\n<span style=\"font-family: 'courier new', courier, monospace; font-size: 14pt;\"> Coordenador de Apostolado<\/span><br \/>\n<span style=\"font-family: 'courier new', courier, monospace; font-size: 14pt;\"> Associa\u00e7\u00e3o Devotos de F\u00e1tima<\/span><\/p>\n<p><span style=\"font-family: 'courier new', courier, monospace; font-size: 14pt;\">PS.: Diferentemente do que ocorreu com os pastorinhos, n\u00e3o \u00e9 um Anjo que lhe apareceu no dia de hoje para fazer um pedido, mas&#8230; guardadas as devidas propor\u00e7\u00f5es, <span style=\"text-decoration: underline;\"><strong>pe\u00e7o que voc\u00ea pense com carinho a respeito do meu convite<\/strong><\/span>.<\/span><\/p>\n<p><span style=\"font-family: 'courier new', courier, monospace; font-size: 14pt;\">Reflita sobre as formas como Nossa Senhora se faz presente em nossas vidas para medir o nosso amor e obedi\u00eancia para com Ela. Pois ent\u00e3o, <span style=\"color: #0000ff;\"><a style=\"color: #0000ff;\" href=\"http:\/\/www.adf.org.br\/apostolosdefatima\/2\/form\/?origem=4547\" target=\"_blank\" rel=\"noopener noreferrer\"><span style=\"color: #0000ff;\">vamos fazer parte desse Grupo de O<\/span>ra\u00e7\u00e3o<\/a>?<\/span><\/span><\/p>\n<p><span style=\"color: #ffffff;\">.<\/span><\/p>\n","protected":false},"excerpt":{"rendered":"<p>. Caro(a) amigo(a), Quantas vezes voc\u00ea j\u00e1 recusou um pedido feito por algu\u00e9m? Confesso que j\u00e1 neguei alguns, mas muitas vezes me vi em um dilema &#8211; \u201cfa\u00e7o ou n\u00e3o fa\u00e7o?\u201d. . Entretanto, tr\u00eas crian\u00e7as pobres tamb\u00e9m receberam um pedido, mas feito por algu\u00e9m fora do normal: UM ANJO! . Mais precisamente o Anjo da [&hellip;]<\/p>\n","protected":false},"author":31,"featured_media":48409,"comment_status":"open","ping_status":"open","sticky":false,"template":"","format":"standard","meta":[],"categories":[2323],"tags":[1716,251,2219,259,770,2412,43,2222,1782,57,443],"yoast_head":"<!-- This site is optimized with the Yoast SEO plugin v17.4 - https:\/\/yoast.com\/wordpress\/plugins\/seo\/ -->\n<title>Se um Anjo aparecesse e lhe fizesse um pedido? Voc\u00ea recusaria?<\/title>\n<meta name=\"description\" content=\"Tr\u00eas crian\u00e7as pobres, mas famosas, tiveram essa chance. Leia aqui o que aconteceu, na \u00edntegra, e descubra o que tudo isso tem a ver com voc\u00ea.\" \/>\n<meta name=\"robots\" content=\"index, follow, max-snippet:-1, max-image-preview:large, max-video-preview:-1\" \/>\n<link rel=\"canonical\" href=\"https:\/\/www.adf.org.br\/home\/se-um-anjo-lhe-pedisse-algo-voce-recusaria\/\" \/>\n<meta property=\"og:locale\" content=\"pt_BR\" \/>\n<meta property=\"og:type\" content=\"article\" \/>\n<meta property=\"og:title\" content=\"Se um Anjo aparecesse e lhe fizesse um pedido? Voc\u00ea recusaria?\" \/>\n<meta property=\"og:description\" content=\"Tr\u00eas crian\u00e7as pobres, mas famosas, tiveram essa chance. Leia aqui o que aconteceu, na \u00edntegra, e descubra o que tudo isso tem a ver com voc\u00ea.\" \/>\n<meta property=\"og:url\" content=\"https:\/\/www.adf.org.br\/home\/se-um-anjo-lhe-pedisse-algo-voce-recusaria\/\" \/>\n<meta property=\"og:site_name\" content=\"Associa\u00e7\u00e3o Devotos de F\u00e1tima\" \/>\n<meta property=\"article:published_time\" content=\"2018-10-24T13:48:43+00:00\" \/>\n<meta name=\"twitter:card\" content=\"summary_large_image\" \/>\n<meta name=\"twitter:label1\" content=\"Escrito por\" \/>\n\t<meta name=\"twitter:data1\" content=\"Gabriel Barbosa\" \/>\n\t<meta name=\"twitter:label2\" content=\"Est. tempo de leitura\" \/>\n\t<meta name=\"twitter:data2\" content=\"5 minutos\" \/>\n<script type=\"application\/ld+json\" class=\"yoast-schema-graph\">{\"@context\":\"https:\/\/schema.org\",\"@graph\":[{\"@type\":\"WebSite\",\"@id\":\"https:\/\/www.adf.org.br\/home\/#website\",\"url\":\"https:\/\/www.adf.org.br\/home\/\",\"name\":\"Associa\\u00e7\\u00e3o Devotos de F\\u00e1tima\",\"description\":\"Associa\\u00e7\\u00e3o Devotos de F\\u00e1tima\",\"potentialAction\":[{\"@type\":\"SearchAction\",\"target\":{\"@type\":\"EntryPoint\",\"urlTemplate\":\"https:\/\/www.adf.org.br\/home\/?s={search_term_string}\"},\"query-input\":\"required name=search_term_string\"}],\"inLanguage\":\"pt-BR\"},{\"@type\":\"ImageObject\",\"@id\":\"https:\/\/www.adf.org.br\/home\/se-um-anjo-lhe-pedisse-algo-voce-recusaria\/#primaryimage\",\"inLanguage\":\"pt-BR\",\"url\":\"\",\"contentUrl\":\"\"},{\"@type\":\"WebPage\",\"@id\":\"https:\/\/www.adf.org.br\/home\/se-um-anjo-lhe-pedisse-algo-voce-recusaria\/#webpage\",\"url\":\"https:\/\/www.adf.org.br\/home\/se-um-anjo-lhe-pedisse-algo-voce-recusaria\/\",\"name\":\"Se um Anjo aparecesse e lhe fizesse um pedido? Voc\\u00ea recusaria?\",\"isPartOf\":{\"@id\":\"https:\/\/www.adf.org.br\/home\/#website\"},\"primaryImageOfPage\":{\"@id\":\"https:\/\/www.adf.org.br\/home\/se-um-anjo-lhe-pedisse-algo-voce-recusaria\/#primaryimage\"},\"datePublished\":\"2018-10-24T13:48:43+00:00\",\"dateModified\":\"2018-10-24T13:48:43+00:00\",\"author\":{\"@id\":\"https:\/\/www.adf.org.br\/home\/#\/schema\/person\/f35a5c5aa7728a3dedf4ea9aa1fc2753\"},\"description\":\"Tr\\u00eas crian\\u00e7as pobres, mas famosas, tiveram essa chance. Leia aqui o que aconteceu, na \\u00edntegra, e descubra o que tudo isso tem a ver com voc\\u00ea.\",\"breadcrumb\":{\"@id\":\"https:\/\/www.adf.org.br\/home\/se-um-anjo-lhe-pedisse-algo-voce-recusaria\/#breadcrumb\"},\"inLanguage\":\"pt-BR\",\"potentialAction\":[{\"@type\":\"ReadAction\",\"target\":[\"https:\/\/www.adf.org.br\/home\/se-um-anjo-lhe-pedisse-algo-voce-recusaria\/\"]}]},{\"@type\":\"BreadcrumbList\",\"@id\":\"https:\/\/www.adf.org.br\/home\/se-um-anjo-lhe-pedisse-algo-voce-recusaria\/#breadcrumb\",\"itemListElement\":[{\"@type\":\"ListItem\",\"position\":1,\"name\":\"Home\",\"item\":\"https:\/\/www.adf.org.br\/home\/\"},{\"@type\":\"ListItem\",\"position\":2,\"name\":\"Se um Anjo lhe pedisse algo, voc\\u00ea recusaria? Tr\\u00eas criancinhas tiveram a chance\"}]},{\"@type\":\"Person\",\"@id\":\"https:\/\/www.adf.org.br\/home\/#\/schema\/person\/f35a5c5aa7728a3dedf4ea9aa1fc2753\",\"name\":\"Gabriel Barbosa\",\"image\":{\"@type\":\"ImageObject\",\"@id\":\"https:\/\/www.adf.org.br\/home\/#personlogo\",\"inLanguage\":\"pt-BR\",\"url\":\"https:\/\/secure.gravatar.com\/avatar\/2b2cb2f4637682c5605e8d36818f51ef?s=96&d=mm&r=g\",\"contentUrl\":\"https:\/\/secure.gravatar.com\/avatar\/2b2cb2f4637682c5605e8d36818f51ef?s=96&d=mm&r=g\",\"caption\":\"Gabriel Barbosa\"},\"url\":\"https:\/\/www.adf.org.br\/home\/author\/gabrielpmk-com-br\/\"}]}<\/script>\n<!-- \/ Yoast SEO plugin. -->","yoast_head_json":{"title":"Se um Anjo aparecesse e lhe fizesse um pedido? Voc\u00ea recusaria?","description":"Tr\u00eas crian\u00e7as pobres, mas famosas, tiveram essa chance. Leia aqui o que aconteceu, na \u00edntegra, e descubra o que tudo isso tem a ver com voc\u00ea.","robots":{"index":"index","follow":"follow","max-snippet":"max-snippet:-1","max-image-preview":"max-image-preview:large","max-video-preview":"max-video-preview:-1"},"canonical":"https:\/\/www.adf.org.br\/home\/se-um-anjo-lhe-pedisse-algo-voce-recusaria\/","og_locale":"pt_BR","og_type":"article","og_title":"Se um Anjo aparecesse e lhe fizesse um pedido? Voc\u00ea recusaria?","og_description":"Tr\u00eas crian\u00e7as pobres, mas famosas, tiveram essa chance. Leia aqui o que aconteceu, na \u00edntegra, e descubra o que tudo isso tem a ver com voc\u00ea.","og_url":"https:\/\/www.adf.org.br\/home\/se-um-anjo-lhe-pedisse-algo-voce-recusaria\/","og_site_name":"Associa\u00e7\u00e3o Devotos de F\u00e1tima","article_published_time":"2018-10-24T13:48:43+00:00","twitter_card":"summary_large_image","twitter_misc":{"Escrito por":"Gabriel Barbosa","Est. tempo de leitura":"5 minutos"},"schema":{"@context":"https:\/\/schema.org","@graph":[{"@type":"WebSite","@id":"https:\/\/www.adf.org.br\/home\/#website","url":"https:\/\/www.adf.org.br\/home\/","name":"Associa\u00e7\u00e3o Devotos de F\u00e1tima","description":"Associa\u00e7\u00e3o Devotos de F\u00e1tima","potentialAction":[{"@type":"SearchAction","target":{"@type":"EntryPoint","urlTemplate":"https:\/\/www.adf.org.br\/home\/?s={search_term_string}"},"query-input":"required name=search_term_string"}],"inLanguage":"pt-BR"},{"@type":"ImageObject","@id":"https:\/\/www.adf.org.br\/home\/se-um-anjo-lhe-pedisse-algo-voce-recusaria\/#primaryimage","inLanguage":"pt-BR","url":"","contentUrl":""},{"@type":"WebPage","@id":"https:\/\/www.adf.org.br\/home\/se-um-anjo-lhe-pedisse-algo-voce-recusaria\/#webpage","url":"https:\/\/www.adf.org.br\/home\/se-um-anjo-lhe-pedisse-algo-voce-recusaria\/","name":"Se um Anjo aparecesse e lhe fizesse um pedido? Voc\u00ea recusaria?","isPartOf":{"@id":"https:\/\/www.adf.org.br\/home\/#website"},"primaryImageOfPage":{"@id":"https:\/\/www.adf.org.br\/home\/se-um-anjo-lhe-pedisse-algo-voce-recusaria\/#primaryimage"},"datePublished":"2018-10-24T13:48:43+00:00","dateModified":"2018-10-24T13:48:43+00:00","author":{"@id":"https:\/\/www.adf.org.br\/home\/#\/schema\/person\/f35a5c5aa7728a3dedf4ea9aa1fc2753"},"description":"Tr\u00eas crian\u00e7as pobres, mas famosas, tiveram essa chance. Leia aqui o que aconteceu, na \u00edntegra, e descubra o que tudo isso tem a ver com voc\u00ea.","breadcrumb":{"@id":"https:\/\/www.adf.org.br\/home\/se-um-anjo-lhe-pedisse-algo-voce-recusaria\/#breadcrumb"},"inLanguage":"pt-BR","potentialAction":[{"@type":"ReadAction","target":["https:\/\/www.adf.org.br\/home\/se-um-anjo-lhe-pedisse-algo-voce-recusaria\/"]}]},{"@type":"BreadcrumbList","@id":"https:\/\/www.adf.org.br\/home\/se-um-anjo-lhe-pedisse-algo-voce-recusaria\/#breadcrumb","itemListElement":[{"@type":"ListItem","position":1,"name":"Home","item":"https:\/\/www.adf.org.br\/home\/"},{"@type":"ListItem","position":2,"name":"Se um Anjo lhe pedisse algo, voc\u00ea recusaria? Tr\u00eas criancinhas tiveram a chance"}]},{"@type":"Person","@id":"https:\/\/www.adf.org.br\/home\/#\/schema\/person\/f35a5c5aa7728a3dedf4ea9aa1fc2753","name":"Gabriel Barbosa","image":{"@type":"ImageObject","@id":"https:\/\/www.adf.org.br\/home\/#personlogo","inLanguage":"pt-BR","url":"https:\/\/secure.gravatar.com\/avatar\/2b2cb2f4637682c5605e8d36818f51ef?s=96&d=mm&r=g","contentUrl":"https:\/\/secure.gravatar.com\/avatar\/2b2cb2f4637682c5605e8d36818f51ef?s=96&d=mm&r=g","caption":"Gabriel Barbosa"},"url":"https:\/\/www.adf.org.br\/home\/author\/gabrielpmk-com-br\/"}]}},"_links":{"self":[{"href":"https:\/\/www.adf.org.br\/home\/wp-json\/wp\/v2\/posts\/48399"}],"collection":[{"href":"https:\/\/www.adf.org.br\/home\/wp-json\/wp\/v2\/posts"}],"about":[{"href":"https:\/\/www.adf.org.br\/home\/wp-json\/wp\/v2\/types\/post"}],"author":[{"embeddable":true,"href":"https:\/\/www.adf.org.br\/home\/wp-json\/wp\/v2\/users\/31"}],"replies":[{"embeddable":true,"href":"https:\/\/www.adf.org.br\/home\/wp-json\/wp\/v2\/comments?post=48399"}],"version-history":[{"count":0,"href":"https:\/\/www.adf.org.br\/home\/wp-json\/wp\/v2\/posts\/48399\/revisions"}],"wp:featuredmedia":[{"embeddable":true,"href":"https:\/\/www.adf.org.br\/home\/wp-json\/wp\/v2\/media\/48409"}],"wp:attachment":[{"href":"https:\/\/www.adf.org.br\/home\/wp-json\/wp\/v2\/media?parent=48399"}],"wp:term":[{"taxonomy":"category","embeddable":true,"href":"https:\/\/www.adf.org.br\/home\/wp-json\/wp\/v2\/categories?post=48399"},{"taxonomy":"post_tag","embeddable":true,"href":"https:\/\/www.adf.org.br\/home\/wp-json\/wp\/v2\/tags?post=48399"}],"curies":[{"name":"wp","href":"https:\/\/api.w.org\/{rel}","templated":true}]}}