{"id":48353,"date":"2018-11-01T05:00:37","date_gmt":"2018-11-01T07:00:37","guid":{"rendered":"http:\/\/www.adf.org.br\/home\/?p=48353"},"modified":"2018-11-01T05:00:37","modified_gmt":"2018-11-01T07:00:37","slug":"o-melhor-remedio","status":"publish","type":"post","link":"https:\/\/www.adf.org.br\/home\/o-melhor-remedio\/","title":{"rendered":"Este \u00e9 o melhor rem\u00e9dio"},"content":{"rendered":"<p><a href=\"https:\/\/adf.org.br\/apostolosdacura\/?origem=4547\" target=\"_blank\" rel=\"noopener noreferrer\"><img loading=\"lazy\" class=\"aligncenter wp-image-48567\" src=\"https:\/\/www.adf.org.br\/home\/wp-content\/uploads\/2018\/10\/we.png\" width=\"366\" height=\"560\" \/><\/a><\/p>\n<p>&nbsp;<\/p>\n<p><span style=\"font-weight: 400; font-family: 'courier new', courier, monospace; font-size: 14pt;\">Caro (a) amigo (a),<\/span><\/p>\n<p><span style=\"font-weight: 400; font-family: 'courier new', courier, monospace; font-size: 14pt;\"><br \/>\nVoc\u00ea sabia que existe um rem\u00e9dio que pode ser melhor do que muitos que os m\u00e9dicos indicam?<\/span><\/p>\n<p style=\"padding-left: 90px;\"><span style=\"font-family: 'courier new', courier, monospace; font-size: 14pt;\"><b><br \/>\n\u00c9 a ora\u00e7\u00e3o, que pode nos curar tanto fisicamente quanto espiritualmente.<\/b><\/span><\/p>\n<p><span style=\"font-family: 'courier new', courier, monospace; font-size: 14pt;\"><span style=\"font-weight: 400;\"><br \/>\nVeja abaixo um belo testemunho do Sr. Oswaldo, devoto de <\/span><span style=\"font-weight: 400;\">Nossa Senhora de Lourdes<\/span><span style=\"font-weight: 400;\">, que\u00a0vai exemplificar o que acabei de dizer.<\/span><\/span><\/p>\n<p><span style=\"font-family: 'courier new', courier, monospace; font-size: 14pt;\"><span style=\"font-weight: 400;\"><br \/>\n&#8220;Ano passado, a minha filha mais nova ficou <\/span><strong>muito<\/strong><b> doente<\/b><span style=\"font-weight: 400;\">. Eu e minha esposa a levamos em <\/span><b>v\u00e1rios m\u00e9dicos<\/b><span style=\"font-weight: 400;\"> e todos diziam a mesma coisa: ela est\u00e1 com virose.<\/span><\/span><\/p>\n<p><span style=\"font-family: 'courier new', courier, monospace; font-size: 14pt;\"><span style=\"font-weight: 400;\"><br \/>\n&#8220;Os m\u00e9dicos sempre receitavam o mesmo rem\u00e9dio, mas ela n\u00e3o melhorava e o nosso\u00a0<\/span><b>desespero<\/b><span style=\"font-weight: 400;\">\u00a0com o passar dos dias s\u00f3 aumentava.<\/span><\/span><\/p>\n<p style=\"padding-left: 90px;\"><span style=\"font-family: 'courier new', courier, monospace; font-size: 14pt;\"><b><br \/>\n&#8220;Certo dia, minha esposa entrou com ela na consulta e eu fiquei esperando do lado de fora, pois n\u00e3o aguentava mais ouvir a mesma coisa dos m\u00e9dicos.<\/b><\/span><\/p>\n<p><span style=\"font-weight: 400; font-family: 'courier new', courier, monospace; font-size: 14pt;\"><br \/>\n&#8220;Eu n\u00e3o era muito religioso, mas mesmo assim eu sempre rezava para Deus e Nossa Senhora de Lourdes &#8211; sem muita f\u00e9 &#8211; mas eu precisava fazer algo naquele momento.<\/span><\/p>\n<p style=\"padding-left: 90px;\"><span style=\"font-family: 'courier new', courier, monospace; font-size: 14pt;\"><b><br \/>\n&#8220;Naquele dia da consulta, entrou uma senhora no consult\u00f3rio, muito humilde e tinha seus cabelos bem branquinhos.<\/b><\/span><\/p>\n<p><span style=\"font-family: 'courier new', courier, monospace; font-size: 14pt;\"><span style=\"font-weight: 400;\"><br \/>\n&#8220;Ela parou diante de mim e viu que eu estava bastante preocupado. Ela sentou ao meu lado e me contou que sua filha, bastante jovem, havia entrado em uma <span style=\"color: #0000ff;\"><a style=\"color: #0000ff;\" href=\"https:\/\/adf.org.br\/apostolosdacura\/?origem=4547\" target=\"_blank\" rel=\"noopener noreferrer\">p\u00e1gina da internet<\/a>\u00a0<span style=\"color: #000000;\">e<\/span><\/span><\/span><span style=\"font-weight: 400;\">\u00a0depois disso havia alcan\u00e7ado\u00a0uma gra\u00e7a que tanto precisava.<\/span><\/span><\/p>\n<p style=\"padding-left: 90px;\"><span style=\"font-family: 'courier new', courier, monospace; font-size: 14pt;\"><b><br \/>\n&#8220;Eu abri meu cora\u00e7\u00e3o e falei que do jeito que a minha filha estava, somente uma gra\u00e7a dos C\u00e9us para ela melhorar. Ent\u00e3o esta senhora me passou <\/b><b>o site <\/b><b>desta Associa\u00e7\u00e3o.<\/b><\/span><\/p>\n<p><span style=\"font-weight: 400; font-family: 'courier new', courier, monospace; font-size: 14pt;\"><br \/>\nNaquele momento n\u00e3o hesitei, vi ali um grande sinal de Deus na minha vida e imediatamente me tornei membro do <span style=\"color: #0000ff;\"><a style=\"color: #0000ff;\" href=\"https:\/\/adf.org.br\/apostolosdacura\/?origem=4547\" target=\"_blank\" rel=\"noopener noreferrer\">grupo Ap\u00f3stolos da Cura<\/a><\/span>, para que todos os meus pedidos de ora\u00e7\u00e3o fossem inclu\u00eddos na Santa Missa, que essa associa\u00e7\u00e3o faria celebrar. Lembro que meu primeiro pedido foi:<\/span><\/p>\n<p>&nbsp;<\/p>\n<ul>\n<li style=\"font-weight: 400;\"><span style=\"font-family: 'courier new', courier, monospace; font-size: 14pt;\"><i><span style=\"font-weight: 400;\">&#8211; Que o m\u00e9dico descubra o que minha filha tem, para que ela fa\u00e7a o tratamento correto e melhore o quanto antes &#8211;<\/span><\/i><\/span><\/li>\n<\/ul>\n<p><span style=\"font-weight: 400; font-family: 'courier new', courier, monospace; font-size: 14pt;\">&#8220;Assim que terminei de rezar e fazer meus pedidos, minha esposa saiu aos prantos do consult\u00f3rio. O m\u00e9dico ent\u00e3o comunicou a mim que minha filha estava com Doen\u00e7a de Crohn, que \u00e9 uma grave inflama\u00e7\u00e3o no intestino.<\/span><\/p>\n<p><span style=\"font-weight: 400; font-family: 'courier new', courier, monospace; font-size: 14pt;\">Pensei comigo:<\/span><\/p>\n<ul>\n<li style=\"font-weight: 400;\"><span style=\"font-family: 'courier new', courier, monospace; font-size: 14pt;\"><i><span style=\"font-weight: 400;\">&#8211; A doen\u00e7a \u00e9 grave, mas tenho certeza que Nossa Senhora de Lourdes j\u00e1 est\u00e1 nos auxiliando -.<\/span><\/i><\/span><\/li>\n<\/ul>\n<p><span style=\"font-family: 'courier new', courier, monospace; font-size: 14pt;\"><span style=\"font-weight: 400;\"><br \/>\nEnt\u00e3o, o m\u00e9dico nos indicou o <\/span><b>tratamento correto\u00a0<\/b><span style=\"font-weight: 400;\">para ela fazer e logo conseguimos uma vaga em um hospital bom em S\u00e3o Paulo para ela se tratar, e o melhor: seria tudo gratuito.<\/span><\/span><\/p>\n<p><span style=\"font-family: 'courier new', courier, monospace; font-size: 14pt;\"><span style=\"font-weight: 400;\"><br \/>\nMinha filha hoje est\u00e1 <\/span><b>quase curada<\/b><span style=\"font-weight: 400;\">. As crises j\u00e1 n\u00e3o a afetam mais e est\u00e1 tudo normalizado.<\/span><\/span><\/p>\n<p style=\"padding-left: 90px;\"><span style=\"font-family: 'courier new', courier, monospace; font-size: 14pt;\"><b><br \/>\nSei que Nossa Senhora mudou minha vida por dois motivos: curou minha filha e me fez ter mais f\u00e9.<\/b><\/span><\/p>\n<p><span style=\"font-family: 'courier new', courier, monospace; font-size: 14pt;\"><span style=\"font-weight: 400;\"><br \/>\nDesde aquele dia recomendo o <span style=\"color: #0000ff;\"><a style=\"color: #0000ff;\" href=\"https:\/\/adf.org.br\/apostolosdacura\/?origem=4547\" target=\"_blank\" rel=\"noopener noreferrer\">grupo Ap\u00f3stolos da Cura<\/a><\/span><\/span><span style=\"font-weight: 400;\">\u00a0para todas as pessoas que conhe\u00e7o.<\/span><\/span><\/p>\n<p><span style=\"font-weight: 400; font-family: 'courier new', courier, monospace; font-size: 14pt;\"><br \/>\nE por isso quis tornar p\u00fablico meu testemunho.<\/span><\/p>\n<p><span style=\"font-weight: 400; font-family: 'courier new', courier, monospace; font-size: 14pt;\"><br \/>\nSr. Oswaldo, de S\u00e3o Paulo<\/span><\/p>\n<p><span style=\"font-weight: 400; font-family: 'courier new', courier, monospace; font-size: 14pt;\">Este testemunho me alegrou muito. Por isso, se voc\u00ea estiver passando por algum problema de enfermidade em sua fam\u00edlia, eu lhe convido a fazer parte do grupo <span style=\"color: #0000ff;\"><a style=\"color: #0000ff;\" href=\"https:\/\/adf.org.br\/apostolosdacura\/?origem=4547\" target=\"_blank\" rel=\"noopener noreferrer\">Ap\u00f3stolos da Cura<\/a><\/span>.<\/span><\/p>\n<p><span style=\"font-weight: 400; font-family: 'courier new', courier, monospace; font-size: 14pt;\"><br \/>\nPois se Ela ajudou a fam\u00edlia do Sr. Ant\u00f4nio Carlos, tenha certeza que Ela tamb\u00e9m poder\u00e1 te auxiliar. Basta ter f\u00e9 no seu pedido.<\/span><\/p>\n<p><span style=\"font-weight: 400; font-family: 'courier new', courier, monospace; font-size: 14pt;\"><br \/>\nN\u00e3o hesite e pe\u00e7a pelas gra\u00e7as que tanto necessita, <span style=\"color: #0000ff;\"><a style=\"color: #0000ff;\" href=\"https:\/\/adf.org.br\/apostolosdacura\/?origem=4547\" target=\"_blank\" rel=\"noopener noreferrer\">clicando aqui<\/a><\/span>.<\/span><\/p>\n<p><span style=\"font-weight: 400; font-family: 'courier new', courier, monospace; font-size: 14pt;\"><br \/>\nQue a Virgem Maria te proteja e guarde.<\/span><\/p>\n<p><span style=\"font-weight: 400; font-family: 'courier new', courier, monospace; font-size: 14pt;\">Em Jesus e Maria,<\/span><\/p>\n<h5><span style=\"font-family: 'courier new', courier, monospace; font-size: 14pt;\"><b><br \/>\nCarlos Lanna<\/b><\/span><\/h5>\n<p><span style=\"font-family: 'courier new', courier, monospace; font-size: 14pt;\">Coordenador de Apostolado<\/span><br \/>\n<span style=\"font-family: 'courier new', courier, monospace; font-size: 14pt;\"> Associa\u00e7\u00e3o Devotos de F\u00e1tima<\/span><\/p>\n","protected":false},"excerpt":{"rendered":"<p>Voc\u00ea sabia que existe um rem\u00e9dio que pode ser melhor do que muitos que os m\u00e9dicos indicam?<\/p>\n","protected":false},"author":31,"featured_media":48567,"comment_status":"open","ping_status":"open","sticky":false,"template":"","format":"standard","meta":[],"categories":[2387],"tags":[2562,680,38,54,2317,528,352,2166],"yoast_head":"<!-- This site is optimized with the Yoast SEO plugin v17.4 - https:\/\/yoast.com\/wordpress\/plugins\/seo\/ -->\n<title>Este \u00e9 o melhor rem\u00e9dio<\/title>\n<meta name=\"description\" content=\"Este \u00e9 o melhor rem\u00e9dio. Voc\u00ea sabia que existe um rem\u00e9dio que pode ser melhor do que muitos que os m\u00e9dicos indicam?\" \/>\n<meta name=\"robots\" content=\"index, follow, max-snippet:-1, max-image-preview:large, max-video-preview:-1\" \/>\n<link rel=\"canonical\" href=\"https:\/\/www.adf.org.br\/home\/o-melhor-remedio\/\" \/>\n<meta property=\"og:locale\" content=\"pt_BR\" \/>\n<meta property=\"og:type\" content=\"article\" \/>\n<meta property=\"og:title\" content=\"Este \u00e9 o melhor rem\u00e9dio\" \/>\n<meta property=\"og:description\" content=\"Este \u00e9 o melhor rem\u00e9dio. Voc\u00ea sabia que existe um rem\u00e9dio que pode ser melhor do que muitos que os m\u00e9dicos indicam?\" \/>\n<meta property=\"og:url\" content=\"https:\/\/www.adf.org.br\/home\/o-melhor-remedio\/\" \/>\n<meta property=\"og:site_name\" content=\"Associa\u00e7\u00e3o Devotos de F\u00e1tima\" \/>\n<meta property=\"article:published_time\" content=\"2018-11-01T07:00:37+00:00\" \/>\n<meta name=\"twitter:card\" content=\"summary_large_image\" \/>\n<meta name=\"twitter:label1\" content=\"Escrito por\" \/>\n\t<meta name=\"twitter:data1\" content=\"Gabriel Barbosa\" \/>\n\t<meta name=\"twitter:label2\" content=\"Est. tempo de leitura\" \/>\n\t<meta name=\"twitter:data2\" content=\"3 minutos\" \/>\n<script type=\"application\/ld+json\" class=\"yoast-schema-graph\">{\"@context\":\"https:\/\/schema.org\",\"@graph\":[{\"@type\":\"WebSite\",\"@id\":\"https:\/\/www.adf.org.br\/home\/#website\",\"url\":\"https:\/\/www.adf.org.br\/home\/\",\"name\":\"Associa\\u00e7\\u00e3o Devotos de F\\u00e1tima\",\"description\":\"Associa\\u00e7\\u00e3o Devotos de F\\u00e1tima\",\"potentialAction\":[{\"@type\":\"SearchAction\",\"target\":{\"@type\":\"EntryPoint\",\"urlTemplate\":\"https:\/\/www.adf.org.br\/home\/?s={search_term_string}\"},\"query-input\":\"required name=search_term_string\"}],\"inLanguage\":\"pt-BR\"},{\"@type\":\"ImageObject\",\"@id\":\"https:\/\/www.adf.org.br\/home\/o-melhor-remedio\/#primaryimage\",\"inLanguage\":\"pt-BR\",\"url\":\"\",\"contentUrl\":\"\"},{\"@type\":\"WebPage\",\"@id\":\"https:\/\/www.adf.org.br\/home\/o-melhor-remedio\/#webpage\",\"url\":\"https:\/\/www.adf.org.br\/home\/o-melhor-remedio\/\",\"name\":\"Este \\u00e9 o melhor rem\\u00e9dio\",\"isPartOf\":{\"@id\":\"https:\/\/www.adf.org.br\/home\/#website\"},\"primaryImageOfPage\":{\"@id\":\"https:\/\/www.adf.org.br\/home\/o-melhor-remedio\/#primaryimage\"},\"datePublished\":\"2018-11-01T07:00:37+00:00\",\"dateModified\":\"2018-11-01T07:00:37+00:00\",\"author\":{\"@id\":\"https:\/\/www.adf.org.br\/home\/#\/schema\/person\/f35a5c5aa7728a3dedf4ea9aa1fc2753\"},\"description\":\"Este \\u00e9 o melhor rem\\u00e9dio. Voc\\u00ea sabia que existe um rem\\u00e9dio que pode ser melhor do que muitos que os m\\u00e9dicos indicam?\",\"breadcrumb\":{\"@id\":\"https:\/\/www.adf.org.br\/home\/o-melhor-remedio\/#breadcrumb\"},\"inLanguage\":\"pt-BR\",\"potentialAction\":[{\"@type\":\"ReadAction\",\"target\":[\"https:\/\/www.adf.org.br\/home\/o-melhor-remedio\/\"]}]},{\"@type\":\"BreadcrumbList\",\"@id\":\"https:\/\/www.adf.org.br\/home\/o-melhor-remedio\/#breadcrumb\",\"itemListElement\":[{\"@type\":\"ListItem\",\"position\":1,\"name\":\"Home\",\"item\":\"https:\/\/www.adf.org.br\/home\/\"},{\"@type\":\"ListItem\",\"position\":2,\"name\":\"Este \\u00e9 o melhor rem\\u00e9dio\"}]},{\"@type\":\"Person\",\"@id\":\"https:\/\/www.adf.org.br\/home\/#\/schema\/person\/f35a5c5aa7728a3dedf4ea9aa1fc2753\",\"name\":\"Gabriel Barbosa\",\"image\":{\"@type\":\"ImageObject\",\"@id\":\"https:\/\/www.adf.org.br\/home\/#personlogo\",\"inLanguage\":\"pt-BR\",\"url\":\"https:\/\/secure.gravatar.com\/avatar\/2b2cb2f4637682c5605e8d36818f51ef?s=96&d=mm&r=g\",\"contentUrl\":\"https:\/\/secure.gravatar.com\/avatar\/2b2cb2f4637682c5605e8d36818f51ef?s=96&d=mm&r=g\",\"caption\":\"Gabriel Barbosa\"},\"url\":\"https:\/\/www.adf.org.br\/home\/author\/gabrielpmk-com-br\/\"}]}<\/script>\n<!-- \/ Yoast SEO plugin. -->","yoast_head_json":{"title":"Este \u00e9 o melhor rem\u00e9dio","description":"Este \u00e9 o melhor rem\u00e9dio. Voc\u00ea sabia que existe um rem\u00e9dio que pode ser melhor do que muitos que os m\u00e9dicos indicam?","robots":{"index":"index","follow":"follow","max-snippet":"max-snippet:-1","max-image-preview":"max-image-preview:large","max-video-preview":"max-video-preview:-1"},"canonical":"https:\/\/www.adf.org.br\/home\/o-melhor-remedio\/","og_locale":"pt_BR","og_type":"article","og_title":"Este \u00e9 o melhor rem\u00e9dio","og_description":"Este \u00e9 o melhor rem\u00e9dio. Voc\u00ea sabia que existe um rem\u00e9dio que pode ser melhor do que muitos que os m\u00e9dicos indicam?","og_url":"https:\/\/www.adf.org.br\/home\/o-melhor-remedio\/","og_site_name":"Associa\u00e7\u00e3o Devotos de F\u00e1tima","article_published_time":"2018-11-01T07:00:37+00:00","twitter_card":"summary_large_image","twitter_misc":{"Escrito por":"Gabriel Barbosa","Est. tempo de leitura":"3 minutos"},"schema":{"@context":"https:\/\/schema.org","@graph":[{"@type":"WebSite","@id":"https:\/\/www.adf.org.br\/home\/#website","url":"https:\/\/www.adf.org.br\/home\/","name":"Associa\u00e7\u00e3o Devotos de F\u00e1tima","description":"Associa\u00e7\u00e3o Devotos de F\u00e1tima","potentialAction":[{"@type":"SearchAction","target":{"@type":"EntryPoint","urlTemplate":"https:\/\/www.adf.org.br\/home\/?s={search_term_string}"},"query-input":"required name=search_term_string"}],"inLanguage":"pt-BR"},{"@type":"ImageObject","@id":"https:\/\/www.adf.org.br\/home\/o-melhor-remedio\/#primaryimage","inLanguage":"pt-BR","url":"","contentUrl":""},{"@type":"WebPage","@id":"https:\/\/www.adf.org.br\/home\/o-melhor-remedio\/#webpage","url":"https:\/\/www.adf.org.br\/home\/o-melhor-remedio\/","name":"Este \u00e9 o melhor rem\u00e9dio","isPartOf":{"@id":"https:\/\/www.adf.org.br\/home\/#website"},"primaryImageOfPage":{"@id":"https:\/\/www.adf.org.br\/home\/o-melhor-remedio\/#primaryimage"},"datePublished":"2018-11-01T07:00:37+00:00","dateModified":"2018-11-01T07:00:37+00:00","author":{"@id":"https:\/\/www.adf.org.br\/home\/#\/schema\/person\/f35a5c5aa7728a3dedf4ea9aa1fc2753"},"description":"Este \u00e9 o melhor rem\u00e9dio. Voc\u00ea sabia que existe um rem\u00e9dio que pode ser melhor do que muitos que os m\u00e9dicos indicam?","breadcrumb":{"@id":"https:\/\/www.adf.org.br\/home\/o-melhor-remedio\/#breadcrumb"},"inLanguage":"pt-BR","potentialAction":[{"@type":"ReadAction","target":["https:\/\/www.adf.org.br\/home\/o-melhor-remedio\/"]}]},{"@type":"BreadcrumbList","@id":"https:\/\/www.adf.org.br\/home\/o-melhor-remedio\/#breadcrumb","itemListElement":[{"@type":"ListItem","position":1,"name":"Home","item":"https:\/\/www.adf.org.br\/home\/"},{"@type":"ListItem","position":2,"name":"Este \u00e9 o melhor rem\u00e9dio"}]},{"@type":"Person","@id":"https:\/\/www.adf.org.br\/home\/#\/schema\/person\/f35a5c5aa7728a3dedf4ea9aa1fc2753","name":"Gabriel Barbosa","image":{"@type":"ImageObject","@id":"https:\/\/www.adf.org.br\/home\/#personlogo","inLanguage":"pt-BR","url":"https:\/\/secure.gravatar.com\/avatar\/2b2cb2f4637682c5605e8d36818f51ef?s=96&d=mm&r=g","contentUrl":"https:\/\/secure.gravatar.com\/avatar\/2b2cb2f4637682c5605e8d36818f51ef?s=96&d=mm&r=g","caption":"Gabriel Barbosa"},"url":"https:\/\/www.adf.org.br\/home\/author\/gabrielpmk-com-br\/"}]}},"_links":{"self":[{"href":"https:\/\/www.adf.org.br\/home\/wp-json\/wp\/v2\/posts\/48353"}],"collection":[{"href":"https:\/\/www.adf.org.br\/home\/wp-json\/wp\/v2\/posts"}],"about":[{"href":"https:\/\/www.adf.org.br\/home\/wp-json\/wp\/v2\/types\/post"}],"author":[{"embeddable":true,"href":"https:\/\/www.adf.org.br\/home\/wp-json\/wp\/v2\/users\/31"}],"replies":[{"embeddable":true,"href":"https:\/\/www.adf.org.br\/home\/wp-json\/wp\/v2\/comments?post=48353"}],"version-history":[{"count":0,"href":"https:\/\/www.adf.org.br\/home\/wp-json\/wp\/v2\/posts\/48353\/revisions"}],"wp:featuredmedia":[{"embeddable":true,"href":"https:\/\/www.adf.org.br\/home\/wp-json\/wp\/v2\/media\/48567"}],"wp:attachment":[{"href":"https:\/\/www.adf.org.br\/home\/wp-json\/wp\/v2\/media?parent=48353"}],"wp:term":[{"taxonomy":"category","embeddable":true,"href":"https:\/\/www.adf.org.br\/home\/wp-json\/wp\/v2\/categories?post=48353"},{"taxonomy":"post_tag","embeddable":true,"href":"https:\/\/www.adf.org.br\/home\/wp-json\/wp\/v2\/tags?post=48353"}],"curies":[{"name":"wp","href":"https:\/\/api.w.org\/{rel}","templated":true}]}}