{"id":48027,"date":"2018-09-29T00:30:13","date_gmt":"2018-09-29T03:30:13","guid":{"rendered":"http:\/\/www.adf.org.br\/home\/?p=48027"},"modified":"2018-09-29T00:30:13","modified_gmt":"2018-09-29T03:30:13","slug":"arcanjos-gabriel-miguel-e-rafael","status":"publish","type":"post","link":"https:\/\/www.adf.org.br\/home\/arcanjos-gabriel-miguel-e-rafael\/","title":{"rendered":"Conhecidos como mensageiros de Deus, os que nos trazem bom rumo a vida! A Igreja celebra seu dia. Confira"},"content":{"rendered":"<figure id=\"attachment_48028\" aria-describedby=\"caption-attachment-48028\" style=\"width: 372px\" class=\"wp-caption aligncenter\"><img loading=\"lazy\" class=\"wp-image-48028\" src=\"http:\/\/www.adf.org.br\/home\/wp-content\/uploads\/2018\/09\/3-anjos.jpg\" alt=\"3 anjos\" width=\"372\" height=\"500\" \/><figcaption id=\"caption-attachment-48028\" class=\"wp-caption-text\"><em>Conselho Angelical.<\/em><\/figcaption><\/figure>\n<p><span style=\"color: #ffffff\">.<\/span><\/p>\n<p><span style=\"font-family: verdana, geneva, sans-serif;font-size: 12pt;color: #000000\"><em>Os <strong>Arcanjos Rafael, Gabriel e Miguel<\/strong><\/em> que representam\u00a0a terceira hierarquia do c\u00e9u, citados como\u00a0 mensageiros dos decretos de Deus, seus respectivos nomes representa a miss\u00e3o que Nosso Senhor os Deus. Confira:<\/span><\/p>\n<figure id=\"attachment_48029\" aria-describedby=\"caption-attachment-48029\" style=\"width: 224px\" class=\"wp-caption alignleft\"><img loading=\"lazy\" class=\"wp-image-48029 size-medium\" src=\"http:\/\/www.adf.org.br\/home\/wp-content\/uploads\/2018\/09\/ArcGabriel8-224x300.jpg\" alt=\"ArcGabriel8\" width=\"224\" height=\"300\" \/><figcaption id=\"caption-attachment-48029\" class=\"wp-caption-text\"><em>Mensageiro de Deus, Aquele que leva a Boa Nova.<\/em><\/figcaption><\/figure>\n<p style=\"text-align: left;padding-left: 120px\"><span style=\"font-size: 14pt\"><strong><em><span style=\"font-family: verdana, geneva, sans-serif;color: #000000\">Arcanjo Gabriel;<\/span><\/em><\/strong><\/span><\/p>\n<p><span style=\"font-family: verdana, geneva, sans-serif;font-size: 12pt;color: #000000\">Anunciou o nascimento de <span style=\"color: #800080\"><em>Jo\u00e3o Batista e de Jesus<\/em><\/span>.<\/span><\/p>\n<p><span style=\"font-family: verdana, geneva, sans-serif;font-size: 12pt;color: #000000\">S\u00e3o Gabriel Arcanjo apareceu \u00e0 Virgem Maria com a miss\u00e3o de anunciar que ela seria a M\u00e3e do Salvador. Entre todas, essa foi sua miss\u00e3o mais importante.<\/span><\/p>\n<p><span style=\"font-family: verdana, geneva, sans-serif;font-size: 12pt;color: #000000\">Foi o meio pelo qual Deus optou por revelar uma mensagem para os profetas, revelando-lhes suas obriga\u00e7\u00f5es<\/span><\/p>\n<p><span style=\"font-family: verdana, geneva, sans-serif;font-size: 12pt;color: #000000\">Foi confiada a miss\u00e3o mais alta que jamais havia sido\u00a0incubada a algu\u00e9m:<\/span><\/p>\n<p style=\"text-align: center\"><span style=\"color: #000000\"><strong><em><span style=\"font-family: verdana, geneva, sans-serif;font-size: 12pt\">Anunciar o nascimento do Filho de Deus.<\/span><\/em><\/strong><\/span><\/p>\n<p><span style=\"font-family: verdana, geneva, sans-serif;font-size: 12pt;color: #000000\">E foi ele que levou a Maria o pedido de Deus para que ela fosse a m\u00e3e de Jesus.<\/span><\/p>\n<p><span style=\"font-family: verdana, geneva, sans-serif;font-size: 12pt;color: #000000\">Por isso, \u00e9 muito admirado desde a antiguidade.<\/span><\/p>\n<p><span style=\"font-family: verdana, geneva, sans-serif;font-size: 12pt;color: #000000\"> O termo de apresenta\u00e7\u00e3o quando apareceu a Zacarias para anunciar-lhe que ia ter por filho Jo\u00e3o Batista foi este:<\/span><\/p>\n<p style=\"text-align: center\"><span style=\"color: #800080\"><em><span style=\"font-family: verdana, geneva, sans-serif;font-size: 12pt\"> &#8220;Eu sou Gabriel, o que est\u00e1 na presen\u00e7a de Deus.&#8221;<br \/>\n<span style=\"color: #000000;font-size: 10pt\">(Lucas 1:19)<\/span><\/span><\/em><\/span><\/p>\n<p><span style=\"font-family: verdana, geneva, sans-serif;font-size: 12pt;color: #000000\">Ele \u00e9 a <strong>Palavra, o Verbo de Deus<\/strong>.<\/span><\/p>\n<p><span style=\"font-family: verdana, geneva, sans-serif;font-size: 12pt;color: #000000\"> Ele traz a justi\u00e7a e a verdade, mas tamb\u00e9m o amor e a fraternidade.<\/span><\/p>\n<p style=\"text-align: center\"><span style=\"color: #0000ff\"><em><span style=\"font-family: verdana, geneva, sans-serif;font-size: 12pt\"><a style=\"color: #0000ff\" href=\"https:\/\/adf.org.br\/velario\/?origem=4547\" target=\"_blank\" rel=\"noopener noreferrer\">Clique aqui e deixe os seus pedidos para a pr\u00f3xima Santa Missa.<\/a><\/span><\/em><\/span><\/p>\n<p><span style=\"color: #ffffff\">.<\/span><\/p>\n<p style=\"text-align: center\"><strong><em><span style=\"color: #000000;font-family: verdana, geneva, sans-serif;font-size: 14pt\">Arcanjo Miguel;<\/span><\/em><\/strong><\/p>\n<figure id=\"attachment_48030\" aria-describedby=\"caption-attachment-48030\" style=\"width: 201px\" class=\"wp-caption alignright\"><img loading=\"lazy\" class=\"wp-image-48030 size-medium\" src=\"http:\/\/www.adf.org.br\/home\/wp-content\/uploads\/2018\/09\/Miguel-201x300.jpg\" alt=\"Miguel\" width=\"201\" height=\"300\" \/><figcaption id=\"caption-attachment-48030\" class=\"wp-caption-text\"><em>Pr\u00edncipe da Mil\u00edcia Celeste, Arcanjo General, Baluarte do C\u00e9u<\/em><\/figcaption><\/figure>\n<p style=\"text-align: left;padding-left: 60px\"><em><span style=\"font-family: verdana, geneva, sans-serif;font-size: 12pt;color: #000000\">Em hebraico,\u00a0significa &#8220;aquele que \u00e9 similar a Deus&#8221;<\/span><\/em><\/p>\n<p><span style=\"font-family: verdana, geneva, sans-serif;font-size: 12pt;color: #000000\">Em Apocalipse, ele<\/span><span style=\"font-family: verdana, geneva, sans-serif;font-size: 12pt;color: #000000\">\u00a0lidera os ex\u00e9rcitos de Deus contra as for\u00e7as de Sat\u00e3, que \u00e9 derrotado pelos anjos.<\/span><\/p>\n<p><span style=\"font-family: verdana, geneva, sans-serif;font-size: 12pt;color: #000000\">Confira um trecho de Apocalipse, onde \u00e9 relatado a guerra contra Sat\u00e3:<\/span><\/p>\n<blockquote><p><span style=\"color: #800080\"><em><span style=\"font-family: verdana, geneva, sans-serif;font-size: 12pt\">&#8220;Houve no c\u00e9u uma guerra, pelejando Miguel e seus anjos contra o drag\u00e3o.<\/span><\/em><\/span><\/p>\n<p><span style=\"color: #800080\"><em><span style=\"font-family: verdana, geneva, sans-serif;font-size: 12pt\"> O drag\u00e3o e seus anjos pelejaram, e n\u00e3o prevaleceram;<\/span><\/em><\/span><\/p>\n<p><span style=\"color: #800080\"><em><span style=\"font-family: verdana, geneva, sans-serif;font-size: 12pt\"> nem o seu lugar se achou mais no c\u00e9u.<\/span><\/em><\/span><\/p>\n<p><span style=\"color: #800080\"><em><span style=\"font-family: verdana, geneva, sans-serif;font-size: 12pt\"> Foi precipitado o grande drag\u00e3o, a antiga serpente, que se chama Diabo e Satan\u00e1s, aquele que engana todo o mundo;<\/span><\/em><\/span><\/p>\n<p><span style=\"color: #800080\"><em><span style=\"font-family: verdana, geneva, sans-serif;font-size: 12pt\"> sim, foi precipitado na terra, e precipitados com ele os seus anjos.&#8221;<\/span><\/em><\/span><\/p><\/blockquote>\n<p><span style=\"font-family: verdana, geneva, sans-serif;font-size: 12pt;color: #000000\">Ap\u00f3s o conflito, Sat\u00e3 foi atirado \u00e0 terra juntamente com os anjos ca\u00eddos de onde eles ainda tentam;<\/span><\/p>\n<p style=\"text-align: center\"><strong><em><span style=\"font-family: verdana, geneva, sans-serif;font-size: 12pt;color: #000000\">desviar o caminho da humanidade.<\/span><\/em><\/strong><\/p>\n<p style=\"text-align: center\"><span style=\"color: #0000ff\"><a style=\"color: #0000ff\" href=\"https:\/\/adf.org.br\/exercitodamedalha\/?origem=4547\" target=\"_blank\" rel=\"noopener noreferrer\"><span style=\"font-family: verdana, geneva, sans-serif;font-size: 12pt\"><em>Devemos sempre nos proteger e tamb\u00e9m a nossa fam\u00edlia contra o Maligno, clique aqui e saiba como ter essa prote\u00e7\u00e3o.<\/em><\/span><\/a><\/span><\/p>\n<figure id=\"attachment_48035\" aria-describedby=\"caption-attachment-48035\" style=\"width: 212px\" class=\"wp-caption alignleft\"><img loading=\"lazy\" class=\"wp-image-48035 size-medium\" src=\"http:\/\/www.adf.org.br\/home\/wp-content\/uploads\/2018\/09\/sobre-o-arcanjo-rafael-23-09-2013-23-05-650-500-212x300.jpg\" alt=\"Portador da cura Divina, chefe dos anjos da guarda.\" width=\"212\" height=\"300\" \/><figcaption id=\"caption-attachment-48035\" class=\"wp-caption-text\"><em><span style=\"color: #000000\">Portador da cura Divina, chefe dos anjos da guarda.<\/span><\/em><\/figcaption><\/figure>\n<p><em><strong><span style=\"font-family: verdana, geneva, sans-serif;font-size: 14pt;color: #000000\">S\u00e3o Rafael;<\/span><\/strong><\/em><\/p>\n<p><span style=\"font-family: verdana, geneva, sans-serif;font-size: 12pt;color: #000000\">Seu nome \u00e9 formado por duas palavras em hebraico:<\/span><\/p>\n<p><span style=\"font-family: verdana, geneva, sans-serif;font-size: 12pt;color: #000000\">&#8216;Rafa&#8221;\u00a0 significa cura, e \u201cEl\u201d,\u00a0 significa Deus.<\/span><\/p>\n<p><span style=\"font-family: verdana, geneva, sans-serif;font-size: 12pt;color: #000000\">Portanto, seu nome significa;<\/span><\/p>\n<p style=\"text-align: center\"><strong><span style=\"color: #000000\"><em><span style=\"font-family: verdana, geneva, sans-serif;font-size: 12pt\">&#8220;Cura de Deus&#8221; ou, tamb\u00e9m, &#8220;Curador divino&#8221;.<\/span><\/em><\/span><\/strong><\/p>\n<p style=\"text-align: left\"><span style=\"font-family: verdana, geneva, sans-serif;font-size: 12pt;color: #000000\">A cura, foi a introdu\u00e7\u00e3o de sua miss\u00e3o era curar a humanidade das doen\u00e7as que Satan\u00e1s, implantou na humanidade.<\/span><\/p>\n<p style=\"text-align: left\"><span style=\"font-family: verdana, geneva, sans-serif;font-size: 12pt\"><em><span style=\"color: #0000ff\"><a style=\"color: #0000ff\" href=\"https:\/\/adf.org.br\/velario\/?origem=4547\" target=\"_blank\" rel=\"noopener noreferrer\">Iremos celebrar uma Santa Missa, pediremos cura por voc\u00ea e sua fam\u00edlia, clique aqui e n\u00e3o perca essa oportunidade.<\/a><\/span><\/em><\/span><\/p>\n<p style=\"text-align: left\"><span style=\"font-family: verdana, geneva, sans-serif;font-size: 12pt;color: #000000\">\u00c9 padroeiro dos\u00a0sacerdotes e dos m\u00e9dicos. Al\u00e9m disso, ele \u00e9 protetor dos viajantes, dos soldados e dos escoteiros,\u00a0peregrinos.<\/span><\/p>\n<p><span style=\"font-family: verdana, geneva, sans-serif;font-size: 12pt;color: #000000\">\u00c9 chefe dos anjos da guarda e invocado como o Anjo da Provid\u00eancia, aquele que vela pela humanidade.<\/span><\/p>\n<p style=\"padding-left: 60px\"><em><span style=\"font-family: verdana, geneva, sans-serif;font-size: 12pt;color: #000000\">Sua miss\u00e3o,\u00a0\u00e9 a cura dos males f\u00edsicos e espirituais que possam nos desviar do caminho,\u00a0protege-nos e guia-nos pelo caminho reto, santo e seguro dessa vida, com isso est\u00e1 conduzindo a humanidade ao caminho de Deus.<\/span><\/em><\/p>\n<p><em><span style=\"font-family: verdana, geneva, sans-serif;font-size: 12pt;color: #000000\"> S\u00e3o Rafael Arcanjo \u00e9 um dos que\u00a0est\u00e3o mais pr\u00f3ximos de Deus.<\/span><\/em><\/p>\n<p><span style=\"font-family: verdana, geneva, sans-serif;font-size: 12pt;color: #000000\">Por este motivo, se tornou portador da miseric\u00f3rdia, seu poder espiritual est\u00e1 sempre voltado para os hospitais e as institui\u00e7\u00f5es de caridade, onde a miseric\u00f3rdia se faz sempre necess\u00e1ria.<\/span><\/p>\n<p><span style=\"color: #000000\"><em><span style=\"font-size: 12pt;font-family: verdana, geneva, sans-serif\">Segundo a tradi\u00e7\u00e3o, os arcanjos s\u00e3o os mensageiros de Deus das Boas Novas, nos ajudam a dar bom rumo e dire\u00e7\u00e3o \u00e0 nossa vida, nos d\u00e3o compreens\u00e3o e sabedoria. \u00c9 a ele que recorrem os que necessitam desses dons.<\/span><\/em><\/span><\/p>\n<h5 style=\"text-align: center\"><span style=\"color: #ffffff\">.<\/span><br \/>\n<span style=\"color: #ffffff\">.<\/span><br \/>\n<strong><span style=\"color: #000000;font-family: verdana, geneva, sans-serif;font-size: 18pt\">*\u00a0 *\u00a0 *<\/span><\/strong><\/h5>\n<p><a href=\"https:\/\/adf.org.br\/apostolosdefatima\/2\/?origem=4547#\" target=\"_blank\" rel=\"noopener noreferrer\"><img loading=\"lazy\" class=\"aligncenter wp-image-47835 size-full\" src=\"http:\/\/www.adf.org.br\/home\/wp-content\/uploads\/2018\/09\/bt_oferta_ADF-3-1-1.png\" alt=\"bt_oferta_ADF-3 (1) (1)\" width=\"600\" height=\"190\" \/><\/a><\/p>\n","protected":false},"excerpt":{"rendered":"<p>. Os Arcanjos Rafael, Gabriel e Miguel que representam\u00a0a terceira hierarquia do c\u00e9u, citados como\u00a0 mensageiros dos decretos de Deus, seus respectivos nomes representa a miss\u00e3o que Nosso Senhor os Deus. Confira: Arcanjo Gabriel; Anunciou o nascimento de Jo\u00e3o Batista e de Jesus. S\u00e3o Gabriel Arcanjo apareceu \u00e0 Virgem Maria com a miss\u00e3o de anunciar [&hellip;]<\/p>\n","protected":false},"author":27,"featured_media":48028,"comment_status":"open","ping_status":"open","sticky":false,"template":"","format":"standard","meta":[],"categories":[20],"tags":[959,1193,1679,1206,1763,2800],"yoast_head":"<!-- This site is optimized with the Yoast SEO plugin v17.4 - https:\/\/yoast.com\/wordpress\/plugins\/seo\/ -->\n<title>Conhecido como os mensageiros de Deus, os que nos trazem bom rumo a vida! A Igreja celebra seu dia. Confira<\/title>\n<meta name=\"description\" content=\"Arcanjo Gabriel, Arcanjo Miguel e Arcanjo Rafael, os mensageiros de Deus, e nossos guias! A Igreja exalta e celebra o vosso dia! Confira\" \/>\n<meta name=\"robots\" content=\"index, follow, max-snippet:-1, max-image-preview:large, max-video-preview:-1\" \/>\n<link rel=\"canonical\" href=\"https:\/\/www.adf.org.br\/home\/arcanjos-gabriel-miguel-e-rafael\/\" \/>\n<meta property=\"og:locale\" content=\"pt_BR\" \/>\n<meta property=\"og:type\" content=\"article\" \/>\n<meta property=\"og:title\" content=\"Conhecido como os mensageiros de Deus, os que nos trazem bom rumo a vida! A Igreja celebra seu dia. Confira\" \/>\n<meta property=\"og:description\" content=\"Arcanjo Gabriel, Arcanjo Miguel e Arcanjo Rafael, os mensageiros de Deus, e nossos guias! A Igreja exalta e celebra o vosso dia! Confira\" \/>\n<meta property=\"og:url\" content=\"https:\/\/www.adf.org.br\/home\/arcanjos-gabriel-miguel-e-rafael\/\" \/>\n<meta property=\"og:site_name\" content=\"Associa\u00e7\u00e3o Devotos de F\u00e1tima\" \/>\n<meta property=\"article:published_time\" content=\"2018-09-29T03:30:13+00:00\" \/>\n<meta name=\"twitter:card\" content=\"summary_large_image\" \/>\n<meta name=\"twitter:label1\" content=\"Escrito por\" \/>\n\t<meta name=\"twitter:data1\" content=\"Gabriel Barbosa\" \/>\n\t<meta name=\"twitter:label2\" content=\"Est. tempo de leitura\" \/>\n\t<meta name=\"twitter:data2\" content=\"3 minutos\" \/>\n<script type=\"application\/ld+json\" class=\"yoast-schema-graph\">{\"@context\":\"https:\/\/schema.org\",\"@graph\":[{\"@type\":\"WebSite\",\"@id\":\"https:\/\/www.adf.org.br\/home\/#website\",\"url\":\"https:\/\/www.adf.org.br\/home\/\",\"name\":\"Associa\\u00e7\\u00e3o Devotos de F\\u00e1tima\",\"description\":\"Associa\\u00e7\\u00e3o Devotos de F\\u00e1tima\",\"potentialAction\":[{\"@type\":\"SearchAction\",\"target\":{\"@type\":\"EntryPoint\",\"urlTemplate\":\"https:\/\/www.adf.org.br\/home\/?s={search_term_string}\"},\"query-input\":\"required name=search_term_string\"}],\"inLanguage\":\"pt-BR\"},{\"@type\":\"ImageObject\",\"@id\":\"https:\/\/www.adf.org.br\/home\/arcanjos-gabriel-miguel-e-rafael\/#primaryimage\",\"inLanguage\":\"pt-BR\",\"url\":\"\",\"contentUrl\":\"\"},{\"@type\":\"WebPage\",\"@id\":\"https:\/\/www.adf.org.br\/home\/arcanjos-gabriel-miguel-e-rafael\/#webpage\",\"url\":\"https:\/\/www.adf.org.br\/home\/arcanjos-gabriel-miguel-e-rafael\/\",\"name\":\"Conhecido como os mensageiros de Deus, os que nos trazem bom rumo a vida! A Igreja celebra seu dia. Confira\",\"isPartOf\":{\"@id\":\"https:\/\/www.adf.org.br\/home\/#website\"},\"primaryImageOfPage\":{\"@id\":\"https:\/\/www.adf.org.br\/home\/arcanjos-gabriel-miguel-e-rafael\/#primaryimage\"},\"datePublished\":\"2018-09-29T03:30:13+00:00\",\"dateModified\":\"2018-09-29T03:30:13+00:00\",\"author\":{\"@id\":\"https:\/\/www.adf.org.br\/home\/#\/schema\/person\/affa494ecf91434f3620f5392de44327\"},\"description\":\"Arcanjo Gabriel, Arcanjo Miguel e Arcanjo Rafael, os mensageiros de Deus, e nossos guias! A Igreja exalta e celebra o vosso dia! Confira\",\"breadcrumb\":{\"@id\":\"https:\/\/www.adf.org.br\/home\/arcanjos-gabriel-miguel-e-rafael\/#breadcrumb\"},\"inLanguage\":\"pt-BR\",\"potentialAction\":[{\"@type\":\"ReadAction\",\"target\":[\"https:\/\/www.adf.org.br\/home\/arcanjos-gabriel-miguel-e-rafael\/\"]}]},{\"@type\":\"BreadcrumbList\",\"@id\":\"https:\/\/www.adf.org.br\/home\/arcanjos-gabriel-miguel-e-rafael\/#breadcrumb\",\"itemListElement\":[{\"@type\":\"ListItem\",\"position\":1,\"name\":\"Home\",\"item\":\"https:\/\/www.adf.org.br\/home\/\"},{\"@type\":\"ListItem\",\"position\":2,\"name\":\"Conhecidos como mensageiros de Deus, os que nos trazem bom rumo a vida! A Igreja celebra seu dia. Confira\"}]},{\"@type\":\"Person\",\"@id\":\"https:\/\/www.adf.org.br\/home\/#\/schema\/person\/affa494ecf91434f3620f5392de44327\",\"name\":\"Gabriel Barbosa\",\"image\":{\"@type\":\"ImageObject\",\"@id\":\"https:\/\/www.adf.org.br\/home\/#personlogo\",\"inLanguage\":\"pt-BR\",\"url\":\"https:\/\/secure.gravatar.com\/avatar\/ecf2eab02e30486a7038f8b2858de06a?s=96&d=mm&r=g\",\"contentUrl\":\"https:\/\/secure.gravatar.com\/avatar\/ecf2eab02e30486a7038f8b2858de06a?s=96&d=mm&r=g\",\"caption\":\"Gabriel Barbosa\"},\"url\":\"https:\/\/www.adf.org.br\/home\/author\/gabriel-aascj\/\"}]}<\/script>\n<!-- \/ Yoast SEO plugin. -->","yoast_head_json":{"title":"Conhecido como os mensageiros de Deus, os que nos trazem bom rumo a vida! A Igreja celebra seu dia. Confira","description":"Arcanjo Gabriel, Arcanjo Miguel e Arcanjo Rafael, os mensageiros de Deus, e nossos guias! A Igreja exalta e celebra o vosso dia! Confira","robots":{"index":"index","follow":"follow","max-snippet":"max-snippet:-1","max-image-preview":"max-image-preview:large","max-video-preview":"max-video-preview:-1"},"canonical":"https:\/\/www.adf.org.br\/home\/arcanjos-gabriel-miguel-e-rafael\/","og_locale":"pt_BR","og_type":"article","og_title":"Conhecido como os mensageiros de Deus, os que nos trazem bom rumo a vida! A Igreja celebra seu dia. Confira","og_description":"Arcanjo Gabriel, Arcanjo Miguel e Arcanjo Rafael, os mensageiros de Deus, e nossos guias! A Igreja exalta e celebra o vosso dia! Confira","og_url":"https:\/\/www.adf.org.br\/home\/arcanjos-gabriel-miguel-e-rafael\/","og_site_name":"Associa\u00e7\u00e3o Devotos de F\u00e1tima","article_published_time":"2018-09-29T03:30:13+00:00","twitter_card":"summary_large_image","twitter_misc":{"Escrito por":"Gabriel Barbosa","Est. tempo de leitura":"3 minutos"},"schema":{"@context":"https:\/\/schema.org","@graph":[{"@type":"WebSite","@id":"https:\/\/www.adf.org.br\/home\/#website","url":"https:\/\/www.adf.org.br\/home\/","name":"Associa\u00e7\u00e3o Devotos de F\u00e1tima","description":"Associa\u00e7\u00e3o Devotos de F\u00e1tima","potentialAction":[{"@type":"SearchAction","target":{"@type":"EntryPoint","urlTemplate":"https:\/\/www.adf.org.br\/home\/?s={search_term_string}"},"query-input":"required name=search_term_string"}],"inLanguage":"pt-BR"},{"@type":"ImageObject","@id":"https:\/\/www.adf.org.br\/home\/arcanjos-gabriel-miguel-e-rafael\/#primaryimage","inLanguage":"pt-BR","url":"","contentUrl":""},{"@type":"WebPage","@id":"https:\/\/www.adf.org.br\/home\/arcanjos-gabriel-miguel-e-rafael\/#webpage","url":"https:\/\/www.adf.org.br\/home\/arcanjos-gabriel-miguel-e-rafael\/","name":"Conhecido como os mensageiros de Deus, os que nos trazem bom rumo a vida! A Igreja celebra seu dia. Confira","isPartOf":{"@id":"https:\/\/www.adf.org.br\/home\/#website"},"primaryImageOfPage":{"@id":"https:\/\/www.adf.org.br\/home\/arcanjos-gabriel-miguel-e-rafael\/#primaryimage"},"datePublished":"2018-09-29T03:30:13+00:00","dateModified":"2018-09-29T03:30:13+00:00","author":{"@id":"https:\/\/www.adf.org.br\/home\/#\/schema\/person\/affa494ecf91434f3620f5392de44327"},"description":"Arcanjo Gabriel, Arcanjo Miguel e Arcanjo Rafael, os mensageiros de Deus, e nossos guias! A Igreja exalta e celebra o vosso dia! Confira","breadcrumb":{"@id":"https:\/\/www.adf.org.br\/home\/arcanjos-gabriel-miguel-e-rafael\/#breadcrumb"},"inLanguage":"pt-BR","potentialAction":[{"@type":"ReadAction","target":["https:\/\/www.adf.org.br\/home\/arcanjos-gabriel-miguel-e-rafael\/"]}]},{"@type":"BreadcrumbList","@id":"https:\/\/www.adf.org.br\/home\/arcanjos-gabriel-miguel-e-rafael\/#breadcrumb","itemListElement":[{"@type":"ListItem","position":1,"name":"Home","item":"https:\/\/www.adf.org.br\/home\/"},{"@type":"ListItem","position":2,"name":"Conhecidos como mensageiros de Deus, os que nos trazem bom rumo a vida! A Igreja celebra seu dia. Confira"}]},{"@type":"Person","@id":"https:\/\/www.adf.org.br\/home\/#\/schema\/person\/affa494ecf91434f3620f5392de44327","name":"Gabriel Barbosa","image":{"@type":"ImageObject","@id":"https:\/\/www.adf.org.br\/home\/#personlogo","inLanguage":"pt-BR","url":"https:\/\/secure.gravatar.com\/avatar\/ecf2eab02e30486a7038f8b2858de06a?s=96&d=mm&r=g","contentUrl":"https:\/\/secure.gravatar.com\/avatar\/ecf2eab02e30486a7038f8b2858de06a?s=96&d=mm&r=g","caption":"Gabriel Barbosa"},"url":"https:\/\/www.adf.org.br\/home\/author\/gabriel-aascj\/"}]}},"_links":{"self":[{"href":"https:\/\/www.adf.org.br\/home\/wp-json\/wp\/v2\/posts\/48027"}],"collection":[{"href":"https:\/\/www.adf.org.br\/home\/wp-json\/wp\/v2\/posts"}],"about":[{"href":"https:\/\/www.adf.org.br\/home\/wp-json\/wp\/v2\/types\/post"}],"author":[{"embeddable":true,"href":"https:\/\/www.adf.org.br\/home\/wp-json\/wp\/v2\/users\/27"}],"replies":[{"embeddable":true,"href":"https:\/\/www.adf.org.br\/home\/wp-json\/wp\/v2\/comments?post=48027"}],"version-history":[{"count":0,"href":"https:\/\/www.adf.org.br\/home\/wp-json\/wp\/v2\/posts\/48027\/revisions"}],"wp:featuredmedia":[{"embeddable":true,"href":"https:\/\/www.adf.org.br\/home\/wp-json\/wp\/v2\/media\/48028"}],"wp:attachment":[{"href":"https:\/\/www.adf.org.br\/home\/wp-json\/wp\/v2\/media?parent=48027"}],"wp:term":[{"taxonomy":"category","embeddable":true,"href":"https:\/\/www.adf.org.br\/home\/wp-json\/wp\/v2\/categories?post=48027"},{"taxonomy":"post_tag","embeddable":true,"href":"https:\/\/www.adf.org.br\/home\/wp-json\/wp\/v2\/tags?post=48027"}],"curies":[{"name":"wp","href":"https:\/\/api.w.org\/{rel}","templated":true}]}}