{"id":47927,"date":"2018-09-26T12:15:17","date_gmt":"2018-09-26T15:15:17","guid":{"rendered":"http:\/\/www.adf.org.br\/home\/?p=47927"},"modified":"2018-09-26T12:15:17","modified_gmt":"2018-09-26T15:15:17","slug":"livre-de-um-assassinato","status":"publish","type":"post","link":"https:\/\/www.adf.org.br\/home\/livre-de-um-assassinato\/","title":{"rendered":"Nossa Senhora de F\u00e1tima o livrou de um assassinato. Veja essa impressionante hist\u00f3ria."},"content":{"rendered":"<p><a href=\"https:\/\/adf.org.br\/apostolosdefatima\/2\/?origem=4547&amp;gift=aparecida#ChanceUnica\" target=\"_blank\" rel=\"noopener noreferrer\"><img loading=\"lazy\" class=\"aligncenter wp-image-47928\" src=\"http:\/\/www.adf.org.br\/home\/wp-content\/uploads\/2018\/09\/ARMA.jpg\" alt=\"ARMA\" width=\"550\" height=\"309\" \/><\/a><\/p>\n<p><span style=\"font-family: verdana, geneva, sans-serif; font-size: 12pt; color: #ffffff;\"><span style=\"font-weight: 400;\">.<\/span><\/span><\/p>\n<p><span style=\"font-family: verdana, geneva, sans-serif; font-size: 12pt; color: #000000;\"><span style=\"font-weight: 400;\">Esta semana, n\u00f3s recebemos aqui no site da Associa\u00e7\u00e3o o depoimento da Da. Juliana, membro do <\/span><span style=\"color: #0000ff;\"><a style=\"color: #0000ff;\" href=\"https:\/\/adf.org.br\/apostolosdefatima\/2\/?origem=4547&amp;gift=aparecida#ChanceUnica\" target=\"_blank\" rel=\"noopener noreferrer\"><span style=\"text-decoration: underline;\"><b>grupo Ap\u00f3stolos de F\u00e1tima<\/b><\/span><\/a><\/span><span style=\"font-weight: 400;\">.<\/span><\/span><\/p>\n<p><span style=\"font-weight: 400; font-family: verdana, geneva, sans-serif; font-size: 12pt; color: #000000;\">Todo n\u00f3s ficamos bastante comovidos com o que ela nos contou. Por isso, eu gostaria de compartilhar com voc\u00ea tamb\u00e9m. Leia abaixo:<\/span><\/p>\n<p><span style=\"color: #ffffff;\">.<\/span><\/p>\n<blockquote>\n<p style=\"padding-left: 30px;\"><span style=\"font-family: verdana, geneva, sans-serif; font-size: 12pt; color: #000000;\"><span style=\"font-weight: 400;\">\u201cEu trabalhei <\/span><b>at\u00e9 mais tarde<\/b><span style=\"font-weight: 400;\"> naquele dia e sa\u00ed por volta das oito da noite. Fui para o <\/span><b>ponto do \u00f4nibus<\/b><span style=\"font-weight: 400;\"> e estava escuro e <\/span><b>completamente vazio<\/b><span style=\"font-weight: 400;\">.<\/span><\/span><span style=\"font-family: verdana, geneva, sans-serif; font-size: 12pt; color: #000000;\"><span style=\"font-weight: 400;\"><span style=\"color: #ffffff; font-size: 8pt;\">.<\/span><br \/>\nLogo vi um casal se aproximando e o homem <\/span><b>apontou uma arma para mim<\/b><span style=\"font-weight: 400;\"> pedindo dinheiro. Eu disse a ele:<\/span><\/span><span style=\"font-family: verdana, geneva, sans-serif; font-size: 12pt; color: #000000;\"><i><span style=\"font-weight: 400;\"><span style=\"color: #ffffff; font-size: 8pt;\">.<\/span><br \/>\n&#8211; &#8220;Senhor, eu n\u00e3o tenho nada, al\u00e9m do dinheiro da minha passagem. Pelo amor de Nossa Senhora, n\u00e3o fa\u00e7a nada comigo&#8221;.<\/span><\/i><\/span><span style=\"font-weight: 400; font-family: verdana, geneva, sans-serif; font-size: 12pt; color: #000000;\"><span style=\"color: #ffffff; font-size: 8pt;\">.<\/span><br \/>\nA fei\u00e7\u00e3o dele mudou na hora. Foi quando ele abaixou a arma e respondeu:<\/span><span style=\"font-family: verdana, geneva, sans-serif; font-size: 12pt; color: #000000;\"><i><span style=\"font-weight: 400;\"><span style=\"color: #ffffff; font-size: 8pt;\">.<\/span><br \/>\n&#8211; &#8220;V\u00e1 com Deus&#8221;<\/span><\/i><\/span><span style=\"font-weight: 400; font-family: verdana, geneva, sans-serif; font-size: 12pt; color: #000000;\"><span style=\"color: #ffffff; font-size: 8pt;\">.<\/span><br \/>\nE logo foi embora com a mulher ao lado pela rua escura.<\/span><span style=\"font-family: verdana, geneva, sans-serif; font-size: 12pt; color: #000000;\"><span style=\"font-weight: 400;\"><span style=\"color: #ffffff; font-size: 8pt;\">.<\/span><br \/>\nEu, com o <\/span><b>cora\u00e7\u00e3o batendo a mil<\/b><span style=\"font-weight: 400;\">, n\u00e3o acreditei que ele foi embora sem fazer nada comigo. Mas me lembrei do que ocorreu na semana passada quando eu recebi um e-mail desta Associa\u00e7\u00e3o, para <\/span><span style=\"font-weight: 400;\">acender a Vela da Prote\u00e7\u00e3o das Fam\u00edlias<\/span><span style=\"font-weight: 400;\">.<\/span><\/span><span style=\"color: #ffffff; font-size: 8pt; font-family: verdana, geneva, sans-serif;\">.<\/span><\/p>\n<p style=\"padding-left: 30px;\"><span style=\"font-family: verdana, geneva, sans-serif; font-size: 12pt; color: #000000;\"><b> E, como sou muito <a href=\"https:\/\/adf.org.br\/apostolosdefatima\/2\/?origem=4547&amp;gift=aparecida#ChanceUnica\" target=\"_blank\" rel=\"noopener noreferrer\"><span style=\"text-decoration: underline;\"><span style=\"color: #0000ff; text-decoration: underline;\">devota de Nossa Senhora<\/span><\/span><\/a>, eu\u00a0<\/b><a href=\"https:\/\/adf.org.br\/apostolosdefatima\/2\/?origem=4547&amp;gift=aparecida#ChanceUnica\" target=\"_blank\" rel=\"noopener noreferrer\"><span style=\"text-decoration: underline;\"><span style=\"color: #0000ff; text-decoration: underline;\"><b>acendi esta Vela<\/b><\/span><\/span><\/a><b> imediatamente e tive meu nome inscrito na Missa daquela semana.<\/b><\/span><span style=\"font-weight: 400; font-family: verdana, geneva, sans-serif; font-size: 12pt; color: #000000;\"><span style=\"color: #ffffff; font-size: 8pt;\">.<\/span><br \/>\nTenho certeza que foi esta a prote\u00e7\u00e3o dos C\u00e9us que eu recebi. E que Nossa Senhora de F\u00e1tima me livrou deste perigo.<\/span><span style=\"font-family: verdana, geneva, sans-serif; font-size: 12pt; color: #000000;\"><b><span style=\"color: #ffffff;\">.<\/span><br \/>\nQuando cheguei em casa, contei para meu marido e meus filhos sobre o ocorrido e eles tamb\u00e9m t\u00eam certeza de que Nossa Senhora me amparou naquele momento t\u00e3o dif\u00edcil.<\/b><\/span><span style=\"font-family: verdana, geneva, sans-serif; font-size: 12pt; color: #000000;\"><span style=\"font-weight: 400;\"><span style=\"font-size: 8pt; color: #ffffff;\">.<\/span><br \/>\nE, por isso, eu tamb\u00e9m participo do <\/span><a href=\"https:\/\/adf.org.br\/apostolosdefatima\/2\/?origem=4547&amp;gift=aparecida#ChanceUnica\" target=\"_blank\" rel=\"noopener noreferrer\"><span style=\"color: #0000ff;\"><strong><span style=\"text-decoration: underline;\">grupo Ap\u00f3stolos de F\u00e1tima<\/span><\/strong><\/span><\/a><span style=\"font-weight: 400;\">, onde recebo ora\u00e7\u00f5es di\u00e1rias e posso ajudar para que mais pessoas sejam protegidas, assim como eu, pela Virgem Maria.<\/span><\/span><span style=\"font-weight: 400; font-family: verdana, geneva, sans-serif; font-size: 12pt; color: #000000;\"><span style=\"font-size: 8pt; color: #ffffff;\">.<\/span><br \/>\nObrigada Maria Sant\u00edssima&#8221;.<\/span><\/p>\n<p style=\"padding-left: 30px; text-align: right;\"><span style=\"font-weight: 400; font-family: verdana, geneva, sans-serif; font-size: 10pt; color: #000000;\">Da. Juliana, de Minas Gerais<\/span><\/p>\n<\/blockquote>\n<p><span style=\"color: #ffffff;\">.<\/span><\/p>\n<p><span style=\"font-weight: 400; font-family: verdana, geneva, sans-serif; font-size: 12pt; color: #000000;\">Nossa Senhora de F\u00e1tima tem o poder de nos proteger com Seu Manto Sagrado, assim como fez com Da. Juliana.<\/span><\/p>\n<p style=\"padding-left: 90px;\"><span style=\"font-family: verdana, geneva, sans-serif; font-size: 12pt; color: #000000;\"><b>O perigo est\u00e1 por todos os lados. E o que podemos fazer \u00e9 contar com a prote\u00e7\u00e3o dos C\u00e9us, para que nenhum mal nos aconte\u00e7a.<\/b><\/span><\/p>\n<p><span style=\"font-family: verdana, geneva, sans-serif; font-size: 12pt; color: #000000;\"><a href=\"https:\/\/adf.org.br\/apostolosdefatima\/2\/?origem=4547&amp;gift=aparecida#ChanceUnica\" target=\"_blank\" rel=\"noopener noreferrer\"><span style=\"text-decoration: underline;\"><span style=\"color: #0000ff; text-decoration: underline;\"><span style=\"font-weight: 400;\">Veja aqui<\/span><span style=\"font-weight: 400;\"> como \u00e9 f\u00e1cil participar do <\/span><b>grupo Ap\u00f3stolos de F\u00e1tima<\/b><\/span><\/span><\/a><span style=\"font-weight: 400;\">. Voc\u00ea n\u00e3o precisar\u00e1 sair de sua casa. E ainda receber\u00e1 ora\u00e7\u00f5es reais, como:<\/span><\/span><\/p>\n<p>&nbsp;<\/p>\n<p style=\"padding-left: 90px;\"><span style=\"font-family: verdana, geneva, sans-serif; font-size: 12pt; color: #000000;\"><i><span style=\"font-weight: 400;\">&#8211; ter seu nome em <\/span><\/i><a href=\"https:\/\/adf.org.br\/apostolosdefatima\/2\/?origem=4547&amp;gift=aparecida#ChanceUnica\" target=\"_blank\" rel=\"noopener noreferrer\"><span style=\"text-decoration: underline;\"><span style=\"color: #0000ff;\"><b><i>mais de 60 Missas<\/i><\/b><\/span><\/span><\/a><i><span style=\"font-weight: 400;\"> por ano<\/span><\/i><\/span><\/p>\n<p style=\"padding-left: 90px;\"><span style=\"font-family: verdana, geneva, sans-serif; font-size: 12pt; color: #000000;\"><i><span style=\"font-weight: 400;\">&#8211; Vig\u00edlia Perp\u00e9tua de Ora\u00e7\u00f5es: religiosos <\/span><\/i><a href=\"https:\/\/adf.org.br\/apostolosdefatima\/2\/?origem=4547&amp;gift=aparecida#ChanceUnica\" target=\"_blank\" rel=\"noopener noreferrer\"><span style=\"text-decoration: underline;\"><span style=\"color: #0000ff;\"><b><i>rezar\u00e3o o Santo Ros\u00e1rio<\/i><\/b><\/span><\/span><\/a><b><i> <\/i><\/b><i><span style=\"font-weight: 400;\">diariamente das 18hs da tarde \u00e0s 6hs da manh\u00e3 por voc\u00ea <\/span><\/i><\/span><\/p>\n<p style=\"padding-left: 90px;\"><span style=\"font-family: verdana, geneva, sans-serif; font-size: 12pt; color: #000000;\"><i><span style=\"font-weight: 400;\">&#8211; Voc\u00ea receber\u00e1 o <\/span><\/i><a href=\"https:\/\/adf.org.br\/apostolosdefatima\/2\/?origem=4547&amp;gift=aparecida#ChanceUnica\" target=\"_blank\" rel=\"noopener noreferrer\"><span style=\"text-decoration: underline;\"><span style=\"color: #0000ff;\"><b><i>acesso a Vela Permanente<\/i><\/b><\/span><\/span><\/a><i><span style=\"font-weight: 400;\">, uma p\u00e1gina exclusiva para colocar seus pedidos de ora\u00e7\u00e3o sempre que quiser.<\/span><\/i><\/span><\/p>\n<p>&nbsp;<\/p>\n<p><span style=\"font-weight: 400; font-family: verdana, geneva, sans-serif; font-size: 12pt; color: #000000;\"><a href=\"https:\/\/adf.org.br\/apostolosdefatima\/2\/?origem=4547&amp;gift=aparecida#ChanceUnica\" target=\"_blank\" rel=\"noopener noreferrer\"><span style=\"text-decoration: underline;\"><span style=\"color: #0000ff; text-decoration: underline;\">Esta ser\u00e1 uma forma de voc\u00ea contar sempre com ora\u00e7\u00f5es para voc\u00ea e sua fam\u00edlia, e se proteger de todo o mal<\/span><\/span><\/a>.<\/span><\/p>\n<p><span style=\"font-weight: 400; font-family: verdana, geneva, sans-serif; font-size: 12pt; color: #000000;\">A viol\u00eancia est\u00e1 por todos os lados. Mas quando contamos com o amparo dos C\u00e9us, assim como Da. Juliana, conseguimos nos proteger e seguir em frente.<\/span><\/p>\n<p><span style=\"font-weight: 400; font-family: verdana, geneva, sans-serif; font-size: 12pt; color: #000000;\">Que Nossa Senhora de F\u00e1tima sempre proteja e guarde sua fam\u00edlia.<\/span><\/p>\n<p><span style=\"font-weight: 400; font-family: verdana, geneva, sans-serif; font-size: 12pt; color: #000000;\">Em Jesus e Maria,<\/span><\/p>\n<p><span style=\"font-family: verdana, geneva, sans-serif; font-size: 12pt; color: #000000;\"><b><i>Carlos Lanna<br \/>\n<\/i><\/b><\/span><span style=\"font-weight: 400; font-family: verdana, geneva, sans-serif; font-size: 12pt; color: #000000;\">Coordenador de Apostolado<br \/>\n<\/span><span style=\"font-weight: 400; font-family: verdana, geneva, sans-serif; font-size: 12pt; color: #000000;\">Associa\u00e7\u00e3o Devotos de F\u00e1tima<\/span><\/p>\n<p><span style=\"color: #ffffff;\">.<\/span><\/p>\n","protected":false},"excerpt":{"rendered":"<p>Esta semana, n\u00f3s recebemos aqui no site da Associa\u00e7\u00e3o o depoimento da Da. Juliana, membro do grupo Ap\u00f3stolos de F\u00e1tima.<\/p>\n","protected":false},"author":31,"featured_media":47929,"comment_status":"open","ping_status":"open","sticky":false,"template":"","format":"standard","meta":[],"categories":[20],"tags":[2243,57,2166],"yoast_head":"<!-- This site is optimized with the Yoast SEO plugin v17.4 - https:\/\/yoast.com\/wordpress\/plugins\/seo\/ -->\n<title>Nossa Senhora de F\u00e1tima o livrou de um assassinato.<\/title>\n<meta name=\"description\" content=\"Nossa Senhora de F\u00e1tima o livrou de um assassinato. Veja essa impressionante hist\u00f3ria. Voc\u00ea ver\u00e1 a for\u00e7a que Nossa Senhora tem.\" \/>\n<meta name=\"robots\" content=\"index, follow, max-snippet:-1, max-image-preview:large, max-video-preview:-1\" \/>\n<link rel=\"canonical\" href=\"https:\/\/www.adf.org.br\/home\/livre-de-um-assassinato\/\" \/>\n<meta property=\"og:locale\" content=\"pt_BR\" \/>\n<meta property=\"og:type\" content=\"article\" \/>\n<meta property=\"og:title\" content=\"Nossa Senhora de F\u00e1tima o livrou de um assassinato.\" \/>\n<meta property=\"og:description\" content=\"Nossa Senhora de F\u00e1tima o livrou de um assassinato. Veja essa impressionante hist\u00f3ria. Voc\u00ea ver\u00e1 a for\u00e7a que Nossa Senhora tem.\" \/>\n<meta property=\"og:url\" content=\"https:\/\/www.adf.org.br\/home\/livre-de-um-assassinato\/\" \/>\n<meta property=\"og:site_name\" content=\"Associa\u00e7\u00e3o Devotos de F\u00e1tima\" \/>\n<meta property=\"article:published_time\" content=\"2018-09-26T15:15:17+00:00\" \/>\n<meta name=\"twitter:card\" content=\"summary_large_image\" \/>\n<meta name=\"twitter:label1\" content=\"Escrito por\" \/>\n\t<meta name=\"twitter:data1\" content=\"Gabriel Barbosa\" \/>\n\t<meta name=\"twitter:label2\" content=\"Est. tempo de leitura\" \/>\n\t<meta name=\"twitter:data2\" content=\"3 minutos\" \/>\n<script type=\"application\/ld+json\" class=\"yoast-schema-graph\">{\"@context\":\"https:\/\/schema.org\",\"@graph\":[{\"@type\":\"WebSite\",\"@id\":\"https:\/\/www.adf.org.br\/home\/#website\",\"url\":\"https:\/\/www.adf.org.br\/home\/\",\"name\":\"Associa\\u00e7\\u00e3o Devotos de F\\u00e1tima\",\"description\":\"Associa\\u00e7\\u00e3o Devotos de F\\u00e1tima\",\"potentialAction\":[{\"@type\":\"SearchAction\",\"target\":{\"@type\":\"EntryPoint\",\"urlTemplate\":\"https:\/\/www.adf.org.br\/home\/?s={search_term_string}\"},\"query-input\":\"required name=search_term_string\"}],\"inLanguage\":\"pt-BR\"},{\"@type\":\"ImageObject\",\"@id\":\"https:\/\/www.adf.org.br\/home\/livre-de-um-assassinato\/#primaryimage\",\"inLanguage\":\"pt-BR\",\"url\":\"\",\"contentUrl\":\"\"},{\"@type\":\"WebPage\",\"@id\":\"https:\/\/www.adf.org.br\/home\/livre-de-um-assassinato\/#webpage\",\"url\":\"https:\/\/www.adf.org.br\/home\/livre-de-um-assassinato\/\",\"name\":\"Nossa Senhora de F\\u00e1tima o livrou de um assassinato.\",\"isPartOf\":{\"@id\":\"https:\/\/www.adf.org.br\/home\/#website\"},\"primaryImageOfPage\":{\"@id\":\"https:\/\/www.adf.org.br\/home\/livre-de-um-assassinato\/#primaryimage\"},\"datePublished\":\"2018-09-26T15:15:17+00:00\",\"dateModified\":\"2018-09-26T15:15:17+00:00\",\"author\":{\"@id\":\"https:\/\/www.adf.org.br\/home\/#\/schema\/person\/f35a5c5aa7728a3dedf4ea9aa1fc2753\"},\"description\":\"Nossa Senhora de F\\u00e1tima o livrou de um assassinato. Veja essa impressionante hist\\u00f3ria. Voc\\u00ea ver\\u00e1 a for\\u00e7a que Nossa Senhora tem.\",\"breadcrumb\":{\"@id\":\"https:\/\/www.adf.org.br\/home\/livre-de-um-assassinato\/#breadcrumb\"},\"inLanguage\":\"pt-BR\",\"potentialAction\":[{\"@type\":\"ReadAction\",\"target\":[\"https:\/\/www.adf.org.br\/home\/livre-de-um-assassinato\/\"]}]},{\"@type\":\"BreadcrumbList\",\"@id\":\"https:\/\/www.adf.org.br\/home\/livre-de-um-assassinato\/#breadcrumb\",\"itemListElement\":[{\"@type\":\"ListItem\",\"position\":1,\"name\":\"Home\",\"item\":\"https:\/\/www.adf.org.br\/home\/\"},{\"@type\":\"ListItem\",\"position\":2,\"name\":\"Nossa Senhora de F\\u00e1tima o livrou de um assassinato. Veja essa impressionante hist\\u00f3ria.\"}]},{\"@type\":\"Person\",\"@id\":\"https:\/\/www.adf.org.br\/home\/#\/schema\/person\/f35a5c5aa7728a3dedf4ea9aa1fc2753\",\"name\":\"Gabriel Barbosa\",\"image\":{\"@type\":\"ImageObject\",\"@id\":\"https:\/\/www.adf.org.br\/home\/#personlogo\",\"inLanguage\":\"pt-BR\",\"url\":\"https:\/\/secure.gravatar.com\/avatar\/2b2cb2f4637682c5605e8d36818f51ef?s=96&d=mm&r=g\",\"contentUrl\":\"https:\/\/secure.gravatar.com\/avatar\/2b2cb2f4637682c5605e8d36818f51ef?s=96&d=mm&r=g\",\"caption\":\"Gabriel Barbosa\"},\"url\":\"https:\/\/www.adf.org.br\/home\/author\/gabrielpmk-com-br\/\"}]}<\/script>\n<!-- \/ Yoast SEO plugin. -->","yoast_head_json":{"title":"Nossa Senhora de F\u00e1tima o livrou de um assassinato.","description":"Nossa Senhora de F\u00e1tima o livrou de um assassinato. Veja essa impressionante hist\u00f3ria. Voc\u00ea ver\u00e1 a for\u00e7a que Nossa Senhora tem.","robots":{"index":"index","follow":"follow","max-snippet":"max-snippet:-1","max-image-preview":"max-image-preview:large","max-video-preview":"max-video-preview:-1"},"canonical":"https:\/\/www.adf.org.br\/home\/livre-de-um-assassinato\/","og_locale":"pt_BR","og_type":"article","og_title":"Nossa Senhora de F\u00e1tima o livrou de um assassinato.","og_description":"Nossa Senhora de F\u00e1tima o livrou de um assassinato. Veja essa impressionante hist\u00f3ria. Voc\u00ea ver\u00e1 a for\u00e7a que Nossa Senhora tem.","og_url":"https:\/\/www.adf.org.br\/home\/livre-de-um-assassinato\/","og_site_name":"Associa\u00e7\u00e3o Devotos de F\u00e1tima","article_published_time":"2018-09-26T15:15:17+00:00","twitter_card":"summary_large_image","twitter_misc":{"Escrito por":"Gabriel Barbosa","Est. tempo de leitura":"3 minutos"},"schema":{"@context":"https:\/\/schema.org","@graph":[{"@type":"WebSite","@id":"https:\/\/www.adf.org.br\/home\/#website","url":"https:\/\/www.adf.org.br\/home\/","name":"Associa\u00e7\u00e3o Devotos de F\u00e1tima","description":"Associa\u00e7\u00e3o Devotos de F\u00e1tima","potentialAction":[{"@type":"SearchAction","target":{"@type":"EntryPoint","urlTemplate":"https:\/\/www.adf.org.br\/home\/?s={search_term_string}"},"query-input":"required name=search_term_string"}],"inLanguage":"pt-BR"},{"@type":"ImageObject","@id":"https:\/\/www.adf.org.br\/home\/livre-de-um-assassinato\/#primaryimage","inLanguage":"pt-BR","url":"","contentUrl":""},{"@type":"WebPage","@id":"https:\/\/www.adf.org.br\/home\/livre-de-um-assassinato\/#webpage","url":"https:\/\/www.adf.org.br\/home\/livre-de-um-assassinato\/","name":"Nossa Senhora de F\u00e1tima o livrou de um assassinato.","isPartOf":{"@id":"https:\/\/www.adf.org.br\/home\/#website"},"primaryImageOfPage":{"@id":"https:\/\/www.adf.org.br\/home\/livre-de-um-assassinato\/#primaryimage"},"datePublished":"2018-09-26T15:15:17+00:00","dateModified":"2018-09-26T15:15:17+00:00","author":{"@id":"https:\/\/www.adf.org.br\/home\/#\/schema\/person\/f35a5c5aa7728a3dedf4ea9aa1fc2753"},"description":"Nossa Senhora de F\u00e1tima o livrou de um assassinato. Veja essa impressionante hist\u00f3ria. Voc\u00ea ver\u00e1 a for\u00e7a que Nossa Senhora tem.","breadcrumb":{"@id":"https:\/\/www.adf.org.br\/home\/livre-de-um-assassinato\/#breadcrumb"},"inLanguage":"pt-BR","potentialAction":[{"@type":"ReadAction","target":["https:\/\/www.adf.org.br\/home\/livre-de-um-assassinato\/"]}]},{"@type":"BreadcrumbList","@id":"https:\/\/www.adf.org.br\/home\/livre-de-um-assassinato\/#breadcrumb","itemListElement":[{"@type":"ListItem","position":1,"name":"Home","item":"https:\/\/www.adf.org.br\/home\/"},{"@type":"ListItem","position":2,"name":"Nossa Senhora de F\u00e1tima o livrou de um assassinato. Veja essa impressionante hist\u00f3ria."}]},{"@type":"Person","@id":"https:\/\/www.adf.org.br\/home\/#\/schema\/person\/f35a5c5aa7728a3dedf4ea9aa1fc2753","name":"Gabriel Barbosa","image":{"@type":"ImageObject","@id":"https:\/\/www.adf.org.br\/home\/#personlogo","inLanguage":"pt-BR","url":"https:\/\/secure.gravatar.com\/avatar\/2b2cb2f4637682c5605e8d36818f51ef?s=96&d=mm&r=g","contentUrl":"https:\/\/secure.gravatar.com\/avatar\/2b2cb2f4637682c5605e8d36818f51ef?s=96&d=mm&r=g","caption":"Gabriel Barbosa"},"url":"https:\/\/www.adf.org.br\/home\/author\/gabrielpmk-com-br\/"}]}},"_links":{"self":[{"href":"https:\/\/www.adf.org.br\/home\/wp-json\/wp\/v2\/posts\/47927"}],"collection":[{"href":"https:\/\/www.adf.org.br\/home\/wp-json\/wp\/v2\/posts"}],"about":[{"href":"https:\/\/www.adf.org.br\/home\/wp-json\/wp\/v2\/types\/post"}],"author":[{"embeddable":true,"href":"https:\/\/www.adf.org.br\/home\/wp-json\/wp\/v2\/users\/31"}],"replies":[{"embeddable":true,"href":"https:\/\/www.adf.org.br\/home\/wp-json\/wp\/v2\/comments?post=47927"}],"version-history":[{"count":0,"href":"https:\/\/www.adf.org.br\/home\/wp-json\/wp\/v2\/posts\/47927\/revisions"}],"wp:featuredmedia":[{"embeddable":true,"href":"https:\/\/www.adf.org.br\/home\/wp-json\/wp\/v2\/media\/47929"}],"wp:attachment":[{"href":"https:\/\/www.adf.org.br\/home\/wp-json\/wp\/v2\/media?parent=47927"}],"wp:term":[{"taxonomy":"category","embeddable":true,"href":"https:\/\/www.adf.org.br\/home\/wp-json\/wp\/v2\/categories?post=47927"},{"taxonomy":"post_tag","embeddable":true,"href":"https:\/\/www.adf.org.br\/home\/wp-json\/wp\/v2\/tags?post=47927"}],"curies":[{"name":"wp","href":"https:\/\/api.w.org\/{rel}","templated":true}]}}