{"id":47157,"date":"2018-07-06T10:00:28","date_gmt":"2018-07-06T13:00:28","guid":{"rendered":"http:\/\/www.adf.org.br\/home\/?p=47157"},"modified":"2018-07-06T10:00:28","modified_gmt":"2018-07-06T13:00:28","slug":"nao-ao-aborto-3","status":"publish","type":"post","link":"https:\/\/www.adf.org.br\/home\/nao-ao-aborto-3\/","title":{"rendered":"Diga N\u00c3O ao aborto, nos ajude!"},"content":{"rendered":"<p style=\"padding-left: 90px;\"><span style=\"font-family: verdana, geneva, sans-serif; font-size: 12pt; color: #000000;\"><img loading=\"lazy\" class=\"aligncenter wp-image-49020\" src=\"http:\/\/www.aascj.org.br\/home\/wp-content\/uploads\/2018\/07\/segredo-bia-02-300x169.jpg\" alt=\"segredo-bia-02\" width=\"560\" height=\"315\" \/><span style=\"color: #ffffff;\">.<\/span><\/span><br \/>\n<strong><span style=\"font-family: verdana, geneva, sans-serif; font-size: 12pt; color: #800000;\">N\u00e3o nos calemos neste momento, defendamos a vida!<\/span><\/strong><\/p>\n<p><span style=\"font-family: verdana, geneva, sans-serif; font-size: 12pt; color: #000000;\"><br \/>\n<\/span><span style=\"font-family: verdana, geneva, sans-serif; color: #000000; font-size: 14pt;\"><strong>C<\/strong><\/span><span style=\"font-family: verdana, geneva, sans-serif; font-size: 12pt; color: #000000;\">omo j\u00e1 temos comentado aqui, com muita tristeza, pa\u00edses como a Irlanda e a Argentina caminham \u00e0 passos largos para a legaliza\u00e7\u00e3o do aborto.<\/span><\/p>\n<p><span style=\"font-family: verdana, geneva, sans-serif; font-size: 12pt; color: #000000;\">E em meio ao descaso da m\u00eddia, infelizmente nosso pa\u00eds tamb\u00e9m, por alguns indiv\u00edduos e partidos pol\u00edticos, t\u00eam semeado essa ideia sat\u00e2nica em nosso meio.<\/span><\/p>\n<h3><strong><span style=\"font-family: verdana, geneva, sans-serif; font-size: 12pt; color: #000000;\"><br \/>\nDEUS NOS LIVRE!<\/span><\/strong><\/h3>\n<p><span style=\"font-family: verdana, geneva, sans-serif; font-size: 12pt; color: #000000;\"><br \/>\nN\u00e3o podemos permitir que isso continue, n\u00e3o podemos nos calar, seremos a voz daqueles que ser\u00e3o assassinados sumariamente.<\/span><\/p>\n<p><span style=\"font-family: verdana, geneva, sans-serif; font-size: 12pt; color: #000000;\">Sangue inocente estar\u00e1 em nossas m\u00e3os se n\u00e3o nos manisfestarmos em defesa da vida!<\/span><\/p>\n<p style=\"padding-left: 90px;\"><strong><span style=\"color: #0000ff;\"><a style=\"color: #0000ff;\" href=\"http:\/\/www.peticaopublica.com.br\/pview.aspx?pi=contraoaborto\" target=\"_blank\" rel=\"noopener noreferrer\"><span style=\"font-family: verdana, geneva, sans-serif; font-size: 14pt;\"><br \/>\nN\u00c3O SE OMITA!<\/span><\/a><\/span><\/strong><\/p>\n<p><span style=\"font-family: verdana, geneva, sans-serif; font-size: 12pt; color: #000000;\"><br \/>\nPor isso temos uma peti\u00e7\u00e3o de apelo ao STF para que <strong><span style=\"color: #ff0000;\">N\u00c3O MATEM INOCENTES<\/span><\/strong>.<\/span><\/p>\n<p><span style=\"font-family: verdana, geneva, sans-serif; font-size: 12pt; color: #000000;\">Pedimos \u00e0 todos nossos amigos e devotos que apoiem esse ato, assinem e compartilhem com o maior n\u00famero de pessoas poss\u00edvel, amigos, fam\u00edlia, conhecidos, enfim, toda a na\u00e7\u00e3o!<\/span><\/p>\n<p><span style=\"font-family: verdana, geneva, sans-serif; font-size: 12pt; color: #000000;\">N\u00e3o se cale, diga <span style=\"color: #0000ff;\"><a style=\"color: #0000ff;\" href=\"http:\/\/www.peticaopublica.com.br\/pview.aspx?pi=contraoaborto\" target=\"_blank\" rel=\"noopener noreferrer\">N\u00c3O AO ABORTO!<\/a><\/span><\/span><\/p>\n<p style=\"text-align: center;\"><span style=\"font-family: verdana, geneva, sans-serif; font-size: 12pt; color: #ffffff;\">.<\/span><br \/>\n<span style=\"color: #0000ff;\"><a style=\"color: #0000ff;\" href=\"http:\/\/www.peticaopublica.com.br\/pview.aspx?pi=contraoaborto\" target=\"_blank\" rel=\"noopener noreferrer\"><strong><span style=\"font-family: verdana, geneva, sans-serif; font-size: 18pt;\">Clique aqui e assine!<\/span><\/strong><\/a><\/span><\/p>\n<p style=\"text-align: center;\"><span style=\"font-family: verdana, geneva, sans-serif; font-size: 12pt; color: #ffffff;\">.<\/span><br \/>\n<span style=\"font-family: verdana, geneva, sans-serif; font-size: 12pt; color: #ffffff;\">.<\/span><br \/>\n<strong><span style=\"font-family: verdana, geneva, sans-serif; font-size: 12pt; color: #000000;\">*\u00a0 *\u00a0 *<\/span><\/strong><\/p>\n<p><span style=\"font-family: verdana, geneva, sans-serif; font-size: 12pt; color: #ffffff;\">.<\/span><\/p>\n","protected":false},"excerpt":{"rendered":"<p>N\u00e3o nos calemos neste momento, defendamos a vida!<\/p>\n","protected":false},"author":31,"featured_media":47159,"comment_status":"open","ping_status":"open","sticky":false,"template":"","format":"standard","meta":[],"categories":[20],"tags":[436,47,1437,393,380],"yoast_head":"<!-- This site is optimized with the Yoast SEO plugin v17.4 - https:\/\/yoast.com\/wordpress\/plugins\/seo\/ -->\n<title>Diga N\u00c3O ao aborto, nos ajude!<\/title>\n<meta name=\"description\" content=\"Diga N\u00c3O ao aborto, nos ajude! N\u00e3o deixe de assinar essa peti\u00e7\u00e3o em favor daqueles inocentes que ser\u00e3o ceifados.\" \/>\n<meta name=\"robots\" content=\"index, follow, max-snippet:-1, max-image-preview:large, max-video-preview:-1\" \/>\n<link rel=\"canonical\" href=\"https:\/\/www.adf.org.br\/home\/nao-ao-aborto-3\/\" \/>\n<meta property=\"og:locale\" content=\"pt_BR\" \/>\n<meta property=\"og:type\" content=\"article\" \/>\n<meta property=\"og:title\" content=\"Diga N\u00c3O ao aborto, nos ajude!\" \/>\n<meta property=\"og:description\" content=\"Diga N\u00c3O ao aborto, nos ajude! N\u00e3o deixe de assinar essa peti\u00e7\u00e3o em favor daqueles inocentes que ser\u00e3o ceifados.\" \/>\n<meta property=\"og:url\" content=\"https:\/\/www.adf.org.br\/home\/nao-ao-aborto-3\/\" \/>\n<meta property=\"og:site_name\" content=\"Associa\u00e7\u00e3o Devotos de F\u00e1tima\" \/>\n<meta property=\"article:published_time\" content=\"2018-07-06T13:00:28+00:00\" \/>\n<meta name=\"twitter:card\" content=\"summary_large_image\" \/>\n<meta name=\"twitter:label1\" content=\"Escrito por\" \/>\n\t<meta name=\"twitter:data1\" content=\"Gabriel Barbosa\" \/>\n\t<meta name=\"twitter:label2\" content=\"Est. tempo de leitura\" \/>\n\t<meta name=\"twitter:data2\" content=\"1 minuto\" \/>\n<script type=\"application\/ld+json\" class=\"yoast-schema-graph\">{\"@context\":\"https:\/\/schema.org\",\"@graph\":[{\"@type\":\"WebSite\",\"@id\":\"https:\/\/www.adf.org.br\/home\/#website\",\"url\":\"https:\/\/www.adf.org.br\/home\/\",\"name\":\"Associa\\u00e7\\u00e3o Devotos de F\\u00e1tima\",\"description\":\"Associa\\u00e7\\u00e3o Devotos de F\\u00e1tima\",\"potentialAction\":[{\"@type\":\"SearchAction\",\"target\":{\"@type\":\"EntryPoint\",\"urlTemplate\":\"https:\/\/www.adf.org.br\/home\/?s={search_term_string}\"},\"query-input\":\"required name=search_term_string\"}],\"inLanguage\":\"pt-BR\"},{\"@type\":\"ImageObject\",\"@id\":\"https:\/\/www.adf.org.br\/home\/nao-ao-aborto-3\/#primaryimage\",\"inLanguage\":\"pt-BR\",\"url\":\"\",\"contentUrl\":\"\"},{\"@type\":\"WebPage\",\"@id\":\"https:\/\/www.adf.org.br\/home\/nao-ao-aborto-3\/#webpage\",\"url\":\"https:\/\/www.adf.org.br\/home\/nao-ao-aborto-3\/\",\"name\":\"Diga N\\u00c3O ao aborto, nos ajude!\",\"isPartOf\":{\"@id\":\"https:\/\/www.adf.org.br\/home\/#website\"},\"primaryImageOfPage\":{\"@id\":\"https:\/\/www.adf.org.br\/home\/nao-ao-aborto-3\/#primaryimage\"},\"datePublished\":\"2018-07-06T13:00:28+00:00\",\"dateModified\":\"2018-07-06T13:00:28+00:00\",\"author\":{\"@id\":\"https:\/\/www.adf.org.br\/home\/#\/schema\/person\/f35a5c5aa7728a3dedf4ea9aa1fc2753\"},\"description\":\"Diga N\\u00c3O ao aborto, nos ajude! N\\u00e3o deixe de assinar essa peti\\u00e7\\u00e3o em favor daqueles inocentes que ser\\u00e3o ceifados.\",\"breadcrumb\":{\"@id\":\"https:\/\/www.adf.org.br\/home\/nao-ao-aborto-3\/#breadcrumb\"},\"inLanguage\":\"pt-BR\",\"potentialAction\":[{\"@type\":\"ReadAction\",\"target\":[\"https:\/\/www.adf.org.br\/home\/nao-ao-aborto-3\/\"]}]},{\"@type\":\"BreadcrumbList\",\"@id\":\"https:\/\/www.adf.org.br\/home\/nao-ao-aborto-3\/#breadcrumb\",\"itemListElement\":[{\"@type\":\"ListItem\",\"position\":1,\"name\":\"Home\",\"item\":\"https:\/\/www.adf.org.br\/home\/\"},{\"@type\":\"ListItem\",\"position\":2,\"name\":\"Diga N\\u00c3O ao aborto, nos ajude!\"}]},{\"@type\":\"Person\",\"@id\":\"https:\/\/www.adf.org.br\/home\/#\/schema\/person\/f35a5c5aa7728a3dedf4ea9aa1fc2753\",\"name\":\"Gabriel Barbosa\",\"image\":{\"@type\":\"ImageObject\",\"@id\":\"https:\/\/www.adf.org.br\/home\/#personlogo\",\"inLanguage\":\"pt-BR\",\"url\":\"https:\/\/secure.gravatar.com\/avatar\/2b2cb2f4637682c5605e8d36818f51ef?s=96&d=mm&r=g\",\"contentUrl\":\"https:\/\/secure.gravatar.com\/avatar\/2b2cb2f4637682c5605e8d36818f51ef?s=96&d=mm&r=g\",\"caption\":\"Gabriel Barbosa\"},\"url\":\"https:\/\/www.adf.org.br\/home\/author\/gabrielpmk-com-br\/\"}]}<\/script>\n<!-- \/ Yoast SEO plugin. -->","yoast_head_json":{"title":"Diga N\u00c3O ao aborto, nos ajude!","description":"Diga N\u00c3O ao aborto, nos ajude! N\u00e3o deixe de assinar essa peti\u00e7\u00e3o em favor daqueles inocentes que ser\u00e3o ceifados.","robots":{"index":"index","follow":"follow","max-snippet":"max-snippet:-1","max-image-preview":"max-image-preview:large","max-video-preview":"max-video-preview:-1"},"canonical":"https:\/\/www.adf.org.br\/home\/nao-ao-aborto-3\/","og_locale":"pt_BR","og_type":"article","og_title":"Diga N\u00c3O ao aborto, nos ajude!","og_description":"Diga N\u00c3O ao aborto, nos ajude! N\u00e3o deixe de assinar essa peti\u00e7\u00e3o em favor daqueles inocentes que ser\u00e3o ceifados.","og_url":"https:\/\/www.adf.org.br\/home\/nao-ao-aborto-3\/","og_site_name":"Associa\u00e7\u00e3o Devotos de F\u00e1tima","article_published_time":"2018-07-06T13:00:28+00:00","twitter_card":"summary_large_image","twitter_misc":{"Escrito por":"Gabriel Barbosa","Est. tempo de leitura":"1 minuto"},"schema":{"@context":"https:\/\/schema.org","@graph":[{"@type":"WebSite","@id":"https:\/\/www.adf.org.br\/home\/#website","url":"https:\/\/www.adf.org.br\/home\/","name":"Associa\u00e7\u00e3o Devotos de F\u00e1tima","description":"Associa\u00e7\u00e3o Devotos de F\u00e1tima","potentialAction":[{"@type":"SearchAction","target":{"@type":"EntryPoint","urlTemplate":"https:\/\/www.adf.org.br\/home\/?s={search_term_string}"},"query-input":"required name=search_term_string"}],"inLanguage":"pt-BR"},{"@type":"ImageObject","@id":"https:\/\/www.adf.org.br\/home\/nao-ao-aborto-3\/#primaryimage","inLanguage":"pt-BR","url":"","contentUrl":""},{"@type":"WebPage","@id":"https:\/\/www.adf.org.br\/home\/nao-ao-aborto-3\/#webpage","url":"https:\/\/www.adf.org.br\/home\/nao-ao-aborto-3\/","name":"Diga N\u00c3O ao aborto, nos ajude!","isPartOf":{"@id":"https:\/\/www.adf.org.br\/home\/#website"},"primaryImageOfPage":{"@id":"https:\/\/www.adf.org.br\/home\/nao-ao-aborto-3\/#primaryimage"},"datePublished":"2018-07-06T13:00:28+00:00","dateModified":"2018-07-06T13:00:28+00:00","author":{"@id":"https:\/\/www.adf.org.br\/home\/#\/schema\/person\/f35a5c5aa7728a3dedf4ea9aa1fc2753"},"description":"Diga N\u00c3O ao aborto, nos ajude! N\u00e3o deixe de assinar essa peti\u00e7\u00e3o em favor daqueles inocentes que ser\u00e3o ceifados.","breadcrumb":{"@id":"https:\/\/www.adf.org.br\/home\/nao-ao-aborto-3\/#breadcrumb"},"inLanguage":"pt-BR","potentialAction":[{"@type":"ReadAction","target":["https:\/\/www.adf.org.br\/home\/nao-ao-aborto-3\/"]}]},{"@type":"BreadcrumbList","@id":"https:\/\/www.adf.org.br\/home\/nao-ao-aborto-3\/#breadcrumb","itemListElement":[{"@type":"ListItem","position":1,"name":"Home","item":"https:\/\/www.adf.org.br\/home\/"},{"@type":"ListItem","position":2,"name":"Diga N\u00c3O ao aborto, nos ajude!"}]},{"@type":"Person","@id":"https:\/\/www.adf.org.br\/home\/#\/schema\/person\/f35a5c5aa7728a3dedf4ea9aa1fc2753","name":"Gabriel Barbosa","image":{"@type":"ImageObject","@id":"https:\/\/www.adf.org.br\/home\/#personlogo","inLanguage":"pt-BR","url":"https:\/\/secure.gravatar.com\/avatar\/2b2cb2f4637682c5605e8d36818f51ef?s=96&d=mm&r=g","contentUrl":"https:\/\/secure.gravatar.com\/avatar\/2b2cb2f4637682c5605e8d36818f51ef?s=96&d=mm&r=g","caption":"Gabriel Barbosa"},"url":"https:\/\/www.adf.org.br\/home\/author\/gabrielpmk-com-br\/"}]}},"_links":{"self":[{"href":"https:\/\/www.adf.org.br\/home\/wp-json\/wp\/v2\/posts\/47157"}],"collection":[{"href":"https:\/\/www.adf.org.br\/home\/wp-json\/wp\/v2\/posts"}],"about":[{"href":"https:\/\/www.adf.org.br\/home\/wp-json\/wp\/v2\/types\/post"}],"author":[{"embeddable":true,"href":"https:\/\/www.adf.org.br\/home\/wp-json\/wp\/v2\/users\/31"}],"replies":[{"embeddable":true,"href":"https:\/\/www.adf.org.br\/home\/wp-json\/wp\/v2\/comments?post=47157"}],"version-history":[{"count":0,"href":"https:\/\/www.adf.org.br\/home\/wp-json\/wp\/v2\/posts\/47157\/revisions"}],"wp:featuredmedia":[{"embeddable":true,"href":"https:\/\/www.adf.org.br\/home\/wp-json\/wp\/v2\/media\/47159"}],"wp:attachment":[{"href":"https:\/\/www.adf.org.br\/home\/wp-json\/wp\/v2\/media?parent=47157"}],"wp:term":[{"taxonomy":"category","embeddable":true,"href":"https:\/\/www.adf.org.br\/home\/wp-json\/wp\/v2\/categories?post=47157"},{"taxonomy":"post_tag","embeddable":true,"href":"https:\/\/www.adf.org.br\/home\/wp-json\/wp\/v2\/tags?post=47157"}],"curies":[{"name":"wp","href":"https:\/\/api.w.org\/{rel}","templated":true}]}}