{"id":47151,"date":"2018-07-03T16:08:05","date_gmt":"2018-07-03T19:08:05","guid":{"rendered":"http:\/\/www.adf.org.br\/home\/?p=47151"},"modified":"2018-07-03T16:08:05","modified_gmt":"2018-07-03T19:08:05","slug":"um-clique-vale-uma-vida","status":"publish","type":"post","link":"https:\/\/www.adf.org.br\/home\/um-clique-vale-uma-vida\/","title":{"rendered":"ATEN\u00c7\u00c3O! Um clique pode valer uma VIDA."},"content":{"rendered":"<figure id=\"attachment_47153\" aria-describedby=\"caption-attachment-47153\" style=\"width: 560px\" class=\"wp-caption aligncenter\"><img loading=\"lazy\" class=\"wp-image-47153\" title=\"aborto n\u00e3o\" src=\"http:\/\/www.adf.org.br\/home\/wp-content\/uploads\/2018\/07\/aborto-nao.jpg\" alt=\"Diga n\u00e3o ao aborto\" width=\"560\" height=\"247\" \/><figcaption id=\"caption-attachment-47153\" class=\"wp-caption-text\">Diga n\u00e3o!<\/figcaption><\/figure>\n<p style=\"padding-left: 90px;\"><span style=\"font-family: verdana, geneva, sans-serif; font-size: 12pt; color: #ffffff;\">.<\/span><br \/>\n<strong><span style=\"font-family: verdana, geneva, sans-serif; font-size: 12pt; color: #800080;\">\u00c9 isso mesmo, como o t\u00edtulo diz, seu clique pode salvar uma vida!<\/span><\/strong><\/p>\n<p><span style=\"font-family: verdana, geneva, sans-serif; font-size: 12pt; color: #000000;\"><br \/>\n<span style=\"font-size: 14pt;\"><strong>E<\/strong><\/span>nquanto muitos assuntos s\u00e3o distribu\u00eddos pela m\u00eddia, corrup\u00e7\u00e3o, governo, copa do mundo, uma quest\u00e3o crucial tramita no senado.<\/span><\/p>\n<p><span style=\"font-family: verdana, geneva, sans-serif; font-size: 12pt; color: #000000;\">Isso, e trata-se de uma proposta de permitir a interrup\u00e7\u00e3o volunt\u00e1ria de uma gravidez at\u00e9 a d\u00e9cima segunda semana, pelo sistema \u00fanico de sa\u00fade.<\/span><\/p>\n<p><span style=\"font-family: verdana, geneva, sans-serif; font-size: 12pt; color: #000000;\">Voc\u00ea n\u00e3o leu errado, querem <strong><span style=\"color: #ff0000;\">LEGALIZAR O ABORTO<\/span><\/strong>\u00a0 e oferecer de forma gratuita pelo <strong>SUS<\/strong>, \u00e0quelas gr\u00e1vidas dentro das 12 primeiras semanas de gesta\u00e7\u00e3o.<\/span><\/p>\n<p><span style=\"font-family: verdana, geneva, sans-serif; font-size: 12pt; color: #000000;\">N\u00e3o podemos permitir tal feito abomin\u00e1vel e demon\u00edaco.<\/span><\/p>\n<p style=\"padding-left: 90px;\"><strong><span style=\"font-family: verdana, geneva, sans-serif; font-size: 12pt; color: #800080;\"><br \/>\nPRECISAMOS DIZER N\u00c3O!<\/span><\/strong><\/p>\n<p><span style=\"font-family: verdana, geneva, sans-serif; font-size: 12pt; color: #000000;\"><br \/>\nPor isso estamos aqui, pra convidar voc\u00ea, sua fam\u00edlia e seus amigos, \u00e9 muito simples, literalmente basta um <span style=\"color: #000080;\"><strong>CLIQUE!<\/strong><\/span><\/span><\/p>\n<p><span style=\"font-family: verdana, geneva, sans-serif; font-size: 12pt; color: #000000;\">Estamos compartilhando abaixo o link do Portal de Consulta P\u00fablica do Senado, l\u00e1 voc\u00ea ter\u00e1 uma p\u00e1gina como essa:<\/span><\/p>\n<p><span style=\"font-family: verdana, geneva, sans-serif; font-size: 12pt; color: #ffffff;\">.<\/span><\/p>\n<figure id=\"attachment_47152\" aria-describedby=\"caption-attachment-47152\" style=\"width: 300px\" class=\"wp-caption aligncenter\"><a href=\"https:\/\/www12.senado.leg.br\/ecidadania\/visualizacaomateria?id=119431\" target=\"_blank\" rel=\"noopener noreferrer\"><img loading=\"lazy\" class=\"wp-image-47152 size-medium\" src=\"http:\/\/www.adf.org.br\/home\/wp-content\/uploads\/2018\/07\/consulta-publica-300x169.jpg\" alt=\"Clique para votar\" width=\"300\" height=\"169\" \/><\/a><figcaption id=\"caption-attachment-47152\" class=\"wp-caption-text\">Clique para votar<\/figcaption><\/figure>\n<p><span style=\"font-family: verdana, geneva, sans-serif; font-size: 12pt; color: #ffffff;\">.<\/span><\/p>\n<p><span style=\"font-family: verdana, geneva, sans-serif; font-size: 12pt; color: #000000;\">Basta voc\u00ea clicar em <span style=\"color: #ff0000;\"><strong>N\u00c3O<\/strong><\/span>, e confirmar seu voto.<\/span><\/p>\n<p><span style=\"font-family: verdana, geneva, sans-serif; font-size: 12pt; color: #000000;\">Ajude-nos a lutar para que o dem\u00f4nio n\u00e3o ven\u00e7a essa batalha e consiga espalhar esse horror em nosso pa\u00eds, em nossa Terra de Santa Cruz.<\/span><\/p>\n<h5 style=\"padding-left: 90px;\"><strong><span style=\"font-family: verdana, geneva, sans-serif; font-size: 12pt; color: #800080;\"><br \/>\nQue Nossa Senhora de F\u00e1tima interceda por n\u00f3s e por nossa na\u00e7\u00e3o, muito obrigado por seu apoio!<\/span><\/strong><\/h5>\n<p style=\"text-align: center;\"><span style=\"font-family: verdana, geneva, sans-serif; font-size: 12pt; color: #ffffff;\">.<\/span><br \/>\n<strong><span style=\"font-family: verdana, geneva, sans-serif; font-size: 12pt; color: #000000;\">*\u00a0 *\u00a0 *<\/span><\/strong><\/p>\n<p><span style=\"font-family: verdana, geneva, sans-serif; font-size: 12pt; color: #ffffff;\">.<\/span><\/p>\n","protected":false},"excerpt":{"rendered":"<p>\u00c9 isso mesmo, como o t\u00edtulo diz, seu clique pode salvar uma vida!<\/p>\n","protected":false},"author":31,"featured_media":47155,"comment_status":"open","ping_status":"open","sticky":false,"template":"","format":"standard","meta":[],"categories":[20],"tags":[1735,47,1862,1437,1382],"yoast_head":"<!-- This site is optimized with the Yoast SEO plugin v17.4 - https:\/\/yoast.com\/wordpress\/plugins\/seo\/ -->\n<title>ATEN\u00c7\u00c3O! Um clique pode valer uma VIDA.<\/title>\n<meta name=\"description\" content=\"ATEN\u00c7\u00c3O! Um clique pode valer uma VIDA. N\u00e3o deixe de participar agora mesmo, precisamos vencer essa batalha!\" \/>\n<meta name=\"robots\" content=\"index, follow, max-snippet:-1, max-image-preview:large, max-video-preview:-1\" \/>\n<link rel=\"canonical\" href=\"https:\/\/www.adf.org.br\/home\/um-clique-vale-uma-vida\/\" \/>\n<meta property=\"og:locale\" content=\"pt_BR\" \/>\n<meta property=\"og:type\" content=\"article\" \/>\n<meta property=\"og:title\" content=\"ATEN\u00c7\u00c3O! Um clique pode valer uma VIDA.\" \/>\n<meta property=\"og:description\" content=\"ATEN\u00c7\u00c3O! Um clique pode valer uma VIDA. N\u00e3o deixe de participar agora mesmo, precisamos vencer essa batalha!\" \/>\n<meta property=\"og:url\" content=\"https:\/\/www.adf.org.br\/home\/um-clique-vale-uma-vida\/\" \/>\n<meta property=\"og:site_name\" content=\"Associa\u00e7\u00e3o Devotos de F\u00e1tima\" \/>\n<meta property=\"article:published_time\" content=\"2018-07-03T19:08:05+00:00\" \/>\n<meta name=\"twitter:card\" content=\"summary_large_image\" \/>\n<meta name=\"twitter:label1\" content=\"Escrito por\" \/>\n\t<meta name=\"twitter:data1\" content=\"Gabriel Barbosa\" \/>\n\t<meta name=\"twitter:label2\" content=\"Est. tempo de leitura\" \/>\n\t<meta name=\"twitter:data2\" content=\"1 minuto\" \/>\n<script type=\"application\/ld+json\" class=\"yoast-schema-graph\">{\"@context\":\"https:\/\/schema.org\",\"@graph\":[{\"@type\":\"WebSite\",\"@id\":\"https:\/\/www.adf.org.br\/home\/#website\",\"url\":\"https:\/\/www.adf.org.br\/home\/\",\"name\":\"Associa\\u00e7\\u00e3o Devotos de F\\u00e1tima\",\"description\":\"Associa\\u00e7\\u00e3o Devotos de F\\u00e1tima\",\"potentialAction\":[{\"@type\":\"SearchAction\",\"target\":{\"@type\":\"EntryPoint\",\"urlTemplate\":\"https:\/\/www.adf.org.br\/home\/?s={search_term_string}\"},\"query-input\":\"required name=search_term_string\"}],\"inLanguage\":\"pt-BR\"},{\"@type\":\"ImageObject\",\"@id\":\"https:\/\/www.adf.org.br\/home\/um-clique-vale-uma-vida\/#primaryimage\",\"inLanguage\":\"pt-BR\",\"url\":\"\",\"contentUrl\":\"\"},{\"@type\":\"WebPage\",\"@id\":\"https:\/\/www.adf.org.br\/home\/um-clique-vale-uma-vida\/#webpage\",\"url\":\"https:\/\/www.adf.org.br\/home\/um-clique-vale-uma-vida\/\",\"name\":\"ATEN\\u00c7\\u00c3O! Um clique pode valer uma VIDA.\",\"isPartOf\":{\"@id\":\"https:\/\/www.adf.org.br\/home\/#website\"},\"primaryImageOfPage\":{\"@id\":\"https:\/\/www.adf.org.br\/home\/um-clique-vale-uma-vida\/#primaryimage\"},\"datePublished\":\"2018-07-03T19:08:05+00:00\",\"dateModified\":\"2018-07-03T19:08:05+00:00\",\"author\":{\"@id\":\"https:\/\/www.adf.org.br\/home\/#\/schema\/person\/f35a5c5aa7728a3dedf4ea9aa1fc2753\"},\"description\":\"ATEN\\u00c7\\u00c3O! Um clique pode valer uma VIDA. N\\u00e3o deixe de participar agora mesmo, precisamos vencer essa batalha!\",\"breadcrumb\":{\"@id\":\"https:\/\/www.adf.org.br\/home\/um-clique-vale-uma-vida\/#breadcrumb\"},\"inLanguage\":\"pt-BR\",\"potentialAction\":[{\"@type\":\"ReadAction\",\"target\":[\"https:\/\/www.adf.org.br\/home\/um-clique-vale-uma-vida\/\"]}]},{\"@type\":\"BreadcrumbList\",\"@id\":\"https:\/\/www.adf.org.br\/home\/um-clique-vale-uma-vida\/#breadcrumb\",\"itemListElement\":[{\"@type\":\"ListItem\",\"position\":1,\"name\":\"Home\",\"item\":\"https:\/\/www.adf.org.br\/home\/\"},{\"@type\":\"ListItem\",\"position\":2,\"name\":\"ATEN\\u00c7\\u00c3O! Um clique pode valer uma VIDA.\"}]},{\"@type\":\"Person\",\"@id\":\"https:\/\/www.adf.org.br\/home\/#\/schema\/person\/f35a5c5aa7728a3dedf4ea9aa1fc2753\",\"name\":\"Gabriel Barbosa\",\"image\":{\"@type\":\"ImageObject\",\"@id\":\"https:\/\/www.adf.org.br\/home\/#personlogo\",\"inLanguage\":\"pt-BR\",\"url\":\"https:\/\/secure.gravatar.com\/avatar\/2b2cb2f4637682c5605e8d36818f51ef?s=96&d=mm&r=g\",\"contentUrl\":\"https:\/\/secure.gravatar.com\/avatar\/2b2cb2f4637682c5605e8d36818f51ef?s=96&d=mm&r=g\",\"caption\":\"Gabriel Barbosa\"},\"url\":\"https:\/\/www.adf.org.br\/home\/author\/gabrielpmk-com-br\/\"}]}<\/script>\n<!-- \/ Yoast SEO plugin. -->","yoast_head_json":{"title":"ATEN\u00c7\u00c3O! Um clique pode valer uma VIDA.","description":"ATEN\u00c7\u00c3O! Um clique pode valer uma VIDA. N\u00e3o deixe de participar agora mesmo, precisamos vencer essa batalha!","robots":{"index":"index","follow":"follow","max-snippet":"max-snippet:-1","max-image-preview":"max-image-preview:large","max-video-preview":"max-video-preview:-1"},"canonical":"https:\/\/www.adf.org.br\/home\/um-clique-vale-uma-vida\/","og_locale":"pt_BR","og_type":"article","og_title":"ATEN\u00c7\u00c3O! Um clique pode valer uma VIDA.","og_description":"ATEN\u00c7\u00c3O! Um clique pode valer uma VIDA. N\u00e3o deixe de participar agora mesmo, precisamos vencer essa batalha!","og_url":"https:\/\/www.adf.org.br\/home\/um-clique-vale-uma-vida\/","og_site_name":"Associa\u00e7\u00e3o Devotos de F\u00e1tima","article_published_time":"2018-07-03T19:08:05+00:00","twitter_card":"summary_large_image","twitter_misc":{"Escrito por":"Gabriel Barbosa","Est. tempo de leitura":"1 minuto"},"schema":{"@context":"https:\/\/schema.org","@graph":[{"@type":"WebSite","@id":"https:\/\/www.adf.org.br\/home\/#website","url":"https:\/\/www.adf.org.br\/home\/","name":"Associa\u00e7\u00e3o Devotos de F\u00e1tima","description":"Associa\u00e7\u00e3o Devotos de F\u00e1tima","potentialAction":[{"@type":"SearchAction","target":{"@type":"EntryPoint","urlTemplate":"https:\/\/www.adf.org.br\/home\/?s={search_term_string}"},"query-input":"required name=search_term_string"}],"inLanguage":"pt-BR"},{"@type":"ImageObject","@id":"https:\/\/www.adf.org.br\/home\/um-clique-vale-uma-vida\/#primaryimage","inLanguage":"pt-BR","url":"","contentUrl":""},{"@type":"WebPage","@id":"https:\/\/www.adf.org.br\/home\/um-clique-vale-uma-vida\/#webpage","url":"https:\/\/www.adf.org.br\/home\/um-clique-vale-uma-vida\/","name":"ATEN\u00c7\u00c3O! Um clique pode valer uma VIDA.","isPartOf":{"@id":"https:\/\/www.adf.org.br\/home\/#website"},"primaryImageOfPage":{"@id":"https:\/\/www.adf.org.br\/home\/um-clique-vale-uma-vida\/#primaryimage"},"datePublished":"2018-07-03T19:08:05+00:00","dateModified":"2018-07-03T19:08:05+00:00","author":{"@id":"https:\/\/www.adf.org.br\/home\/#\/schema\/person\/f35a5c5aa7728a3dedf4ea9aa1fc2753"},"description":"ATEN\u00c7\u00c3O! Um clique pode valer uma VIDA. N\u00e3o deixe de participar agora mesmo, precisamos vencer essa batalha!","breadcrumb":{"@id":"https:\/\/www.adf.org.br\/home\/um-clique-vale-uma-vida\/#breadcrumb"},"inLanguage":"pt-BR","potentialAction":[{"@type":"ReadAction","target":["https:\/\/www.adf.org.br\/home\/um-clique-vale-uma-vida\/"]}]},{"@type":"BreadcrumbList","@id":"https:\/\/www.adf.org.br\/home\/um-clique-vale-uma-vida\/#breadcrumb","itemListElement":[{"@type":"ListItem","position":1,"name":"Home","item":"https:\/\/www.adf.org.br\/home\/"},{"@type":"ListItem","position":2,"name":"ATEN\u00c7\u00c3O! Um clique pode valer uma VIDA."}]},{"@type":"Person","@id":"https:\/\/www.adf.org.br\/home\/#\/schema\/person\/f35a5c5aa7728a3dedf4ea9aa1fc2753","name":"Gabriel Barbosa","image":{"@type":"ImageObject","@id":"https:\/\/www.adf.org.br\/home\/#personlogo","inLanguage":"pt-BR","url":"https:\/\/secure.gravatar.com\/avatar\/2b2cb2f4637682c5605e8d36818f51ef?s=96&d=mm&r=g","contentUrl":"https:\/\/secure.gravatar.com\/avatar\/2b2cb2f4637682c5605e8d36818f51ef?s=96&d=mm&r=g","caption":"Gabriel Barbosa"},"url":"https:\/\/www.adf.org.br\/home\/author\/gabrielpmk-com-br\/"}]}},"_links":{"self":[{"href":"https:\/\/www.adf.org.br\/home\/wp-json\/wp\/v2\/posts\/47151"}],"collection":[{"href":"https:\/\/www.adf.org.br\/home\/wp-json\/wp\/v2\/posts"}],"about":[{"href":"https:\/\/www.adf.org.br\/home\/wp-json\/wp\/v2\/types\/post"}],"author":[{"embeddable":true,"href":"https:\/\/www.adf.org.br\/home\/wp-json\/wp\/v2\/users\/31"}],"replies":[{"embeddable":true,"href":"https:\/\/www.adf.org.br\/home\/wp-json\/wp\/v2\/comments?post=47151"}],"version-history":[{"count":0,"href":"https:\/\/www.adf.org.br\/home\/wp-json\/wp\/v2\/posts\/47151\/revisions"}],"wp:featuredmedia":[{"embeddable":true,"href":"https:\/\/www.adf.org.br\/home\/wp-json\/wp\/v2\/media\/47155"}],"wp:attachment":[{"href":"https:\/\/www.adf.org.br\/home\/wp-json\/wp\/v2\/media?parent=47151"}],"wp:term":[{"taxonomy":"category","embeddable":true,"href":"https:\/\/www.adf.org.br\/home\/wp-json\/wp\/v2\/categories?post=47151"},{"taxonomy":"post_tag","embeddable":true,"href":"https:\/\/www.adf.org.br\/home\/wp-json\/wp\/v2\/tags?post=47151"}],"curies":[{"name":"wp","href":"https:\/\/api.w.org\/{rel}","templated":true}]}}