{"id":47042,"date":"2018-07-04T00:00:35","date_gmt":"2018-07-04T03:00:35","guid":{"rendered":"http:\/\/www.adf.org.br\/home\/?p=47042"},"modified":"2018-07-04T00:00:35","modified_gmt":"2018-07-04T03:00:35","slug":"suicidio-uma-barbarie-mundo-moderno","status":"publish","type":"post","link":"https:\/\/www.adf.org.br\/home\/suicidio-uma-barbarie-mundo-moderno\/","title":{"rendered":"&#8220;Suic\u00eddio Assistido&#8221;, mais uma barb\u00e1rie do &#8220;Mundo Moderno&#8221;."},"content":{"rendered":"<p style=\"padding-left: 90px;\"><span style=\"font-family: verdana, geneva, sans-serif; font-size: 12pt; color: #000000;\"><img loading=\"lazy\" class=\"aligncenter wp-image-47044 size-full\" title=\"eutan\u00e1sia\" src=\"http:\/\/www.adf.org.br\/home\/wp-content\/uploads\/2018\/06\/suicidio-assistido.jpg\" alt=\"suicidio-assistido\" width=\"466\" height=\"300\" \/><span style=\"color: #ffffff;\">.<\/span><\/span><br \/>\n<strong><span style=\"font-family: verdana, geneva, sans-serif; font-size: 12pt; color: #800080;\">Ultimamente t\u00eam sa\u00eddo not\u00edcias de suic\u00eddios de atores famosos e de pessoas do mundo das artes. Para n\u00e3o falar do n\u00famero sempre crescente de jovens em todo o mundo, principalmente no Jap\u00e3o.<\/span><\/strong><\/p>\n<p><span style=\"font-family: verdana, geneva, sans-serif; font-size: 12pt; color: #000000;\"><br \/>\n<span style=\"font-size: 14pt;\"><strong>O<\/strong><\/span>ra, afirma o 5\u00ba Mandamento da Lei de Deus: <strong>\u201cN\u00e3o matar\u201d<\/strong>. Isso n\u00e3o se refere somente a tirar a vida do pr\u00f3ximo, mas sobretudo a n\u00e3o tirar a pr\u00f3pria. <\/span><\/p>\n<p style=\"padding-left: 90px;\"><strong><span style=\"font-family: verdana, geneva, sans-serif; font-size: 12pt; color: #000080;\"><br \/>\nPor isso o suicida era visto como pessoa que cometera uma grande ofensa a Deus, Autor da vida.<\/span><\/strong><\/p>\n<p><span style=\"font-family: verdana, geneva, sans-serif; font-size: 12pt; color: #000000;\"><br \/>\nA Igreja, para manifestar seu horror a esse ato extremo, n\u00e3o lhe concedia cerim\u00f4nias f\u00fanebres p\u00fablicas \u2014 como Missa de 7\u00ba Dia ou enterro no campo santo. (<em>Ao mesmo tempo, como M\u00e3e misericordiosa, n\u00e3o lhe negava os sufr\u00e1gios em privado, desde que o esc\u00e2ndalo fosse evitado<\/em>).<\/span><\/p>\n<p><span style=\"font-family: verdana, geneva, sans-serif; font-size: 12pt; color: #000000;\">Entretanto, em nossa \u00e9poca de relativismo, a ateiza\u00e7\u00e3o das mentes \u00e9 tal, que leva a retirar na considera\u00e7\u00e3o do suic\u00eddio todo o aspecto religioso da quest\u00e3o, ou seja, <strong>a ofensa a Deus. <\/strong><\/span><\/p>\n<p><span style=\"font-family: verdana, geneva, sans-serif; font-size: 12pt; color: #000000;\">\u00c9 verdade que uma das grandes causas dos suic\u00eddios em nossos dias \u00e9 a falta de esperan\u00e7a num porvir, o que provoca em muitos casos a depress\u00e3o e a falta de objetivo na vida, levando por sua vez ao desespero. <\/span><\/p>\n<p><span style=\"font-family: verdana, geneva, sans-serif; font-size: 12pt; color: #000000;\">Isso acaba de certo modo, se n\u00e3o justificando essa atitude desesperada, pelo menos atenuando-a em muitos casos.<\/span><\/p>\n<p><span style=\"font-family: verdana, geneva, sans-serif; font-size: 12pt; color: #000000;\">Em conseq\u00fc\u00eancia, essa viola\u00e7\u00e3o da Lei de Deus passou a ser vista com indiferen\u00e7a, ou at\u00e9 com certa simpatia, como mais um dos <strong>\u201cdireitos\u201d<\/strong> reclamados por um mundo <strong>\u201cemancipado\u201d<\/strong> de Deus e da Lei moral.<\/span><\/p>\n<p><span style=\"font-family: verdana, geneva, sans-serif; font-size: 12pt; color: #000000;\">Por isso o chamado <strong>\u201csuic\u00eddio assistido\u201d<\/strong> e a \u201ceutan\u00e1sia\u201d est\u00e3o se tornando comuns entre os povos ditos civilizados. <\/span><\/p>\n<p style=\"padding-left: 90px;\"><strong><span style=\"font-family: verdana, geneva, sans-serif; font-size: 12pt; color: #000080;\"><br \/>\nAlegam seus partid\u00e1rios, geralmente da esquerda, que \u00e9 preciso conceder \u00e0s pessoas uma \u201cliberdade de elei\u00e7\u00e3o\u201d.<\/span><\/strong><\/p>\n<blockquote><p><span style=\"font-family: verdana, geneva, sans-serif; font-size: 12pt; color: #000000;\"><br \/>\n<span style=\"color: #ff0000;\">Essa posi\u00e7\u00e3o vem curiosamente junto com a luta para a aprova\u00e7\u00e3o da eutan\u00e1sia, do aborto, do \u201ccasamento\u201d homossexual, da absurda \u201cteoria de g\u00eanero\u201d e demais bandeiras dos movimentos ditos progressistas.<\/span><\/span><\/p><\/blockquote>\n<p><span style=\"font-family: verdana, geneva, sans-serif; font-size: 12pt; color: #000000;\"><br \/>\nUm dos pa\u00edses que est\u00e1 liderando essa investida contra a vida \u00e9 o Canad\u00e1. <\/span><\/p>\n<p><span style=\"font-family: verdana, geneva, sans-serif; font-size: 12pt; color: #000000;\">Em Quebec, enquanto desde 2016 se d\u00e1 todo o apoio ao suic\u00eddio assistido, somente 30% da popula\u00e7\u00e3o tem possibilidade de acesso aos cuidados que conservariam a vida ou aliviariam os sofrimentos dos pacientes terminais.<\/span><\/p>\n<p style=\"padding-left: 90px;\"><strong><span style=\"font-family: verdana, geneva, sans-serif; font-size: 12pt; color: #800080;\"><br \/>\nO problema que alegam os hospitais \u00e9 a falta de verba para atender os pacientes terminais.<\/span><\/strong><\/p>\n<p><span style=\"font-family: verdana, geneva, sans-serif; font-size: 12pt; color: #000000;\"><br \/>\nO Col\u00e9gio dos M\u00e9dicos de Quebec pediu repetidas vezes mais verbas para isso ao Ministro de Sa\u00fade, Gaetan Barrette, mas n\u00e3o recebeu resposta.<\/span><\/p>\n<p><span style=\"font-family: verdana, geneva, sans-serif; font-size: 12pt; color: #000000;\"> Muitos m\u00e9dicos opinam que essa falta de fundos \u00e9 programada, para obrigar os pacientes em estado terminal a pedirem o \u201csuic\u00eddio assistido\u201d. Esse problema n\u00e3o \u00e9 s\u00f3 de Quebec, mas de todo o Canad\u00e1.<\/span><\/p>\n<p><span style=\"font-family: verdana, geneva, sans-serif; font-size: 12pt; color: #000000;\">O site do\u00a0<em>The Star<\/em>\u00a0apresenta um exemplo t\u00edpico dessa luta entre os que querem continuar a viver e aos quais se oferece, pelo contr\u00e1rio, o que \u00e9 hipocritamente chamado \u201cmorrer com dignidade\u201d, ou seja, o <strong>\u201csuic\u00eddio assistido\u201d<\/strong>.<\/span><\/p>\n<p><span style=\"font-family: verdana, geneva, sans-serif; font-size: 12pt; color: #000000;\">Trata-se de Roger Foley, de 42 anos, diagnosticado com ataxia cerebral, patologia que lentamente afeta a capacidade de mover-se e de falar, internado num hospital de Ont\u00e1rio. <\/span><\/p>\n<p><span style=\"font-family: verdana, geneva, sans-serif; font-size: 12pt; color: #000000;\">Ele denunciou a prov\u00edncia de Ont\u00e1rio quando o hospital, para continuar a administrar-lhe o tratamento adequado, apresentou-lhe uma conta de 1.800 d\u00f3lares di\u00e1rios, esclarecendo que, caso ele n\u00e3o pudesse pagar, lhe oferecia o acesso gratuito ao \u201csuic\u00eddio assistido\u201d.<\/span><\/p>\n<p><span style=\"font-family: verdana, geneva, sans-serif; font-size: 12pt; color: #000000;\">Algo semelhante ocorreu no Estado de Oregon, nos Estados Unidos, onde o suic\u00eddio assistido \u00e9 legal desde 1997. <\/span><\/p>\n<p><span style=\"font-family: verdana, geneva, sans-serif; font-size: 12pt; color: #000000;\">Um caso famoso \u00e9 o de Randy Stroup, diagnosticado com c\u00e2ncer de pr\u00f3stata e a quem os m\u00e9dicos se negaram a tratar com quimioterapia porque o tratamento era muito caro. <\/span><\/p>\n<p><span style=\"font-family: verdana, geneva, sans-serif; font-size: 12pt; color: #000000;\">O Estado op\u00f4s-se ao tratamento, mas ofereceu pagar os gastos com a eutan\u00e1sia. <\/span><\/p>\n<p><span style=\"font-family: verdana, geneva, sans-serif; font-size: 12pt; color: #000000;\">Randy exclamou:<\/p>\n<p><\/span><\/p>\n<blockquote><p><span style=\"font-family: verdana, geneva, sans-serif; font-size: 12pt; color: #000000;\"><strong><em>\u201cQuase desmaiei quando me disseram isso. Como \u00e9 poss\u00edvel que n\u00e3o paguem o tratamento para ajudar-me a viver, e se ofere\u00e7am a assumir o gasto para fazer-me morrer?\u201d<\/em><\/strong>.<\/span><\/p><\/blockquote>\n<p><span style=\"font-family: verdana, geneva, sans-serif; font-size: 12pt; color: #000000;\"><br \/>\nJ\u00e1 na Calif\u00f3rnia, onde o suic\u00eddio assistido foi legalizado em 2015 (e temporariamente suspenso h\u00e1 algumas semanas por raz\u00f5es legais), Stephanie Packer, ainda viva, m\u00e3e de quatro filhos, viu seu seguro-sa\u00fade negar-lhe tratamento em 2016.<\/p>\n<p><\/span><\/p>\n<blockquote><p><span style=\"font-family: verdana, geneva, sans-serif; font-size: 12pt; color: #000000;\"><em>\u201cAntes que a lei da eutan\u00e1sia entrasse em vigor, estavam dispostos a pagar. <\/em><\/span><\/p>\n<p><span style=\"font-family: verdana, geneva, sans-serif; font-size: 12pt; color: #000000;\"><em>Depois da aprova\u00e7\u00e3o do suic\u00eddio assistido, me disseram que, como n\u00e3o me restava muito para viver, n\u00e3o cobririam o tratamento de minha esclerodermia. <\/em><\/span><\/p>\n<p><span style=\"font-family: verdana, geneva, sans-serif; font-size: 12pt; color: #000000;\"><em>Mas acrescentaram que, se escolhesse o suic\u00eddio assistido, gastaria somente um d\u00f3lar e vinte centavos\u201d<\/em>, declarou ao Washington Times.<\/span><\/p><\/blockquote>\n<p><span style=\"font-family: verdana, geneva, sans-serif; font-size: 12pt; color: #000000;\"><br \/>\nEsses absurdos s\u00f3 s\u00e3o poss\u00edveis no atual mundo materialista, voltado contra o Criador de todas as coisas!<\/span><\/p>\n<p><span style=\"font-family: verdana, geneva, sans-serif; font-size: 12pt; color: #ffffff;\">.<\/span><br \/>\n<em><span style=\"font-family: verdana, geneva, sans-serif; font-size: 10pt; color: #000000;\">Fonte: ipco.org.br<\/span><\/em><\/p>\n<p style=\"text-align: center;\"><span style=\"font-family: verdana, geneva, sans-serif; font-size: 12pt; color: #ffffff;\">.<\/span><br \/>\n<span style=\"font-family: verdana, geneva, sans-serif; font-size: 12pt; color: #ffffff;\">.<\/span><br \/>\n<strong><span style=\"font-family: verdana, geneva, sans-serif; font-size: 12pt; color: #000000;\">*\u00a0 *\u00a0 *<\/span><\/strong><\/p>\n<p><span style=\"font-family: verdana, geneva, sans-serif; font-size: 12pt; color: #ffffff;\">.<\/span><br \/>\n<a href=\"https:\/\/adf.org.br\/minhaoferta\/?origem=6667\" target=\"_blank\" rel=\"noopener noreferrer\"><img loading=\"lazy\" class=\"aligncenter wp-image-47043 size-full\" title=\"bot\u00e3o sacolinha adf\" src=\"http:\/\/www.adf.org.br\/home\/wp-content\/uploads\/2018\/06\/bt_oferta_ADF-1-1-6.png\" alt=\"bt_oferta_ADF-1 (1)\" width=\"600\" height=\"190\" \/><\/a><\/p>\n","protected":false},"excerpt":{"rendered":"<p>Ultimamente t\u00eam sa\u00eddo not\u00edcias de suic\u00eddios de atores famosos e de pessoas do mundo das artes. Para n\u00e3o falar do n\u00famero sempre crescente de jovens em todo o mundo, principalmente no Jap\u00e3o.<\/p>\n","protected":false},"author":31,"featured_media":47045,"comment_status":"open","ping_status":"open","sticky":false,"template":"","format":"standard","meta":[],"categories":[20],"tags":[1349,95,1089,1818,657],"yoast_head":"<!-- This site is optimized with the Yoast SEO plugin v17.4 - https:\/\/yoast.com\/wordpress\/plugins\/seo\/ -->\n<title>&quot;Suic\u00eddio Assistido&quot;, mais uma barb\u00e1rie do &quot;Mundo Moderno&quot;.<\/title>\n<meta name=\"description\" content=\"&quot;Suic\u00eddio Assistido&quot;, mais uma barb\u00e1rie do &quot;Mundo Moderno&quot;.\" \/>\n<meta name=\"robots\" content=\"index, follow, max-snippet:-1, max-image-preview:large, max-video-preview:-1\" \/>\n<link rel=\"canonical\" href=\"https:\/\/www.adf.org.br\/home\/suicidio-uma-barbarie-mundo-moderno\/\" \/>\n<meta property=\"og:locale\" content=\"pt_BR\" \/>\n<meta property=\"og:type\" content=\"article\" \/>\n<meta property=\"og:title\" content=\"&quot;Suic\u00eddio Assistido&quot;, mais uma barb\u00e1rie do &quot;Mundo Moderno&quot;.\" \/>\n<meta property=\"og:description\" content=\"&quot;Suic\u00eddio Assistido&quot;, mais uma barb\u00e1rie do &quot;Mundo Moderno&quot;.\" \/>\n<meta property=\"og:url\" content=\"https:\/\/www.adf.org.br\/home\/suicidio-uma-barbarie-mundo-moderno\/\" \/>\n<meta property=\"og:site_name\" content=\"Associa\u00e7\u00e3o Devotos de F\u00e1tima\" \/>\n<meta property=\"article:published_time\" content=\"2018-07-04T03:00:35+00:00\" \/>\n<meta name=\"twitter:card\" content=\"summary_large_image\" \/>\n<meta name=\"twitter:label1\" content=\"Escrito por\" \/>\n\t<meta name=\"twitter:data1\" content=\"Gabriel Barbosa\" \/>\n\t<meta name=\"twitter:label2\" content=\"Est. tempo de leitura\" \/>\n\t<meta name=\"twitter:data2\" content=\"4 minutos\" \/>\n<script type=\"application\/ld+json\" class=\"yoast-schema-graph\">{\"@context\":\"https:\/\/schema.org\",\"@graph\":[{\"@type\":\"WebSite\",\"@id\":\"https:\/\/www.adf.org.br\/home\/#website\",\"url\":\"https:\/\/www.adf.org.br\/home\/\",\"name\":\"Associa\\u00e7\\u00e3o Devotos de F\\u00e1tima\",\"description\":\"Associa\\u00e7\\u00e3o Devotos de F\\u00e1tima\",\"potentialAction\":[{\"@type\":\"SearchAction\",\"target\":{\"@type\":\"EntryPoint\",\"urlTemplate\":\"https:\/\/www.adf.org.br\/home\/?s={search_term_string}\"},\"query-input\":\"required name=search_term_string\"}],\"inLanguage\":\"pt-BR\"},{\"@type\":\"ImageObject\",\"@id\":\"https:\/\/www.adf.org.br\/home\/suicidio-uma-barbarie-mundo-moderno\/#primaryimage\",\"inLanguage\":\"pt-BR\",\"url\":\"\",\"contentUrl\":\"\"},{\"@type\":\"WebPage\",\"@id\":\"https:\/\/www.adf.org.br\/home\/suicidio-uma-barbarie-mundo-moderno\/#webpage\",\"url\":\"https:\/\/www.adf.org.br\/home\/suicidio-uma-barbarie-mundo-moderno\/\",\"name\":\"\\\"Suic\\u00eddio Assistido\\\", mais uma barb\\u00e1rie do \\\"Mundo Moderno\\\".\",\"isPartOf\":{\"@id\":\"https:\/\/www.adf.org.br\/home\/#website\"},\"primaryImageOfPage\":{\"@id\":\"https:\/\/www.adf.org.br\/home\/suicidio-uma-barbarie-mundo-moderno\/#primaryimage\"},\"datePublished\":\"2018-07-04T03:00:35+00:00\",\"dateModified\":\"2018-07-04T03:00:35+00:00\",\"author\":{\"@id\":\"https:\/\/www.adf.org.br\/home\/#\/schema\/person\/f35a5c5aa7728a3dedf4ea9aa1fc2753\"},\"description\":\"\\\"Suic\\u00eddio Assistido\\\", mais uma barb\\u00e1rie do \\\"Mundo Moderno\\\".\",\"breadcrumb\":{\"@id\":\"https:\/\/www.adf.org.br\/home\/suicidio-uma-barbarie-mundo-moderno\/#breadcrumb\"},\"inLanguage\":\"pt-BR\",\"potentialAction\":[{\"@type\":\"ReadAction\",\"target\":[\"https:\/\/www.adf.org.br\/home\/suicidio-uma-barbarie-mundo-moderno\/\"]}]},{\"@type\":\"BreadcrumbList\",\"@id\":\"https:\/\/www.adf.org.br\/home\/suicidio-uma-barbarie-mundo-moderno\/#breadcrumb\",\"itemListElement\":[{\"@type\":\"ListItem\",\"position\":1,\"name\":\"Home\",\"item\":\"https:\/\/www.adf.org.br\/home\/\"},{\"@type\":\"ListItem\",\"position\":2,\"name\":\"&#8220;Suic\\u00eddio Assistido&#8221;, mais uma barb\\u00e1rie do &#8220;Mundo Moderno&#8221;.\"}]},{\"@type\":\"Person\",\"@id\":\"https:\/\/www.adf.org.br\/home\/#\/schema\/person\/f35a5c5aa7728a3dedf4ea9aa1fc2753\",\"name\":\"Gabriel Barbosa\",\"image\":{\"@type\":\"ImageObject\",\"@id\":\"https:\/\/www.adf.org.br\/home\/#personlogo\",\"inLanguage\":\"pt-BR\",\"url\":\"https:\/\/secure.gravatar.com\/avatar\/2b2cb2f4637682c5605e8d36818f51ef?s=96&d=mm&r=g\",\"contentUrl\":\"https:\/\/secure.gravatar.com\/avatar\/2b2cb2f4637682c5605e8d36818f51ef?s=96&d=mm&r=g\",\"caption\":\"Gabriel Barbosa\"},\"url\":\"https:\/\/www.adf.org.br\/home\/author\/gabrielpmk-com-br\/\"}]}<\/script>\n<!-- \/ Yoast SEO plugin. -->","yoast_head_json":{"title":"\"Suic\u00eddio Assistido\", mais uma barb\u00e1rie do \"Mundo Moderno\".","description":"\"Suic\u00eddio Assistido\", mais uma barb\u00e1rie do \"Mundo Moderno\".","robots":{"index":"index","follow":"follow","max-snippet":"max-snippet:-1","max-image-preview":"max-image-preview:large","max-video-preview":"max-video-preview:-1"},"canonical":"https:\/\/www.adf.org.br\/home\/suicidio-uma-barbarie-mundo-moderno\/","og_locale":"pt_BR","og_type":"article","og_title":"\"Suic\u00eddio Assistido\", mais uma barb\u00e1rie do \"Mundo Moderno\".","og_description":"\"Suic\u00eddio Assistido\", mais uma barb\u00e1rie do \"Mundo Moderno\".","og_url":"https:\/\/www.adf.org.br\/home\/suicidio-uma-barbarie-mundo-moderno\/","og_site_name":"Associa\u00e7\u00e3o Devotos de F\u00e1tima","article_published_time":"2018-07-04T03:00:35+00:00","twitter_card":"summary_large_image","twitter_misc":{"Escrito por":"Gabriel Barbosa","Est. tempo de leitura":"4 minutos"},"schema":{"@context":"https:\/\/schema.org","@graph":[{"@type":"WebSite","@id":"https:\/\/www.adf.org.br\/home\/#website","url":"https:\/\/www.adf.org.br\/home\/","name":"Associa\u00e7\u00e3o Devotos de F\u00e1tima","description":"Associa\u00e7\u00e3o Devotos de F\u00e1tima","potentialAction":[{"@type":"SearchAction","target":{"@type":"EntryPoint","urlTemplate":"https:\/\/www.adf.org.br\/home\/?s={search_term_string}"},"query-input":"required name=search_term_string"}],"inLanguage":"pt-BR"},{"@type":"ImageObject","@id":"https:\/\/www.adf.org.br\/home\/suicidio-uma-barbarie-mundo-moderno\/#primaryimage","inLanguage":"pt-BR","url":"","contentUrl":""},{"@type":"WebPage","@id":"https:\/\/www.adf.org.br\/home\/suicidio-uma-barbarie-mundo-moderno\/#webpage","url":"https:\/\/www.adf.org.br\/home\/suicidio-uma-barbarie-mundo-moderno\/","name":"\"Suic\u00eddio Assistido\", mais uma barb\u00e1rie do \"Mundo Moderno\".","isPartOf":{"@id":"https:\/\/www.adf.org.br\/home\/#website"},"primaryImageOfPage":{"@id":"https:\/\/www.adf.org.br\/home\/suicidio-uma-barbarie-mundo-moderno\/#primaryimage"},"datePublished":"2018-07-04T03:00:35+00:00","dateModified":"2018-07-04T03:00:35+00:00","author":{"@id":"https:\/\/www.adf.org.br\/home\/#\/schema\/person\/f35a5c5aa7728a3dedf4ea9aa1fc2753"},"description":"\"Suic\u00eddio Assistido\", mais uma barb\u00e1rie do \"Mundo Moderno\".","breadcrumb":{"@id":"https:\/\/www.adf.org.br\/home\/suicidio-uma-barbarie-mundo-moderno\/#breadcrumb"},"inLanguage":"pt-BR","potentialAction":[{"@type":"ReadAction","target":["https:\/\/www.adf.org.br\/home\/suicidio-uma-barbarie-mundo-moderno\/"]}]},{"@type":"BreadcrumbList","@id":"https:\/\/www.adf.org.br\/home\/suicidio-uma-barbarie-mundo-moderno\/#breadcrumb","itemListElement":[{"@type":"ListItem","position":1,"name":"Home","item":"https:\/\/www.adf.org.br\/home\/"},{"@type":"ListItem","position":2,"name":"&#8220;Suic\u00eddio Assistido&#8221;, mais uma barb\u00e1rie do &#8220;Mundo Moderno&#8221;."}]},{"@type":"Person","@id":"https:\/\/www.adf.org.br\/home\/#\/schema\/person\/f35a5c5aa7728a3dedf4ea9aa1fc2753","name":"Gabriel Barbosa","image":{"@type":"ImageObject","@id":"https:\/\/www.adf.org.br\/home\/#personlogo","inLanguage":"pt-BR","url":"https:\/\/secure.gravatar.com\/avatar\/2b2cb2f4637682c5605e8d36818f51ef?s=96&d=mm&r=g","contentUrl":"https:\/\/secure.gravatar.com\/avatar\/2b2cb2f4637682c5605e8d36818f51ef?s=96&d=mm&r=g","caption":"Gabriel Barbosa"},"url":"https:\/\/www.adf.org.br\/home\/author\/gabrielpmk-com-br\/"}]}},"_links":{"self":[{"href":"https:\/\/www.adf.org.br\/home\/wp-json\/wp\/v2\/posts\/47042"}],"collection":[{"href":"https:\/\/www.adf.org.br\/home\/wp-json\/wp\/v2\/posts"}],"about":[{"href":"https:\/\/www.adf.org.br\/home\/wp-json\/wp\/v2\/types\/post"}],"author":[{"embeddable":true,"href":"https:\/\/www.adf.org.br\/home\/wp-json\/wp\/v2\/users\/31"}],"replies":[{"embeddable":true,"href":"https:\/\/www.adf.org.br\/home\/wp-json\/wp\/v2\/comments?post=47042"}],"version-history":[{"count":0,"href":"https:\/\/www.adf.org.br\/home\/wp-json\/wp\/v2\/posts\/47042\/revisions"}],"wp:featuredmedia":[{"embeddable":true,"href":"https:\/\/www.adf.org.br\/home\/wp-json\/wp\/v2\/media\/47045"}],"wp:attachment":[{"href":"https:\/\/www.adf.org.br\/home\/wp-json\/wp\/v2\/media?parent=47042"}],"wp:term":[{"taxonomy":"category","embeddable":true,"href":"https:\/\/www.adf.org.br\/home\/wp-json\/wp\/v2\/categories?post=47042"},{"taxonomy":"post_tag","embeddable":true,"href":"https:\/\/www.adf.org.br\/home\/wp-json\/wp\/v2\/tags?post=47042"}],"curies":[{"name":"wp","href":"https:\/\/api.w.org\/{rel}","templated":true}]}}