{"id":47035,"date":"2018-07-03T00:00:52","date_gmt":"2018-07-03T03:00:52","guid":{"rendered":"http:\/\/www.adf.org.br\/home\/?p=47035"},"modified":"2018-07-03T00:00:52","modified_gmt":"2018-07-03T03:00:52","slug":"objecao-consciencia-contra-aborto","status":"publish","type":"post","link":"https:\/\/www.adf.org.br\/home\/objecao-consciencia-contra-aborto\/","title":{"rendered":"M\u00e9dicos fazem obje\u00e7\u00e3o de consci\u00eancia contra aborto na Argentina."},"content":{"rendered":"<figure id=\"attachment_47037\" aria-describedby=\"caption-attachment-47037\" style=\"width: 560px\" class=\"wp-caption aligncenter\"><img loading=\"lazy\" class=\"wp-image-47037\" title=\"Dr David Halac\" src=\"http:\/\/www.adf.org.br\/home\/wp-content\/uploads\/2018\/06\/dr-david-halac.jpg\" alt=\"Dr David Halac, com seus colegas de profiss\u00e3o em defesa da vida na Argentina.\" width=\"560\" height=\"316\" \/><figcaption id=\"caption-attachment-47037\" class=\"wp-caption-text\">Dr David Halac, com seus colegas de profiss\u00e3o em defesa da vida na Argentina.<\/figcaption><\/figure>\n<p style=\"padding-left: 90px;\"><span style=\"font-family: verdana, geneva, sans-serif; font-size: 12pt; color: #ffffff;\">.<\/span><br \/>\n<strong><span style=\"font-family: verdana, geneva, sans-serif; font-size: 12pt; color: #800080;\">Poucos dias ap\u00f3s a ado\u00e7\u00e3o do projeto de aborto na C\u00e2mara dos Deputados da Argentina, todos os m\u00e9dicos da Maternidade Neonatal do Hospital da Prov\u00edncia de Misiones, anunciaram invocar objec\u00e7\u00e3o de consci\u00eancia para n\u00e3o se envolver em tais pr\u00e1ticas.<\/span><\/strong><\/p>\n<p><span style=\"font-family: verdana, geneva, sans-serif; font-size: 12pt; color: #000000;\"><br \/>\n<span style=\"font-size: 14pt;\"><strong>A<\/strong><\/span>p\u00f3s 20 horas de discuss\u00e3o, o projeto de lei sobre o aborto foi aprovado com 129 votos a favor, 125 contra e uma absten\u00e7\u00e3o. Agora deve ser enviado para a C\u00e2mara do Senado para ser debatido.<\/span><\/p>\n<p><span style=\"font-family: verdana, geneva, sans-serif; font-size: 12pt; color: #000000;\">At\u00e9 agora, a iniciativa permite o aborto gratuito at\u00e9 a 14\u00ba semana de gravidez, e at\u00e9 nove meses de gravidez nas causas de estupro, risco de vida e sa\u00fade da m\u00e3e e inviabilidade fetal. <\/span><\/p>\n<p><span style=\"font-family: verdana, geneva, sans-serif; font-size: 12pt; color: #000000;\">O projeto de aborto permite que os profissionais se oponham \u00e0 consci\u00eancia de maneira &#8220;individual e escrita&#8221;. No entanto, n\u00e3o contempla a obje\u00e7\u00e3o institucional de consci\u00eancia.<\/span><\/p>\n<p><span style=\"font-family: verdana, geneva, sans-serif; font-size: 12pt; color: #000000;\">O gerente do centro de sa\u00fade, David Halac, confirmou a posi\u00e7\u00e3o em favor da vida dos m\u00e9dicos e disse que essa decis\u00e3o foi tomada h\u00e1 tr\u00eas anos quando o &#8220;protocolo de aborto n\u00e3o pun\u00edvel&#8221; entrou em vigor para casos de gravidez por estupro.<\/span><\/p>\n<p><span style=\"font-family: verdana, geneva, sans-serif; font-size: 12pt; color: #000000;\">Halac disse \u00e0 Radio Libertad de Posadas que o hospital \u00e9 regido por um protocolo estabelecido, para que eles saibam como agir e para onde encaminhar os casos. <\/span><\/p>\n<p><span style=\"font-family: verdana, geneva, sans-serif; font-size: 12pt; color: #000000;\">Mesmo assim, atualizar\u00e3o a lista de objetores para saber se algum dos profissionais mudou de posi\u00e7\u00e3o.<\/span><\/p>\n<p><span style=\"font-family: verdana, geneva, sans-serif; font-size: 12pt; color: #000000;\">Para o gerente de Maternidade Neonatal do Hospital, a pr\u00e1tica do aborto <strong>&#8220;\u00e9 controversa&#8221;<\/strong>, porque &#8220;somos um hospital que traz vida ao mundo que salva vidas, lutando para avan\u00e7ar com um feto de 700 gramas vivo e agora est\u00e3o pedindo para fazermos a curetagem.&#8221;<\/span><\/p>\n<p style=\"padding-left: 90px;\"><strong><span style=\"font-family: verdana, geneva, sans-serif; font-size: 12pt; color: #800080;\"><br \/>\n&#8220;N\u00e3o acho que no setor p\u00fablico haja muitos m\u00e9dicos dispostos a realizar essas pr\u00e1ticas.&#8221;<\/span><\/strong><\/p>\n<p><span style=\"font-family: verdana, geneva, sans-serif; font-size: 12pt; color: #000000;\"><br \/>\n&#8220;Eu entendo que temos que cumprir a lei, mas temos que ver como isso \u00e9 regulado&#8221;, acrescentou Halac. <\/span><\/p>\n<p><span style=\"font-family: verdana, geneva, sans-serif; font-size: 12pt; color: #000000;\">Al\u00e9m disso, o profissional disse que &#8220;muitos dos que falaram no Congresso deveriam ir a uma sala de cirurgia e ver como \u00e9 um aborto em uma gravidez de treze semanas e depois dizer&#8221;.<\/span><\/p>\n<p><span style=\"font-family: verdana, geneva, sans-serif; font-size: 12pt; color: #ffffff;\">.<\/span><br \/>\n<em><span style=\"font-family: verdana, geneva, sans-serif; font-size: 10pt; color: #000000;\">Fonte: Originalmente publicado pela ACI em espanhol, traduzido e adaptado.<\/span><\/em><\/p>\n<p style=\"text-align: center;\"><span style=\"font-family: verdana, geneva, sans-serif; font-size: 12pt; color: #ffffff;\">.<\/span><br \/>\n<span style=\"font-family: verdana, geneva, sans-serif; font-size: 12pt; color: #ffffff;\">.<\/span><br \/>\n<strong><span style=\"font-family: verdana, geneva, sans-serif; font-size: 12pt; color: #000000;\">*\u00a0 *\u00a0 *<\/span><\/strong><\/p>\n<p><span style=\"font-family: verdana, geneva, sans-serif; font-size: 12pt; color: #ffffff;\">.<\/span><br \/>\n<a href=\"https:\/\/adf.org.br\/minhaoferta\/?origem=6667\" target=\"_blank\" rel=\"noopener noreferrer\"><img loading=\"lazy\" class=\"aligncenter wp-image-47036 size-full\" title=\"bot\u00e3o sacolinha adf\" src=\"http:\/\/www.adf.org.br\/home\/wp-content\/uploads\/2018\/06\/bt_oferta_ADF-3-1-2.png\" alt=\"bt_oferta_ADF-3 (1)\" width=\"600\" height=\"190\" \/><\/a><\/p>\n","protected":false},"excerpt":{"rendered":"<p>Poucos dias ap\u00f3s a ado\u00e7\u00e3o do projeto de aborto na C\u00e2mara dos Deputados da Argentina, todos os m\u00e9dicos da Maternidade Neonatal do Hospital da Prov\u00edncia de Misiones, anunciaram invocar objec\u00e7\u00e3o de consci\u00eancia para n\u00e3o se envolver em tais pr\u00e1ticas.<\/p>\n","protected":false},"author":31,"featured_media":47038,"comment_status":"open","ping_status":"open","sticky":false,"template":"","format":"standard","meta":[],"categories":[20],"tags":[436,47,1862,261,380],"yoast_head":"<!-- This site is optimized with the Yoast SEO plugin v17.4 - https:\/\/yoast.com\/wordpress\/plugins\/seo\/ -->\n<title>M\u00e9dicos fazem obje\u00e7\u00e3o de consci\u00eancia contra aborto na Argentina.<\/title>\n<meta name=\"description\" content=\"M\u00e9dicos fazem obje\u00e7\u00e3o de consci\u00eancia contra aborto na Argentina.\" \/>\n<meta name=\"robots\" content=\"index, follow, max-snippet:-1, max-image-preview:large, max-video-preview:-1\" \/>\n<link rel=\"canonical\" href=\"https:\/\/www.adf.org.br\/home\/objecao-consciencia-contra-aborto\/\" \/>\n<meta property=\"og:locale\" content=\"pt_BR\" \/>\n<meta property=\"og:type\" content=\"article\" \/>\n<meta property=\"og:title\" content=\"M\u00e9dicos fazem obje\u00e7\u00e3o de consci\u00eancia contra aborto na Argentina.\" \/>\n<meta property=\"og:description\" content=\"M\u00e9dicos fazem obje\u00e7\u00e3o de consci\u00eancia contra aborto na Argentina.\" \/>\n<meta property=\"og:url\" content=\"https:\/\/www.adf.org.br\/home\/objecao-consciencia-contra-aborto\/\" \/>\n<meta property=\"og:site_name\" content=\"Associa\u00e7\u00e3o Devotos de F\u00e1tima\" \/>\n<meta property=\"article:published_time\" content=\"2018-07-03T03:00:52+00:00\" \/>\n<meta name=\"twitter:card\" content=\"summary_large_image\" \/>\n<meta name=\"twitter:label1\" content=\"Escrito por\" \/>\n\t<meta name=\"twitter:data1\" content=\"Gabriel Barbosa\" \/>\n\t<meta name=\"twitter:label2\" content=\"Est. tempo de leitura\" \/>\n\t<meta name=\"twitter:data2\" content=\"2 minutos\" \/>\n<script type=\"application\/ld+json\" class=\"yoast-schema-graph\">{\"@context\":\"https:\/\/schema.org\",\"@graph\":[{\"@type\":\"WebSite\",\"@id\":\"https:\/\/www.adf.org.br\/home\/#website\",\"url\":\"https:\/\/www.adf.org.br\/home\/\",\"name\":\"Associa\\u00e7\\u00e3o Devotos de F\\u00e1tima\",\"description\":\"Associa\\u00e7\\u00e3o Devotos de F\\u00e1tima\",\"potentialAction\":[{\"@type\":\"SearchAction\",\"target\":{\"@type\":\"EntryPoint\",\"urlTemplate\":\"https:\/\/www.adf.org.br\/home\/?s={search_term_string}\"},\"query-input\":\"required name=search_term_string\"}],\"inLanguage\":\"pt-BR\"},{\"@type\":\"ImageObject\",\"@id\":\"https:\/\/www.adf.org.br\/home\/objecao-consciencia-contra-aborto\/#primaryimage\",\"inLanguage\":\"pt-BR\",\"url\":\"\",\"contentUrl\":\"\"},{\"@type\":\"WebPage\",\"@id\":\"https:\/\/www.adf.org.br\/home\/objecao-consciencia-contra-aborto\/#webpage\",\"url\":\"https:\/\/www.adf.org.br\/home\/objecao-consciencia-contra-aborto\/\",\"name\":\"M\\u00e9dicos fazem obje\\u00e7\\u00e3o de consci\\u00eancia contra aborto na Argentina.\",\"isPartOf\":{\"@id\":\"https:\/\/www.adf.org.br\/home\/#website\"},\"primaryImageOfPage\":{\"@id\":\"https:\/\/www.adf.org.br\/home\/objecao-consciencia-contra-aborto\/#primaryimage\"},\"datePublished\":\"2018-07-03T03:00:52+00:00\",\"dateModified\":\"2018-07-03T03:00:52+00:00\",\"author\":{\"@id\":\"https:\/\/www.adf.org.br\/home\/#\/schema\/person\/f35a5c5aa7728a3dedf4ea9aa1fc2753\"},\"description\":\"M\\u00e9dicos fazem obje\\u00e7\\u00e3o de consci\\u00eancia contra aborto na Argentina.\",\"breadcrumb\":{\"@id\":\"https:\/\/www.adf.org.br\/home\/objecao-consciencia-contra-aborto\/#breadcrumb\"},\"inLanguage\":\"pt-BR\",\"potentialAction\":[{\"@type\":\"ReadAction\",\"target\":[\"https:\/\/www.adf.org.br\/home\/objecao-consciencia-contra-aborto\/\"]}]},{\"@type\":\"BreadcrumbList\",\"@id\":\"https:\/\/www.adf.org.br\/home\/objecao-consciencia-contra-aborto\/#breadcrumb\",\"itemListElement\":[{\"@type\":\"ListItem\",\"position\":1,\"name\":\"Home\",\"item\":\"https:\/\/www.adf.org.br\/home\/\"},{\"@type\":\"ListItem\",\"position\":2,\"name\":\"M\\u00e9dicos fazem obje\\u00e7\\u00e3o de consci\\u00eancia contra aborto na Argentina.\"}]},{\"@type\":\"Person\",\"@id\":\"https:\/\/www.adf.org.br\/home\/#\/schema\/person\/f35a5c5aa7728a3dedf4ea9aa1fc2753\",\"name\":\"Gabriel Barbosa\",\"image\":{\"@type\":\"ImageObject\",\"@id\":\"https:\/\/www.adf.org.br\/home\/#personlogo\",\"inLanguage\":\"pt-BR\",\"url\":\"https:\/\/secure.gravatar.com\/avatar\/2b2cb2f4637682c5605e8d36818f51ef?s=96&d=mm&r=g\",\"contentUrl\":\"https:\/\/secure.gravatar.com\/avatar\/2b2cb2f4637682c5605e8d36818f51ef?s=96&d=mm&r=g\",\"caption\":\"Gabriel Barbosa\"},\"url\":\"https:\/\/www.adf.org.br\/home\/author\/gabrielpmk-com-br\/\"}]}<\/script>\n<!-- \/ Yoast SEO plugin. -->","yoast_head_json":{"title":"M\u00e9dicos fazem obje\u00e7\u00e3o de consci\u00eancia contra aborto na Argentina.","description":"M\u00e9dicos fazem obje\u00e7\u00e3o de consci\u00eancia contra aborto na Argentina.","robots":{"index":"index","follow":"follow","max-snippet":"max-snippet:-1","max-image-preview":"max-image-preview:large","max-video-preview":"max-video-preview:-1"},"canonical":"https:\/\/www.adf.org.br\/home\/objecao-consciencia-contra-aborto\/","og_locale":"pt_BR","og_type":"article","og_title":"M\u00e9dicos fazem obje\u00e7\u00e3o de consci\u00eancia contra aborto na Argentina.","og_description":"M\u00e9dicos fazem obje\u00e7\u00e3o de consci\u00eancia contra aborto na Argentina.","og_url":"https:\/\/www.adf.org.br\/home\/objecao-consciencia-contra-aborto\/","og_site_name":"Associa\u00e7\u00e3o Devotos de F\u00e1tima","article_published_time":"2018-07-03T03:00:52+00:00","twitter_card":"summary_large_image","twitter_misc":{"Escrito por":"Gabriel Barbosa","Est. tempo de leitura":"2 minutos"},"schema":{"@context":"https:\/\/schema.org","@graph":[{"@type":"WebSite","@id":"https:\/\/www.adf.org.br\/home\/#website","url":"https:\/\/www.adf.org.br\/home\/","name":"Associa\u00e7\u00e3o Devotos de F\u00e1tima","description":"Associa\u00e7\u00e3o Devotos de F\u00e1tima","potentialAction":[{"@type":"SearchAction","target":{"@type":"EntryPoint","urlTemplate":"https:\/\/www.adf.org.br\/home\/?s={search_term_string}"},"query-input":"required name=search_term_string"}],"inLanguage":"pt-BR"},{"@type":"ImageObject","@id":"https:\/\/www.adf.org.br\/home\/objecao-consciencia-contra-aborto\/#primaryimage","inLanguage":"pt-BR","url":"","contentUrl":""},{"@type":"WebPage","@id":"https:\/\/www.adf.org.br\/home\/objecao-consciencia-contra-aborto\/#webpage","url":"https:\/\/www.adf.org.br\/home\/objecao-consciencia-contra-aborto\/","name":"M\u00e9dicos fazem obje\u00e7\u00e3o de consci\u00eancia contra aborto na Argentina.","isPartOf":{"@id":"https:\/\/www.adf.org.br\/home\/#website"},"primaryImageOfPage":{"@id":"https:\/\/www.adf.org.br\/home\/objecao-consciencia-contra-aborto\/#primaryimage"},"datePublished":"2018-07-03T03:00:52+00:00","dateModified":"2018-07-03T03:00:52+00:00","author":{"@id":"https:\/\/www.adf.org.br\/home\/#\/schema\/person\/f35a5c5aa7728a3dedf4ea9aa1fc2753"},"description":"M\u00e9dicos fazem obje\u00e7\u00e3o de consci\u00eancia contra aborto na Argentina.","breadcrumb":{"@id":"https:\/\/www.adf.org.br\/home\/objecao-consciencia-contra-aborto\/#breadcrumb"},"inLanguage":"pt-BR","potentialAction":[{"@type":"ReadAction","target":["https:\/\/www.adf.org.br\/home\/objecao-consciencia-contra-aborto\/"]}]},{"@type":"BreadcrumbList","@id":"https:\/\/www.adf.org.br\/home\/objecao-consciencia-contra-aborto\/#breadcrumb","itemListElement":[{"@type":"ListItem","position":1,"name":"Home","item":"https:\/\/www.adf.org.br\/home\/"},{"@type":"ListItem","position":2,"name":"M\u00e9dicos fazem obje\u00e7\u00e3o de consci\u00eancia contra aborto na Argentina."}]},{"@type":"Person","@id":"https:\/\/www.adf.org.br\/home\/#\/schema\/person\/f35a5c5aa7728a3dedf4ea9aa1fc2753","name":"Gabriel Barbosa","image":{"@type":"ImageObject","@id":"https:\/\/www.adf.org.br\/home\/#personlogo","inLanguage":"pt-BR","url":"https:\/\/secure.gravatar.com\/avatar\/2b2cb2f4637682c5605e8d36818f51ef?s=96&d=mm&r=g","contentUrl":"https:\/\/secure.gravatar.com\/avatar\/2b2cb2f4637682c5605e8d36818f51ef?s=96&d=mm&r=g","caption":"Gabriel Barbosa"},"url":"https:\/\/www.adf.org.br\/home\/author\/gabrielpmk-com-br\/"}]}},"_links":{"self":[{"href":"https:\/\/www.adf.org.br\/home\/wp-json\/wp\/v2\/posts\/47035"}],"collection":[{"href":"https:\/\/www.adf.org.br\/home\/wp-json\/wp\/v2\/posts"}],"about":[{"href":"https:\/\/www.adf.org.br\/home\/wp-json\/wp\/v2\/types\/post"}],"author":[{"embeddable":true,"href":"https:\/\/www.adf.org.br\/home\/wp-json\/wp\/v2\/users\/31"}],"replies":[{"embeddable":true,"href":"https:\/\/www.adf.org.br\/home\/wp-json\/wp\/v2\/comments?post=47035"}],"version-history":[{"count":0,"href":"https:\/\/www.adf.org.br\/home\/wp-json\/wp\/v2\/posts\/47035\/revisions"}],"wp:featuredmedia":[{"embeddable":true,"href":"https:\/\/www.adf.org.br\/home\/wp-json\/wp\/v2\/media\/47038"}],"wp:attachment":[{"href":"https:\/\/www.adf.org.br\/home\/wp-json\/wp\/v2\/media?parent=47035"}],"wp:term":[{"taxonomy":"category","embeddable":true,"href":"https:\/\/www.adf.org.br\/home\/wp-json\/wp\/v2\/categories?post=47035"},{"taxonomy":"post_tag","embeddable":true,"href":"https:\/\/www.adf.org.br\/home\/wp-json\/wp\/v2\/tags?post=47035"}],"curies":[{"name":"wp","href":"https:\/\/api.w.org\/{rel}","templated":true}]}}