{"id":47030,"date":"2018-07-02T00:00:42","date_gmt":"2018-07-02T03:00:42","guid":{"rendered":"http:\/\/www.adf.org.br\/home\/?p=47030"},"modified":"2018-07-02T00:00:42","modified_gmt":"2018-07-02T03:00:42","slug":"treinador-participante-da-copa-revela-devocao-senhora-de-fatima","status":"publish","type":"post","link":"https:\/\/www.adf.org.br\/home\/treinador-participante-da-copa-revela-devocao-senhora-de-fatima\/","title":{"rendered":"Treinador de sele\u00e7\u00e3o participante da Copa revela devo\u00e7\u00e3o \u00e0 Nossa Senhora de F\u00e1tima!"},"content":{"rendered":"<figure id=\"attachment_47032\" aria-describedby=\"caption-attachment-47032\" style=\"width: 560px\" class=\"wp-caption aligncenter\"><img loading=\"lazy\" class=\"wp-image-47032\" title=\"Fernando Santos\" src=\"http:\/\/www.adf.org.br\/home\/wp-content\/uploads\/2018\/06\/tecnico-portugal.jpg\" alt=\"Fernando Santos t\u00e9cnico da sele\u00e7\u00e3o portuguesa\" width=\"560\" height=\"315\" \/><figcaption id=\"caption-attachment-47032\" class=\"wp-caption-text\">Fernando Santos<\/figcaption><\/figure>\n<p style=\"padding-left: 90px;\"><span style=\"font-family: verdana, geneva, sans-serif; font-size: 12pt; color: #ffffff;\">.<\/span><br \/>\n<strong><span style=\"font-family: verdana, geneva, sans-serif; font-size: 12pt; color: #800080;\">Fernando Santos, treinador da sele\u00e7\u00e3o de Portugal que participa da Ta\u00e7a do Mundo de Futebol de 2018, disse que \u00e9 um devoto da Virgem de F\u00e1tima e procura fazer o que Nosso Senhor lhe pede.<\/span><\/strong><\/p>\n<p><span style=\"font-family: verdana, geneva, sans-serif; font-size: 12pt; color: #000000;\"><br \/>\n<span style=\"font-size: 14pt;\"><strong>I<\/strong><\/span>sto foi indicado pelo diretor t\u00e9cnico do atual campe\u00e3o do Campeonato Europeu, que come\u00e7ou sua participa\u00e7\u00e3o na R\u00fassia na sexta-feira 15 contra a sele\u00e7\u00e3o espanhola.<\/span><\/p>\n<p><span style=\"font-family: verdana, geneva, sans-serif; font-size: 12pt; color: #000000;\">Em entrevista \u00e0 revista da Igreja Viva da arquidiocese portuguesa de Braga, o treinador relembra que, quando crian\u00e7a, visitava o Santu\u00e1rio de F\u00e1tima duas vezes por ano.<\/span><\/p>\n<p><span style=\"font-family: verdana, geneva, sans-serif; font-size: 12pt; color: #000000;\"> &#8220;Eu sempre tive esse relacionamento. Eu estava crescendo em meu relacionamento com Deus, entre casamentos, batismos e na Cova de Iria tudo foi mantido &#8220;, disse ele.<\/span><\/p>\n<p><span style=\"font-family: verdana, geneva, sans-serif; font-size: 12pt; color: #000000;\"> Assim, as suas visitas constantes ao santu\u00e1rio mariano levaram-no a ser &#8220;um devoto de F\u00e1tima, acima de tudo um devoto do sil\u00eancio&#8221;.<\/span><\/p>\n<p><span style=\"font-family: verdana, geneva, sans-serif; font-size: 12pt; color: #000000;\">Fernando Santos tamb\u00e9m contou como sua f\u00e9 evoluiu, como ele fez quando entendeu a realidade do pecado gra\u00e7as \u00e0 conversa com um padre.<\/span><\/p>\n<p><span style=\"font-family: verdana, geneva, sans-serif; font-size: 12pt; color: #000000;\"> Depois do di\u00e1logo, ele recebeu o sacramento da Confiss\u00e3o e o perd\u00e3o dos pecados. <\/span><\/p>\n<p><span style=\"font-family: verdana, geneva, sans-serif; font-size: 12pt; color: #000000;\">&#8220;Eu tenho a no\u00e7\u00e3o exata de que meu testemunho neste momento \u00e9 uma grande responsabilidade. <\/span><\/p>\n<p><span style=\"font-family: verdana, geneva, sans-serif; font-size: 12pt; color: #000000;\">Estou feliz por ter essa responsabilidade, n\u00e3o quero sentir-me presun\u00e7oso, e essa \u00e9 a minha luta constante &#8220;, afirmou o treinador de Portugal.<\/span><\/p>\n<p><span style=\"font-family: verdana, geneva, sans-serif; font-size: 12pt; color: #ffffff;\">.<\/span><br \/>\n<em><span style=\"font-family: verdana, geneva, sans-serif; font-size: 10pt; color: #000000;\">Fonte: Traduzido e adaptado. Originalmente publicado na ACI Digital.<\/span><\/em><\/p>\n<h5 style=\"text-align: center;\"><span style=\"font-family: verdana, geneva, sans-serif; font-size: 12pt; color: #ffffff;\">.<\/span><br \/>\n<span style=\"font-family: verdana, geneva, sans-serif; font-size: 12pt; color: #ffffff;\">.<\/span><br \/>\n<strong><span style=\"font-family: verdana, geneva, sans-serif; font-size: 12pt; color: #000000;\">*\u00a0 *\u00a0 *<\/span><\/strong><\/h5>\n<p><span style=\"font-family: verdana, geneva, sans-serif; font-size: 12pt; color: #ffffff;\">.<\/span><br \/>\n<a href=\"https:\/\/adf.org.br\/minhaoferta\/?origem=6667\" target=\"_blank\" rel=\"noopener noreferrer\"><img loading=\"lazy\" class=\"aligncenter wp-image-47031 size-full\" title=\"bot\u00e3o sacolinha adf\" src=\"http:\/\/www.adf.org.br\/home\/wp-content\/uploads\/2018\/06\/bt_oferta_ADF-1-1-5.png\" alt=\"bt_oferta_ADF-1 (1)\" width=\"600\" height=\"190\" \/><\/a><\/p>\n","protected":false},"excerpt":{"rendered":"<p>Fernando Santos, treinador da sele\u00e7\u00e3o de Portugal que participa da Ta\u00e7a do Mundo de Futebol de 2018, disse que \u00e9 um devoto da Virgem de F\u00e1tima e procura fazer o que Nosso Senhor lhe pede.<\/p>\n","protected":false},"author":31,"featured_media":47033,"comment_status":"open","ping_status":"open","sticky":false,"template":"","format":"standard","meta":[],"categories":[20],"tags":[1976,186,2254],"yoast_head":"<!-- This site is optimized with the Yoast SEO plugin v17.4 - https:\/\/yoast.com\/wordpress\/plugins\/seo\/ -->\n<title>Treinador de sele\u00e7\u00e3o participante da Copa revela devo\u00e7\u00e3o \u00e0 Virgem de F\u00e1tima!<\/title>\n<meta name=\"description\" content=\"Treinador de sele\u00e7\u00e3o participante da Copa revela devo\u00e7\u00e3o \u00e0 Nossa Senhora de F\u00e1tima!\" \/>\n<meta name=\"robots\" content=\"index, follow, max-snippet:-1, max-image-preview:large, max-video-preview:-1\" \/>\n<link rel=\"canonical\" href=\"https:\/\/www.adf.org.br\/home\/treinador-participante-da-copa-revela-devocao-senhora-de-fatima\/\" \/>\n<meta property=\"og:locale\" content=\"pt_BR\" \/>\n<meta property=\"og:type\" content=\"article\" \/>\n<meta property=\"og:title\" content=\"Treinador de sele\u00e7\u00e3o participante da Copa revela devo\u00e7\u00e3o \u00e0 Virgem de F\u00e1tima!\" \/>\n<meta property=\"og:description\" content=\"Treinador de sele\u00e7\u00e3o participante da Copa revela devo\u00e7\u00e3o \u00e0 Nossa Senhora de F\u00e1tima!\" \/>\n<meta property=\"og:url\" content=\"https:\/\/www.adf.org.br\/home\/treinador-participante-da-copa-revela-devocao-senhora-de-fatima\/\" \/>\n<meta property=\"og:site_name\" content=\"Associa\u00e7\u00e3o Devotos de F\u00e1tima\" \/>\n<meta property=\"article:published_time\" content=\"2018-07-02T03:00:42+00:00\" \/>\n<meta name=\"twitter:card\" content=\"summary_large_image\" \/>\n<meta name=\"twitter:label1\" content=\"Escrito por\" \/>\n\t<meta name=\"twitter:data1\" content=\"Gabriel Barbosa\" \/>\n\t<meta name=\"twitter:label2\" content=\"Est. tempo de leitura\" \/>\n\t<meta name=\"twitter:data2\" content=\"1 minuto\" \/>\n<script type=\"application\/ld+json\" class=\"yoast-schema-graph\">{\"@context\":\"https:\/\/schema.org\",\"@graph\":[{\"@type\":\"WebSite\",\"@id\":\"https:\/\/www.adf.org.br\/home\/#website\",\"url\":\"https:\/\/www.adf.org.br\/home\/\",\"name\":\"Associa\\u00e7\\u00e3o Devotos de F\\u00e1tima\",\"description\":\"Associa\\u00e7\\u00e3o Devotos de F\\u00e1tima\",\"potentialAction\":[{\"@type\":\"SearchAction\",\"target\":{\"@type\":\"EntryPoint\",\"urlTemplate\":\"https:\/\/www.adf.org.br\/home\/?s={search_term_string}\"},\"query-input\":\"required name=search_term_string\"}],\"inLanguage\":\"pt-BR\"},{\"@type\":\"ImageObject\",\"@id\":\"https:\/\/www.adf.org.br\/home\/treinador-participante-da-copa-revela-devocao-senhora-de-fatima\/#primaryimage\",\"inLanguage\":\"pt-BR\",\"url\":\"\",\"contentUrl\":\"\"},{\"@type\":\"WebPage\",\"@id\":\"https:\/\/www.adf.org.br\/home\/treinador-participante-da-copa-revela-devocao-senhora-de-fatima\/#webpage\",\"url\":\"https:\/\/www.adf.org.br\/home\/treinador-participante-da-copa-revela-devocao-senhora-de-fatima\/\",\"name\":\"Treinador de sele\\u00e7\\u00e3o participante da Copa revela devo\\u00e7\\u00e3o \\u00e0 Virgem de F\\u00e1tima!\",\"isPartOf\":{\"@id\":\"https:\/\/www.adf.org.br\/home\/#website\"},\"primaryImageOfPage\":{\"@id\":\"https:\/\/www.adf.org.br\/home\/treinador-participante-da-copa-revela-devocao-senhora-de-fatima\/#primaryimage\"},\"datePublished\":\"2018-07-02T03:00:42+00:00\",\"dateModified\":\"2018-07-02T03:00:42+00:00\",\"author\":{\"@id\":\"https:\/\/www.adf.org.br\/home\/#\/schema\/person\/f35a5c5aa7728a3dedf4ea9aa1fc2753\"},\"description\":\"Treinador de sele\\u00e7\\u00e3o participante da Copa revela devo\\u00e7\\u00e3o \\u00e0 Nossa Senhora de F\\u00e1tima!\",\"breadcrumb\":{\"@id\":\"https:\/\/www.adf.org.br\/home\/treinador-participante-da-copa-revela-devocao-senhora-de-fatima\/#breadcrumb\"},\"inLanguage\":\"pt-BR\",\"potentialAction\":[{\"@type\":\"ReadAction\",\"target\":[\"https:\/\/www.adf.org.br\/home\/treinador-participante-da-copa-revela-devocao-senhora-de-fatima\/\"]}]},{\"@type\":\"BreadcrumbList\",\"@id\":\"https:\/\/www.adf.org.br\/home\/treinador-participante-da-copa-revela-devocao-senhora-de-fatima\/#breadcrumb\",\"itemListElement\":[{\"@type\":\"ListItem\",\"position\":1,\"name\":\"Home\",\"item\":\"https:\/\/www.adf.org.br\/home\/\"},{\"@type\":\"ListItem\",\"position\":2,\"name\":\"Treinador de sele\\u00e7\\u00e3o participante da Copa revela devo\\u00e7\\u00e3o \\u00e0 Nossa Senhora de F\\u00e1tima!\"}]},{\"@type\":\"Person\",\"@id\":\"https:\/\/www.adf.org.br\/home\/#\/schema\/person\/f35a5c5aa7728a3dedf4ea9aa1fc2753\",\"name\":\"Gabriel Barbosa\",\"image\":{\"@type\":\"ImageObject\",\"@id\":\"https:\/\/www.adf.org.br\/home\/#personlogo\",\"inLanguage\":\"pt-BR\",\"url\":\"https:\/\/secure.gravatar.com\/avatar\/2b2cb2f4637682c5605e8d36818f51ef?s=96&d=mm&r=g\",\"contentUrl\":\"https:\/\/secure.gravatar.com\/avatar\/2b2cb2f4637682c5605e8d36818f51ef?s=96&d=mm&r=g\",\"caption\":\"Gabriel Barbosa\"},\"url\":\"https:\/\/www.adf.org.br\/home\/author\/gabrielpmk-com-br\/\"}]}<\/script>\n<!-- \/ Yoast SEO plugin. -->","yoast_head_json":{"title":"Treinador de sele\u00e7\u00e3o participante da Copa revela devo\u00e7\u00e3o \u00e0 Virgem de F\u00e1tima!","description":"Treinador de sele\u00e7\u00e3o participante da Copa revela devo\u00e7\u00e3o \u00e0 Nossa Senhora de F\u00e1tima!","robots":{"index":"index","follow":"follow","max-snippet":"max-snippet:-1","max-image-preview":"max-image-preview:large","max-video-preview":"max-video-preview:-1"},"canonical":"https:\/\/www.adf.org.br\/home\/treinador-participante-da-copa-revela-devocao-senhora-de-fatima\/","og_locale":"pt_BR","og_type":"article","og_title":"Treinador de sele\u00e7\u00e3o participante da Copa revela devo\u00e7\u00e3o \u00e0 Virgem de F\u00e1tima!","og_description":"Treinador de sele\u00e7\u00e3o participante da Copa revela devo\u00e7\u00e3o \u00e0 Nossa Senhora de F\u00e1tima!","og_url":"https:\/\/www.adf.org.br\/home\/treinador-participante-da-copa-revela-devocao-senhora-de-fatima\/","og_site_name":"Associa\u00e7\u00e3o Devotos de F\u00e1tima","article_published_time":"2018-07-02T03:00:42+00:00","twitter_card":"summary_large_image","twitter_misc":{"Escrito por":"Gabriel Barbosa","Est. tempo de leitura":"1 minuto"},"schema":{"@context":"https:\/\/schema.org","@graph":[{"@type":"WebSite","@id":"https:\/\/www.adf.org.br\/home\/#website","url":"https:\/\/www.adf.org.br\/home\/","name":"Associa\u00e7\u00e3o Devotos de F\u00e1tima","description":"Associa\u00e7\u00e3o Devotos de F\u00e1tima","potentialAction":[{"@type":"SearchAction","target":{"@type":"EntryPoint","urlTemplate":"https:\/\/www.adf.org.br\/home\/?s={search_term_string}"},"query-input":"required name=search_term_string"}],"inLanguage":"pt-BR"},{"@type":"ImageObject","@id":"https:\/\/www.adf.org.br\/home\/treinador-participante-da-copa-revela-devocao-senhora-de-fatima\/#primaryimage","inLanguage":"pt-BR","url":"","contentUrl":""},{"@type":"WebPage","@id":"https:\/\/www.adf.org.br\/home\/treinador-participante-da-copa-revela-devocao-senhora-de-fatima\/#webpage","url":"https:\/\/www.adf.org.br\/home\/treinador-participante-da-copa-revela-devocao-senhora-de-fatima\/","name":"Treinador de sele\u00e7\u00e3o participante da Copa revela devo\u00e7\u00e3o \u00e0 Virgem de F\u00e1tima!","isPartOf":{"@id":"https:\/\/www.adf.org.br\/home\/#website"},"primaryImageOfPage":{"@id":"https:\/\/www.adf.org.br\/home\/treinador-participante-da-copa-revela-devocao-senhora-de-fatima\/#primaryimage"},"datePublished":"2018-07-02T03:00:42+00:00","dateModified":"2018-07-02T03:00:42+00:00","author":{"@id":"https:\/\/www.adf.org.br\/home\/#\/schema\/person\/f35a5c5aa7728a3dedf4ea9aa1fc2753"},"description":"Treinador de sele\u00e7\u00e3o participante da Copa revela devo\u00e7\u00e3o \u00e0 Nossa Senhora de F\u00e1tima!","breadcrumb":{"@id":"https:\/\/www.adf.org.br\/home\/treinador-participante-da-copa-revela-devocao-senhora-de-fatima\/#breadcrumb"},"inLanguage":"pt-BR","potentialAction":[{"@type":"ReadAction","target":["https:\/\/www.adf.org.br\/home\/treinador-participante-da-copa-revela-devocao-senhora-de-fatima\/"]}]},{"@type":"BreadcrumbList","@id":"https:\/\/www.adf.org.br\/home\/treinador-participante-da-copa-revela-devocao-senhora-de-fatima\/#breadcrumb","itemListElement":[{"@type":"ListItem","position":1,"name":"Home","item":"https:\/\/www.adf.org.br\/home\/"},{"@type":"ListItem","position":2,"name":"Treinador de sele\u00e7\u00e3o participante da Copa revela devo\u00e7\u00e3o \u00e0 Nossa Senhora de F\u00e1tima!"}]},{"@type":"Person","@id":"https:\/\/www.adf.org.br\/home\/#\/schema\/person\/f35a5c5aa7728a3dedf4ea9aa1fc2753","name":"Gabriel Barbosa","image":{"@type":"ImageObject","@id":"https:\/\/www.adf.org.br\/home\/#personlogo","inLanguage":"pt-BR","url":"https:\/\/secure.gravatar.com\/avatar\/2b2cb2f4637682c5605e8d36818f51ef?s=96&d=mm&r=g","contentUrl":"https:\/\/secure.gravatar.com\/avatar\/2b2cb2f4637682c5605e8d36818f51ef?s=96&d=mm&r=g","caption":"Gabriel Barbosa"},"url":"https:\/\/www.adf.org.br\/home\/author\/gabrielpmk-com-br\/"}]}},"_links":{"self":[{"href":"https:\/\/www.adf.org.br\/home\/wp-json\/wp\/v2\/posts\/47030"}],"collection":[{"href":"https:\/\/www.adf.org.br\/home\/wp-json\/wp\/v2\/posts"}],"about":[{"href":"https:\/\/www.adf.org.br\/home\/wp-json\/wp\/v2\/types\/post"}],"author":[{"embeddable":true,"href":"https:\/\/www.adf.org.br\/home\/wp-json\/wp\/v2\/users\/31"}],"replies":[{"embeddable":true,"href":"https:\/\/www.adf.org.br\/home\/wp-json\/wp\/v2\/comments?post=47030"}],"version-history":[{"count":0,"href":"https:\/\/www.adf.org.br\/home\/wp-json\/wp\/v2\/posts\/47030\/revisions"}],"wp:featuredmedia":[{"embeddable":true,"href":"https:\/\/www.adf.org.br\/home\/wp-json\/wp\/v2\/media\/47033"}],"wp:attachment":[{"href":"https:\/\/www.adf.org.br\/home\/wp-json\/wp\/v2\/media?parent=47030"}],"wp:term":[{"taxonomy":"category","embeddable":true,"href":"https:\/\/www.adf.org.br\/home\/wp-json\/wp\/v2\/categories?post=47030"},{"taxonomy":"post_tag","embeddable":true,"href":"https:\/\/www.adf.org.br\/home\/wp-json\/wp\/v2\/tags?post=47030"}],"curies":[{"name":"wp","href":"https:\/\/api.w.org\/{rel}","templated":true}]}}