{"id":46810,"date":"2018-05-28T00:00:21","date_gmt":"2018-05-28T03:00:21","guid":{"rendered":"http:\/\/www.adf.org.br\/home\/?p=46810"},"modified":"2018-05-28T00:00:21","modified_gmt":"2018-05-28T03:00:21","slug":"nossa-senhora-da-saudade","status":"publish","type":"post","link":"https:\/\/www.adf.org.br\/home\/nossa-senhora-da-saudade\/","title":{"rendered":"Nossa Senhora da Saudade, rainha dos m\u00e1rtires."},"content":{"rendered":"<figure id=\"attachment_46812\" aria-describedby=\"caption-attachment-46812\" style=\"width: 420px\" class=\"wp-caption aligncenter\"><img loading=\"lazy\" class=\"wp-image-46812\" title=\"Nossa Senhora da Saudade\" src=\"http:\/\/www.adf.org.br\/home\/wp-content\/uploads\/2018\/05\/nossa-senhora-saudade.jpg\" alt=\"Imagem de Nossa Senhora da Saudade, \u00fanica no Brasil!\" width=\"420\" height=\"560\" \/><figcaption id=\"caption-attachment-46812\" class=\"wp-caption-text\">Imagem de Nossa Senhora da Saudade, \u00fanica no Brasil!<\/figcaption><\/figure>\n<p style=\"padding-left: 90px;\"><span style=\"font-family: verdana, geneva, sans-serif; font-size: 12pt; color: #ffffff;\">.<\/span><br \/>\n<strong><span style=\"font-family: verdana, geneva, sans-serif; font-size: 12pt; color: #800080;\">Devo\u00e7\u00e3o \u00e0 partir de uma revela\u00e7\u00e3o privada, e cuja a \u00fanica imagem se encontra no Brasil.<\/span><\/strong><\/p>\n<p><span style=\"font-family: verdana, geneva, sans-serif; font-size: 12pt; color: #000000;\"><br \/>\n<span style=\"font-size: 14pt;\"><strong>N<\/strong><\/span>ossa Senhora da Saudade relembra a imensa saudade que a Virgem Maria teve de seu Filho, nos tr\u00eas dias incompletos que seu corpo esteve no sepulcro.<\/span><\/p>\n<blockquote><p><span style=\"font-family: verdana, geneva, sans-serif; font-size: 12pt; color: #000000;\"><br \/>\nA devo\u00e7\u00e3o a Nossa Senhora da Saudade nasceu em 30 de mar\u00e7o de 1918, ap\u00f3s a Virgem Maria ter aparecido em sonho para a Irm\u00e3 Ignez do Sagrado Cora\u00e7\u00e3o de Jesus, uma das fundadoras do Carmelo de S\u00e3o Jos\u00e9, na cidade de Petr\u00f3polis, no Rio de Janeiro, onde se encontra sua \u00fanica, linda e comovente imagem, esculpida em m\u00e1rmore branco.<\/span><\/p><\/blockquote>\n<p><span style=\"font-family: verdana, geneva, sans-serif; font-size: 12pt; color: #000000;\"><br \/>\nTrata-se, portanto, de uma invoca\u00e7\u00e3o genuinamente brasileira, \u201cinspirada pelo Alto para, de modo especial, honrar a dor, at\u00e9 ent\u00e3o desconhecida, do Imaculado Cora\u00e7\u00e3o de Maria, durante as 36 horas, ou seja, os tr\u00eas dias incompletos, do encerramento de Jesus no sepulcro\u201d.<\/span><\/p>\n<p><span style=\"font-family: verdana, geneva, sans-serif; font-size: 12pt; color: #000000;\">De acordo com o jornalista Mozart Monteiro, em seu livro Nossa Senhora da Saudade:<\/p>\n<p><\/span><\/p>\n<p style=\"padding-left: 90px;\"><span style=\"font-family: verdana, geneva, sans-serif; font-size: 12pt; color: #000080;\"> \u201cA devo\u00e7\u00e3o da Coroa de Saudades da Rainha dos M\u00e1rtires foi desde logo apresentada ao eminente te\u00f3logo Padre Dr. Jo\u00e3o Gualberto do Amaral, e por ele examinada. <\/span><\/p>\n<p style=\"padding-left: 90px;\"><span style=\"font-family: verdana, geneva, sans-serif; font-size: 12pt; color: #000080;\">Declarou o ilustre sacerdote ser esta devo\u00e7\u00e3o perfeitamente ortodoxa, nada tendo que contrariasse a s\u00e3 doutrina da Igreja;<\/span><\/p>\n<p style=\"padding-left: 90px;\"><span style=\"font-family: verdana, geneva, sans-serif; font-size: 12pt; color: #000080;\">E acrescentou que o n\u00famero 36, das horas do sepultamento de Cristo, se encontra no corpo da \u2018Suma\u2019, de S\u00e3o Tom\u00e1s de Aquino \u2013 cuja obra \u00e9 a express\u00e3o mais perfeita da ortodoxia cat\u00f3lica\u201d (p. 139).<\/span><\/p>\n<p><span style=\"font-family: verdana, geneva, sans-serif; font-size: 12pt; color: #000000;\"><br \/>\nNaquela \u00e9poca, a cidade de Petr\u00f3polis pertencia \u00e0 Diocese de Niter\u00f3i, cujo Bispo, Dom Agostinho Benassi, aprovou a devo\u00e7\u00e3o, autorizando a impress\u00e3o de folhetos com a f\u00f3rmula da Coroa de Saudades.<\/span><\/p>\n<p><span style=\"font-family: verdana, geneva, sans-serif; font-size: 12pt; color: #000000;\">Como explica Nilza Botelho Megale, no livro Invoca\u00e7\u00f5es da Virgem Maria no Brasil:<\/p>\n<p><\/span><\/p>\n<p style=\"padding-left: 90px;\"><span style=\"font-family: verdana, geneva, sans-serif; font-size: 12pt; color: #800080;\"> \u201cFoi ent\u00e3o institu\u00edda a \u2018Coroa da Saudade da Rainha dos M\u00e1rtires\u2019 (aprovada pelo bispo de Niter\u00f3i);<\/span><\/p>\n<p style=\"padding-left: 90px;\"><span style=\"font-family: verdana, geneva, sans-serif; font-size: 12pt; color: #800080;\">Esp\u00e9cie de ter\u00e7o constitu\u00eddo de tr\u00eas mist\u00e9rios, cada um constando de um \u2018Pai Nosso\u2019 e doze \u2018Lembrai-vos\u2019, somando, portanto, esta \u00faltima ora\u00e7\u00e3o o n\u00famero 36, correspondente \u00e0s horas de sofrimento da M\u00e3e Celestial. <\/span><\/p>\n<p style=\"padding-left: 90px;\"><span style=\"font-family: verdana, geneva, sans-serif; font-size: 12pt; color: #800080;\">Na medalha de Nossa Senhora com que termina a coroa rezam se tr\u00eas \u2018Aves Marias\u2019 e uma s\u00faplica especial \u00e0 Rainha dos M\u00e1rtires\u201d.<\/span><\/p>\n<p><span style=\"font-family: verdana, geneva, sans-serif; font-size: 12pt; color: #000000;\"><br \/>\nCom a cria\u00e7\u00e3o da Diocese de Petr\u00f3polis, em 1948, o primeiro Bispo, Dom Manoel Pedro da Cunha Cintra, em decis\u00e3o arbitr\u00e1ria, proibiu, em 1950, a difus\u00e3o pelo pa\u00eds da devo\u00e7\u00e3o a Nossa Senhora da Saudade, autorizando-a apenas nos limites do Carmelo de S\u00e3o Jos\u00e9.<\/span><\/p>\n<p><span style=\"font-family: verdana, geneva, sans-serif; font-size: 12pt; color: #000000;\">A restaura\u00e7\u00e3o da Liturgia da Semana Santa pelo Papa Pio XII, em 1956, ratificando o luto intenso para o S\u00e1bado Santo, antigo S\u00e1bado de Aleluia, tornou evidente o mart\u00edrio da Saudade sofrido pela M\u00e3e Divina durante o sepultamento de Jesus, vindo respaldar o culto a Nossa Senhora da Saudade.<\/span><\/p>\n<p style=\"padding-left: 90px;\"><strong><span style=\"font-family: verdana, geneva, sans-serif; font-size: 12pt; color: #000000;\"><span style=\"color: #800080;\"><br \/>\nA \u00fanica imagem de Nossa Senhora da Saudade encontra-se na clausura do Carmelo de S\u00e3o Jos\u00e9, em Petr\u00f3polis.<\/span> <\/span><\/strong><\/p>\n<p><span style=\"font-family: verdana, geneva, sans-serif; font-size: 12pt; color: #000000;\"><br \/>\nEsculpida em Paris, em m\u00e1rmore Carrara, mede 1,66 m de altura, sem contar o globo terrestre que fica aos p\u00e9s da Virgem. <\/span><\/p>\n<p><span style=\"font-family: verdana, geneva, sans-serif; font-size: 12pt; color: #000000;\">Foi doada por uma senhora da sociedade, em agradecimento \u00e0s gra\u00e7as recebidas da Virgem Saudosa.<\/span><\/p>\n<p><span style=\"font-family: verdana, geneva, sans-serif; font-size: 12pt; color: #000000;\">A imagem representa Maria em tamanho natural, de p\u00e9 sobre o globo terrestre e com a cabe\u00e7a ligeiramente inclinada para baixo, encimada por bonita coroa de ouro. <\/span><\/p>\n<p><span style=\"font-family: verdana, geneva, sans-serif; font-size: 12pt; color: #000000;\">Seu semblante docemente triste deixa transparecer um sorriso melanc\u00f3lico. <\/span><\/p>\n<p><span style=\"font-family: verdana, geneva, sans-serif; font-size: 12pt; color: #000000;\">Sua m\u00e3o esquerda se apoia sobre o peito, trespassado por um punhal de ouro, enquanto com a direita segura a \u201ccoroa da Saudade\u201d, tamb\u00e9m de ouro.<\/span><\/p>\n<p><span style=\"font-family: verdana, geneva, sans-serif; font-size: 12pt; color: #000000;\">Acima da Imagem l\u00ea-se a inscri\u00e7\u00e3o:<\/span><\/p>\n<h5 style=\"padding-left: 90px;\"><strong><span style=\"font-family: verdana, geneva, sans-serif; font-size: 12pt; color: #800080;\"><br \/>\n\u201cVinde a Ela, v\u00f3s todos que sofreis, v\u00f3s todos que chorais; e Ela vos consolar\u00e1\u201d.<\/span><\/strong><\/h5>\n<p><span style=\"font-family: verdana, geneva, sans-serif; font-size: 12pt; color: #ffffff;\">.<\/span><br \/>\n<span style=\"font-size: 10pt;\"><em><span style=\"font-family: verdana, geneva, sans-serif; color: #000000;\">Fonte: santuariosantaedwiges.com.br<\/span><\/em><\/span><\/p>\n<p style=\"text-align: center;\"><span style=\"font-family: verdana, geneva, sans-serif; font-size: 12pt; color: #ffffff;\">.<\/span><br \/>\n<span style=\"font-family: verdana, geneva, sans-serif; font-size: 12pt; color: #ffffff;\">.<\/span><br \/>\n<strong><span style=\"font-family: verdana, geneva, sans-serif; font-size: 12pt; color: #000000;\">*\u00a0 *\u00a0 *<\/span><\/strong><\/p>\n<p><span style=\"font-family: verdana, geneva, sans-serif; font-size: 12pt; color: #ffffff;\">.<\/span><br \/>\n<a href=\"https:\/\/adf.org.br\/minhaoferta\/?origem=6667\" target=\"_blank\" rel=\"noopener noreferrer\"><img loading=\"lazy\" class=\"aligncenter wp-image-46811 size-full\" title=\"bot\u00e3o sacolinha adf\" src=\"http:\/\/www.adf.org.br\/home\/wp-content\/uploads\/2018\/05\/bt_oferta_ADF-2-1-2.png\" alt=\"bt_oferta_ADF-2 (1)\" width=\"600\" height=\"190\" \/><\/a><\/p>\n","protected":false},"excerpt":{"rendered":"<p>Devo\u00e7\u00e3o \u00e0 partir de uma revela\u00e7\u00e3o privada, e cuja a \u00fanica imagem se encontra no Brasil.<\/p>\n","protected":false},"author":31,"featured_media":46813,"comment_status":"open","ping_status":"open","sticky":false,"template":"","format":"standard","meta":[],"categories":[20],"tags":[773,266,2375],"yoast_head":"<!-- This site is optimized with the Yoast SEO plugin v17.4 - https:\/\/yoast.com\/wordpress\/plugins\/seo\/ -->\n<title>Nossa Senhora da Saudade, rainha dos m\u00e1rtires.<\/title>\n<meta name=\"description\" content=\"Nossa Senhora da Saudade, rainha dos m\u00e1rtires. Conhe\u00e7a a devo\u00e7\u00e3o \u00e0 Nossa Senhora que nasceu aqui em nosso pa\u00eds!\" \/>\n<meta name=\"robots\" content=\"index, follow, max-snippet:-1, max-image-preview:large, max-video-preview:-1\" \/>\n<link rel=\"canonical\" href=\"https:\/\/www.adf.org.br\/home\/nossa-senhora-da-saudade\/\" \/>\n<meta property=\"og:locale\" content=\"pt_BR\" \/>\n<meta property=\"og:type\" content=\"article\" \/>\n<meta property=\"og:title\" content=\"Nossa Senhora da Saudade, rainha dos m\u00e1rtires.\" \/>\n<meta property=\"og:description\" content=\"Nossa Senhora da Saudade, rainha dos m\u00e1rtires. Conhe\u00e7a a devo\u00e7\u00e3o \u00e0 Nossa Senhora que nasceu aqui em nosso pa\u00eds!\" \/>\n<meta property=\"og:url\" content=\"https:\/\/www.adf.org.br\/home\/nossa-senhora-da-saudade\/\" \/>\n<meta property=\"og:site_name\" content=\"Associa\u00e7\u00e3o Devotos de F\u00e1tima\" \/>\n<meta property=\"article:published_time\" content=\"2018-05-28T03:00:21+00:00\" \/>\n<meta name=\"twitter:card\" content=\"summary_large_image\" \/>\n<meta name=\"twitter:label1\" content=\"Escrito por\" \/>\n\t<meta name=\"twitter:data1\" content=\"Gabriel Barbosa\" \/>\n\t<meta name=\"twitter:label2\" content=\"Est. tempo de leitura\" \/>\n\t<meta name=\"twitter:data2\" content=\"3 minutos\" \/>\n<script type=\"application\/ld+json\" class=\"yoast-schema-graph\">{\"@context\":\"https:\/\/schema.org\",\"@graph\":[{\"@type\":\"WebSite\",\"@id\":\"https:\/\/www.adf.org.br\/home\/#website\",\"url\":\"https:\/\/www.adf.org.br\/home\/\",\"name\":\"Associa\\u00e7\\u00e3o Devotos de F\\u00e1tima\",\"description\":\"Associa\\u00e7\\u00e3o Devotos de F\\u00e1tima\",\"potentialAction\":[{\"@type\":\"SearchAction\",\"target\":{\"@type\":\"EntryPoint\",\"urlTemplate\":\"https:\/\/www.adf.org.br\/home\/?s={search_term_string}\"},\"query-input\":\"required name=search_term_string\"}],\"inLanguage\":\"pt-BR\"},{\"@type\":\"ImageObject\",\"@id\":\"https:\/\/www.adf.org.br\/home\/nossa-senhora-da-saudade\/#primaryimage\",\"inLanguage\":\"pt-BR\",\"url\":\"\",\"contentUrl\":\"\"},{\"@type\":\"WebPage\",\"@id\":\"https:\/\/www.adf.org.br\/home\/nossa-senhora-da-saudade\/#webpage\",\"url\":\"https:\/\/www.adf.org.br\/home\/nossa-senhora-da-saudade\/\",\"name\":\"Nossa Senhora da Saudade, rainha dos m\\u00e1rtires.\",\"isPartOf\":{\"@id\":\"https:\/\/www.adf.org.br\/home\/#website\"},\"primaryImageOfPage\":{\"@id\":\"https:\/\/www.adf.org.br\/home\/nossa-senhora-da-saudade\/#primaryimage\"},\"datePublished\":\"2018-05-28T03:00:21+00:00\",\"dateModified\":\"2018-05-28T03:00:21+00:00\",\"author\":{\"@id\":\"https:\/\/www.adf.org.br\/home\/#\/schema\/person\/f35a5c5aa7728a3dedf4ea9aa1fc2753\"},\"description\":\"Nossa Senhora da Saudade, rainha dos m\\u00e1rtires. Conhe\\u00e7a a devo\\u00e7\\u00e3o \\u00e0 Nossa Senhora que nasceu aqui em nosso pa\\u00eds!\",\"breadcrumb\":{\"@id\":\"https:\/\/www.adf.org.br\/home\/nossa-senhora-da-saudade\/#breadcrumb\"},\"inLanguage\":\"pt-BR\",\"potentialAction\":[{\"@type\":\"ReadAction\",\"target\":[\"https:\/\/www.adf.org.br\/home\/nossa-senhora-da-saudade\/\"]}]},{\"@type\":\"BreadcrumbList\",\"@id\":\"https:\/\/www.adf.org.br\/home\/nossa-senhora-da-saudade\/#breadcrumb\",\"itemListElement\":[{\"@type\":\"ListItem\",\"position\":1,\"name\":\"Home\",\"item\":\"https:\/\/www.adf.org.br\/home\/\"},{\"@type\":\"ListItem\",\"position\":2,\"name\":\"Nossa Senhora da Saudade, rainha dos m\\u00e1rtires.\"}]},{\"@type\":\"Person\",\"@id\":\"https:\/\/www.adf.org.br\/home\/#\/schema\/person\/f35a5c5aa7728a3dedf4ea9aa1fc2753\",\"name\":\"Gabriel Barbosa\",\"image\":{\"@type\":\"ImageObject\",\"@id\":\"https:\/\/www.adf.org.br\/home\/#personlogo\",\"inLanguage\":\"pt-BR\",\"url\":\"https:\/\/secure.gravatar.com\/avatar\/2b2cb2f4637682c5605e8d36818f51ef?s=96&d=mm&r=g\",\"contentUrl\":\"https:\/\/secure.gravatar.com\/avatar\/2b2cb2f4637682c5605e8d36818f51ef?s=96&d=mm&r=g\",\"caption\":\"Gabriel Barbosa\"},\"url\":\"https:\/\/www.adf.org.br\/home\/author\/gabrielpmk-com-br\/\"}]}<\/script>\n<!-- \/ Yoast SEO plugin. -->","yoast_head_json":{"title":"Nossa Senhora da Saudade, rainha dos m\u00e1rtires.","description":"Nossa Senhora da Saudade, rainha dos m\u00e1rtires. Conhe\u00e7a a devo\u00e7\u00e3o \u00e0 Nossa Senhora que nasceu aqui em nosso pa\u00eds!","robots":{"index":"index","follow":"follow","max-snippet":"max-snippet:-1","max-image-preview":"max-image-preview:large","max-video-preview":"max-video-preview:-1"},"canonical":"https:\/\/www.adf.org.br\/home\/nossa-senhora-da-saudade\/","og_locale":"pt_BR","og_type":"article","og_title":"Nossa Senhora da Saudade, rainha dos m\u00e1rtires.","og_description":"Nossa Senhora da Saudade, rainha dos m\u00e1rtires. Conhe\u00e7a a devo\u00e7\u00e3o \u00e0 Nossa Senhora que nasceu aqui em nosso pa\u00eds!","og_url":"https:\/\/www.adf.org.br\/home\/nossa-senhora-da-saudade\/","og_site_name":"Associa\u00e7\u00e3o Devotos de F\u00e1tima","article_published_time":"2018-05-28T03:00:21+00:00","twitter_card":"summary_large_image","twitter_misc":{"Escrito por":"Gabriel Barbosa","Est. tempo de leitura":"3 minutos"},"schema":{"@context":"https:\/\/schema.org","@graph":[{"@type":"WebSite","@id":"https:\/\/www.adf.org.br\/home\/#website","url":"https:\/\/www.adf.org.br\/home\/","name":"Associa\u00e7\u00e3o Devotos de F\u00e1tima","description":"Associa\u00e7\u00e3o Devotos de F\u00e1tima","potentialAction":[{"@type":"SearchAction","target":{"@type":"EntryPoint","urlTemplate":"https:\/\/www.adf.org.br\/home\/?s={search_term_string}"},"query-input":"required name=search_term_string"}],"inLanguage":"pt-BR"},{"@type":"ImageObject","@id":"https:\/\/www.adf.org.br\/home\/nossa-senhora-da-saudade\/#primaryimage","inLanguage":"pt-BR","url":"","contentUrl":""},{"@type":"WebPage","@id":"https:\/\/www.adf.org.br\/home\/nossa-senhora-da-saudade\/#webpage","url":"https:\/\/www.adf.org.br\/home\/nossa-senhora-da-saudade\/","name":"Nossa Senhora da Saudade, rainha dos m\u00e1rtires.","isPartOf":{"@id":"https:\/\/www.adf.org.br\/home\/#website"},"primaryImageOfPage":{"@id":"https:\/\/www.adf.org.br\/home\/nossa-senhora-da-saudade\/#primaryimage"},"datePublished":"2018-05-28T03:00:21+00:00","dateModified":"2018-05-28T03:00:21+00:00","author":{"@id":"https:\/\/www.adf.org.br\/home\/#\/schema\/person\/f35a5c5aa7728a3dedf4ea9aa1fc2753"},"description":"Nossa Senhora da Saudade, rainha dos m\u00e1rtires. Conhe\u00e7a a devo\u00e7\u00e3o \u00e0 Nossa Senhora que nasceu aqui em nosso pa\u00eds!","breadcrumb":{"@id":"https:\/\/www.adf.org.br\/home\/nossa-senhora-da-saudade\/#breadcrumb"},"inLanguage":"pt-BR","potentialAction":[{"@type":"ReadAction","target":["https:\/\/www.adf.org.br\/home\/nossa-senhora-da-saudade\/"]}]},{"@type":"BreadcrumbList","@id":"https:\/\/www.adf.org.br\/home\/nossa-senhora-da-saudade\/#breadcrumb","itemListElement":[{"@type":"ListItem","position":1,"name":"Home","item":"https:\/\/www.adf.org.br\/home\/"},{"@type":"ListItem","position":2,"name":"Nossa Senhora da Saudade, rainha dos m\u00e1rtires."}]},{"@type":"Person","@id":"https:\/\/www.adf.org.br\/home\/#\/schema\/person\/f35a5c5aa7728a3dedf4ea9aa1fc2753","name":"Gabriel Barbosa","image":{"@type":"ImageObject","@id":"https:\/\/www.adf.org.br\/home\/#personlogo","inLanguage":"pt-BR","url":"https:\/\/secure.gravatar.com\/avatar\/2b2cb2f4637682c5605e8d36818f51ef?s=96&d=mm&r=g","contentUrl":"https:\/\/secure.gravatar.com\/avatar\/2b2cb2f4637682c5605e8d36818f51ef?s=96&d=mm&r=g","caption":"Gabriel Barbosa"},"url":"https:\/\/www.adf.org.br\/home\/author\/gabrielpmk-com-br\/"}]}},"_links":{"self":[{"href":"https:\/\/www.adf.org.br\/home\/wp-json\/wp\/v2\/posts\/46810"}],"collection":[{"href":"https:\/\/www.adf.org.br\/home\/wp-json\/wp\/v2\/posts"}],"about":[{"href":"https:\/\/www.adf.org.br\/home\/wp-json\/wp\/v2\/types\/post"}],"author":[{"embeddable":true,"href":"https:\/\/www.adf.org.br\/home\/wp-json\/wp\/v2\/users\/31"}],"replies":[{"embeddable":true,"href":"https:\/\/www.adf.org.br\/home\/wp-json\/wp\/v2\/comments?post=46810"}],"version-history":[{"count":0,"href":"https:\/\/www.adf.org.br\/home\/wp-json\/wp\/v2\/posts\/46810\/revisions"}],"wp:featuredmedia":[{"embeddable":true,"href":"https:\/\/www.adf.org.br\/home\/wp-json\/wp\/v2\/media\/46813"}],"wp:attachment":[{"href":"https:\/\/www.adf.org.br\/home\/wp-json\/wp\/v2\/media?parent=46810"}],"wp:term":[{"taxonomy":"category","embeddable":true,"href":"https:\/\/www.adf.org.br\/home\/wp-json\/wp\/v2\/categories?post=46810"},{"taxonomy":"post_tag","embeddable":true,"href":"https:\/\/www.adf.org.br\/home\/wp-json\/wp\/v2\/tags?post=46810"}],"curies":[{"name":"wp","href":"https:\/\/api.w.org\/{rel}","templated":true}]}}