{"id":46604,"date":"2018-04-28T00:30:27","date_gmt":"2018-04-28T03:30:27","guid":{"rendered":"http:\/\/www.adf.org.br\/home\/?p=46604"},"modified":"2018-04-28T00:30:27","modified_gmt":"2018-04-28T03:30:27","slug":"decisao-e-toda-sua","status":"publish","type":"post","link":"https:\/\/www.adf.org.br\/home\/decisao-e-toda-sua\/","title":{"rendered":"A decis\u00e3o \u00e9 toda sua!"},"content":{"rendered":"<div><a href=\"https:\/\/adf.org.br\/apostolosdefatima\/2\/?origem=4547#ChanceUnica\" target=\"_blank\" rel=\"noopener noreferrer\"><img loading=\"lazy\" class=\"CToWUd aligncenter\" src=\"https:\/\/ci5.googleusercontent.com\/proxy\/ixYu1Uct76CJL6oCJsCOJqXfTo14KQqpp9-hEUy3j8Kvs6_y9CqSKjKYT1zi3JkhNF2CZpSChLDaQe1yqJWqlEEYQjWXvqs_S3D1KO8Z4eGD1LXqYK8OYuwNZFXAW3gK_BqOIhpQOVHF96x0Eu5PPOLyyDoTrixdhtz90Oc61oW_8w=s0-d-e1-ft#http:\/\/www.adf.org.br\/home\/emkt\/01_barbara\/_2018\/Abril\/Semana_22_04\/sexta_27_04_AT\/testeira_adf_27_04_AT.jpg\" alt=\"Seja firme\" width=\"559\" height=\"326\" \/><\/a><\/div>\n<div>\n<p><span style=\"font-family: verdana, geneva, sans-serif; font-size: 12pt; color: #ffffff;\">.<\/span><\/p>\n<p style=\"padding-left: 90px;\"><strong><span style=\"font-family: verdana, geneva, sans-serif; font-size: 12pt; color: #800080;\">Salve Maria!<\/span><\/strong><\/p>\n<p><span style=\"font-family: verdana, geneva, sans-serif; font-size: 12pt; color: #000000;\"><br \/>\n<span style=\"font-size: 14pt;\"><strong>H<\/strong><\/span>oje queremos lhe dizer que existe um meio de alcan\u00e7ar in\u00fameras gra\u00e7as e que s\u00f3 depende de voc\u00ea. Veja s\u00f3&#8230;<\/span><\/p>\n<p><span style=\"font-family: verdana, geneva, sans-serif; font-size: 12pt; color: #000000;\">Vamos te explicar melhor como voc\u00ea far\u00e1 para alcan\u00e7ar este meio t\u00e3o simples, onde poder\u00e1 alcan\u00e7ar todas as gra\u00e7as que tanto necessita.<\/span><\/p>\n<p><span style=\"font-family: verdana, geneva, sans-serif; font-size: 12pt; color: #000000;\">Existe um\u00a0<span style=\"color: #0000ff;\"><strong><a style=\"color: #0000ff;\" href=\"https:\/\/adf.org.br\/apostolosdefatima\/2\/?origem=4547#ChanceUnica\" target=\"_blank\" rel=\"noopener noreferrer\">Grupo Mariano<\/a><\/strong><\/span>\u00a0onde os membros t\u00eam seus nomes inscritos em todas as Missas semanais que mandamos celebrar, que somam\u00a0<span style=\"color: #0000ff;\"><strong><a style=\"color: #0000ff;\" href=\"https:\/\/adf.org.br\/apostolosdefatima\/2\/?origem=4547#ChanceUnica\" target=\"_blank\" rel=\"noopener noreferrer\">mais de 60 Missas por ano<\/a><\/strong><\/span>&#8230;<\/span><\/p>\n<p><span style=\"font-family: verdana, geneva, sans-serif; font-size: 12pt; color: #000000;\">&#8230;al\u00e9m destas Missas, esses membros t\u00eam suas inten\u00e7\u00f5es inclu\u00eddas na Vig\u00edlia noturna de Ter\u00e7os que s\u00e3o rezados por nossos volunt\u00e1rios (s\u00e3o 50 Ter\u00e7os rezados TODOS os dias por eles!).<\/span><\/p>\n<p>&nbsp;<\/p>\n<p style=\"text-align: center;\"><span style=\"font-family: verdana, geneva, sans-serif; font-size: 12pt; color: #000000;\"><span style=\"color: #0000ff; font-size: 14pt;\"><a style=\"color: #0000ff;\" href=\"https:\/\/adf.org.br\/apostolosdefatima\/2\/?origem=4547#ChanceUnica\" target=\"_blank\" rel=\"noopener noreferrer\">Estou me referindo ao grupo Ap\u00f3stolos de F\u00e1tima,<br \/>\ne voc\u00ea pode inscrever-se nele aqui e agora mesmo<\/a><\/span>.<\/span><\/p>\n<p><span style=\"font-family: verdana, geneva, sans-serif; font-size: 12pt; color: #000000;\"><br \/>\nImagine que voc\u00ea poder\u00e1 fazer todos os seus pedidos de gra\u00e7a sem sair de casa e ainda receber\u00e1, assim como todos os demais membros, ora\u00e7\u00f5es que poder\u00e3o transformar seus problemas em solu\u00e7\u00f5es.<\/span><\/p>\n<p><span style=\"font-family: verdana, geneva, sans-serif; font-size: 12pt; color: #000000;\">Ent\u00e3o&#8230;<\/span><br \/>\n<span style=\"font-family: verdana, geneva, sans-serif; font-size: 12pt; color: #ffffff;\">.<\/span><\/p>\n<p><a href=\"https:\/\/adf.org.br\/apostolosdefatima\/2\/?origem=4547#ChanceUnica\" target=\"_blank\" rel=\"noopener noreferrer\"><img loading=\"lazy\" class=\"CToWUd aligncenter\" src=\"https:\/\/ci5.googleusercontent.com\/proxy\/blalRNZX-7FiHVG0Ok5CREt8MrLFEbb6QKsRy6CT8DvzJJiMmhfWEP740jKv_yJGTIUJtiDu6_pLa7qUc_Z2_TroTcUoYGbhFoHGZR3jvDPc3UuHa-E8KdinDaAgK6lNJ3UXUQJl6f20TFZWQfpQ6cT8M8Uq4-Nj240yng=s0-d-e1-ft#http:\/\/www.adf.org.br\/home\/emkt\/01_barbara\/_2018\/Abril\/Semana_22_04\/sexta_27_04_AT\/bt_27_04_adf_AT.png\" alt=\"Seja firme\" width=\"500\" height=\"145\" \/><\/a><\/p>\n<p><span style=\"font-family: verdana, geneva, sans-serif; font-size: 12pt; color: #ffffff;\">.<\/span><br \/>\n<span style=\"font-family: verdana, geneva, sans-serif; font-size: 12pt; color: #000000;\">Saiba que muitos membros nos ligam ou enviam mensagens dizendo que n\u00e3o t\u00eam muito tempo de rezar, mas que ap\u00f3s terem se tornado membros do\u00a0<span style=\"color: #0000ff;\"><strong><a style=\"color: #0000ff;\" href=\"https:\/\/adf.org.br\/apostolosdefatima\/2\/?origem=4547#ChanceUnica\" target=\"_blank\" rel=\"noopener noreferrer\">grupo Ap\u00f3stolos de F\u00e1tima<\/a><\/strong><\/span>, muitas portas foram abertas, como:<\/span><\/p>\n<p>&nbsp;<\/p>\n<div>\n<blockquote><p><span style=\"font-family: verdana, geneva, sans-serif; font-size: 12pt; color: #800080;\">&#8211; Alcan\u00e7aram o emprego que tanto necessitavam;<\/span><\/p>\n<p><span style=\"font-family: verdana, geneva, sans-serif; font-size: 12pt; color: #800080;\">&#8211; Conseguiram a solu\u00e7\u00e3o de problemas que a tempo lhes tiravam o sono;<\/span><\/p>\n<p><span style=\"font-family: verdana, geneva, sans-serif; font-size: 12pt; color: #800080;\">&#8211; Conseguiram quitar d\u00edvidas que entraram ap\u00f3s o pa\u00eds entrar nesta terr\u00edvel crise.<\/span><\/p><\/blockquote>\n<\/div>\n<h5 style=\"padding-left: 90px;\"><span style=\"font-family: verdana, geneva, sans-serif; font-size: 12pt; color: #000000;\"><br \/>\n<strong><span style=\"color: #000080;\">Tenha f\u00e9, tudo acontecer\u00e1 no tempo de Nossa Senhora.<\/span><\/strong><\/span><\/h5>\n<p style=\"text-align: center;\"><span style=\"font-family: verdana, geneva, sans-serif; font-size: 12pt; color: #ffffff;\">.<\/span><br \/>\n<span style=\"font-family: verdana, geneva, sans-serif; font-size: 12pt; color: #ffffff;\">.<\/span><br \/>\n<strong><span style=\"font-family: verdana, geneva, sans-serif; font-size: 12pt; color: #000000;\">*\u00a0 *\u00a0 *<\/span><\/strong><\/p>\n<p><span style=\"font-family: verdana, geneva, sans-serif; font-size: 12pt; color: #ffffff;\">.<\/span><\/p>\n<\/div>\n","protected":false},"excerpt":{"rendered":"<p>Salve Maria!<\/p>\n","protected":false},"author":31,"featured_media":46605,"comment_status":"open","ping_status":"open","sticky":false,"template":"","format":"standard","meta":[],"categories":[20],"tags":[2242,2243],"yoast_head":"<!-- This site is optimized with the Yoast SEO plugin v17.4 - https:\/\/yoast.com\/wordpress\/plugins\/seo\/ -->\n<title>A decis\u00e3o \u00e9 toda sua!<\/title>\n<meta name=\"description\" content=\"A decis\u00e3o \u00e9 toda sua! N\u00e3o deixe para amanh\u00e3, nossa necessidades n\u00e3o podem esperar, venha participar desse aben\u00e7oado grupo!\" \/>\n<meta name=\"robots\" content=\"index, follow, max-snippet:-1, max-image-preview:large, max-video-preview:-1\" \/>\n<link rel=\"canonical\" href=\"https:\/\/www.adf.org.br\/home\/decisao-e-toda-sua\/\" \/>\n<meta property=\"og:locale\" content=\"pt_BR\" \/>\n<meta property=\"og:type\" content=\"article\" \/>\n<meta property=\"og:title\" content=\"A decis\u00e3o \u00e9 toda sua!\" \/>\n<meta property=\"og:description\" content=\"A decis\u00e3o \u00e9 toda sua! N\u00e3o deixe para amanh\u00e3, nossa necessidades n\u00e3o podem esperar, venha participar desse aben\u00e7oado grupo!\" \/>\n<meta property=\"og:url\" content=\"https:\/\/www.adf.org.br\/home\/decisao-e-toda-sua\/\" \/>\n<meta property=\"og:site_name\" content=\"Associa\u00e7\u00e3o Devotos de F\u00e1tima\" \/>\n<meta property=\"article:published_time\" content=\"2018-04-28T03:30:27+00:00\" \/>\n<meta name=\"twitter:card\" content=\"summary_large_image\" \/>\n<meta name=\"twitter:label1\" content=\"Escrito por\" \/>\n\t<meta name=\"twitter:data1\" content=\"Gabriel Barbosa\" \/>\n\t<meta name=\"twitter:label2\" content=\"Est. tempo de leitura\" \/>\n\t<meta name=\"twitter:data2\" content=\"1 minuto\" \/>\n<script type=\"application\/ld+json\" class=\"yoast-schema-graph\">{\"@context\":\"https:\/\/schema.org\",\"@graph\":[{\"@type\":\"WebSite\",\"@id\":\"https:\/\/www.adf.org.br\/home\/#website\",\"url\":\"https:\/\/www.adf.org.br\/home\/\",\"name\":\"Associa\\u00e7\\u00e3o Devotos de F\\u00e1tima\",\"description\":\"Associa\\u00e7\\u00e3o Devotos de F\\u00e1tima\",\"potentialAction\":[{\"@type\":\"SearchAction\",\"target\":{\"@type\":\"EntryPoint\",\"urlTemplate\":\"https:\/\/www.adf.org.br\/home\/?s={search_term_string}\"},\"query-input\":\"required name=search_term_string\"}],\"inLanguage\":\"pt-BR\"},{\"@type\":\"ImageObject\",\"@id\":\"https:\/\/www.adf.org.br\/home\/decisao-e-toda-sua\/#primaryimage\",\"inLanguage\":\"pt-BR\",\"url\":\"\",\"contentUrl\":\"\"},{\"@type\":\"WebPage\",\"@id\":\"https:\/\/www.adf.org.br\/home\/decisao-e-toda-sua\/#webpage\",\"url\":\"https:\/\/www.adf.org.br\/home\/decisao-e-toda-sua\/\",\"name\":\"A decis\\u00e3o \\u00e9 toda sua!\",\"isPartOf\":{\"@id\":\"https:\/\/www.adf.org.br\/home\/#website\"},\"primaryImageOfPage\":{\"@id\":\"https:\/\/www.adf.org.br\/home\/decisao-e-toda-sua\/#primaryimage\"},\"datePublished\":\"2018-04-28T03:30:27+00:00\",\"dateModified\":\"2018-04-28T03:30:27+00:00\",\"author\":{\"@id\":\"https:\/\/www.adf.org.br\/home\/#\/schema\/person\/f35a5c5aa7728a3dedf4ea9aa1fc2753\"},\"description\":\"A decis\\u00e3o \\u00e9 toda sua! N\\u00e3o deixe para amanh\\u00e3, nossa necessidades n\\u00e3o podem esperar, venha participar desse aben\\u00e7oado grupo!\",\"breadcrumb\":{\"@id\":\"https:\/\/www.adf.org.br\/home\/decisao-e-toda-sua\/#breadcrumb\"},\"inLanguage\":\"pt-BR\",\"potentialAction\":[{\"@type\":\"ReadAction\",\"target\":[\"https:\/\/www.adf.org.br\/home\/decisao-e-toda-sua\/\"]}]},{\"@type\":\"BreadcrumbList\",\"@id\":\"https:\/\/www.adf.org.br\/home\/decisao-e-toda-sua\/#breadcrumb\",\"itemListElement\":[{\"@type\":\"ListItem\",\"position\":1,\"name\":\"Home\",\"item\":\"https:\/\/www.adf.org.br\/home\/\"},{\"@type\":\"ListItem\",\"position\":2,\"name\":\"A decis\\u00e3o \\u00e9 toda sua!\"}]},{\"@type\":\"Person\",\"@id\":\"https:\/\/www.adf.org.br\/home\/#\/schema\/person\/f35a5c5aa7728a3dedf4ea9aa1fc2753\",\"name\":\"Gabriel Barbosa\",\"image\":{\"@type\":\"ImageObject\",\"@id\":\"https:\/\/www.adf.org.br\/home\/#personlogo\",\"inLanguage\":\"pt-BR\",\"url\":\"https:\/\/secure.gravatar.com\/avatar\/2b2cb2f4637682c5605e8d36818f51ef?s=96&d=mm&r=g\",\"contentUrl\":\"https:\/\/secure.gravatar.com\/avatar\/2b2cb2f4637682c5605e8d36818f51ef?s=96&d=mm&r=g\",\"caption\":\"Gabriel Barbosa\"},\"url\":\"https:\/\/www.adf.org.br\/home\/author\/gabrielpmk-com-br\/\"}]}<\/script>\n<!-- \/ Yoast SEO plugin. -->","yoast_head_json":{"title":"A decis\u00e3o \u00e9 toda sua!","description":"A decis\u00e3o \u00e9 toda sua! N\u00e3o deixe para amanh\u00e3, nossa necessidades n\u00e3o podem esperar, venha participar desse aben\u00e7oado grupo!","robots":{"index":"index","follow":"follow","max-snippet":"max-snippet:-1","max-image-preview":"max-image-preview:large","max-video-preview":"max-video-preview:-1"},"canonical":"https:\/\/www.adf.org.br\/home\/decisao-e-toda-sua\/","og_locale":"pt_BR","og_type":"article","og_title":"A decis\u00e3o \u00e9 toda sua!","og_description":"A decis\u00e3o \u00e9 toda sua! N\u00e3o deixe para amanh\u00e3, nossa necessidades n\u00e3o podem esperar, venha participar desse aben\u00e7oado grupo!","og_url":"https:\/\/www.adf.org.br\/home\/decisao-e-toda-sua\/","og_site_name":"Associa\u00e7\u00e3o Devotos de F\u00e1tima","article_published_time":"2018-04-28T03:30:27+00:00","twitter_card":"summary_large_image","twitter_misc":{"Escrito por":"Gabriel Barbosa","Est. tempo de leitura":"1 minuto"},"schema":{"@context":"https:\/\/schema.org","@graph":[{"@type":"WebSite","@id":"https:\/\/www.adf.org.br\/home\/#website","url":"https:\/\/www.adf.org.br\/home\/","name":"Associa\u00e7\u00e3o Devotos de F\u00e1tima","description":"Associa\u00e7\u00e3o Devotos de F\u00e1tima","potentialAction":[{"@type":"SearchAction","target":{"@type":"EntryPoint","urlTemplate":"https:\/\/www.adf.org.br\/home\/?s={search_term_string}"},"query-input":"required name=search_term_string"}],"inLanguage":"pt-BR"},{"@type":"ImageObject","@id":"https:\/\/www.adf.org.br\/home\/decisao-e-toda-sua\/#primaryimage","inLanguage":"pt-BR","url":"","contentUrl":""},{"@type":"WebPage","@id":"https:\/\/www.adf.org.br\/home\/decisao-e-toda-sua\/#webpage","url":"https:\/\/www.adf.org.br\/home\/decisao-e-toda-sua\/","name":"A decis\u00e3o \u00e9 toda sua!","isPartOf":{"@id":"https:\/\/www.adf.org.br\/home\/#website"},"primaryImageOfPage":{"@id":"https:\/\/www.adf.org.br\/home\/decisao-e-toda-sua\/#primaryimage"},"datePublished":"2018-04-28T03:30:27+00:00","dateModified":"2018-04-28T03:30:27+00:00","author":{"@id":"https:\/\/www.adf.org.br\/home\/#\/schema\/person\/f35a5c5aa7728a3dedf4ea9aa1fc2753"},"description":"A decis\u00e3o \u00e9 toda sua! N\u00e3o deixe para amanh\u00e3, nossa necessidades n\u00e3o podem esperar, venha participar desse aben\u00e7oado grupo!","breadcrumb":{"@id":"https:\/\/www.adf.org.br\/home\/decisao-e-toda-sua\/#breadcrumb"},"inLanguage":"pt-BR","potentialAction":[{"@type":"ReadAction","target":["https:\/\/www.adf.org.br\/home\/decisao-e-toda-sua\/"]}]},{"@type":"BreadcrumbList","@id":"https:\/\/www.adf.org.br\/home\/decisao-e-toda-sua\/#breadcrumb","itemListElement":[{"@type":"ListItem","position":1,"name":"Home","item":"https:\/\/www.adf.org.br\/home\/"},{"@type":"ListItem","position":2,"name":"A decis\u00e3o \u00e9 toda sua!"}]},{"@type":"Person","@id":"https:\/\/www.adf.org.br\/home\/#\/schema\/person\/f35a5c5aa7728a3dedf4ea9aa1fc2753","name":"Gabriel Barbosa","image":{"@type":"ImageObject","@id":"https:\/\/www.adf.org.br\/home\/#personlogo","inLanguage":"pt-BR","url":"https:\/\/secure.gravatar.com\/avatar\/2b2cb2f4637682c5605e8d36818f51ef?s=96&d=mm&r=g","contentUrl":"https:\/\/secure.gravatar.com\/avatar\/2b2cb2f4637682c5605e8d36818f51ef?s=96&d=mm&r=g","caption":"Gabriel Barbosa"},"url":"https:\/\/www.adf.org.br\/home\/author\/gabrielpmk-com-br\/"}]}},"_links":{"self":[{"href":"https:\/\/www.adf.org.br\/home\/wp-json\/wp\/v2\/posts\/46604"}],"collection":[{"href":"https:\/\/www.adf.org.br\/home\/wp-json\/wp\/v2\/posts"}],"about":[{"href":"https:\/\/www.adf.org.br\/home\/wp-json\/wp\/v2\/types\/post"}],"author":[{"embeddable":true,"href":"https:\/\/www.adf.org.br\/home\/wp-json\/wp\/v2\/users\/31"}],"replies":[{"embeddable":true,"href":"https:\/\/www.adf.org.br\/home\/wp-json\/wp\/v2\/comments?post=46604"}],"version-history":[{"count":0,"href":"https:\/\/www.adf.org.br\/home\/wp-json\/wp\/v2\/posts\/46604\/revisions"}],"wp:featuredmedia":[{"embeddable":true,"href":"https:\/\/www.adf.org.br\/home\/wp-json\/wp\/v2\/media\/46605"}],"wp:attachment":[{"href":"https:\/\/www.adf.org.br\/home\/wp-json\/wp\/v2\/media?parent=46604"}],"wp:term":[{"taxonomy":"category","embeddable":true,"href":"https:\/\/www.adf.org.br\/home\/wp-json\/wp\/v2\/categories?post=46604"},{"taxonomy":"post_tag","embeddable":true,"href":"https:\/\/www.adf.org.br\/home\/wp-json\/wp\/v2\/tags?post=46604"}],"curies":[{"name":"wp","href":"https:\/\/api.w.org\/{rel}","templated":true}]}}