{"id":46590,"date":"2020-02-10T00:30:56","date_gmt":"2020-02-10T03:30:56","guid":{"rendered":"http:\/\/www.adf.org.br\/home\/?p=46590"},"modified":"2020-02-10T00:30:56","modified_gmt":"2020-02-10T03:30:56","slug":"aparicoes-lourdes","status":"publish","type":"post","link":"https:\/\/www.adf.org.br\/home\/aparicoes-lourdes\/","title":{"rendered":"As apari\u00e7\u00f5es de Nossa Senhora de Lourdes"},"content":{"rendered":"<div><a href=\"https:\/\/pay.hotmart.com\/N5669718Q?checkoutMode=10&amp;sck=8736&amp;bid=1534972798799&amp;ref=F9378041N\" target=\"_blank\" rel=\"noopener noreferrer\"><img loading=\"lazy\" class=\"CToWUd aligncenter\" src=\"https:\/\/ci5.googleusercontent.com\/proxy\/af3ju9tUhlxAvG4b-LkmXBUKkApEHeW8G0vE6RbF6mgJUljX3YaMnwVGYaMhlf6slWwo2d0UreJnMm9Bhdq8pk662kOEdNFYuibWBDKhbbzPjfAXgMw1Gtx9wr2Q7b6fDCzfzRaSTcv8bbv1mFDYUyfg8FjhFIuLx4o3g-WE=s0-d-e1-ft#http:\/\/www.knowload.com.br\/emkts\/2018\/04_abr\/05_livro_da_cura_7296-7297-7298\/cabecalho_livro_da_cura.png\" alt=\"Saiba mais aqui.\" width=\"559\" height=\"274\" \/><\/a><\/div>\n<div>\n<p style=\"padding-left: 90px;\"><span style=\"font-family: verdana, geneva, sans-serif; font-size: 12pt; color: #ffffff;\">.<\/span><br \/>\n<strong><span style=\"font-family: verdana, geneva, sans-serif; font-size: 12pt; color: #800080;\"> Querido amigo,<\/span><\/strong><\/p>\n<p><span style=\"font-family: verdana, geneva, sans-serif; font-size: 12pt; color: #000000;\"><br \/>\n<span style=\"font-size: 14pt;\"><strong>V<\/strong><\/span>oc\u00ea sabe por que\u00a0<span style=\"color: #0000ff;\"><a style=\"color: #0000ff;\" href=\"https:\/\/pay.hotmart.com\/N5669718Q?checkoutMode=10&amp;sck=8736&amp;bid=1534972798799&amp;ref=F9378041N\" target=\"_blank\" rel=\"noopener noreferrer\">Lourdes<\/a><\/span>\u00a0foi uma das apari\u00e7\u00f5es mais importantes da hist\u00f3ria?<\/span><\/p>\n<p><span style=\"font-family: verdana, geneva, sans-serif; font-size: 12pt; color: #000000;\">Por que milhares de pessoas s\u00e3o curadas gra\u00e7as a esta devo\u00e7\u00e3o?<\/span><\/p>\n<p><span style=\"font-family: verdana, geneva, sans-serif; font-size: 12pt; color: #000000;\">O que existe por tr\u00e1s da famosa Gruta de Lourdes?<\/span><\/p>\n<p><span style=\"font-family: verdana, geneva, sans-serif; font-size: 12pt; color: #000000;\">No\u00a0<span style=\"color: #0000ff;\"><a style=\"color: #0000ff;\" href=\"https:\/\/pay.hotmart.com\/N5669718Q?checkoutMode=10&amp;sck=8736&amp;bid=1534972798799&amp;ref=F9378041N\" target=\"_blank\" rel=\"noopener noreferrer\">e-book<\/a><\/span>\u00a0<strong>O Livro da Cura<\/strong>\u00a0voc\u00ea vai saber tudo isso e muito mais.<\/span><\/p>\n<p class=\"alignnone\" style=\"text-align: left;\"><span style=\"font-family: verdana, geneva, sans-serif; font-size: 12pt; color: #000000;\">E ainda ter\u00e1 acesso a:<\/span><span style=\"font-family: verdana, geneva, sans-serif; font-size: 12pt; color: #000000;\"><br \/>\n<\/span><\/p>\n<p class=\"alignnone\" style=\"text-align: left;\"><span style=\"font-family: verdana, geneva, sans-serif; font-size: 12pt; color: #ffffff;\">.<\/span><br \/>\n<a href=\"https:\/\/go.hotmart.com\/F9378041N\" target=\"_blank\" rel=\"noopener noreferrer\"><img loading=\"lazy\" class=\"aligncenter wp-image-56286 size-full\" src=\"https:\/\/www.adf.org.br\/home\/wp-content\/uploads\/2019\/12\/O-Livro-da-Cura.png\" alt=\"O Livro da Cura\" width=\"300\" height=\"432\" \/><\/a><\/p>\n<\/div>\n<div>\n<blockquote>\n<p class=\"alignnone\" style=\"text-align: left;\"><span style=\"font-family: verdana, geneva, sans-serif; font-size: 12pt; color: #000000;\">&#8211; Testemunhos ver\u00eddicos;<\/span><br \/>\n<span style=\"font-family: verdana, geneva, sans-serif; font-size: 12pt; color: #000000;\"> &#8211; Ora\u00e7\u00f5es e S\u00faplicas pela sa\u00fade;<\/span><br \/>\n<span style=\"font-family: verdana, geneva, sans-serif; font-size: 12pt; color: #000000;\"> &#8211; Seu nome inscrito na Missa da Cura F\u00edsica e Espiritual;<br \/>\n&#8211; E muito mais!<\/span><\/p>\n<\/blockquote>\n<p class=\"alignnone\" style=\"text-align: center;\"><span style=\"color: #ffffff;\">.<\/span><\/p>\n<p style=\"text-align: left;\"><span style=\"color: #0000ff; font-size: 14pt;\"><span style=\"font-family: verdana, geneva, sans-serif;\"><a style=\"color: #0000ff;\" href=\"https:\/\/pay.hotmart.com\/N5669718Q?checkoutMode=10&amp;sck=8736&amp;bid=1534972798799&amp;ref=F9378041N\" target=\"_blank\" rel=\"noopener noreferrer\">Clique aqui e veja como ter o seu agora mesmo<\/a>.<\/span><\/span><br \/>\n<span style=\"font-family: verdana, geneva, sans-serif; font-size: 12pt; color: #ffffff;\"> .<\/span><br \/>\n<span style=\"font-family: verdana, geneva, sans-serif; font-size: 12pt; color: #ffffff;\">.<\/span><br \/>\n<span style=\"font-family: verdana, geneva, sans-serif; font-size: 12pt; color: #000000;\"> A visualiza\u00e7\u00e3o dele fica perfeita em celulares e tablet&#8217;s de todos os modelos, inclusive em aplicativos como o Kindle.<\/span><\/p>\n<h5 style=\"text-align: center;\"><span style=\"font-family: verdana, geneva, sans-serif; font-size: 12pt; color: #000000;\"><strong><span style=\"color: #0000ff; font-size: 14pt;\"><span style=\"color: #ffffff;\">.<\/span><a style=\"color: #0000ff;\" href=\"https:\/\/pay.hotmart.com\/N5669718Q?checkoutMode=10&amp;sck=8736&amp;bid=1534972798799&amp;ref=F9378041N\" target=\"_blank\" rel=\"noopener noreferrer\"><br \/>\nAdquira hoje\u00a0O Livro da Cura\u00a0por um pre\u00e7o especial<\/a><\/span><\/strong>.<\/span><\/h5>\n<p style=\"text-align: center;\"><span style=\"font-family: verdana, geneva, sans-serif; font-size: 12pt; color: #000000;\"><span style=\"color: #ffffff;\">.<\/span><br \/>\n<strong><span style=\"color: #800080;\"><em>Nossa Senhora de Lourdes, rogai por n\u00f3s!\u00a0<\/em>?<\/span><\/strong><\/span><\/p>\n<p style=\"text-align: center;\"><span style=\"color: #ffffff;\">.<\/span><\/p>\n<hr \/>\n<p style=\"text-align: center;\"><span style=\"font-family: verdana, geneva, sans-serif; font-size: 12pt; color: #ffffff;\">.<\/span><\/p>\n<\/div>\n","protected":false},"excerpt":{"rendered":"<p>Querido amigo,<\/p>\n","protected":false},"author":31,"featured_media":54557,"comment_status":"open","ping_status":"open","sticky":false,"template":"","format":"standard","meta":[],"categories":[2224,20],"tags":[2757,2758,1987,54,2317,528],"yoast_head":"<!-- This site is optimized with the Yoast SEO plugin v17.4 - https:\/\/yoast.com\/wordpress\/plugins\/seo\/ -->\n<title>As apari\u00e7\u00f5es de Nossa Senhora de Lourdes...<\/title>\n<meta name=\"description\" content=\"As apari\u00e7\u00f5es de Nossa Senhora de Lourdes...\" \/>\n<meta name=\"robots\" content=\"index, follow, max-snippet:-1, max-image-preview:large, max-video-preview:-1\" \/>\n<link rel=\"canonical\" href=\"https:\/\/www.adf.org.br\/home\/aparicoes-lourdes\/\" \/>\n<meta property=\"og:locale\" content=\"pt_BR\" \/>\n<meta property=\"og:type\" content=\"article\" \/>\n<meta property=\"og:title\" content=\"As apari\u00e7\u00f5es de Nossa Senhora de Lourdes...\" \/>\n<meta property=\"og:description\" content=\"As apari\u00e7\u00f5es de Nossa Senhora de Lourdes...\" \/>\n<meta property=\"og:url\" content=\"https:\/\/www.adf.org.br\/home\/aparicoes-lourdes\/\" \/>\n<meta property=\"og:site_name\" content=\"Associa\u00e7\u00e3o Devotos de F\u00e1tima\" \/>\n<meta property=\"article:published_time\" content=\"2020-02-10T03:30:56+00:00\" \/>\n<meta name=\"twitter:card\" content=\"summary_large_image\" \/>\n<meta name=\"twitter:label1\" content=\"Escrito por\" \/>\n\t<meta name=\"twitter:data1\" content=\"Gabriel Barbosa\" \/>\n\t<meta name=\"twitter:label2\" content=\"Est. tempo de leitura\" \/>\n\t<meta name=\"twitter:data2\" content=\"1 minuto\" \/>\n<script type=\"application\/ld+json\" class=\"yoast-schema-graph\">{\"@context\":\"https:\/\/schema.org\",\"@graph\":[{\"@type\":\"WebSite\",\"@id\":\"https:\/\/www.adf.org.br\/home\/#website\",\"url\":\"https:\/\/www.adf.org.br\/home\/\",\"name\":\"Associa\\u00e7\\u00e3o Devotos de F\\u00e1tima\",\"description\":\"Associa\\u00e7\\u00e3o Devotos de F\\u00e1tima\",\"potentialAction\":[{\"@type\":\"SearchAction\",\"target\":{\"@type\":\"EntryPoint\",\"urlTemplate\":\"https:\/\/www.adf.org.br\/home\/?s={search_term_string}\"},\"query-input\":\"required name=search_term_string\"}],\"inLanguage\":\"pt-BR\"},{\"@type\":\"ImageObject\",\"@id\":\"https:\/\/www.adf.org.br\/home\/aparicoes-lourdes\/#primaryimage\",\"inLanguage\":\"pt-BR\",\"url\":\"\",\"contentUrl\":\"\"},{\"@type\":\"WebPage\",\"@id\":\"https:\/\/www.adf.org.br\/home\/aparicoes-lourdes\/#webpage\",\"url\":\"https:\/\/www.adf.org.br\/home\/aparicoes-lourdes\/\",\"name\":\"As apari\\u00e7\\u00f5es de Nossa Senhora de Lourdes...\",\"isPartOf\":{\"@id\":\"https:\/\/www.adf.org.br\/home\/#website\"},\"primaryImageOfPage\":{\"@id\":\"https:\/\/www.adf.org.br\/home\/aparicoes-lourdes\/#primaryimage\"},\"datePublished\":\"2020-02-10T03:30:56+00:00\",\"dateModified\":\"2020-02-10T03:30:56+00:00\",\"author\":{\"@id\":\"https:\/\/www.adf.org.br\/home\/#\/schema\/person\/f35a5c5aa7728a3dedf4ea9aa1fc2753\"},\"description\":\"As apari\\u00e7\\u00f5es de Nossa Senhora de Lourdes...\",\"breadcrumb\":{\"@id\":\"https:\/\/www.adf.org.br\/home\/aparicoes-lourdes\/#breadcrumb\"},\"inLanguage\":\"pt-BR\",\"potentialAction\":[{\"@type\":\"ReadAction\",\"target\":[\"https:\/\/www.adf.org.br\/home\/aparicoes-lourdes\/\"]}]},{\"@type\":\"BreadcrumbList\",\"@id\":\"https:\/\/www.adf.org.br\/home\/aparicoes-lourdes\/#breadcrumb\",\"itemListElement\":[{\"@type\":\"ListItem\",\"position\":1,\"name\":\"Home\",\"item\":\"https:\/\/www.adf.org.br\/home\/\"},{\"@type\":\"ListItem\",\"position\":2,\"name\":\"As apari\\u00e7\\u00f5es de Nossa Senhora de Lourdes\"}]},{\"@type\":\"Person\",\"@id\":\"https:\/\/www.adf.org.br\/home\/#\/schema\/person\/f35a5c5aa7728a3dedf4ea9aa1fc2753\",\"name\":\"Gabriel Barbosa\",\"image\":{\"@type\":\"ImageObject\",\"@id\":\"https:\/\/www.adf.org.br\/home\/#personlogo\",\"inLanguage\":\"pt-BR\",\"url\":\"https:\/\/secure.gravatar.com\/avatar\/2b2cb2f4637682c5605e8d36818f51ef?s=96&d=mm&r=g\",\"contentUrl\":\"https:\/\/secure.gravatar.com\/avatar\/2b2cb2f4637682c5605e8d36818f51ef?s=96&d=mm&r=g\",\"caption\":\"Gabriel Barbosa\"},\"url\":\"https:\/\/www.adf.org.br\/home\/author\/gabrielpmk-com-br\/\"}]}<\/script>\n<!-- \/ Yoast SEO plugin. -->","yoast_head_json":{"title":"As apari\u00e7\u00f5es de Nossa Senhora de Lourdes...","description":"As apari\u00e7\u00f5es de Nossa Senhora de Lourdes...","robots":{"index":"index","follow":"follow","max-snippet":"max-snippet:-1","max-image-preview":"max-image-preview:large","max-video-preview":"max-video-preview:-1"},"canonical":"https:\/\/www.adf.org.br\/home\/aparicoes-lourdes\/","og_locale":"pt_BR","og_type":"article","og_title":"As apari\u00e7\u00f5es de Nossa Senhora de Lourdes...","og_description":"As apari\u00e7\u00f5es de Nossa Senhora de Lourdes...","og_url":"https:\/\/www.adf.org.br\/home\/aparicoes-lourdes\/","og_site_name":"Associa\u00e7\u00e3o Devotos de F\u00e1tima","article_published_time":"2020-02-10T03:30:56+00:00","twitter_card":"summary_large_image","twitter_misc":{"Escrito por":"Gabriel Barbosa","Est. tempo de leitura":"1 minuto"},"schema":{"@context":"https:\/\/schema.org","@graph":[{"@type":"WebSite","@id":"https:\/\/www.adf.org.br\/home\/#website","url":"https:\/\/www.adf.org.br\/home\/","name":"Associa\u00e7\u00e3o Devotos de F\u00e1tima","description":"Associa\u00e7\u00e3o Devotos de F\u00e1tima","potentialAction":[{"@type":"SearchAction","target":{"@type":"EntryPoint","urlTemplate":"https:\/\/www.adf.org.br\/home\/?s={search_term_string}"},"query-input":"required name=search_term_string"}],"inLanguage":"pt-BR"},{"@type":"ImageObject","@id":"https:\/\/www.adf.org.br\/home\/aparicoes-lourdes\/#primaryimage","inLanguage":"pt-BR","url":"","contentUrl":""},{"@type":"WebPage","@id":"https:\/\/www.adf.org.br\/home\/aparicoes-lourdes\/#webpage","url":"https:\/\/www.adf.org.br\/home\/aparicoes-lourdes\/","name":"As apari\u00e7\u00f5es de Nossa Senhora de Lourdes...","isPartOf":{"@id":"https:\/\/www.adf.org.br\/home\/#website"},"primaryImageOfPage":{"@id":"https:\/\/www.adf.org.br\/home\/aparicoes-lourdes\/#primaryimage"},"datePublished":"2020-02-10T03:30:56+00:00","dateModified":"2020-02-10T03:30:56+00:00","author":{"@id":"https:\/\/www.adf.org.br\/home\/#\/schema\/person\/f35a5c5aa7728a3dedf4ea9aa1fc2753"},"description":"As apari\u00e7\u00f5es de Nossa Senhora de Lourdes...","breadcrumb":{"@id":"https:\/\/www.adf.org.br\/home\/aparicoes-lourdes\/#breadcrumb"},"inLanguage":"pt-BR","potentialAction":[{"@type":"ReadAction","target":["https:\/\/www.adf.org.br\/home\/aparicoes-lourdes\/"]}]},{"@type":"BreadcrumbList","@id":"https:\/\/www.adf.org.br\/home\/aparicoes-lourdes\/#breadcrumb","itemListElement":[{"@type":"ListItem","position":1,"name":"Home","item":"https:\/\/www.adf.org.br\/home\/"},{"@type":"ListItem","position":2,"name":"As apari\u00e7\u00f5es de Nossa Senhora de Lourdes"}]},{"@type":"Person","@id":"https:\/\/www.adf.org.br\/home\/#\/schema\/person\/f35a5c5aa7728a3dedf4ea9aa1fc2753","name":"Gabriel Barbosa","image":{"@type":"ImageObject","@id":"https:\/\/www.adf.org.br\/home\/#personlogo","inLanguage":"pt-BR","url":"https:\/\/secure.gravatar.com\/avatar\/2b2cb2f4637682c5605e8d36818f51ef?s=96&d=mm&r=g","contentUrl":"https:\/\/secure.gravatar.com\/avatar\/2b2cb2f4637682c5605e8d36818f51ef?s=96&d=mm&r=g","caption":"Gabriel Barbosa"},"url":"https:\/\/www.adf.org.br\/home\/author\/gabrielpmk-com-br\/"}]}},"_links":{"self":[{"href":"https:\/\/www.adf.org.br\/home\/wp-json\/wp\/v2\/posts\/46590"}],"collection":[{"href":"https:\/\/www.adf.org.br\/home\/wp-json\/wp\/v2\/posts"}],"about":[{"href":"https:\/\/www.adf.org.br\/home\/wp-json\/wp\/v2\/types\/post"}],"author":[{"embeddable":true,"href":"https:\/\/www.adf.org.br\/home\/wp-json\/wp\/v2\/users\/31"}],"replies":[{"embeddable":true,"href":"https:\/\/www.adf.org.br\/home\/wp-json\/wp\/v2\/comments?post=46590"}],"version-history":[{"count":0,"href":"https:\/\/www.adf.org.br\/home\/wp-json\/wp\/v2\/posts\/46590\/revisions"}],"wp:featuredmedia":[{"embeddable":true,"href":"https:\/\/www.adf.org.br\/home\/wp-json\/wp\/v2\/media\/54557"}],"wp:attachment":[{"href":"https:\/\/www.adf.org.br\/home\/wp-json\/wp\/v2\/media?parent=46590"}],"wp:term":[{"taxonomy":"category","embeddable":true,"href":"https:\/\/www.adf.org.br\/home\/wp-json\/wp\/v2\/categories?post=46590"},{"taxonomy":"post_tag","embeddable":true,"href":"https:\/\/www.adf.org.br\/home\/wp-json\/wp\/v2\/tags?post=46590"}],"curies":[{"name":"wp","href":"https:\/\/api.w.org\/{rel}","templated":true}]}}