{"id":46554,"date":"2018-04-21T00:30:05","date_gmt":"2018-04-21T03:30:05","guid":{"rendered":"http:\/\/www.adf.org.br\/home\/?p=46554"},"modified":"2018-04-21T00:30:05","modified_gmt":"2018-04-21T03:30:05","slug":"o-que-voce-faria","status":"publish","type":"post","link":"https:\/\/www.adf.org.br\/home\/o-que-voce-faria\/","title":{"rendered":"O que voc\u00ea faria no lugar da Clara? Leria a Carta?"},"content":{"rendered":"<p style=\"padding-left: 90px;\"><span style=\"font-family: verdana, geneva, sans-serif; font-size: 12pt; color: #ffffff;\">.<\/span><br \/>\n<span style=\"color: #800080;\"><strong><span style=\"font-family: verdana, geneva, sans-serif; font-size: 12pt;\"> Amigo,<\/span><\/strong><\/span><\/p>\n<p><span style=\"font-family: verdana, geneva, sans-serif; font-size: 12pt; color: #000000;\"><span style=\"font-size: 14pt;\"><strong>T<\/strong><\/span>OC TOC, batem na porta da sua casa no meio da madrugada.<\/span><\/p>\n<p><span style=\"font-family: verdana, geneva, sans-serif; font-size: 12pt; color: #000000;\">Voc\u00ea acorda assustado, corre para ver quem \u00e9. Abre a porta de uma s\u00f3 vez e&#8230;<\/span><br \/>\n<span style=\"font-family: verdana, geneva, sans-serif; font-size: 12pt; color: #ffffff;\"> .<\/span><br \/>\n<img loading=\"lazy\" class=\"CToWUd aligncenter\" src=\"https:\/\/ci4.googleusercontent.com\/proxy\/MaWKs-VO7rtFZ2WnwR1MPbo0y4iRZ1FkvoIWa9j7YuI_bXWRrgnbPjpwavpnTUBLm4NoQAPk3UaVHVj8v0C7Qg=s0-d-e1-ft#http:\/\/acartadoalem.com.br\/emkt\/carta1.jpg\" alt=\"carta\" width=\"355\" height=\"102\" \/><br \/>\n<img loading=\"lazy\" class=\"CToWUd aligncenter\" src=\"https:\/\/ci4.googleusercontent.com\/proxy\/f4N9WH6AHJ7E7PGNyKltq1KME005K20pmoSoOOyAQYA10ecvZCC2ARO16lf5HlO7JientzVDyDN1ztKNp03fmg=s0-d-e1-ft#http:\/\/acartadoalem.com.br\/emkt\/carta2.jpg\" alt=\"carta\" width=\"355\" height=\"56\" \/><br \/>\n<span style=\"font-family: verdana, geneva, sans-serif; font-size: 12pt; color: #ffffff;\">.<\/span><br \/>\n<span style=\"font-family: verdana, geneva, sans-serif; font-size: 12pt; color: #000000;\"> N\u00e3o h\u00e1 ningu\u00e9m l\u00e1 fora, apenas uma carta no ch\u00e3o.<\/span><\/p>\n<h5 style=\"padding-left: 90px;\"><span style=\"font-family: verdana, geneva, sans-serif; font-size: 12pt; color: #800080;\"><strong><br \/>\nVoc\u00ea acabou de receber uma CARTA DO AL\u00c9M.<\/strong><\/span><\/h5>\n<p><span style=\"font-family: verdana, geneva, sans-serif; font-size: 12pt; color: #000000;\"><br \/>\nPor incr\u00edvel que pare\u00e7a, foi exatamente isto que aconteceu com uma jovem chamada Clara. \u00c9 uma hist\u00f3ria VER\u00cdDICA.<\/span><\/p>\n<p><span style=\"font-family: verdana, geneva, sans-serif; font-size: 12pt; color: #0000ff;\"><a style=\"color: #0000ff;\" href=\"http:\/\/www.acartadoalem.com.br\/?origem=4547\" target=\"&quot;_blank\" rel=\"noopener noreferrer\"><strong><br \/>\nEntre aqui para conhecer esta hist\u00f3ria<\/strong><\/a><\/span><\/p>\n<p style=\"text-align: center;\"><span style=\"font-family: verdana, geneva, sans-serif; font-size: 12pt; color: #000000;\"><br \/>\nOu entre neste site:<\/span><br \/>\n<span style=\"font-family: verdana, geneva, sans-serif; font-size: 14pt; color: #0000ff;\"> <a style=\"color: #0000ff;\" href=\"http:\/\/www.acartadoalem.com.br\/?origem=4547\" target=\"_blank\" rel=\"noopener noreferrer\"><strong>www.acartadoalem.com.br<\/strong><\/a><\/span><\/p>\n<p style=\"text-align: center;\"><span style=\"font-family: verdana, geneva, sans-serif; font-size: 12pt; color: #ffffff;\">.<\/span><br \/>\n<strong><span style=\"font-family: verdana, geneva, sans-serif; font-size: 12pt; color: #000000;\">*\u00a0 *\u00a0 *<\/span><\/strong><\/p>\n<p><span style=\"font-family: verdana, geneva, sans-serif; font-size: 12pt; color: #ffffff;\">.<\/span><br \/>\n<span style=\"font-family: verdana, geneva, sans-serif; font-size: 12pt; color: #ffffff;\">.<\/span><\/p>\n","protected":false},"excerpt":{"rendered":"<p>Amigo,<\/p>\n","protected":false},"author":31,"featured_media":46556,"comment_status":"open","ping_status":"open","sticky":false,"template":"","format":"standard","meta":[],"categories":[20],"tags":[288,1987,1988],"yoast_head":"<!-- This site is optimized with the Yoast SEO plugin v17.4 - https:\/\/yoast.com\/wordpress\/plugins\/seo\/ -->\n<title>O que voc\u00ea faria no lugar da Clara? Leria a Carta?<\/title>\n<meta name=\"description\" content=\"O que voc\u00ea faria no lugar da Clara? Leria a Carta?\" \/>\n<meta name=\"robots\" content=\"index, follow, max-snippet:-1, max-image-preview:large, max-video-preview:-1\" \/>\n<link rel=\"canonical\" href=\"https:\/\/www.adf.org.br\/home\/o-que-voce-faria\/\" \/>\n<meta property=\"og:locale\" content=\"pt_BR\" \/>\n<meta property=\"og:type\" content=\"article\" \/>\n<meta property=\"og:title\" content=\"O que voc\u00ea faria no lugar da Clara? Leria a Carta?\" \/>\n<meta property=\"og:description\" content=\"O que voc\u00ea faria no lugar da Clara? Leria a Carta?\" \/>\n<meta property=\"og:url\" content=\"https:\/\/www.adf.org.br\/home\/o-que-voce-faria\/\" \/>\n<meta property=\"og:site_name\" content=\"Associa\u00e7\u00e3o Devotos de F\u00e1tima\" \/>\n<meta property=\"article:published_time\" content=\"2018-04-21T03:30:05+00:00\" \/>\n<meta name=\"twitter:card\" content=\"summary_large_image\" \/>\n<meta name=\"twitter:label1\" content=\"Escrito por\" \/>\n\t<meta name=\"twitter:data1\" content=\"Gabriel Barbosa\" \/>\n<script type=\"application\/ld+json\" class=\"yoast-schema-graph\">{\"@context\":\"https:\/\/schema.org\",\"@graph\":[{\"@type\":\"WebSite\",\"@id\":\"https:\/\/www.adf.org.br\/home\/#website\",\"url\":\"https:\/\/www.adf.org.br\/home\/\",\"name\":\"Associa\\u00e7\\u00e3o Devotos de F\\u00e1tima\",\"description\":\"Associa\\u00e7\\u00e3o Devotos de F\\u00e1tima\",\"potentialAction\":[{\"@type\":\"SearchAction\",\"target\":{\"@type\":\"EntryPoint\",\"urlTemplate\":\"https:\/\/www.adf.org.br\/home\/?s={search_term_string}\"},\"query-input\":\"required name=search_term_string\"}],\"inLanguage\":\"pt-BR\"},{\"@type\":\"ImageObject\",\"@id\":\"https:\/\/www.adf.org.br\/home\/o-que-voce-faria\/#primaryimage\",\"inLanguage\":\"pt-BR\",\"url\":\"\",\"contentUrl\":\"\"},{\"@type\":\"WebPage\",\"@id\":\"https:\/\/www.adf.org.br\/home\/o-que-voce-faria\/#webpage\",\"url\":\"https:\/\/www.adf.org.br\/home\/o-que-voce-faria\/\",\"name\":\"O que voc\\u00ea faria no lugar da Clara? Leria a Carta?\",\"isPartOf\":{\"@id\":\"https:\/\/www.adf.org.br\/home\/#website\"},\"primaryImageOfPage\":{\"@id\":\"https:\/\/www.adf.org.br\/home\/o-que-voce-faria\/#primaryimage\"},\"datePublished\":\"2018-04-21T03:30:05+00:00\",\"dateModified\":\"2018-04-21T03:30:05+00:00\",\"author\":{\"@id\":\"https:\/\/www.adf.org.br\/home\/#\/schema\/person\/f35a5c5aa7728a3dedf4ea9aa1fc2753\"},\"description\":\"O que voc\\u00ea faria no lugar da Clara? Leria a Carta?\",\"breadcrumb\":{\"@id\":\"https:\/\/www.adf.org.br\/home\/o-que-voce-faria\/#breadcrumb\"},\"inLanguage\":\"pt-BR\",\"potentialAction\":[{\"@type\":\"ReadAction\",\"target\":[\"https:\/\/www.adf.org.br\/home\/o-que-voce-faria\/\"]}]},{\"@type\":\"BreadcrumbList\",\"@id\":\"https:\/\/www.adf.org.br\/home\/o-que-voce-faria\/#breadcrumb\",\"itemListElement\":[{\"@type\":\"ListItem\",\"position\":1,\"name\":\"Home\",\"item\":\"https:\/\/www.adf.org.br\/home\/\"},{\"@type\":\"ListItem\",\"position\":2,\"name\":\"O que voc\\u00ea faria no lugar da Clara? Leria a Carta?\"}]},{\"@type\":\"Person\",\"@id\":\"https:\/\/www.adf.org.br\/home\/#\/schema\/person\/f35a5c5aa7728a3dedf4ea9aa1fc2753\",\"name\":\"Gabriel Barbosa\",\"image\":{\"@type\":\"ImageObject\",\"@id\":\"https:\/\/www.adf.org.br\/home\/#personlogo\",\"inLanguage\":\"pt-BR\",\"url\":\"https:\/\/secure.gravatar.com\/avatar\/2b2cb2f4637682c5605e8d36818f51ef?s=96&d=mm&r=g\",\"contentUrl\":\"https:\/\/secure.gravatar.com\/avatar\/2b2cb2f4637682c5605e8d36818f51ef?s=96&d=mm&r=g\",\"caption\":\"Gabriel Barbosa\"},\"url\":\"https:\/\/www.adf.org.br\/home\/author\/gabrielpmk-com-br\/\"}]}<\/script>\n<!-- \/ Yoast SEO plugin. -->","yoast_head_json":{"title":"O que voc\u00ea faria no lugar da Clara? Leria a Carta?","description":"O que voc\u00ea faria no lugar da Clara? Leria a Carta?","robots":{"index":"index","follow":"follow","max-snippet":"max-snippet:-1","max-image-preview":"max-image-preview:large","max-video-preview":"max-video-preview:-1"},"canonical":"https:\/\/www.adf.org.br\/home\/o-que-voce-faria\/","og_locale":"pt_BR","og_type":"article","og_title":"O que voc\u00ea faria no lugar da Clara? Leria a Carta?","og_description":"O que voc\u00ea faria no lugar da Clara? Leria a Carta?","og_url":"https:\/\/www.adf.org.br\/home\/o-que-voce-faria\/","og_site_name":"Associa\u00e7\u00e3o Devotos de F\u00e1tima","article_published_time":"2018-04-21T03:30:05+00:00","twitter_card":"summary_large_image","twitter_misc":{"Escrito por":"Gabriel Barbosa"},"schema":{"@context":"https:\/\/schema.org","@graph":[{"@type":"WebSite","@id":"https:\/\/www.adf.org.br\/home\/#website","url":"https:\/\/www.adf.org.br\/home\/","name":"Associa\u00e7\u00e3o Devotos de F\u00e1tima","description":"Associa\u00e7\u00e3o Devotos de F\u00e1tima","potentialAction":[{"@type":"SearchAction","target":{"@type":"EntryPoint","urlTemplate":"https:\/\/www.adf.org.br\/home\/?s={search_term_string}"},"query-input":"required name=search_term_string"}],"inLanguage":"pt-BR"},{"@type":"ImageObject","@id":"https:\/\/www.adf.org.br\/home\/o-que-voce-faria\/#primaryimage","inLanguage":"pt-BR","url":"","contentUrl":""},{"@type":"WebPage","@id":"https:\/\/www.adf.org.br\/home\/o-que-voce-faria\/#webpage","url":"https:\/\/www.adf.org.br\/home\/o-que-voce-faria\/","name":"O que voc\u00ea faria no lugar da Clara? Leria a Carta?","isPartOf":{"@id":"https:\/\/www.adf.org.br\/home\/#website"},"primaryImageOfPage":{"@id":"https:\/\/www.adf.org.br\/home\/o-que-voce-faria\/#primaryimage"},"datePublished":"2018-04-21T03:30:05+00:00","dateModified":"2018-04-21T03:30:05+00:00","author":{"@id":"https:\/\/www.adf.org.br\/home\/#\/schema\/person\/f35a5c5aa7728a3dedf4ea9aa1fc2753"},"description":"O que voc\u00ea faria no lugar da Clara? Leria a Carta?","breadcrumb":{"@id":"https:\/\/www.adf.org.br\/home\/o-que-voce-faria\/#breadcrumb"},"inLanguage":"pt-BR","potentialAction":[{"@type":"ReadAction","target":["https:\/\/www.adf.org.br\/home\/o-que-voce-faria\/"]}]},{"@type":"BreadcrumbList","@id":"https:\/\/www.adf.org.br\/home\/o-que-voce-faria\/#breadcrumb","itemListElement":[{"@type":"ListItem","position":1,"name":"Home","item":"https:\/\/www.adf.org.br\/home\/"},{"@type":"ListItem","position":2,"name":"O que voc\u00ea faria no lugar da Clara? Leria a Carta?"}]},{"@type":"Person","@id":"https:\/\/www.adf.org.br\/home\/#\/schema\/person\/f35a5c5aa7728a3dedf4ea9aa1fc2753","name":"Gabriel Barbosa","image":{"@type":"ImageObject","@id":"https:\/\/www.adf.org.br\/home\/#personlogo","inLanguage":"pt-BR","url":"https:\/\/secure.gravatar.com\/avatar\/2b2cb2f4637682c5605e8d36818f51ef?s=96&d=mm&r=g","contentUrl":"https:\/\/secure.gravatar.com\/avatar\/2b2cb2f4637682c5605e8d36818f51ef?s=96&d=mm&r=g","caption":"Gabriel Barbosa"},"url":"https:\/\/www.adf.org.br\/home\/author\/gabrielpmk-com-br\/"}]}},"_links":{"self":[{"href":"https:\/\/www.adf.org.br\/home\/wp-json\/wp\/v2\/posts\/46554"}],"collection":[{"href":"https:\/\/www.adf.org.br\/home\/wp-json\/wp\/v2\/posts"}],"about":[{"href":"https:\/\/www.adf.org.br\/home\/wp-json\/wp\/v2\/types\/post"}],"author":[{"embeddable":true,"href":"https:\/\/www.adf.org.br\/home\/wp-json\/wp\/v2\/users\/31"}],"replies":[{"embeddable":true,"href":"https:\/\/www.adf.org.br\/home\/wp-json\/wp\/v2\/comments?post=46554"}],"version-history":[{"count":0,"href":"https:\/\/www.adf.org.br\/home\/wp-json\/wp\/v2\/posts\/46554\/revisions"}],"wp:featuredmedia":[{"embeddable":true,"href":"https:\/\/www.adf.org.br\/home\/wp-json\/wp\/v2\/media\/46556"}],"wp:attachment":[{"href":"https:\/\/www.adf.org.br\/home\/wp-json\/wp\/v2\/media?parent=46554"}],"wp:term":[{"taxonomy":"category","embeddable":true,"href":"https:\/\/www.adf.org.br\/home\/wp-json\/wp\/v2\/categories?post=46554"},{"taxonomy":"post_tag","embeddable":true,"href":"https:\/\/www.adf.org.br\/home\/wp-json\/wp\/v2\/tags?post=46554"}],"curies":[{"name":"wp","href":"https:\/\/api.w.org\/{rel}","templated":true}]}}