{"id":46369,"date":"2018-03-30T00:30:45","date_gmt":"2018-03-30T03:30:45","guid":{"rendered":"http:\/\/www.adf.org.br\/home\/?p=46369"},"modified":"2018-03-30T00:30:45","modified_gmt":"2018-03-30T03:30:45","slug":"pedidos-santa-missa-pascoa","status":"publish","type":"post","link":"https:\/\/www.adf.org.br\/home\/pedidos-santa-missa-pascoa\/","title":{"rendered":"Seus pedidos na Santa Missa de P\u00e1scoa!"},"content":{"rendered":"<div><a href=\"https:\/\/adf.org.br\/velario\/pascoa?origem=4547\" target=\"_blank\" rel=\"noopener noreferrer\"><img loading=\"lazy\" class=\"CToWUd aligncenter\" src=\"https:\/\/ci6.googleusercontent.com\/proxy\/2qjZ1aAGmGfZh6mcjezwb8X7Cis7BeUBzGBjW6FAENKLBjuom6fAsf-hQAyAslm90NHlDbyhd7dqtO7J6nVZZCu0kcurX2DBIDF5dN2xUTf-P7hi822y_Iw0Cym7XjdPiHmm39NjPtj1L64gF8Bzc0UJGOZCkhW7SLAirL0I4zg2QyBKji2Qgg=s0-d-e1-ft#http:\/\/www.adf.org.br\/home\/emkt\/01_barbara\/_2018\/Mar%C3%A7o\/Semana_25_03\/quinta_29_03_AT\/testeira_adf_29_03_AT.jpg\" alt=\"Veja como\" width=\"558\" height=\"402\" \/><\/a><\/div>\n<div>\n<div>\n<p style=\"padding-left: 90px;\"><span style=\"font-family: verdana, geneva, sans-serif; font-size: 12pt; color: #ffffff;\">.<\/span><br \/>\n<strong><span style=\"font-family: verdana, geneva, sans-serif; font-size: 12pt; color: #800080;\">Ol\u00e1,<\/span><\/strong><\/p>\n<p><span style=\"font-family: verdana, geneva, sans-serif; font-size: 12pt; color: #000000;\"><span style=\"font-size: 14pt;\"><strong>E<\/strong><\/span>stamos dando in\u00edcio ao Tr\u00edduo Pascal, onde nos pr\u00f3ximos tr\u00eas dias celebraremos o Sofrimento, Morte e Ressurrei\u00e7\u00e3o de Nosso Senhor Jesus Cristo.<\/span><\/p>\n<p><span style=\"font-family: verdana, geneva, sans-serif; font-size: 12pt; color: #000000;\">E no domingo teremos a celebra\u00e7\u00e3o da\u00a0<span style=\"color: #0000ff;\"><strong><a style=\"color: #0000ff;\" href=\"https:\/\/adf.org.br\/velario\/pascoa?origem=4547\" target=\"_blank\" rel=\"noopener noreferrer\">Santa Missa de P\u00e1scoa<\/a><\/strong><\/span>.<\/span><\/p>\n<p><span style=\"font-family: verdana, geneva, sans-serif; font-size: 12pt; color: #000000;\"><span style=\"color: #0000ff;\"><strong><a style=\"color: #0000ff;\" href=\"https:\/\/adf.org.br\/velario\/pascoa?origem=4547\" target=\"_blank\" rel=\"noopener noreferrer\">Clique aqui para inscrever seus pedidos<\/a><\/strong><\/span>\u00a0diretamente na Vela desta celebra\u00e7\u00e3o, que sem d\u00favida alguma&#8230; \u00e9 a mais importante do ano.<\/span><\/p>\n<p><span style=\"font-family: verdana, geneva, sans-serif; font-size: 12pt; color: #000000;\">Nosso Senhor morreu para nos salvar. E no Terceiro Dia, Ele ressuscitou cumprindo as profecias do Antigo Testamento.<\/span><\/p>\n<p><span style=\"font-family: verdana, geneva, sans-serif; font-size: 12pt; color: #000000;\">Ao ressuscitar, Nosso Senhor Jesus Cristo abre as Portas do C\u00e9u levando consigo todos os justos e que agora podem contemplar a Face de Deus.<\/span><\/p>\n<p>&nbsp;<\/p>\n<p style=\"text-align: center;\"><span style=\"font-family: verdana, geneva, sans-serif; font-size: 14pt; color: #000000;\"><span style=\"color: #0000ff;\"><a style=\"color: #0000ff;\" href=\"https:\/\/adf.org.br\/velario\/pascoa?origem=4547\" target=\"_blank\" rel=\"noopener noreferrer\">Coloque aqui pedidos na Missa de P\u00e1scoa<\/a><\/span>.<\/span><\/p>\n<p><span style=\"font-family: verdana, geneva, sans-serif; font-size: 12pt; color: #000000;\"><br \/>\nSaiba que muitos amigos da Associa\u00e7\u00e3o j\u00e1 inscreveram seus nomes nesta Missa e n\u00e3o gostar\u00edamos que voc\u00ea ficasse de fora, pois certamente lhe far\u00e1 um bem enorme.<\/span><\/p>\n<p><span style=\"font-family: verdana, geneva, sans-serif; font-size: 12pt; color: #000000;\">Se uma Santa Missa traz in\u00fameros benef\u00edcios em nossas vidas, imagine ent\u00e3o ter o seu nome e seus pedidos inscritos na Missa de P\u00e1scoa.<\/span><\/p>\n<p>&nbsp;<\/p>\n<h5 style=\"text-align: center;\"><span style=\"font-family: verdana, geneva, sans-serif; font-size: 12pt; color: #000000;\"><span style=\"color: #0000ff; font-size: 14pt;\"><a style=\"color: #0000ff;\" href=\"https:\/\/adf.org.br\/velario\/pascoa?origem=4547\" target=\"_blank\" rel=\"noopener noreferrer\">Clique aqui e inscreva-os agora mesmo<\/a><\/span>.<\/span><\/h5>\n<p><span style=\"font-family: verdana, geneva, sans-serif; font-size: 12pt; color: #000000;\"><br \/>\nQue voc\u00ea tenha uma Santa P\u00e1scoa, com Cristo Ressuscitado presente em seu lar e em sua fam\u00edlia!<\/span><\/p>\n<p style=\"text-align: center;\"><span style=\"font-family: verdana, geneva, sans-serif; font-size: 12pt; color: #ffffff;\">.<\/span><br \/>\n<span style=\"font-family: verdana, geneva, sans-serif; font-size: 12pt; color: #ffffff;\">.<\/span><br \/>\n<strong><span style=\"font-family: verdana, geneva, sans-serif; font-size: 12pt; color: #000000;\">*\u00a0 *\u00a0 *<\/span><\/strong><\/p>\n<p><span style=\"font-family: verdana, geneva, sans-serif; font-size: 12pt; color: #ffffff;\">.<\/span><\/p>\n<\/div>\n<\/div>\n","protected":false},"excerpt":{"rendered":"<p>Ol\u00e1&#8230;<\/p>\n","protected":false},"author":31,"featured_media":46370,"comment_status":"open","ping_status":"open","sticky":false,"template":"","format":"standard","meta":[],"categories":[20],"tags":[865,1313,2243,433],"yoast_head":"<!-- This site is optimized with the Yoast SEO plugin v17.4 - https:\/\/yoast.com\/wordpress\/plugins\/seo\/ -->\n<title>Seus pedidos na Santa Missa de P\u00e1scoa!<\/title>\n<meta name=\"description\" content=\"Seus pedidos na Santa Missa de P\u00e1scoa! N\u00e3o perca essa oportunidade, esse \u00e9 o momento mais elevado de nossa F\u00e9, n\u00e3o fique de fora!\" \/>\n<meta name=\"robots\" content=\"index, follow, max-snippet:-1, max-image-preview:large, max-video-preview:-1\" \/>\n<link rel=\"canonical\" href=\"https:\/\/www.adf.org.br\/home\/pedidos-santa-missa-pascoa\/\" \/>\n<meta property=\"og:locale\" content=\"pt_BR\" \/>\n<meta property=\"og:type\" content=\"article\" \/>\n<meta property=\"og:title\" content=\"Seus pedidos na Santa Missa de P\u00e1scoa!\" \/>\n<meta property=\"og:description\" content=\"Seus pedidos na Santa Missa de P\u00e1scoa! N\u00e3o perca essa oportunidade, esse \u00e9 o momento mais elevado de nossa F\u00e9, n\u00e3o fique de fora!\" \/>\n<meta property=\"og:url\" content=\"https:\/\/www.adf.org.br\/home\/pedidos-santa-missa-pascoa\/\" \/>\n<meta property=\"og:site_name\" content=\"Associa\u00e7\u00e3o Devotos de F\u00e1tima\" \/>\n<meta property=\"article:published_time\" content=\"2018-03-30T03:30:45+00:00\" \/>\n<meta name=\"twitter:card\" content=\"summary_large_image\" \/>\n<meta name=\"twitter:label1\" content=\"Escrito por\" \/>\n\t<meta name=\"twitter:data1\" content=\"Gabriel Barbosa\" \/>\n\t<meta name=\"twitter:label2\" content=\"Est. tempo de leitura\" \/>\n\t<meta name=\"twitter:data2\" content=\"1 minuto\" \/>\n<script type=\"application\/ld+json\" class=\"yoast-schema-graph\">{\"@context\":\"https:\/\/schema.org\",\"@graph\":[{\"@type\":\"WebSite\",\"@id\":\"https:\/\/www.adf.org.br\/home\/#website\",\"url\":\"https:\/\/www.adf.org.br\/home\/\",\"name\":\"Associa\\u00e7\\u00e3o Devotos de F\\u00e1tima\",\"description\":\"Associa\\u00e7\\u00e3o Devotos de F\\u00e1tima\",\"potentialAction\":[{\"@type\":\"SearchAction\",\"target\":{\"@type\":\"EntryPoint\",\"urlTemplate\":\"https:\/\/www.adf.org.br\/home\/?s={search_term_string}\"},\"query-input\":\"required name=search_term_string\"}],\"inLanguage\":\"pt-BR\"},{\"@type\":\"ImageObject\",\"@id\":\"https:\/\/www.adf.org.br\/home\/pedidos-santa-missa-pascoa\/#primaryimage\",\"inLanguage\":\"pt-BR\",\"url\":\"\",\"contentUrl\":\"\"},{\"@type\":\"WebPage\",\"@id\":\"https:\/\/www.adf.org.br\/home\/pedidos-santa-missa-pascoa\/#webpage\",\"url\":\"https:\/\/www.adf.org.br\/home\/pedidos-santa-missa-pascoa\/\",\"name\":\"Seus pedidos na Santa Missa de P\\u00e1scoa!\",\"isPartOf\":{\"@id\":\"https:\/\/www.adf.org.br\/home\/#website\"},\"primaryImageOfPage\":{\"@id\":\"https:\/\/www.adf.org.br\/home\/pedidos-santa-missa-pascoa\/#primaryimage\"},\"datePublished\":\"2018-03-30T03:30:45+00:00\",\"dateModified\":\"2018-03-30T03:30:45+00:00\",\"author\":{\"@id\":\"https:\/\/www.adf.org.br\/home\/#\/schema\/person\/f35a5c5aa7728a3dedf4ea9aa1fc2753\"},\"description\":\"Seus pedidos na Santa Missa de P\\u00e1scoa! N\\u00e3o perca essa oportunidade, esse \\u00e9 o momento mais elevado de nossa F\\u00e9, n\\u00e3o fique de fora!\",\"breadcrumb\":{\"@id\":\"https:\/\/www.adf.org.br\/home\/pedidos-santa-missa-pascoa\/#breadcrumb\"},\"inLanguage\":\"pt-BR\",\"potentialAction\":[{\"@type\":\"ReadAction\",\"target\":[\"https:\/\/www.adf.org.br\/home\/pedidos-santa-missa-pascoa\/\"]}]},{\"@type\":\"BreadcrumbList\",\"@id\":\"https:\/\/www.adf.org.br\/home\/pedidos-santa-missa-pascoa\/#breadcrumb\",\"itemListElement\":[{\"@type\":\"ListItem\",\"position\":1,\"name\":\"Home\",\"item\":\"https:\/\/www.adf.org.br\/home\/\"},{\"@type\":\"ListItem\",\"position\":2,\"name\":\"Seus pedidos na Santa Missa de P\\u00e1scoa!\"}]},{\"@type\":\"Person\",\"@id\":\"https:\/\/www.adf.org.br\/home\/#\/schema\/person\/f35a5c5aa7728a3dedf4ea9aa1fc2753\",\"name\":\"Gabriel Barbosa\",\"image\":{\"@type\":\"ImageObject\",\"@id\":\"https:\/\/www.adf.org.br\/home\/#personlogo\",\"inLanguage\":\"pt-BR\",\"url\":\"https:\/\/secure.gravatar.com\/avatar\/2b2cb2f4637682c5605e8d36818f51ef?s=96&d=mm&r=g\",\"contentUrl\":\"https:\/\/secure.gravatar.com\/avatar\/2b2cb2f4637682c5605e8d36818f51ef?s=96&d=mm&r=g\",\"caption\":\"Gabriel Barbosa\"},\"url\":\"https:\/\/www.adf.org.br\/home\/author\/gabrielpmk-com-br\/\"}]}<\/script>\n<!-- \/ Yoast SEO plugin. -->","yoast_head_json":{"title":"Seus pedidos na Santa Missa de P\u00e1scoa!","description":"Seus pedidos na Santa Missa de P\u00e1scoa! N\u00e3o perca essa oportunidade, esse \u00e9 o momento mais elevado de nossa F\u00e9, n\u00e3o fique de fora!","robots":{"index":"index","follow":"follow","max-snippet":"max-snippet:-1","max-image-preview":"max-image-preview:large","max-video-preview":"max-video-preview:-1"},"canonical":"https:\/\/www.adf.org.br\/home\/pedidos-santa-missa-pascoa\/","og_locale":"pt_BR","og_type":"article","og_title":"Seus pedidos na Santa Missa de P\u00e1scoa!","og_description":"Seus pedidos na Santa Missa de P\u00e1scoa! N\u00e3o perca essa oportunidade, esse \u00e9 o momento mais elevado de nossa F\u00e9, n\u00e3o fique de fora!","og_url":"https:\/\/www.adf.org.br\/home\/pedidos-santa-missa-pascoa\/","og_site_name":"Associa\u00e7\u00e3o Devotos de F\u00e1tima","article_published_time":"2018-03-30T03:30:45+00:00","twitter_card":"summary_large_image","twitter_misc":{"Escrito por":"Gabriel Barbosa","Est. tempo de leitura":"1 minuto"},"schema":{"@context":"https:\/\/schema.org","@graph":[{"@type":"WebSite","@id":"https:\/\/www.adf.org.br\/home\/#website","url":"https:\/\/www.adf.org.br\/home\/","name":"Associa\u00e7\u00e3o Devotos de F\u00e1tima","description":"Associa\u00e7\u00e3o Devotos de F\u00e1tima","potentialAction":[{"@type":"SearchAction","target":{"@type":"EntryPoint","urlTemplate":"https:\/\/www.adf.org.br\/home\/?s={search_term_string}"},"query-input":"required name=search_term_string"}],"inLanguage":"pt-BR"},{"@type":"ImageObject","@id":"https:\/\/www.adf.org.br\/home\/pedidos-santa-missa-pascoa\/#primaryimage","inLanguage":"pt-BR","url":"","contentUrl":""},{"@type":"WebPage","@id":"https:\/\/www.adf.org.br\/home\/pedidos-santa-missa-pascoa\/#webpage","url":"https:\/\/www.adf.org.br\/home\/pedidos-santa-missa-pascoa\/","name":"Seus pedidos na Santa Missa de P\u00e1scoa!","isPartOf":{"@id":"https:\/\/www.adf.org.br\/home\/#website"},"primaryImageOfPage":{"@id":"https:\/\/www.adf.org.br\/home\/pedidos-santa-missa-pascoa\/#primaryimage"},"datePublished":"2018-03-30T03:30:45+00:00","dateModified":"2018-03-30T03:30:45+00:00","author":{"@id":"https:\/\/www.adf.org.br\/home\/#\/schema\/person\/f35a5c5aa7728a3dedf4ea9aa1fc2753"},"description":"Seus pedidos na Santa Missa de P\u00e1scoa! N\u00e3o perca essa oportunidade, esse \u00e9 o momento mais elevado de nossa F\u00e9, n\u00e3o fique de fora!","breadcrumb":{"@id":"https:\/\/www.adf.org.br\/home\/pedidos-santa-missa-pascoa\/#breadcrumb"},"inLanguage":"pt-BR","potentialAction":[{"@type":"ReadAction","target":["https:\/\/www.adf.org.br\/home\/pedidos-santa-missa-pascoa\/"]}]},{"@type":"BreadcrumbList","@id":"https:\/\/www.adf.org.br\/home\/pedidos-santa-missa-pascoa\/#breadcrumb","itemListElement":[{"@type":"ListItem","position":1,"name":"Home","item":"https:\/\/www.adf.org.br\/home\/"},{"@type":"ListItem","position":2,"name":"Seus pedidos na Santa Missa de P\u00e1scoa!"}]},{"@type":"Person","@id":"https:\/\/www.adf.org.br\/home\/#\/schema\/person\/f35a5c5aa7728a3dedf4ea9aa1fc2753","name":"Gabriel Barbosa","image":{"@type":"ImageObject","@id":"https:\/\/www.adf.org.br\/home\/#personlogo","inLanguage":"pt-BR","url":"https:\/\/secure.gravatar.com\/avatar\/2b2cb2f4637682c5605e8d36818f51ef?s=96&d=mm&r=g","contentUrl":"https:\/\/secure.gravatar.com\/avatar\/2b2cb2f4637682c5605e8d36818f51ef?s=96&d=mm&r=g","caption":"Gabriel Barbosa"},"url":"https:\/\/www.adf.org.br\/home\/author\/gabrielpmk-com-br\/"}]}},"_links":{"self":[{"href":"https:\/\/www.adf.org.br\/home\/wp-json\/wp\/v2\/posts\/46369"}],"collection":[{"href":"https:\/\/www.adf.org.br\/home\/wp-json\/wp\/v2\/posts"}],"about":[{"href":"https:\/\/www.adf.org.br\/home\/wp-json\/wp\/v2\/types\/post"}],"author":[{"embeddable":true,"href":"https:\/\/www.adf.org.br\/home\/wp-json\/wp\/v2\/users\/31"}],"replies":[{"embeddable":true,"href":"https:\/\/www.adf.org.br\/home\/wp-json\/wp\/v2\/comments?post=46369"}],"version-history":[{"count":0,"href":"https:\/\/www.adf.org.br\/home\/wp-json\/wp\/v2\/posts\/46369\/revisions"}],"wp:featuredmedia":[{"embeddable":true,"href":"https:\/\/www.adf.org.br\/home\/wp-json\/wp\/v2\/media\/46370"}],"wp:attachment":[{"href":"https:\/\/www.adf.org.br\/home\/wp-json\/wp\/v2\/media?parent=46369"}],"wp:term":[{"taxonomy":"category","embeddable":true,"href":"https:\/\/www.adf.org.br\/home\/wp-json\/wp\/v2\/categories?post=46369"},{"taxonomy":"post_tag","embeddable":true,"href":"https:\/\/www.adf.org.br\/home\/wp-json\/wp\/v2\/tags?post=46369"}],"curies":[{"name":"wp","href":"https:\/\/api.w.org\/{rel}","templated":true}]}}