{"id":46218,"date":"2018-03-08T12:30:51","date_gmt":"2018-03-08T15:30:51","guid":{"rendered":"http:\/\/www.adf.org.br\/home\/?p=46218"},"modified":"2018-03-08T12:30:51","modified_gmt":"2018-03-08T15:30:51","slug":"que-mulher-crista-comemora-mesmo","status":"publish","type":"post","link":"https:\/\/www.adf.org.br\/home\/que-mulher-crista-comemora-mesmo\/","title":{"rendered":"&#8220;Dia Internacional da Mulher&#8221;. O que a mulher crist\u00e3 comemora mesmo?"},"content":{"rendered":"<p style=\"padding-left: 90px;\"><span style=\"font-family: verdana, geneva, sans-serif; font-size: 12pt; color: #000000;\"><img loading=\"lazy\" class=\"aligncenter wp-image-46220\" title=\"mulher forte\" src=\"http:\/\/www.adf.org.br\/home\/wp-content\/uploads\/2018\/03\/mulher-forte.jpg\" alt=\"mulher-forte\" width=\"560\" height=\"232\" \/><span style=\"color: #ffffff;\">.<\/span><\/span><br \/>\n<strong><span style=\"font-family: verdana, geneva, sans-serif; font-size: 12pt; color: #800080;\">Na data em que comemoram o \u201cDia Internacional da Mulher\u201d alguns devem esperar certa felicita\u00e7\u00e3o do \u201cHomem Cat\u00f3lico\u201d. <\/span><\/strong><\/p>\n<p><span style=\"font-family: verdana, geneva, sans-serif; font-size: 12pt; color: #000000;\"><br \/>\n<span style=\"font-size: 14pt;\"><strong>A<\/strong><\/span>contece que n\u00e3o estamos inclu\u00eddos nessa comemora\u00e7\u00e3o, entenda porque:<\/span><\/p>\n<p><span style=\"font-family: verdana, geneva, sans-serif; font-size: 12pt; color: #000000;\">O texto abaixo foi publicado no blog <strong>Mulher Cat\u00f3lica<\/strong> e \u00e9 tudo que precis\u00e1vamos para fazer entender porque n\u00e3o trata-se de uma comemora\u00e7\u00e3o digamos\u2026 cat\u00f3lica!<\/span><\/p>\n<p style=\"padding-left: 90px;\"><strong><span style=\"font-family: verdana, geneva, sans-serif; font-size: 12pt; color: #000000;\"><span style=\"color: #000080;\"><br \/>\n\u201cDia Internacional da Mulher\u201d\u2026<\/span> <\/span><\/strong><\/p>\n<p><span style=\"font-family: verdana, geneva, sans-serif; font-size: 12pt; color: #000000;\"><br \/>\nVoc\u00ea j\u00e1 parou para pensar no por que da comemora\u00e7\u00e3o dessa data? <\/span><\/p>\n<p><span style=\"font-family: verdana, geneva, sans-serif; font-size: 12pt; color: #000000;\">Tudo come\u00e7ou no final do s\u00e9culo XIX, quando mulheres que trabalhavam em ind\u00fastrias reivindicaram melhores condi\u00e7\u00f5es de trabalho e melhores sal\u00e1rios. <\/span><\/p>\n<p><span style=\"font-family: verdana, geneva, sans-serif; font-size: 12pt; color: #000000;\">As reivindica\u00e7\u00f5es n\u00e3o pararam por a\u00ed. <\/span><\/p>\n<p><span style=\"font-family: verdana, geneva, sans-serif; font-size: 12pt; color: #000000;\">Ao longo do tempo, elas foram tomando corpo, fomentadas pelas ideologias feministas, at\u00e9 chegarem hoje nas discuss\u00f5es sobre a igualdade de g\u00eaneros, sexualidade e \u201csa\u00fade da mulher\u201d [leia-se a \u201cluta\u201d pela descriminaliza\u00e7\u00e3o do aborto, etc.].<\/span><\/p>\n<div style=\"padding-left: 90px;\"><strong><span style=\"font-family: verdana, geneva, sans-serif; font-size: 12pt; color: #000000;\"><span style=\"color: #800080;\"><br \/>\nNenhuma mulher crist\u00e3 em s\u00e3 consci\u00eancia deveria comemorar o dia \u201c8 de Mar\u00e7o\u201d.<\/span> <\/span><\/strong><\/div>\n<div>\u00a0<span style=\"color: #ffffff;\">.<\/span><\/div>\n<div><span style=\"font-family: verdana, geneva, sans-serif; font-size: 12pt; color: #000000;\">Mas, por incr\u00edvel que pare\u00e7a, as buscas do google trouxeram at\u00e9 bastantes visitas ao Mulher Cat\u00f3lica\u00a0atrav\u00e9s da procura por \u201cmensagens cat\u00f3licas para o dia da mulher\u201d\u2026 <\/span><\/div>\n<div><span style=\"font-family: verdana, geneva, sans-serif; font-size: 12pt; color: #000000;\"><span style=\"font-family: verdana, geneva, sans-serif; font-size: 12pt; color: #000000;\"><br \/>\nAcredito que as pessoas n\u00e3o t\u00eam ideia de como e por que surgiu o \u201cDia Internacional da Mulher\u201d, pois se soubessem, n\u00e3o ficariam procurando mensagens \u201ccat\u00f3licas\u201d, j\u00e1 que de cat\u00f3licas as reivindica\u00e7\u00f5es feministas n\u00e3o t\u00eam nada!<\/span><\/span>E mais: semelhan\u00e7as entre teorias comunistas, socialistas e feministas n\u00e3o \u00e9 mera coincid\u00eancia!<\/p>\n<p>Segundo Clara Zetkin, L\u00eanin \u201cconsiderava a plena igualdade social da mulher como um princ\u00edpio indiscut\u00edvel do comunismo.\u201d<b>\u00a0<\/b>Ele afirmava:<\/p>\n<\/div>\n<div><span style=\"font-family: verdana, geneva, sans-serif; font-size: 12pt; color: #000000;\">\u00a0<\/span><\/div>\n<blockquote>\n<div><span style=\"font-family: verdana, geneva, sans-serif; font-size: 12pt; color: #000080;\">Devemos criar necessariamente um poderoso movimento feminino internacional, fundado sobre uma base te\u00f3rica clara e precisa. <\/span><\/div>\n<div><span style=\"font-family: verdana, geneva, sans-serif; font-size: 12pt; color: #000080;\">\u00c9 claro que n\u00e3o pode haver uma boa pr\u00e1tica sem teoria marxista. <\/span><\/div>\n<div><span style=\"font-family: verdana, geneva, sans-serif; font-size: 12pt; color: #000080;\">N\u00f3s, comunistas, devemos manter sobre tal quest\u00e3o nossos princ\u00edpios, em toda sua pureza. Devemos distinguir-nos claramente de todos os outros partidos. [\u2026].<\/span><\/div>\n<\/blockquote>\n<div><span style=\"font-family: verdana, geneva, sans-serif; font-size: 12pt; color: #000000;\">\u00a0<\/span><\/div>\n<div><span style=\"font-family: verdana, geneva, sans-serif; font-size: 12pt; color: #000000;\">E infelizmente, este \u201cmovimento feminino internacional\u201d aconteceu. <\/span><\/div>\n<div><span style=\"font-family: verdana, geneva, sans-serif; font-size: 12pt; color: #000000;\"><br \/>\nComunismo, marxismo, socialismo, feminismo, tudo de m\u00e3os dadas, e eis onde a mulher chegou na modernidade: escrava de princ\u00edpios e valores totalmente anticrist\u00e3os.<br \/>\n<\/span><\/div>\n<div style=\"padding-left: 90px;\"><span style=\"font-family: verdana, geneva, sans-serif; font-size: 12pt; color: #000000;\"><br \/>\n<strong><span style=\"color: #800080;\">A mulher abdicou do seu papel de m\u00e3e e educadora em busca de uma equipara\u00e7\u00e3o com o homem que foi lhe imposta por essas ideologias. <\/span><\/strong><\/span><\/div>\n<div><span style=\"font-family: verdana, geneva, sans-serif; font-size: 12pt; color: #000000;\"><br \/>\nA maternidade \u00e9 vista como desgra\u00e7a e ser m\u00e3e hoje em dia \u00e9 praticamente sin\u00f4nimo de vergonha! <\/span><\/div>\n<div><\/div>\n<div><span style=\"font-family: verdana, geneva, sans-serif; font-size: 12pt; color: #000000;\">As mulheres almejam, antes de tudo, possuir uma carreira de sucesso do que constituir fam\u00edlias grandes, s\u00f3lidas e crist\u00e3s, de acordo com a vontade Divina. <\/span><\/div>\n<div><\/div>\n<div><span style=\"font-family: verdana, geneva, sans-serif; font-size: 12pt; color: #000000;\">Algu\u00e9m j\u00e1 se deu conta de qual \u00e9 o papel que a mulher assume agora perante o mundo?<\/span><\/div>\n<div>\u00a0<span style=\"color: #ffffff;\">.<\/span><\/div>\n<div style=\"padding-left: 90px;\"><strong><span style=\"font-family: verdana, geneva, sans-serif; font-size: 12pt; color: #800080;\"> Ela simplesmente virou escrava do seu trabalho\u00a0<i>fora do lar<\/i>.<\/span><\/strong><\/div>\n<div>\u00a0<span style=\"color: #ffffff;\">.<\/span><\/div>\n<div><span style=\"font-family: verdana, geneva, sans-serif; font-size: 12pt; color: #000000;\"> Est\u00e1 fadada a uma jornada dupla, ou at\u00e9 mesmo tripla de trabalho, sendo que isto ocorre, na maioria das vezes, por vontade pr\u00f3pria, n\u00e3o por necessidade, j\u00e1 que o que est\u00e1 em jogo \u00e9 sua \u201cauto realiza\u00e7\u00e3o\u201d e \u201csatisfa\u00e7\u00e3o pessoal\u201d. <\/span><\/div>\n<div><\/div>\n<div><span style=\"font-family: verdana, geneva, sans-serif; font-size: 12pt; color: #000000;\">A\u00a0<i>mulher moderna\u00a0<\/i>quis\u00a0\u201cindepend\u00eancia\u201d do seu marido, mas, em contrapartida, tornou-se\u00a0<i>dependente dos seus patr\u00f5es<\/i>\u00a0e de uma\u00a0<i>carreira de sucesso<\/i>, mesmo que isto signifique o preju\u00edzo de sua sa\u00fade e\/ou o abandono da sua fam\u00edlia.<\/span><\/div>\n<div><\/div>\n<div><span style=\"font-family: verdana, geneva, sans-serif; font-size: 12pt; color: #000000;\"> \u00c0s vezes me pergunto: que lugar as crian\u00e7as de hoje ocupam na vida corrida das suas m\u00e3es com\u00a0<i>carreiras brilhantes<\/i>?<\/span><\/div>\n<div><span style=\"color: #ffffff;\">.<\/span><\/div>\n<div style=\"padding-left: 90px;\"><strong><span style=\"font-family: verdana, geneva, sans-serif; font-size: 12pt; color: #000000;\"><span style=\"color: #800080;\">A Igreja sempre ensinou que a tarefa principal da mulher que \u00e9 m\u00e3e e esposa \u00e9 educar seus filhos e cuidar do seu lar.<\/span> <\/span><\/strong><\/div>\n<div><span style=\"color: #ffffff;\">.<\/span><\/div>\n<div><span style=\"font-family: verdana, geneva, sans-serif; font-size: 12pt; color: #000000;\">Ensina Pio XII que: <\/span><\/div>\n<div><\/div>\n<div><span style=\"font-family: verdana, geneva, sans-serif; font-size: 12pt; color: #000000;\">\u201cO of\u00edcio da mulher, sua maneira, sua inclina\u00e7\u00e3o inata, \u00e9 a maternidade. <\/span><\/div>\n<div><\/div>\n<div><span style=\"font-family: verdana, geneva, sans-serif; font-size: 12pt; color: #000000;\">Toda mulher \u00e9 destinada a ser m\u00e3e; m\u00e3e no sentido f\u00edsico da palavra, ou em um significado mais espiritual e elevado, mas n\u00e3o menos real.\u201d<b>\u00a0<\/b><\/span><\/div>\n<div><span style=\"color: #ffffff;\">.<\/span><\/div>\n<div style=\"padding-left: 90px;\"><strong><span style=\"font-family: verdana, geneva, sans-serif; font-size: 12pt; color: #800080;\">Por\u00e9m, este of\u00edcio feminino vem sendo desmantelado, n\u00e3o coincidentemente. <\/span><\/strong><\/div>\n<div><span style=\"color: #ffffff;\">.<\/span><\/div>\n<div><span style=\"font-family: verdana, geneva, sans-serif; font-size: 12pt; color: #000000;\">A revolu\u00e7\u00e3o feminista\/marxista\/socialista veio exatamente tirar a mulher do centro do seu\u00a0<i>reino<\/i>, porque destruindo o lar se destr\u00f3i a fam\u00edlia, e destruindo a fam\u00edlia, se destr\u00f3i e se corrompe a sociedade.<\/span><\/div>\n<div><\/div>\n<div><span style=\"font-family: verdana, geneva, sans-serif; font-size: 12pt; color: #000000;\"> N\u00e3o foi \u00e0 toa que S\u00e3o Pio X disse a seguinte frase: <\/span><\/div>\n<div><\/div>\n<div><span style=\"font-family: verdana, geneva, sans-serif; font-size: 12pt; color: #000000;\">\u201cDai-me m\u00e3es verdadeiramente crist\u00e3s e eu lhes darei santos\u201d;<\/span><\/div>\n<div><\/div>\n<div><span style=\"font-family: verdana, geneva, sans-serif; font-size: 12pt; color: #000000;\">E que Pio XII proferiu a seguinte senten\u00e7a: <\/span><\/div>\n<div><\/div>\n<div><span style=\"font-family: verdana, geneva, sans-serif; font-size: 12pt; color: #000000;\">&#8220;A esposa e m\u00e3e \u00e9 o sol da fam\u00edlia\u201d. <\/span><\/div>\n<div><span style=\"color: #ffffff;\">.<\/span><\/div>\n<div style=\"padding-left: 90px;\"><strong><span style=\"font-family: verdana, geneva, sans-serif; font-size: 12pt; color: #800080;\">Tirai este sol que ilumina e d\u00e1 gra\u00e7a ao lar e tudo ser\u00e1 escurid\u00e3o, lugubridade e trevas!<\/span><\/strong><\/div>\n<div style=\"padding-left: 90px;\"><span style=\"color: #ffffff;\">.\u00a0<\/span><\/div>\n<div>\n<blockquote><p><span style=\"font-family: verdana, geneva, sans-serif; font-size: 12pt; color: #000080;\">Que desde muito tempo os acontecimentos p\u00fablicos tenham-se desenvolvido de modo n\u00e3o favor\u00e1vel ao bem real da fam\u00edlia e da mulher \u00e9 um fato ineg\u00e1vel. E para a mulher, voltam-se v\u00e1rios movimentos pol\u00edticos, para ganh\u00e1-la \u00e0 sua causa. Alguns sistemas totalit\u00e1rios colocam diante de seus olhos magn\u00edficas promessas; igualdade de direitos com os homens, prote\u00e7\u00e3o das gestantes e das parturientes, cozinha e outros servi\u00e7os p\u00fablicos comuns que libertar\u00e3o do peso das obriga\u00e7\u00f5es dom\u00e9sticas. [\u2026] Permanece, por\u00e9m, o ponto essencial da quest\u00e3o, a que j\u00e1 acenamos: a condi\u00e7\u00e3o da mulher com isto se tornou melhor? A igualdade de direitos com o homem, trazendo o abandono da casa onde ela era Rainha, sujeita a mulher ao mesmo peso e tempo de trabalho. Desprestigiou-se a sua verdadeira dignidade e o s\u00f3lido fundamento de todos seus direitos, quer dizer, perdeu-se de vista o fim desejado pelo Criador para o bem da sociedade humana e sobretudo pela fam\u00edlia. Nas concess\u00f5es feitas \u00e0 mulher \u00e9 f\u00e1cil de perceber, mais que o respeito de sua dignidade e de sua miss\u00e3o, a mira de promover a pot\u00eancia econ\u00f4mica e militar do Estado totalit\u00e1rio, do qual tudo deve inexoravelmente ser subordinado.<\/span><\/p><\/blockquote>\n<p>&nbsp;<\/p>\n<p><span style=\"font-family: verdana, geneva, sans-serif; font-size: 12pt; color: #000000;\">Sabendo que o socialismo, o marxismo, o comunismo e o feminismo s\u00e3o, por ess\u00eancia, anti-crist\u00e3os, e sabendo que eles foram as ideologias de base da revolu\u00e7\u00e3o s\u00f3cio-psico-cultural feminina e motivadores deste dito \u201cDia Internacional da Mulher\u201d, pergunto a voc\u00ea, leitor(a):\u00a0<\/span><\/p>\n<h5 style=\"padding-left: 90px;\"><strong><span style=\"font-family: verdana, geneva, sans-serif; font-size: 12pt; color: #800080;\"><i><br \/>\n8 de Mar\u00e7o: O que a mulher crist\u00e3 comemora mesmo?<\/i><\/span><\/strong><\/h5>\n<p><span style=\"font-family: verdana, geneva, sans-serif; font-size: 12pt; color: #ffffff;\">.<\/span><br \/>\n<em><span style=\"font-family: verdana, geneva, sans-serif; font-size: 10pt; color: #000000;\">Fonte:\u00a0homemcatolico.com.br<\/span><\/em><\/p>\n<p style=\"text-align: center;\"><span style=\"font-family: verdana, geneva, sans-serif; font-size: 12pt; color: #ffffff;\">.<\/span><br \/>\n<span style=\"font-family: verdana, geneva, sans-serif; font-size: 12pt; color: #ffffff;\">.<\/span><br \/>\n<strong><span style=\"font-family: verdana, geneva, sans-serif; font-size: 12pt; color: #000000;\">*\u00a0 *\u00a0 *<\/span><\/strong><\/p>\n<p><span style=\"font-family: verdana, geneva, sans-serif; font-size: 12pt; color: #ffffff;\">.<\/span><br \/>\n<a href=\"https:\/\/adf.org.br\/minhaoferta\/?origem=6667\" target=\"_blank\" rel=\"noopener noreferrer\"><img loading=\"lazy\" class=\"aligncenter wp-image-46219 size-full\" src=\"http:\/\/www.adf.org.br\/home\/wp-content\/uploads\/2018\/03\/bt_oferta_ADF-2-1-1.png\" alt=\"bt_oferta_ADF-2 (1)\" width=\"600\" height=\"190\" \/><\/a><\/p>\n<\/div>\n","protected":false},"excerpt":{"rendered":"<p>&#8220;Dia Internacional da Mulher&#8221;. N\u00e3o estamos inclu\u00eddos nessa comemora\u00e7\u00e3o, entenda porque:<\/p>\n","protected":false},"author":31,"featured_media":46221,"comment_status":"open","ping_status":"open","sticky":false,"template":"","format":"standard","meta":[],"categories":[20],"tags":[1665,956],"yoast_head":"<!-- This site is optimized with the Yoast SEO plugin v17.4 - https:\/\/yoast.com\/wordpress\/plugins\/seo\/ -->\n<title>&quot;Dia Internacional da Mulher&quot;.Que a mulher crist\u00e3 comemora mesmo?<\/title>\n<meta name=\"description\" content=\"&quot;Dia Internacional da Mulher&quot;. O que a mulher crist\u00e3 comemora mesmo? Entenda aqui o porque desta data n\u00e3o ser exatamente cat\u00f3lica.\" \/>\n<meta name=\"robots\" content=\"index, follow, max-snippet:-1, max-image-preview:large, max-video-preview:-1\" \/>\n<link rel=\"canonical\" href=\"https:\/\/www.adf.org.br\/home\/que-mulher-crista-comemora-mesmo\/\" \/>\n<meta property=\"og:locale\" content=\"pt_BR\" \/>\n<meta property=\"og:type\" content=\"article\" \/>\n<meta property=\"og:title\" content=\"&quot;Dia Internacional da Mulher&quot;.Que a mulher crist\u00e3 comemora mesmo?\" \/>\n<meta property=\"og:description\" content=\"&quot;Dia Internacional da Mulher&quot;. O que a mulher crist\u00e3 comemora mesmo? Entenda aqui o porque desta data n\u00e3o ser exatamente cat\u00f3lica.\" \/>\n<meta property=\"og:url\" content=\"https:\/\/www.adf.org.br\/home\/que-mulher-crista-comemora-mesmo\/\" \/>\n<meta property=\"og:site_name\" content=\"Associa\u00e7\u00e3o Devotos de F\u00e1tima\" \/>\n<meta property=\"article:published_time\" content=\"2018-03-08T15:30:51+00:00\" \/>\n<meta name=\"twitter:card\" content=\"summary_large_image\" \/>\n<meta name=\"twitter:label1\" content=\"Escrito por\" \/>\n\t<meta name=\"twitter:data1\" content=\"Gabriel Barbosa\" \/>\n\t<meta name=\"twitter:label2\" content=\"Est. tempo de leitura\" \/>\n\t<meta name=\"twitter:data2\" content=\"5 minutos\" \/>\n<script type=\"application\/ld+json\" class=\"yoast-schema-graph\">{\"@context\":\"https:\/\/schema.org\",\"@graph\":[{\"@type\":\"WebSite\",\"@id\":\"https:\/\/www.adf.org.br\/home\/#website\",\"url\":\"https:\/\/www.adf.org.br\/home\/\",\"name\":\"Associa\\u00e7\\u00e3o Devotos de F\\u00e1tima\",\"description\":\"Associa\\u00e7\\u00e3o Devotos de F\\u00e1tima\",\"potentialAction\":[{\"@type\":\"SearchAction\",\"target\":{\"@type\":\"EntryPoint\",\"urlTemplate\":\"https:\/\/www.adf.org.br\/home\/?s={search_term_string}\"},\"query-input\":\"required name=search_term_string\"}],\"inLanguage\":\"pt-BR\"},{\"@type\":\"ImageObject\",\"@id\":\"https:\/\/www.adf.org.br\/home\/que-mulher-crista-comemora-mesmo\/#primaryimage\",\"inLanguage\":\"pt-BR\",\"url\":\"\",\"contentUrl\":\"\"},{\"@type\":\"WebPage\",\"@id\":\"https:\/\/www.adf.org.br\/home\/que-mulher-crista-comemora-mesmo\/#webpage\",\"url\":\"https:\/\/www.adf.org.br\/home\/que-mulher-crista-comemora-mesmo\/\",\"name\":\"\\\"Dia Internacional da Mulher\\\".Que a mulher crist\\u00e3 comemora mesmo?\",\"isPartOf\":{\"@id\":\"https:\/\/www.adf.org.br\/home\/#website\"},\"primaryImageOfPage\":{\"@id\":\"https:\/\/www.adf.org.br\/home\/que-mulher-crista-comemora-mesmo\/#primaryimage\"},\"datePublished\":\"2018-03-08T15:30:51+00:00\",\"dateModified\":\"2018-03-08T15:30:51+00:00\",\"author\":{\"@id\":\"https:\/\/www.adf.org.br\/home\/#\/schema\/person\/f35a5c5aa7728a3dedf4ea9aa1fc2753\"},\"description\":\"\\\"Dia Internacional da Mulher\\\". O que a mulher crist\\u00e3 comemora mesmo? Entenda aqui o porque desta data n\\u00e3o ser exatamente cat\\u00f3lica.\",\"breadcrumb\":{\"@id\":\"https:\/\/www.adf.org.br\/home\/que-mulher-crista-comemora-mesmo\/#breadcrumb\"},\"inLanguage\":\"pt-BR\",\"potentialAction\":[{\"@type\":\"ReadAction\",\"target\":[\"https:\/\/www.adf.org.br\/home\/que-mulher-crista-comemora-mesmo\/\"]}]},{\"@type\":\"BreadcrumbList\",\"@id\":\"https:\/\/www.adf.org.br\/home\/que-mulher-crista-comemora-mesmo\/#breadcrumb\",\"itemListElement\":[{\"@type\":\"ListItem\",\"position\":1,\"name\":\"Home\",\"item\":\"https:\/\/www.adf.org.br\/home\/\"},{\"@type\":\"ListItem\",\"position\":2,\"name\":\"&#8220;Dia Internacional da Mulher&#8221;. O que a mulher crist\\u00e3 comemora mesmo?\"}]},{\"@type\":\"Person\",\"@id\":\"https:\/\/www.adf.org.br\/home\/#\/schema\/person\/f35a5c5aa7728a3dedf4ea9aa1fc2753\",\"name\":\"Gabriel Barbosa\",\"image\":{\"@type\":\"ImageObject\",\"@id\":\"https:\/\/www.adf.org.br\/home\/#personlogo\",\"inLanguage\":\"pt-BR\",\"url\":\"https:\/\/secure.gravatar.com\/avatar\/2b2cb2f4637682c5605e8d36818f51ef?s=96&d=mm&r=g\",\"contentUrl\":\"https:\/\/secure.gravatar.com\/avatar\/2b2cb2f4637682c5605e8d36818f51ef?s=96&d=mm&r=g\",\"caption\":\"Gabriel Barbosa\"},\"url\":\"https:\/\/www.adf.org.br\/home\/author\/gabrielpmk-com-br\/\"}]}<\/script>\n<!-- \/ Yoast SEO plugin. -->","yoast_head_json":{"title":"\"Dia Internacional da Mulher\".Que a mulher crist\u00e3 comemora mesmo?","description":"\"Dia Internacional da Mulher\". O que a mulher crist\u00e3 comemora mesmo? Entenda aqui o porque desta data n\u00e3o ser exatamente cat\u00f3lica.","robots":{"index":"index","follow":"follow","max-snippet":"max-snippet:-1","max-image-preview":"max-image-preview:large","max-video-preview":"max-video-preview:-1"},"canonical":"https:\/\/www.adf.org.br\/home\/que-mulher-crista-comemora-mesmo\/","og_locale":"pt_BR","og_type":"article","og_title":"\"Dia Internacional da Mulher\".Que a mulher crist\u00e3 comemora mesmo?","og_description":"\"Dia Internacional da Mulher\". O que a mulher crist\u00e3 comemora mesmo? Entenda aqui o porque desta data n\u00e3o ser exatamente cat\u00f3lica.","og_url":"https:\/\/www.adf.org.br\/home\/que-mulher-crista-comemora-mesmo\/","og_site_name":"Associa\u00e7\u00e3o Devotos de F\u00e1tima","article_published_time":"2018-03-08T15:30:51+00:00","twitter_card":"summary_large_image","twitter_misc":{"Escrito por":"Gabriel Barbosa","Est. tempo de leitura":"5 minutos"},"schema":{"@context":"https:\/\/schema.org","@graph":[{"@type":"WebSite","@id":"https:\/\/www.adf.org.br\/home\/#website","url":"https:\/\/www.adf.org.br\/home\/","name":"Associa\u00e7\u00e3o Devotos de F\u00e1tima","description":"Associa\u00e7\u00e3o Devotos de F\u00e1tima","potentialAction":[{"@type":"SearchAction","target":{"@type":"EntryPoint","urlTemplate":"https:\/\/www.adf.org.br\/home\/?s={search_term_string}"},"query-input":"required name=search_term_string"}],"inLanguage":"pt-BR"},{"@type":"ImageObject","@id":"https:\/\/www.adf.org.br\/home\/que-mulher-crista-comemora-mesmo\/#primaryimage","inLanguage":"pt-BR","url":"","contentUrl":""},{"@type":"WebPage","@id":"https:\/\/www.adf.org.br\/home\/que-mulher-crista-comemora-mesmo\/#webpage","url":"https:\/\/www.adf.org.br\/home\/que-mulher-crista-comemora-mesmo\/","name":"\"Dia Internacional da Mulher\".Que a mulher crist\u00e3 comemora mesmo?","isPartOf":{"@id":"https:\/\/www.adf.org.br\/home\/#website"},"primaryImageOfPage":{"@id":"https:\/\/www.adf.org.br\/home\/que-mulher-crista-comemora-mesmo\/#primaryimage"},"datePublished":"2018-03-08T15:30:51+00:00","dateModified":"2018-03-08T15:30:51+00:00","author":{"@id":"https:\/\/www.adf.org.br\/home\/#\/schema\/person\/f35a5c5aa7728a3dedf4ea9aa1fc2753"},"description":"\"Dia Internacional da Mulher\". O que a mulher crist\u00e3 comemora mesmo? Entenda aqui o porque desta data n\u00e3o ser exatamente cat\u00f3lica.","breadcrumb":{"@id":"https:\/\/www.adf.org.br\/home\/que-mulher-crista-comemora-mesmo\/#breadcrumb"},"inLanguage":"pt-BR","potentialAction":[{"@type":"ReadAction","target":["https:\/\/www.adf.org.br\/home\/que-mulher-crista-comemora-mesmo\/"]}]},{"@type":"BreadcrumbList","@id":"https:\/\/www.adf.org.br\/home\/que-mulher-crista-comemora-mesmo\/#breadcrumb","itemListElement":[{"@type":"ListItem","position":1,"name":"Home","item":"https:\/\/www.adf.org.br\/home\/"},{"@type":"ListItem","position":2,"name":"&#8220;Dia Internacional da Mulher&#8221;. O que a mulher crist\u00e3 comemora mesmo?"}]},{"@type":"Person","@id":"https:\/\/www.adf.org.br\/home\/#\/schema\/person\/f35a5c5aa7728a3dedf4ea9aa1fc2753","name":"Gabriel Barbosa","image":{"@type":"ImageObject","@id":"https:\/\/www.adf.org.br\/home\/#personlogo","inLanguage":"pt-BR","url":"https:\/\/secure.gravatar.com\/avatar\/2b2cb2f4637682c5605e8d36818f51ef?s=96&d=mm&r=g","contentUrl":"https:\/\/secure.gravatar.com\/avatar\/2b2cb2f4637682c5605e8d36818f51ef?s=96&d=mm&r=g","caption":"Gabriel Barbosa"},"url":"https:\/\/www.adf.org.br\/home\/author\/gabrielpmk-com-br\/"}]}},"_links":{"self":[{"href":"https:\/\/www.adf.org.br\/home\/wp-json\/wp\/v2\/posts\/46218"}],"collection":[{"href":"https:\/\/www.adf.org.br\/home\/wp-json\/wp\/v2\/posts"}],"about":[{"href":"https:\/\/www.adf.org.br\/home\/wp-json\/wp\/v2\/types\/post"}],"author":[{"embeddable":true,"href":"https:\/\/www.adf.org.br\/home\/wp-json\/wp\/v2\/users\/31"}],"replies":[{"embeddable":true,"href":"https:\/\/www.adf.org.br\/home\/wp-json\/wp\/v2\/comments?post=46218"}],"version-history":[{"count":0,"href":"https:\/\/www.adf.org.br\/home\/wp-json\/wp\/v2\/posts\/46218\/revisions"}],"wp:featuredmedia":[{"embeddable":true,"href":"https:\/\/www.adf.org.br\/home\/wp-json\/wp\/v2\/media\/46221"}],"wp:attachment":[{"href":"https:\/\/www.adf.org.br\/home\/wp-json\/wp\/v2\/media?parent=46218"}],"wp:term":[{"taxonomy":"category","embeddable":true,"href":"https:\/\/www.adf.org.br\/home\/wp-json\/wp\/v2\/categories?post=46218"},{"taxonomy":"post_tag","embeddable":true,"href":"https:\/\/www.adf.org.br\/home\/wp-json\/wp\/v2\/tags?post=46218"}],"curies":[{"name":"wp","href":"https:\/\/api.w.org\/{rel}","templated":true}]}}