{"id":46212,"date":"2018-03-09T00:00:33","date_gmt":"2018-03-09T03:00:33","guid":{"rendered":"http:\/\/www.adf.org.br\/home\/?p=46212"},"modified":"2018-03-09T00:00:33","modified_gmt":"2018-03-09T03:00:33","slug":"traumas-sentimentos-de-quem-abortou","status":"publish","type":"post","link":"https:\/\/www.adf.org.br\/home\/traumas-sentimentos-de-quem-abortou\/","title":{"rendered":"Os traumas e sentimentos de quem j\u00e1 ABORTOU!"},"content":{"rendered":"<figure id=\"attachment_46214\" aria-describedby=\"caption-attachment-46214\" style=\"width: 560px\" class=\"wp-caption aligncenter\"><img loading=\"lazy\" class=\"wp-image-46214\" title=\"&quot;Carrego a culpa de uma crian\u00e7a perdida para sempre.&quot;\" src=\"http:\/\/www.adf.org.br\/home\/wp-content\/uploads\/2018\/03\/trauma-aborto.jpg\" alt=\"&quot;Carrego a culpa de uma crian\u00e7a perdida para sempre.&quot;\" width=\"560\" height=\"315\" \/><figcaption id=\"caption-attachment-46214\" class=\"wp-caption-text\">&#8220;Carrego a culpa de uma crian\u00e7a perdida para sempre.&#8221;<\/figcaption><\/figure>\n<p style=\"padding-left: 90px;\"><span style=\"font-family: verdana, geneva, sans-serif; font-size: 12pt; color: #000000;\"><strong><span style=\"color: #ffffff;\">.<\/span><br \/>\n<span style=\"color: #800080;\">O<\/span><span style=\"color: #800080;\">s partid\u00e1rios do aborto calam-se a respeito dos m\u00faltiplos efeitos negativos que envolvem as mulheres que o praticam.<\/span> <\/strong><\/span><\/p>\n<p><span style=\"font-family: verdana, geneva, sans-serif; font-size: 12pt; color: #000000;\"><br \/>\n<span style=\"font-size: 14pt;\"><strong>S<\/strong><\/span>egundo pesquisas, a vida nunca voltar\u00e1 a ser como antes para a maioria delas: um sentimento de culpa as acompanha pelo resto da vida.<\/span><\/p>\n<p><span style=\"font-family: verdana, geneva, sans-serif; font-size: 12pt; color: #000000;\">Uma associa\u00e7\u00e3o americana para a defesa da vida<strong><sup>\u00a0<\/sup><\/strong>publicou as conclus\u00f5es de uma pesquisa feita com 987 mulheres que abortaram nos Estados Unidos e depois procuraram centros de ajuda para crises de maternidade. <\/span><\/p>\n<p style=\"padding-left: 90px;\"><strong><span style=\"font-family: verdana, geneva, sans-serif; font-size: 12pt; color: #000080;\"><br \/>\nElas se prontificaram a contar, de maneira an\u00f4nima, o que sentiram depois do trauma.<\/span><\/strong><\/p>\n<p><span style=\"font-family: verdana, geneva, sans-serif; font-size: 12pt; color: #000000;\"><br \/>\nDessas 987 mulheres, <strong>32% disseram que n\u00e3o obtiveram qualquer benef\u00edcio de seus abortos.<\/strong> <\/span><\/p>\n<p><span style=\"font-family: verdana, geneva, sans-serif; font-size: 12pt; color: #000000;\">E as que os receberam, estes consistiram num profundo arrependimento e subsequente crescimento espiritual, no comprometimento com campanhas pela vida e no aconselhamento de outras mulheres que consideravam fazer o aborto ou que j\u00e1 o tinham feito. <\/span><\/p>\n<p><span style=\"font-family: verdana, geneva, sans-serif; font-size: 12pt; color: #000000;\">Por outro lado, os aspectos negativos inclu\u00edam um profundo sentimento de perda, problema existencial e decl\u00ednio da qualidade de vida. <\/span><\/p>\n<p><span style=\"font-family: verdana, geneva, sans-serif; font-size: 12pt; color: #000000;\">Nesses lados negativos, o mais marcante \u00e9 um sentimento de culpa pelo t\u00e9rmino de uma vida, de vergonha, de culpa, depress\u00e3o, ansiedade, perda da autoestima e, algumas vezes, um comportamento autodestrutivo.<\/span><\/p>\n<p style=\"padding-left: 90px;\"><strong><span style=\"font-family: verdana, geneva, sans-serif; font-size: 12pt; color: #000080;\"><br \/>\nOs estudiosos observam que as mudan\u00e7as emocionais p\u00f3s-aborto estavam em grande parte baseadas no contexto pessoal e social.<\/span><\/strong><\/p>\n<p><span style=\"font-family: verdana, geneva, sans-serif; font-size: 12pt; color: #000000;\"><br \/>\nPor exemplo, seus resultados sugeriram que o aborrecimento emocional persistente p\u00f3s-aborto, estava associado \u00e0 vis\u00e3o do feto como ser humano, falta de apoio social, e cren\u00e7a de que a sociedade \u00e9 julgadora ou n\u00e3o consegue entender o impacto psicol\u00f3gico do aborto nas mulheres.<\/span><\/p>\n<p><span style=\"font-family: verdana, geneva, sans-serif; font-size: 12pt; color: #000000;\">Alguns pesquisadores descrevem tais fatores negativos no livro de texto que a\u00a0<em>National Abortion Federation\u00a0<\/em>destina a seus provedores de aborto.<\/span><strong><span style=\"font-family: verdana, geneva, sans-serif; font-size: 12pt; color: #000000;\"> Portanto, uma organiza\u00e7\u00e3o abortista. <\/span><\/strong><\/p>\n<p><span style=\"font-family: verdana, geneva, sans-serif; font-size: 12pt; color: #000000;\">Segundo eles, esses efeitos s\u00e3o provocados:<\/p>\n<p><\/span><\/p>\n<blockquote><p><span style=\"font-family: verdana, geneva, sans-serif; font-size: 12pt; color: #800080;\"><strong>\u201c1)<\/strong>\u00a0por causa de um anterior compromisso e apego \u00e0 gravidez;<\/span><\/p>\n<p><span style=\"font-family: verdana, geneva, sans-serif; font-size: 12pt; color: #800080;\"><strong>2)<\/strong>\u00a0da coer\u00e7\u00e3o recebida para ter o aborto;<\/span><\/p>\n<p><span style=\"font-family: verdana, geneva, sans-serif; font-size: 12pt; color: #800080;\"><strong>3)<\/strong>\u00a0de uma ambival\u00eancia significativa sobre a decis\u00e3o de fazer aborto;<\/span><\/p>\n<p><span style=\"font-family: verdana, geneva, sans-serif; font-size: 12pt; color: #800080;\"><strong>4)<\/strong>\u00a0na preocupa\u00e7\u00e3o de manter o aborto em segredo, pelo medo de estigma;<\/span><\/p>\n<p><span style=\"font-family: verdana, geneva, sans-serif; font-size: 12pt; color: #800080;\"><strong>5)<\/strong>\u00a0numa experi\u00eancia pr\u00e9-existente de trauma;<\/span><\/p>\n<p><span style=\"font-family: verdana, geneva, sans-serif; font-size: 12pt; color: #800080;\"><strong>6)<\/strong>\u00a0em abusos sexuais, f\u00edsicos ou emocionais, passados ou presentes;<\/span><\/p>\n<p><span style=\"font-family: verdana, geneva, sans-serif; font-size: 12pt; color: #800080;\"><strong>7)<\/strong>\u00a0em perdas passadas n\u00e3o resolvidas, e na percep\u00e7\u00e3o do aborto como perda;<\/span><\/p>\n<p><span style=\"font-family: verdana, geneva, sans-serif; font-size: 12pt; color: #800080;\"><strong>8)<\/strong>\u00a0em sentimento de culpa e vergonha intensas antes do aborto;<\/span><\/p>\n<p><span style=\"font-family: verdana, geneva, sans-serif; font-size: 12pt; color: #800080;\"><strong>9)<\/strong>\u00a0num transtorno emocional ou doen\u00e7a mental existente antes do aborto;<\/span><\/p>\n<p><span style=\"font-family: verdana, geneva, sans-serif; font-size: 12pt; color: #800080;\"><strong>10)<\/strong>\u00a0na avalia\u00e7\u00e3o do aborto, antes de ocorrer, como extremamente estressante;<\/span><\/p>\n<p><span style=\"font-family: verdana, geneva, sans-serif; font-size: 12pt; color: #800080;\"><strong>11)<\/strong>\u00a0espera de depress\u00e3o, sofrimento grave ou culpa e arrependimento ap\u00f3s o aborto; finalmente, o mais importante:<\/span><\/p>\n<p><span style=\"font-family: verdana, geneva, sans-serif; font-size: 12pt; color: #000000;\"><span style=\"color: #800080;\"><strong>12)<\/strong>\u00a0na cren\u00e7a de que o aborto \u00e9 o mesmo ato que matar um rec\u00e9m-nascido\u201d.<\/span><\/p>\n<p><\/span><\/p><\/blockquote>\n<p><span style=\"font-family: verdana, geneva, sans-serif; font-size: 12pt; color: #000000;\">\u00c9 muito \u00fatil vermos as respostas que algumas dessas mulheres deram em suas entrevistas, para tocarmos com a m\u00e3o os problemas que enfrentaram.<\/span><\/p>\n<h2><span style=\"font-family: verdana, geneva, sans-serif; font-size: 12pt; color: #000080;\"><strong><em>1 \u2014 Sentimento de culpa<\/em><\/strong><\/span><\/h2>\n<p><span style=\"font-family: verdana, geneva, sans-serif; font-size: 12pt; color: #000000;\">Uma entrevistada, quando lhe foi perguntado sobre os efeitos positivos de seu aborto, respondeu taxativamente:\u00a0<\/span><\/p>\n<p><span style=\"font-family: verdana, geneva, sans-serif; font-size: 12pt; color: #000000;\"><em>\u201c<strong>Nenhum!<\/strong> N\u00e3o h\u00e1 sentimentos positivos. Minha vida n\u00e3o est\u00e1 melhor, mas bastante <strong>pior<\/strong>. <\/em><\/span><\/p>\n<p style=\"padding-left: 90px;\"><strong><span style=\"font-family: verdana, geneva, sans-serif; font-size: 12pt; color: #000080;\"><em>Carrego a culpa de uma crian\u00e7a perdida para sempre.<\/em><\/span><\/strong><\/p>\n<p><span style=\"font-family: verdana, geneva, sans-serif; font-size: 12pt; color: #000000;\"><em> Sei que fui perdoada, e trabalhei no tema da culpa e da vergonha, mas a dor no cora\u00e7\u00e3o ainda segue.<\/em><\/span><\/p>\n<p><span style=\"font-family: verdana, geneva, sans-serif; font-size: 12pt; color: #000000;\"><em> Poderia [\u2026] ter meu beb\u00ea aqui para am\u00e1-lo, mas tenho a pena e a dor dos bra\u00e7os vazios\u201d.<\/em><\/span><\/p>\n<p><span style=\"font-family: verdana, geneva, sans-serif; font-size: 12pt; color: #000000;\">Ela continua:<\/span><\/p>\n<p><span style=\"font-family: verdana, geneva, sans-serif; font-size: 12pt; color: #000000;\"><em>\u201cO \u00fanico lado positivo \u00e9 que me levou ao meu fim, fazendo-me cair de joelhos diante de Deus. <\/em><\/span><\/p>\n<p><span style=\"font-family: verdana, geneva, sans-serif; font-size: 12pt; color: #000000;\"><em>Ele me atraiu para Si atrav\u00e9s de seu eterno perd\u00e3o, miseric\u00f3rdia e gra\u00e7a. [\u2026] <\/em><\/span><\/p>\n<p><span style=\"font-family: verdana, geneva, sans-serif; font-size: 12pt; color: #000000;\"><em>Foi assim que eu vim a Ele, n\u00e3o como uma crist\u00e3, pois eu j\u00e1 era, mas como aquela que realmente s\u00f3 O conhece agora\u201d<\/em>.<\/span><\/p>\n<p><span style=\"font-family: verdana, geneva, sans-serif; font-size: 12pt; color: #000000;\">Tamb\u00e9m vai nessa linha este outro depoimento pungente:\u00a0<\/span><\/p>\n<p><span style=\"font-family: verdana, geneva, sans-serif; font-size: 12pt; color: #000000;\"><em>\u201cQuando meu primeiro filho nasceu, percebi o que fiz h\u00e1 tantos anos [ou seja, o aborto]. <\/em><\/span><\/p>\n<p><span style=\"font-family: verdana, geneva, sans-serif; font-size: 12pt; color: #000000;\"><em>O amor que eu tenho pelos meus filhos \u00e9 mais poderoso do que qualquer emo\u00e7\u00e3o que j\u00e1 experimentei. <\/em><\/span><\/p>\n<p><span style=\"font-family: verdana, geneva, sans-serif; font-size: 12pt; color: #000000;\"><em>O pensamento de que qualquer pessoa os possa machucar, tem enorme efeito sobre mim, como m\u00e3e. <\/em><\/span><\/p>\n<p><span style=\"font-family: verdana, geneva, sans-serif; font-size: 12pt; color: #000000;\"><em>Entretanto, logo depois do aborto, comecei a ter comportamentos autodestrutivos, incluindo promiscuidade, autoindulg\u00eancia e poucas escolhas. <\/em><\/span><\/p>\n<p><span style=\"font-family: verdana, geneva, sans-serif; font-size: 12pt; color: #000000;\"><em>Ele mudou minha personalidade. Eu percebi, ao olhar para tr\u00e1s, que eu me via de forma diferente, e senti que n\u00e3o merecia coisas boas. <\/em><\/span><\/p>\n<p><span style=\"font-family: verdana, geneva, sans-serif; font-size: 12pt; color: #000000;\"><em>Isso mudou meu relacionamento com meus pais, especialmente com minha m\u00e3e, de quem eu estava muito perto. <\/em><\/span><\/p>\n<p><span style=\"font-family: verdana, geneva, sans-serif; font-size: 12pt; color: #000000;\"><em><strong>Eu me tornei prom\u00edscua, e me afastei de Deus.<\/strong> Ent\u00e3o, sinto que arruinei minha vida e o que Deus havia planejado para mim\u201d.<\/em><\/span><\/p>\n<h2><span style=\"font-family: verdana, geneva, sans-serif; font-size: 12pt; color: #000080;\"><strong><em>2 \u2014 Empenho para que outras n\u00e3o caiam no mesmo erro<\/em><\/strong><\/span><\/h2>\n<p><span style=\"font-family: verdana, geneva, sans-serif; font-size: 12pt; color: #000000;\">Outra entrevistada mostra seu engajamento depois do aborto, para levar outras mulheres a evit\u00e1-lo:\u00a0<\/span><\/p>\n<p><span style=\"font-family: verdana, geneva, sans-serif; font-size: 12pt; color: #000000;\"><em>\u201cComo volunt\u00e1ria do CPC [centro crise de gravidez], consegui persuadir a maioria dos meus clientes envolvidos no aborto a pelo menos esperar at\u00e9 que pudessem ver um ultrassom antes de tomar suas decis\u00f5es. <\/em><\/span><\/p>\n<p style=\"padding-left: 90px;\"><strong><span style=\"font-family: verdana, geneva, sans-serif; font-size: 12pt; color: #000000;\"><em><span style=\"color: #800080;\">Todas as que fizeram isso, escolheram depois a vida para seus filhos.<\/span> <\/em><\/span><\/strong><\/p>\n<p><span style=\"font-family: verdana, geneva, sans-serif; font-size: 12pt; color: #000000;\"><em>Provavelmente n\u00e3o me tornaria uma volunt\u00e1ria se n\u00e3o tivesse sido pelo aborto que tive. Mas ent\u00e3o encontrei minha voca\u00e7\u00e3o na vida, e renovei minha dedica\u00e7\u00e3o \u00e0 educa\u00e7\u00e3o\u201d.<\/em><\/span><\/p>\n<h2><span style=\"font-family: verdana, geneva, sans-serif; font-size: 12pt; color: #000080;\"><strong><em>3 \u2014 Constata\u00e7\u00e3o de que o filho foi morto pela pr\u00f3pria escolha da m\u00e3e<\/em><\/strong><\/span><\/h2>\n<p><span style=\"font-family: verdana, geneva, sans-serif; font-size: 12pt; color: #000000;\">A terceira depoente faz uma afirma\u00e7\u00e3o de doer o cora\u00e7\u00e3o:\u00a0<\/span><\/p>\n<p><span style=\"font-family: verdana, geneva, sans-serif; font-size: 12pt; color: #000000;\"><em>\u201cMeu filho est\u00e1 morto, e por minha pr\u00f3pria escolha. Passei anos de raiva, vergonha e tristeza. <\/em><\/span><\/p>\n<p style=\"padding-left: 90px;\"><strong><span style=\"font-family: verdana, geneva, sans-serif; font-size: 12pt; color: #800080;\"><em>O aborto danificou meu relacionamento com meu marido, meus filhos e meu Deus. <\/em><\/span><\/strong><\/p>\n<p><span style=\"font-family: verdana, geneva, sans-serif; font-size: 12pt; color: #000000;\"><em>Por 30 anos, n\u00e3o falei com ningu\u00e9m, al\u00e9m do meu marido. Meu pesar o dominou e o deixou impotente e envergonhado. <\/em><\/span><\/p>\n<p><span style=\"font-family: verdana, geneva, sans-serif; font-size: 12pt; color: #000000;\"><em>Durante anos, chorei todos os domingos na igreja, experimentava depress\u00f5es escuras, pensamentos de suic\u00eddio e lampejos de raiva. <\/em><\/span><\/p>\n<p><span style=\"font-family: verdana, geneva, sans-serif; font-size: 12pt; color: #000000;\"><em>Meu relacionamento com meus filhos foi desequilibrado. <\/em><\/span><\/p>\n<p><span style=\"font-family: verdana, geneva, sans-serif; font-size: 12pt; color: #000000;\"><em>Ou eu tinha que ser a m\u00e3e perfeita e eles filhos perfeitos, ou eu acreditava estar abaixo do desprezo. Imagine a bagun\u00e7a em que eu vivi\u201d<\/em>.<\/span><\/p>\n<p><span style=\"font-family: verdana, geneva, sans-serif; font-size: 12pt; color: #000000;\">Outro testemunho na mesma linha, com uma nota de quase desespero:\u00a0<\/span><\/p>\n<p><span style=\"font-family: verdana, geneva, sans-serif; font-size: 12pt; color: #000000;\"><em>\u201cO conhecimento de que eu terminei a vida do meu filho \u00e9 dif\u00edcil de gerir emocionalmente. <\/em><\/span><\/p>\n<p><span style=\"font-family: verdana, geneva, sans-serif; font-size: 12pt; color: #000000;\"><em>Tenho lutado ao longo dos anos [para alcan\u00e7ar o equil\u00edbrio emocional], mas \u00e9 extremamente dif\u00edcil consegui-lo. Por isso luto emocionalmente batendo em mim mesma. <\/em><\/span><\/p>\n<p><span style=\"font-family: verdana, geneva, sans-serif; font-size: 12pt; color: #000000;\"><em>[\u2026], \u00e9 uma batalha que devo ter muito intencional. O arrependimento \u00e9 um estado incapacitante para mim\u201d.<\/em><\/span><\/p>\n<h2><span style=\"font-family: verdana, geneva, sans-serif; font-size: 12pt; color: #000080;\"><strong><em>4 \u2014 Profunda depress\u00e3o<\/em><\/strong><\/span><\/h2>\n<p><span style=\"font-family: verdana, geneva, sans-serif; font-size: 12pt; color: #000000;\">Um problema comum entre as que fizeram o aborto \u00e9 uma profunda depress\u00e3o, como afirma outra entrevistada:\u00a0<\/span><\/p>\n<p><span style=\"font-family: verdana, geneva, sans-serif; font-size: 12pt; color: #000000;\"><em>\u201c<span style=\"color: #800080;\"><strong>Fiquei muito deprimida por anos ap\u00f3s o aborto.<\/strong><\/span><\/em><\/span><\/p>\n<p><span style=\"font-family: verdana, geneva, sans-serif; font-size: 12pt; color: #000000;\"><em> Eu acredito que a depress\u00e3o contribuiu para me fazer perder um lucrativo trabalho farmac\u00eautico. N\u00e3o trabalhei por dois anos ap\u00f3s o aborto, e n\u00e3o tive energia para fazer nada.<\/em><\/span><\/p>\n<p><span style=\"font-family: verdana, geneva, sans-serif; font-size: 12pt; color: #000000;\"><em> Levei cerca de tr\u00eas anos para me motivar a come\u00e7ar a viver um pouco de uma vida gratificante novamente. [\u2026] <\/em><\/span><\/p>\n<p><span style=\"font-family: verdana, geneva, sans-serif; font-size: 12pt; color: #000000;\"><em>N\u00e3o estou orgulhosa da minha situa\u00e7\u00e3o na vida, e acredito que \u00e9 atribu\u00eddo a uma falta de autoconfian\u00e7a devido ao aborto\u201d<\/em>.<\/span><\/p>\n<h2><span style=\"font-family: verdana, geneva, sans-serif; font-size: 12pt; color: #000080;\"><strong><em>5 \u2014 Destrutivo para a alma<\/em><\/strong><\/span><\/h2>\n<p><span style=\"font-family: verdana, geneva, sans-serif; font-size: 12pt; color: #000000;\"><em>\u201c<strong><span style=\"color: #800080;\">O resultado do aborto \u00e9 destrutivo para a alma. <\/span><\/strong><\/em><\/span><\/p>\n<p><span style=\"font-family: verdana, geneva, sans-serif; font-size: 12pt; color: #000000;\"><em>Uma vez que eu tive de enfrentar a realidade de minha escolha para abortar, e n\u00e3o bloque\u00e1-la mais, conclu\u00ed que n\u00e3o devo continuar a neg\u00e1-lo e mant\u00ea-lo sob o tapete. <\/em><\/span><\/p>\n<p><span style=\"font-family: verdana, geneva, sans-serif; font-size: 12pt; color: #000000;\"><em>Minha vida foi interrompida de tal maneira que, depois de 30 anos desde o meu \u00faltimo aborto, ainda estou doente, emocional e mentalmente, como resultado de minhas escolhas.<\/em><\/span><\/p>\n<p><span style=\"font-family: verdana, geneva, sans-serif; font-size: 12pt; color: #000000;\"><em> Terei de viver com eles [abortos] para o resto da minha vida na Terra\u201d.<\/em><\/span><\/p>\n<h2><span style=\"font-family: verdana, geneva, sans-serif; font-size: 12pt; color: #000080;\"><strong>6 \u2014 Sensa\u00e7\u00e3o de vergonha<\/strong><\/span><\/h2>\n<p><span style=\"font-family: verdana, geneva, sans-serif; font-size: 12pt; color: #000000;\"><em>\u201cUma sensa\u00e7\u00e3o de vergonha e arrependimento ficou comigo desde o meu aborto. <\/em><\/span><\/p>\n<p><span style=\"font-family: verdana, geneva, sans-serif; font-size: 12pt; color: #000000;\"><em>\u00c9 temperado pelo perd\u00e3o e pela f\u00e9 na miseric\u00f3rdia e gra\u00e7a de Deus, mas ainda existe depois de todos esses anos. <\/em><\/span><\/p>\n<p><span style=\"font-family: verdana, geneva, sans-serif; font-size: 12pt; color: #000000;\"><em>Sinto falta dos meus filhos perdidos, e lamento que os irm\u00e3os de meus filhos vivos tenham sido roubados por meio do aborto. <\/em><\/span><\/p>\n<p><span style=\"font-family: verdana, geneva, sans-serif; font-size: 12pt; color: #000000;\"><em>O meu marido, que n\u00e3o participou de nenhuma forma do aborto, ou de qualquer outro aborto, sofreu raiva e tristeza devido ao meu aborto. <\/em><\/span><\/p>\n<p><span style=\"font-family: verdana, geneva, sans-serif; font-size: 12pt; color: #000000;\"><em>Ele luta para perdoar aqueles que for\u00e7aram meu aborto\u201c.<\/p>\n<p><\/em><\/span><\/p>\n<p style=\"padding-left: 90px;\"><strong><span style=\"font-family: verdana, geneva, sans-serif; font-size: 12pt; color: #000000;\"><span style=\"color: #000080;\">Para terminar, uma not\u00edcia auspiciosa vinda da Argentina:<\/span> <\/span><\/strong><\/p>\n<p><span style=\"font-family: verdana, geneva, sans-serif; font-size: 12pt; color: #000000;\"><br \/>\nO Cons\u00f3rcio de M\u00e9dicos Cat\u00f3licos de Buenos Aires assegurou que:<\/span><\/p>\n<p style=\"padding-left: 90px;\"><span style=\"font-family: verdana, geneva, sans-serif; font-size: 12pt; color: #800080;\"><em>\u201c<strong>Em nenhuma circunst\u00e2ncia o aborto ser\u00e1 legal<\/strong>, seguro nem gratuito, como exigem diversas organiza\u00e7\u00f5es\u201d.<\/em>\u00a0<\/span><\/p>\n<p><span style=\"font-family: verdana, geneva, sans-serif; font-size: 12pt; color: #000000;\">Esses m\u00e9dicos comprometeram sua\u00a0<em>\u201cfidelidade \u00e9tica ao servi\u00e7o da vida,<strong>\u00a0em todas suas etapas e circunst\u00e2ncias<\/strong>\u201d.<\/em>\u00a0<\/span><\/p>\n<p><span style=\"font-family: verdana, geneva, sans-serif; font-size: 12pt; color: #000000;\">O debate sobre o aborto se reavivou na Argentina. <\/span><\/p>\n<p><span style=\"font-family: verdana, geneva, sans-serif; font-size: 12pt; color: #000000;\">Uma iniciativa na Internet, com a etiqueta de\u00a0<em>#AbortoLegalYa<\/em>, est\u00e1 pressionando o governo e os demais pol\u00edticos para que aprovem uma lei de aborto. <\/span><\/p>\n<p><span style=\"font-family: verdana, geneva, sans-serif; font-size: 12pt; color: #000000;\">O projeto de reforma do C\u00f3digo Penal chegar\u00e1 ao Parlamento no pr\u00f3ximo dia 8 de mar\u00e7o, dia internacional da mulher. <\/span><\/p>\n<p><span style=\"font-family: verdana, geneva, sans-serif; font-size: 12pt; color: #000000;\">Atualmente existe na Argentina o <strong>\u201caborto n\u00e3o pun\u00edvel\u201d<\/strong>, nos casos de risco de sa\u00fade para a m\u00e3e e de viola\u00e7\u00e3o\u201d (Fonte:\u00a0<em>ACI Prensa<\/em>, via Actuall).<\/span><\/p>\n<p><span style=\"font-family: verdana, geneva, sans-serif; font-size: 12pt; color: #ffffff;\">.<\/span><br \/>\n<em><span style=\"font-family: verdana, geneva, sans-serif; font-size: 10pt; color: #000000;\">Fonte: abim.inf.br<\/span><\/em><\/p>\n<p style=\"text-align: center;\"><span style=\"font-family: verdana, geneva, sans-serif; font-size: 12pt; color: #ffffff;\">.<\/span><br \/>\n<span style=\"font-family: verdana, geneva, sans-serif; font-size: 12pt; color: #ffffff;\">.<\/span><br \/>\n<strong><span style=\"font-family: verdana, geneva, sans-serif; font-size: 12pt; color: #000000;\">*\u00a0 *\u00a0 *<\/span><\/strong><\/p>\n<p><span style=\"font-family: verdana, geneva, sans-serif; font-size: 12pt; color: #ffffff;\">.<\/span><br \/>\n<a href=\"https:\/\/adf.org.br\/minhaoferta\/?origem=6667\" target=\"_blank\" rel=\"noopener noreferrer\"><img loading=\"lazy\" class=\"aligncenter wp-image-46213 size-full\" src=\"http:\/\/www.adf.org.br\/home\/wp-content\/uploads\/2018\/03\/bt_oferta_ADF-1-1.png\" alt=\"bt_oferta_ADF-1 (1)\" width=\"600\" height=\"190\" \/><\/a><\/p>\n","protected":false},"excerpt":{"rendered":"<p>Os partid\u00e1rios do aborto calam-se a respeito dos m\u00faltiplos efeitos negativos que envolvem as mulheres que o praticam.<\/p>\n","protected":false},"author":31,"featured_media":46215,"comment_status":"open","ping_status":"open","sticky":false,"template":"","format":"standard","meta":[],"categories":[20],"tags":[47,393,380,89],"yoast_head":"<!-- This site is optimized with the Yoast SEO plugin v17.4 - https:\/\/yoast.com\/wordpress\/plugins\/seo\/ -->\n<title>Os traumas e sentimentos de quem j\u00e1 ABORTOU!<\/title>\n<meta name=\"description\" content=\"Os traumas e sentimentos de quem j\u00e1 ABORTOU! Veja aqui o que revelou essa pesquisa realizada por uma funda\u00e7\u00e3o pr\u00f3-Vida.\" \/>\n<meta name=\"robots\" content=\"index, follow, max-snippet:-1, max-image-preview:large, max-video-preview:-1\" \/>\n<link rel=\"canonical\" href=\"https:\/\/www.adf.org.br\/home\/traumas-sentimentos-de-quem-abortou\/\" \/>\n<meta property=\"og:locale\" content=\"pt_BR\" \/>\n<meta property=\"og:type\" content=\"article\" \/>\n<meta property=\"og:title\" content=\"Os traumas e sentimentos de quem j\u00e1 ABORTOU!\" \/>\n<meta property=\"og:description\" content=\"Os traumas e sentimentos de quem j\u00e1 ABORTOU! Veja aqui o que revelou essa pesquisa realizada por uma funda\u00e7\u00e3o pr\u00f3-Vida.\" \/>\n<meta property=\"og:url\" content=\"https:\/\/www.adf.org.br\/home\/traumas-sentimentos-de-quem-abortou\/\" \/>\n<meta property=\"og:site_name\" content=\"Associa\u00e7\u00e3o Devotos de F\u00e1tima\" \/>\n<meta property=\"article:published_time\" content=\"2018-03-09T03:00:33+00:00\" \/>\n<meta name=\"twitter:card\" content=\"summary_large_image\" \/>\n<meta name=\"twitter:label1\" content=\"Escrito por\" \/>\n\t<meta name=\"twitter:data1\" content=\"Gabriel Barbosa\" \/>\n\t<meta name=\"twitter:label2\" content=\"Est. tempo de leitura\" \/>\n\t<meta name=\"twitter:data2\" content=\"8 minutos\" \/>\n<script type=\"application\/ld+json\" class=\"yoast-schema-graph\">{\"@context\":\"https:\/\/schema.org\",\"@graph\":[{\"@type\":\"WebSite\",\"@id\":\"https:\/\/www.adf.org.br\/home\/#website\",\"url\":\"https:\/\/www.adf.org.br\/home\/\",\"name\":\"Associa\\u00e7\\u00e3o Devotos de F\\u00e1tima\",\"description\":\"Associa\\u00e7\\u00e3o Devotos de F\\u00e1tima\",\"potentialAction\":[{\"@type\":\"SearchAction\",\"target\":{\"@type\":\"EntryPoint\",\"urlTemplate\":\"https:\/\/www.adf.org.br\/home\/?s={search_term_string}\"},\"query-input\":\"required name=search_term_string\"}],\"inLanguage\":\"pt-BR\"},{\"@type\":\"ImageObject\",\"@id\":\"https:\/\/www.adf.org.br\/home\/traumas-sentimentos-de-quem-abortou\/#primaryimage\",\"inLanguage\":\"pt-BR\",\"url\":\"\",\"contentUrl\":\"\"},{\"@type\":\"WebPage\",\"@id\":\"https:\/\/www.adf.org.br\/home\/traumas-sentimentos-de-quem-abortou\/#webpage\",\"url\":\"https:\/\/www.adf.org.br\/home\/traumas-sentimentos-de-quem-abortou\/\",\"name\":\"Os traumas e sentimentos de quem j\\u00e1 ABORTOU!\",\"isPartOf\":{\"@id\":\"https:\/\/www.adf.org.br\/home\/#website\"},\"primaryImageOfPage\":{\"@id\":\"https:\/\/www.adf.org.br\/home\/traumas-sentimentos-de-quem-abortou\/#primaryimage\"},\"datePublished\":\"2018-03-09T03:00:33+00:00\",\"dateModified\":\"2018-03-09T03:00:33+00:00\",\"author\":{\"@id\":\"https:\/\/www.adf.org.br\/home\/#\/schema\/person\/f35a5c5aa7728a3dedf4ea9aa1fc2753\"},\"description\":\"Os traumas e sentimentos de quem j\\u00e1 ABORTOU! Veja aqui o que revelou essa pesquisa realizada por uma funda\\u00e7\\u00e3o pr\\u00f3-Vida.\",\"breadcrumb\":{\"@id\":\"https:\/\/www.adf.org.br\/home\/traumas-sentimentos-de-quem-abortou\/#breadcrumb\"},\"inLanguage\":\"pt-BR\",\"potentialAction\":[{\"@type\":\"ReadAction\",\"target\":[\"https:\/\/www.adf.org.br\/home\/traumas-sentimentos-de-quem-abortou\/\"]}]},{\"@type\":\"BreadcrumbList\",\"@id\":\"https:\/\/www.adf.org.br\/home\/traumas-sentimentos-de-quem-abortou\/#breadcrumb\",\"itemListElement\":[{\"@type\":\"ListItem\",\"position\":1,\"name\":\"Home\",\"item\":\"https:\/\/www.adf.org.br\/home\/\"},{\"@type\":\"ListItem\",\"position\":2,\"name\":\"Os traumas e sentimentos de quem j\\u00e1 ABORTOU!\"}]},{\"@type\":\"Person\",\"@id\":\"https:\/\/www.adf.org.br\/home\/#\/schema\/person\/f35a5c5aa7728a3dedf4ea9aa1fc2753\",\"name\":\"Gabriel Barbosa\",\"image\":{\"@type\":\"ImageObject\",\"@id\":\"https:\/\/www.adf.org.br\/home\/#personlogo\",\"inLanguage\":\"pt-BR\",\"url\":\"https:\/\/secure.gravatar.com\/avatar\/2b2cb2f4637682c5605e8d36818f51ef?s=96&d=mm&r=g\",\"contentUrl\":\"https:\/\/secure.gravatar.com\/avatar\/2b2cb2f4637682c5605e8d36818f51ef?s=96&d=mm&r=g\",\"caption\":\"Gabriel Barbosa\"},\"url\":\"https:\/\/www.adf.org.br\/home\/author\/gabrielpmk-com-br\/\"}]}<\/script>\n<!-- \/ Yoast SEO plugin. -->","yoast_head_json":{"title":"Os traumas e sentimentos de quem j\u00e1 ABORTOU!","description":"Os traumas e sentimentos de quem j\u00e1 ABORTOU! Veja aqui o que revelou essa pesquisa realizada por uma funda\u00e7\u00e3o pr\u00f3-Vida.","robots":{"index":"index","follow":"follow","max-snippet":"max-snippet:-1","max-image-preview":"max-image-preview:large","max-video-preview":"max-video-preview:-1"},"canonical":"https:\/\/www.adf.org.br\/home\/traumas-sentimentos-de-quem-abortou\/","og_locale":"pt_BR","og_type":"article","og_title":"Os traumas e sentimentos de quem j\u00e1 ABORTOU!","og_description":"Os traumas e sentimentos de quem j\u00e1 ABORTOU! Veja aqui o que revelou essa pesquisa realizada por uma funda\u00e7\u00e3o pr\u00f3-Vida.","og_url":"https:\/\/www.adf.org.br\/home\/traumas-sentimentos-de-quem-abortou\/","og_site_name":"Associa\u00e7\u00e3o Devotos de F\u00e1tima","article_published_time":"2018-03-09T03:00:33+00:00","twitter_card":"summary_large_image","twitter_misc":{"Escrito por":"Gabriel Barbosa","Est. tempo de leitura":"8 minutos"},"schema":{"@context":"https:\/\/schema.org","@graph":[{"@type":"WebSite","@id":"https:\/\/www.adf.org.br\/home\/#website","url":"https:\/\/www.adf.org.br\/home\/","name":"Associa\u00e7\u00e3o Devotos de F\u00e1tima","description":"Associa\u00e7\u00e3o Devotos de F\u00e1tima","potentialAction":[{"@type":"SearchAction","target":{"@type":"EntryPoint","urlTemplate":"https:\/\/www.adf.org.br\/home\/?s={search_term_string}"},"query-input":"required name=search_term_string"}],"inLanguage":"pt-BR"},{"@type":"ImageObject","@id":"https:\/\/www.adf.org.br\/home\/traumas-sentimentos-de-quem-abortou\/#primaryimage","inLanguage":"pt-BR","url":"","contentUrl":""},{"@type":"WebPage","@id":"https:\/\/www.adf.org.br\/home\/traumas-sentimentos-de-quem-abortou\/#webpage","url":"https:\/\/www.adf.org.br\/home\/traumas-sentimentos-de-quem-abortou\/","name":"Os traumas e sentimentos de quem j\u00e1 ABORTOU!","isPartOf":{"@id":"https:\/\/www.adf.org.br\/home\/#website"},"primaryImageOfPage":{"@id":"https:\/\/www.adf.org.br\/home\/traumas-sentimentos-de-quem-abortou\/#primaryimage"},"datePublished":"2018-03-09T03:00:33+00:00","dateModified":"2018-03-09T03:00:33+00:00","author":{"@id":"https:\/\/www.adf.org.br\/home\/#\/schema\/person\/f35a5c5aa7728a3dedf4ea9aa1fc2753"},"description":"Os traumas e sentimentos de quem j\u00e1 ABORTOU! Veja aqui o que revelou essa pesquisa realizada por uma funda\u00e7\u00e3o pr\u00f3-Vida.","breadcrumb":{"@id":"https:\/\/www.adf.org.br\/home\/traumas-sentimentos-de-quem-abortou\/#breadcrumb"},"inLanguage":"pt-BR","potentialAction":[{"@type":"ReadAction","target":["https:\/\/www.adf.org.br\/home\/traumas-sentimentos-de-quem-abortou\/"]}]},{"@type":"BreadcrumbList","@id":"https:\/\/www.adf.org.br\/home\/traumas-sentimentos-de-quem-abortou\/#breadcrumb","itemListElement":[{"@type":"ListItem","position":1,"name":"Home","item":"https:\/\/www.adf.org.br\/home\/"},{"@type":"ListItem","position":2,"name":"Os traumas e sentimentos de quem j\u00e1 ABORTOU!"}]},{"@type":"Person","@id":"https:\/\/www.adf.org.br\/home\/#\/schema\/person\/f35a5c5aa7728a3dedf4ea9aa1fc2753","name":"Gabriel Barbosa","image":{"@type":"ImageObject","@id":"https:\/\/www.adf.org.br\/home\/#personlogo","inLanguage":"pt-BR","url":"https:\/\/secure.gravatar.com\/avatar\/2b2cb2f4637682c5605e8d36818f51ef?s=96&d=mm&r=g","contentUrl":"https:\/\/secure.gravatar.com\/avatar\/2b2cb2f4637682c5605e8d36818f51ef?s=96&d=mm&r=g","caption":"Gabriel Barbosa"},"url":"https:\/\/www.adf.org.br\/home\/author\/gabrielpmk-com-br\/"}]}},"_links":{"self":[{"href":"https:\/\/www.adf.org.br\/home\/wp-json\/wp\/v2\/posts\/46212"}],"collection":[{"href":"https:\/\/www.adf.org.br\/home\/wp-json\/wp\/v2\/posts"}],"about":[{"href":"https:\/\/www.adf.org.br\/home\/wp-json\/wp\/v2\/types\/post"}],"author":[{"embeddable":true,"href":"https:\/\/www.adf.org.br\/home\/wp-json\/wp\/v2\/users\/31"}],"replies":[{"embeddable":true,"href":"https:\/\/www.adf.org.br\/home\/wp-json\/wp\/v2\/comments?post=46212"}],"version-history":[{"count":0,"href":"https:\/\/www.adf.org.br\/home\/wp-json\/wp\/v2\/posts\/46212\/revisions"}],"wp:featuredmedia":[{"embeddable":true,"href":"https:\/\/www.adf.org.br\/home\/wp-json\/wp\/v2\/media\/46215"}],"wp:attachment":[{"href":"https:\/\/www.adf.org.br\/home\/wp-json\/wp\/v2\/media?parent=46212"}],"wp:term":[{"taxonomy":"category","embeddable":true,"href":"https:\/\/www.adf.org.br\/home\/wp-json\/wp\/v2\/categories?post=46212"},{"taxonomy":"post_tag","embeddable":true,"href":"https:\/\/www.adf.org.br\/home\/wp-json\/wp\/v2\/tags?post=46212"}],"curies":[{"name":"wp","href":"https:\/\/api.w.org\/{rel}","templated":true}]}}