{"id":46181,"date":"2018-03-07T00:00:23","date_gmt":"2018-03-07T03:00:23","guid":{"rendered":"http:\/\/www.adf.org.br\/home\/?p=46181"},"modified":"2018-03-07T00:00:23","modified_gmt":"2018-03-07T03:00:23","slug":"um-monsenhor-um-bispo-e-um-cardeal","status":"publish","type":"post","link":"https:\/\/www.adf.org.br\/home\/um-monsenhor-um-bispo-e-um-cardeal\/","title":{"rendered":"Voc\u00ea sabe? Aprenda como diferenciar um Monsenhor, um Bispo e um Cardeal!"},"content":{"rendered":"<figure id=\"attachment_46183\" aria-describedby=\"caption-attachment-46183\" style=\"width: 560px\" class=\"wp-caption aligncenter\"><img loading=\"lazy\" class=\"wp-image-46183\" title=\"Monsenhor Janus Urbanczyk , Bispo Dom David R. Choby e Cardeal Jos\u00e9 de Jes\u00fas Pimiento.\" src=\"http:\/\/www.adf.org.br\/home\/wp-content\/uploads\/2018\/03\/monsenhor-bispo-cardeal.jpg\" alt=\"Monsenhor Janus Urbanczyk , Bispo Dom David R. Choby e Cardeal Jos\u00e9 de Jes\u00fas Pimiento.\" width=\"560\" height=\"311\" \/><figcaption id=\"caption-attachment-46183\" class=\"wp-caption-text\">Monsenhor Janus Urbanczyk , Bispo Dom David R. Choby e Cardeal Jos\u00e9 de Jes\u00fas Pimiento.<\/figcaption><\/figure>\n<p style=\"padding-left: 90px;\"><span style=\"font-family: verdana, geneva, sans-serif; font-size: 12pt; color: #ffffff;\">.<\/span><br \/>\n<strong><span style=\"font-family: verdana, geneva, sans-serif; font-size: 12pt; color: #800080;\">Embora monsenhores,\u00a0bispos\u00a0e\u00a0cardeais\u00a0usem uma batina com cores relacionadas ao seu cargo, nem sempre a maioria dos cat\u00f3licos consegue diferenci\u00e1-los.<\/span><\/strong><\/p>\n<p><span style=\"font-family: verdana, geneva, sans-serif; font-size: 12pt; color: #000000;\"><br \/>\n<span style=\"font-size: 14pt;\"><strong>A<\/strong><\/span> seguir, confira um guia r\u00e1pido de \u2018BeeCatholic\u2019 para identificar cada cor e o seu simbolismo.<\/span><\/p>\n<p><span style=\"font-family: verdana, geneva, sans-serif; font-size: 12pt; color: #000000;\"><strong><br \/>\n<span style=\"color: #000080;\">Monsenhor<\/span><\/strong><\/span><\/p>\n<p><span style=\"font-family: verdana, geneva, sans-serif; font-size: 12pt; color: #000000;\">Durante muitos s\u00e9culos, o Papa costumava conceder t\u00edtulos honor\u00edficos aos sacerdotes dentro da sua <span style=\"color: #0000ff;\"><strong><a style=\"color: #0000ff;\" href=\"https:\/\/adf.org.br\/apostolosdefatima\/2\/?origem=4547#\" target=\"_blank\" rel=\"noopener noreferrer\">Casa Pontif\u00edcia<\/a><\/strong><\/span>. <\/span><\/p>\n<p><span style=\"font-family: verdana, geneva, sans-serif; font-size: 12pt; color: #000000;\">O t\u00edtulo foi usado ao longo dos anos e logo foi dado a sacerdotes fora de Roma com a recomenda\u00e7\u00e3o de um bispo; entretanto, recentemente foi limitado pelo Papa Francisco, voltando \u00e0 pr\u00e1tica anterior.<\/span><\/p>\n<p style=\"padding-left: 90px;\"><strong><span style=\"font-family: verdana, geneva, sans-serif; font-size: 12pt; color: #800080;\"><br \/>\nAlguns sacerdotes que t\u00eam o t\u00edtulo de monsenhor n\u00e3o necessariamente s\u00e3o bispos.<\/span><\/strong><\/p>\n<p><span style=\"font-family: verdana, geneva, sans-serif; font-size: 12pt; color: #000000;\"><br \/>\nAo ser membros da Casa Pontif\u00edcia, os monsenhores vestem a cor p\u00farpura (que est\u00e1 mais pr\u00f3ximo do magenta), uma batina com bot\u00f5es, uma faixa e geralmente n\u00e3o tem um solid\u00e9u ou uma cruz peitoral que os distingue de bispos e cardeais.<\/span><\/p>\n<p><span style=\"font-family: verdana, geneva, sans-serif; font-size: 12pt; color: #000000;\">A cor p\u00farpura est\u00e1 ligada \u00e0 tradi\u00e7\u00e3o no Imp\u00e9rio Romano para vestir novos <span style=\"color: #0000ff;\"><strong><a style=\"color: #0000ff;\" href=\"https:\/\/adf.org.br\/apostolosdefatima\/2\/?origem=4547#\" target=\"_blank\" rel=\"noopener noreferrer\">dignit\u00e1rios<\/a><\/strong><\/span> com um manto p\u00farpura. <\/span><\/p>\n<p><span style=\"font-family: verdana, geneva, sans-serif; font-size: 12pt; color: #000000;\">Na her\u00e1ldica medieval, esta cor simbolizava a justi\u00e7a, a majestade real e a soberania.<\/span><\/p>\n<p><span style=\"font-family: verdana, geneva, sans-serif; font-size: 12pt; color: #000000;\"><strong><br \/>\n<span style=\"color: #000080;\">Bispo<\/span><\/strong><\/span><\/p>\n<p><span style=\"font-family: verdana, geneva, sans-serif; font-size: 12pt; color: #000000;\">Na maior parte da hist\u00f3ria da\u00a0Igreja, o verde era a cor dos bispos. <\/span><\/p>\n<p><span style=\"font-family: verdana, geneva, sans-serif; font-size: 12pt; color: #000000;\">Esta cor ainda pode ser vista no bras\u00e3o tradicional que cada bispo escolhe quando \u00e9 eleito.<\/span><\/p>\n<p><span style=\"font-family: verdana, geneva, sans-serif; font-size: 12pt; color: #000000;\"> Entretanto, no s\u00e9culo XVI, a cor foi mudada para \u201cvermelho amaranto\u201d, chamada assim fazendo refer\u00eancia \u00e0 cor da flor do amaranto. Parece a cor f\u00facsia.<\/span><\/p>\n<h5 style=\"padding-left: 90px;\"><strong><span style=\"font-family: verdana, geneva, sans-serif; font-size: 12pt; color: #800080;\"><br \/>\nComo tem uma cor semelhante \u00e0 p\u00farpura, tem um valor simb\u00f3lico que est\u00e1 relacionado \u00e0 tarefa do bispo de governar a diocese local.<\/span><\/strong><\/h5>\n<p><span style=\"font-family: verdana, geneva, sans-serif; font-size: 12pt; color: #000000;\"><br \/>\nAl\u00e9m disso, os bispos se identificam ao usar a mesma cor no solid\u00e9u e t\u00eam uma cruz peitoral.<\/span><\/p>\n<p><span style=\"font-family: verdana, geneva, sans-serif; font-size: 12pt; color: #000000;\"><strong><br \/>\n<span style=\"color: #000080;\">Cardeal<\/span><\/strong><\/span><\/p>\n<p><span style=\"font-family: verdana, geneva, sans-serif; font-size: 12pt; color: #000000;\">O nome t\u00e9cnico da cor utilizada pelos cardeais \u00e9 <strong>\u201cescarlate\u201d<\/strong>. Esta cor os diferencia como <strong><span style=\"color: #0000ff;\"><a style=\"color: #0000ff;\" href=\"https:\/\/adf.org.br\/apostolosdefatima\/2\/?origem=4547#\" target=\"_blank\" rel=\"noopener noreferrer\">membros<\/a><\/span><\/strong> do Col\u00e9gio Cardinal\u00edcio e como <strong>\u201cpr\u00edncipes\u201d<\/strong> da Igreja.<\/span><\/p>\n<p><span style=\"font-family: verdana, geneva, sans-serif; font-size: 12pt; color: #000000;\">Quando o Papa coloca o barrete (um chap\u00e9u com 3 ou 4 pontas que faz parte da vestimenta lit\u00fargica) na cabe\u00e7a do cardeal, ele diz: <\/span><\/p>\n<p><span style=\"font-family: verdana, geneva, sans-serif; font-size: 12pt; color: #000000;\">\u201c(Isto \u00e9) Escarlate, como sinal da dignidade do Cardinalato, o que significa a sua disposi\u00e7\u00e3o para agir com coragem, e mesmo para derramar o seu sangue, em prol do aumento da F\u00e9 Crist\u00e3, da paz e tranquilidade do povo de Deus, e da liberdade e exalta\u00e7\u00e3o da Santa Igreja Romana\u201d.<\/span><\/p>\n<p><span style=\"font-family: verdana, geneva, sans-serif; font-size: 12pt; color: #ffffff;\">.<\/span><br \/>\n<em><span style=\"font-family: verdana, geneva, sans-serif; font-size: 10pt; color: #000000;\">Fonte: acidigital.com<\/span><\/em><\/p>\n<p style=\"text-align: center;\"><span style=\"font-family: verdana, geneva, sans-serif; font-size: 12pt; color: #ffffff;\">.<\/span><br \/>\n<span style=\"font-family: verdana, geneva, sans-serif; font-size: 12pt; color: #ffffff;\">.<\/span><br \/>\n<strong><span style=\"font-family: verdana, geneva, sans-serif; font-size: 12pt; color: #000000;\">*\u00a0 *\u00a0 *<\/span><\/strong><\/p>\n<p><span style=\"font-family: verdana, geneva, sans-serif; font-size: 12pt; color: #ffffff;\">.<\/span><br \/>\n<a href=\"https:\/\/adf.org.br\/minhaoferta\/?origem=6667\" target=\"_blank\" rel=\"noopener noreferrer\"><img loading=\"lazy\" class=\"aligncenter wp-image-46182 size-full\" src=\"http:\/\/www.adf.org.br\/home\/wp-content\/uploads\/2018\/03\/bt_oferta_ADF-2-1.png\" alt=\"bt_oferta_ADF-2 (1)\" width=\"600\" height=\"190\" \/><\/a><\/p>\n","protected":false},"excerpt":{"rendered":"<p>Embora monsenhores, bispos e cardeais usem uma batina com cores relacionadas ao seu cargo, nem sempre a maioria dos cat\u00f3licos consegue diferenci\u00e1-los.<\/p>\n","protected":false},"author":31,"featured_media":46184,"comment_status":"open","ping_status":"open","sticky":false,"template":"","format":"standard","meta":[],"categories":[20],"tags":[2242,2251,751,2243,2287],"yoast_head":"<!-- This site is optimized with the Yoast SEO plugin v17.4 - https:\/\/yoast.com\/wordpress\/plugins\/seo\/ -->\n<title>Voc\u00ea sabe? Como diferenciar um Monsenhor, um Bispo e um Cardeal!<\/title>\n<meta name=\"description\" content=\"Voc\u00ea sabe? Aprenda como diferenciar um Monsenhor, um Bispo e um Cardeal! Conhe\u00e7a aqui o simbolismo por tr\u00e1s desses &quot;cargos&quot;.\" \/>\n<meta name=\"robots\" content=\"index, follow, max-snippet:-1, max-image-preview:large, max-video-preview:-1\" \/>\n<link rel=\"canonical\" href=\"https:\/\/www.adf.org.br\/home\/um-monsenhor-um-bispo-e-um-cardeal\/\" \/>\n<meta property=\"og:locale\" content=\"pt_BR\" \/>\n<meta property=\"og:type\" content=\"article\" \/>\n<meta property=\"og:title\" content=\"Voc\u00ea sabe? Como diferenciar um Monsenhor, um Bispo e um Cardeal!\" \/>\n<meta property=\"og:description\" content=\"Voc\u00ea sabe? Aprenda como diferenciar um Monsenhor, um Bispo e um Cardeal! Conhe\u00e7a aqui o simbolismo por tr\u00e1s desses &quot;cargos&quot;.\" \/>\n<meta property=\"og:url\" content=\"https:\/\/www.adf.org.br\/home\/um-monsenhor-um-bispo-e-um-cardeal\/\" \/>\n<meta property=\"og:site_name\" content=\"Associa\u00e7\u00e3o Devotos de F\u00e1tima\" \/>\n<meta property=\"article:published_time\" content=\"2018-03-07T03:00:23+00:00\" \/>\n<meta name=\"twitter:card\" content=\"summary_large_image\" \/>\n<meta name=\"twitter:label1\" content=\"Escrito por\" \/>\n\t<meta name=\"twitter:data1\" content=\"Gabriel Barbosa\" \/>\n\t<meta name=\"twitter:label2\" content=\"Est. tempo de leitura\" \/>\n\t<meta name=\"twitter:data2\" content=\"2 minutos\" \/>\n<script type=\"application\/ld+json\" class=\"yoast-schema-graph\">{\"@context\":\"https:\/\/schema.org\",\"@graph\":[{\"@type\":\"WebSite\",\"@id\":\"https:\/\/www.adf.org.br\/home\/#website\",\"url\":\"https:\/\/www.adf.org.br\/home\/\",\"name\":\"Associa\\u00e7\\u00e3o Devotos de F\\u00e1tima\",\"description\":\"Associa\\u00e7\\u00e3o Devotos de F\\u00e1tima\",\"potentialAction\":[{\"@type\":\"SearchAction\",\"target\":{\"@type\":\"EntryPoint\",\"urlTemplate\":\"https:\/\/www.adf.org.br\/home\/?s={search_term_string}\"},\"query-input\":\"required name=search_term_string\"}],\"inLanguage\":\"pt-BR\"},{\"@type\":\"ImageObject\",\"@id\":\"https:\/\/www.adf.org.br\/home\/um-monsenhor-um-bispo-e-um-cardeal\/#primaryimage\",\"inLanguage\":\"pt-BR\",\"url\":\"\",\"contentUrl\":\"\"},{\"@type\":\"WebPage\",\"@id\":\"https:\/\/www.adf.org.br\/home\/um-monsenhor-um-bispo-e-um-cardeal\/#webpage\",\"url\":\"https:\/\/www.adf.org.br\/home\/um-monsenhor-um-bispo-e-um-cardeal\/\",\"name\":\"Voc\\u00ea sabe? Como diferenciar um Monsenhor, um Bispo e um Cardeal!\",\"isPartOf\":{\"@id\":\"https:\/\/www.adf.org.br\/home\/#website\"},\"primaryImageOfPage\":{\"@id\":\"https:\/\/www.adf.org.br\/home\/um-monsenhor-um-bispo-e-um-cardeal\/#primaryimage\"},\"datePublished\":\"2018-03-07T03:00:23+00:00\",\"dateModified\":\"2018-03-07T03:00:23+00:00\",\"author\":{\"@id\":\"https:\/\/www.adf.org.br\/home\/#\/schema\/person\/f35a5c5aa7728a3dedf4ea9aa1fc2753\"},\"description\":\"Voc\\u00ea sabe? Aprenda como diferenciar um Monsenhor, um Bispo e um Cardeal! Conhe\\u00e7a aqui o simbolismo por tr\\u00e1s desses \\\"cargos\\\".\",\"breadcrumb\":{\"@id\":\"https:\/\/www.adf.org.br\/home\/um-monsenhor-um-bispo-e-um-cardeal\/#breadcrumb\"},\"inLanguage\":\"pt-BR\",\"potentialAction\":[{\"@type\":\"ReadAction\",\"target\":[\"https:\/\/www.adf.org.br\/home\/um-monsenhor-um-bispo-e-um-cardeal\/\"]}]},{\"@type\":\"BreadcrumbList\",\"@id\":\"https:\/\/www.adf.org.br\/home\/um-monsenhor-um-bispo-e-um-cardeal\/#breadcrumb\",\"itemListElement\":[{\"@type\":\"ListItem\",\"position\":1,\"name\":\"Home\",\"item\":\"https:\/\/www.adf.org.br\/home\/\"},{\"@type\":\"ListItem\",\"position\":2,\"name\":\"Voc\\u00ea sabe? Aprenda como diferenciar um Monsenhor, um Bispo e um Cardeal!\"}]},{\"@type\":\"Person\",\"@id\":\"https:\/\/www.adf.org.br\/home\/#\/schema\/person\/f35a5c5aa7728a3dedf4ea9aa1fc2753\",\"name\":\"Gabriel Barbosa\",\"image\":{\"@type\":\"ImageObject\",\"@id\":\"https:\/\/www.adf.org.br\/home\/#personlogo\",\"inLanguage\":\"pt-BR\",\"url\":\"https:\/\/secure.gravatar.com\/avatar\/2b2cb2f4637682c5605e8d36818f51ef?s=96&d=mm&r=g\",\"contentUrl\":\"https:\/\/secure.gravatar.com\/avatar\/2b2cb2f4637682c5605e8d36818f51ef?s=96&d=mm&r=g\",\"caption\":\"Gabriel Barbosa\"},\"url\":\"https:\/\/www.adf.org.br\/home\/author\/gabrielpmk-com-br\/\"}]}<\/script>\n<!-- \/ Yoast SEO plugin. -->","yoast_head_json":{"title":"Voc\u00ea sabe? Como diferenciar um Monsenhor, um Bispo e um Cardeal!","description":"Voc\u00ea sabe? Aprenda como diferenciar um Monsenhor, um Bispo e um Cardeal! Conhe\u00e7a aqui o simbolismo por tr\u00e1s desses \"cargos\".","robots":{"index":"index","follow":"follow","max-snippet":"max-snippet:-1","max-image-preview":"max-image-preview:large","max-video-preview":"max-video-preview:-1"},"canonical":"https:\/\/www.adf.org.br\/home\/um-monsenhor-um-bispo-e-um-cardeal\/","og_locale":"pt_BR","og_type":"article","og_title":"Voc\u00ea sabe? Como diferenciar um Monsenhor, um Bispo e um Cardeal!","og_description":"Voc\u00ea sabe? Aprenda como diferenciar um Monsenhor, um Bispo e um Cardeal! Conhe\u00e7a aqui o simbolismo por tr\u00e1s desses \"cargos\".","og_url":"https:\/\/www.adf.org.br\/home\/um-monsenhor-um-bispo-e-um-cardeal\/","og_site_name":"Associa\u00e7\u00e3o Devotos de F\u00e1tima","article_published_time":"2018-03-07T03:00:23+00:00","twitter_card":"summary_large_image","twitter_misc":{"Escrito por":"Gabriel Barbosa","Est. tempo de leitura":"2 minutos"},"schema":{"@context":"https:\/\/schema.org","@graph":[{"@type":"WebSite","@id":"https:\/\/www.adf.org.br\/home\/#website","url":"https:\/\/www.adf.org.br\/home\/","name":"Associa\u00e7\u00e3o Devotos de F\u00e1tima","description":"Associa\u00e7\u00e3o Devotos de F\u00e1tima","potentialAction":[{"@type":"SearchAction","target":{"@type":"EntryPoint","urlTemplate":"https:\/\/www.adf.org.br\/home\/?s={search_term_string}"},"query-input":"required name=search_term_string"}],"inLanguage":"pt-BR"},{"@type":"ImageObject","@id":"https:\/\/www.adf.org.br\/home\/um-monsenhor-um-bispo-e-um-cardeal\/#primaryimage","inLanguage":"pt-BR","url":"","contentUrl":""},{"@type":"WebPage","@id":"https:\/\/www.adf.org.br\/home\/um-monsenhor-um-bispo-e-um-cardeal\/#webpage","url":"https:\/\/www.adf.org.br\/home\/um-monsenhor-um-bispo-e-um-cardeal\/","name":"Voc\u00ea sabe? Como diferenciar um Monsenhor, um Bispo e um Cardeal!","isPartOf":{"@id":"https:\/\/www.adf.org.br\/home\/#website"},"primaryImageOfPage":{"@id":"https:\/\/www.adf.org.br\/home\/um-monsenhor-um-bispo-e-um-cardeal\/#primaryimage"},"datePublished":"2018-03-07T03:00:23+00:00","dateModified":"2018-03-07T03:00:23+00:00","author":{"@id":"https:\/\/www.adf.org.br\/home\/#\/schema\/person\/f35a5c5aa7728a3dedf4ea9aa1fc2753"},"description":"Voc\u00ea sabe? Aprenda como diferenciar um Monsenhor, um Bispo e um Cardeal! Conhe\u00e7a aqui o simbolismo por tr\u00e1s desses \"cargos\".","breadcrumb":{"@id":"https:\/\/www.adf.org.br\/home\/um-monsenhor-um-bispo-e-um-cardeal\/#breadcrumb"},"inLanguage":"pt-BR","potentialAction":[{"@type":"ReadAction","target":["https:\/\/www.adf.org.br\/home\/um-monsenhor-um-bispo-e-um-cardeal\/"]}]},{"@type":"BreadcrumbList","@id":"https:\/\/www.adf.org.br\/home\/um-monsenhor-um-bispo-e-um-cardeal\/#breadcrumb","itemListElement":[{"@type":"ListItem","position":1,"name":"Home","item":"https:\/\/www.adf.org.br\/home\/"},{"@type":"ListItem","position":2,"name":"Voc\u00ea sabe? Aprenda como diferenciar um Monsenhor, um Bispo e um Cardeal!"}]},{"@type":"Person","@id":"https:\/\/www.adf.org.br\/home\/#\/schema\/person\/f35a5c5aa7728a3dedf4ea9aa1fc2753","name":"Gabriel Barbosa","image":{"@type":"ImageObject","@id":"https:\/\/www.adf.org.br\/home\/#personlogo","inLanguage":"pt-BR","url":"https:\/\/secure.gravatar.com\/avatar\/2b2cb2f4637682c5605e8d36818f51ef?s=96&d=mm&r=g","contentUrl":"https:\/\/secure.gravatar.com\/avatar\/2b2cb2f4637682c5605e8d36818f51ef?s=96&d=mm&r=g","caption":"Gabriel Barbosa"},"url":"https:\/\/www.adf.org.br\/home\/author\/gabrielpmk-com-br\/"}]}},"_links":{"self":[{"href":"https:\/\/www.adf.org.br\/home\/wp-json\/wp\/v2\/posts\/46181"}],"collection":[{"href":"https:\/\/www.adf.org.br\/home\/wp-json\/wp\/v2\/posts"}],"about":[{"href":"https:\/\/www.adf.org.br\/home\/wp-json\/wp\/v2\/types\/post"}],"author":[{"embeddable":true,"href":"https:\/\/www.adf.org.br\/home\/wp-json\/wp\/v2\/users\/31"}],"replies":[{"embeddable":true,"href":"https:\/\/www.adf.org.br\/home\/wp-json\/wp\/v2\/comments?post=46181"}],"version-history":[{"count":0,"href":"https:\/\/www.adf.org.br\/home\/wp-json\/wp\/v2\/posts\/46181\/revisions"}],"wp:featuredmedia":[{"embeddable":true,"href":"https:\/\/www.adf.org.br\/home\/wp-json\/wp\/v2\/media\/46184"}],"wp:attachment":[{"href":"https:\/\/www.adf.org.br\/home\/wp-json\/wp\/v2\/media?parent=46181"}],"wp:term":[{"taxonomy":"category","embeddable":true,"href":"https:\/\/www.adf.org.br\/home\/wp-json\/wp\/v2\/categories?post=46181"},{"taxonomy":"post_tag","embeddable":true,"href":"https:\/\/www.adf.org.br\/home\/wp-json\/wp\/v2\/tags?post=46181"}],"curies":[{"name":"wp","href":"https:\/\/api.w.org\/{rel}","templated":true}]}}