{"id":45968,"date":"2018-01-25T00:00:53","date_gmt":"2018-01-25T02:00:53","guid":{"rendered":"http:\/\/www.adf.org.br\/home\/?p=45968"},"modified":"2018-01-25T00:00:53","modified_gmt":"2018-01-25T02:00:53","slug":"imagem-peregrina-fatima","status":"publish","type":"post","link":"https:\/\/www.adf.org.br\/home\/imagem-peregrina-fatima\/","title":{"rendered":"Imagem de F\u00e1tima viajar\u00e1 os 4 continentes!"},"content":{"rendered":"<figure id=\"attachment_45969\" aria-describedby=\"caption-attachment-45969\" style=\"width: 500px\" class=\"wp-caption aligncenter\"><img loading=\"lazy\" class=\"wp-image-45969 size-full\" title=\"Santu\u00e1rio de Nossa Senhora de F\u00e1tima\" src=\"http:\/\/www.adf.org.br\/home\/wp-content\/uploads\/2018\/01\/fatima-peregrina.jpg\" alt=\"Santu\u00e1rio de Nossa Senhora de F\u00e1tima\" width=\"500\" height=\"340\" \/><figcaption id=\"caption-attachment-45969\" class=\"wp-caption-text\">Santu\u00e1rio de Nossa Senhora de F\u00e1tima<\/figcaption><\/figure>\n<p style=\"padding-left: 90px;\"><span style=\"font-family: verdana, geneva, sans-serif; font-size: 12pt; color: #ffffff;\">.<\/span><br \/>\n<strong><span style=\"font-family: verdana, geneva, sans-serif; font-size: 12pt; color: #800080;\">Este ser\u00e1 um ano de muitas visitas da imagem peregrina de Nossa Senhora de F\u00e1tima, que ir\u00e1 viajar pela Europa, \u00c1frica, Am\u00e9rica do Norte e Am\u00e9rica do Sul este ano.\u00a0<\/span><\/strong><\/p>\n<p><span style=\"font-family: verdana, geneva, sans-serif; font-size: 12pt; color: #000000;\"><br \/>\n<span style=\"font-size: 14pt;\"><strong>S<\/strong><\/span>egundo informou o Santu\u00e1rio Mariano portugu\u00eas, todos os anos, chega um elevado n\u00famero de pedidos de envio deste \u00edcone mariano \u00fanico para comunidades cat\u00f3licas de todo o mundo. <\/span><\/p>\n<p><span style=\"font-family: verdana, geneva, sans-serif; font-size: 12pt; color: #000000;\">\u201cPor forma a corresponder a todos eles, foram feitas, ao longo dos anos, 12\u00a0Imagens\u00a0semelhantes \u00e0 primeira, que foi produzida segundo indica\u00e7\u00f5es da Irm\u00e3 L\u00facia e coroada a 13 de maio de 1947\u201d, informa o Santu\u00e1rio.<\/span><\/p>\n<p><span style=\"font-family: verdana, geneva, sans-serif; font-size: 12pt; color: #000000;\">Uma das imagens da Virgem Peregrina est\u00e1 a percorrer a regi\u00e3o da Sic\u00edlia, na It\u00e1lia, desde novembro de 2017 e no m\u00eas de fevereiro, a Virgem Peregrina ir\u00e1 estar em v\u00e1rias dioceses de Espanha.<\/span><\/p>\n<p><span style=\"font-family: verdana, geneva, sans-serif; font-size: 12pt; color: #000000;\"> J\u00e1 ao continente africano, a Virgem Peregrina ir\u00e1 na primeira quinzena de abril, atrav\u00e9s de uma visita que far\u00e1 ao Santu\u00e1rio de Nossa Senhora da Divina Miseric\u00f3rdia, situado na cidade de Allada, no Benin.<\/span><\/p>\n<p><span style=\"font-family: verdana, geneva, sans-serif; font-size: 12pt; color: #000000;\">Ainda segundo o Santu\u00e1rio de F\u00e1tima, \u201co m\u00eas de Maria \u00e9 o que tem mais viagens agendadas\u201d.<\/span><\/p>\n<p><span style=\"font-family: verdana, geneva, sans-serif; font-size: 12pt; color: #000000;\">\u201cEm maio, em Portugal, a Virgem Peregrina ir\u00e1 estar: na par\u00f3quia da Caranguejeira, diocese de Leiria-F\u00e1tima; em \u00d3bidos e par\u00f3quia de Almargem do Bispo, patriarcado de Lisboa; e na par\u00f3quia de Gafanha da Encarna\u00e7\u00e3o, diocese de Aveiro. <\/span><\/p>\n<p><span style=\"font-family: verdana, geneva, sans-serif; font-size: 12pt; color: #000000;\">Al\u00e9m-fronteiras, a Imagem viajar\u00e1 para Montreal, no Canad\u00e1, <strong>Brasil<\/strong> e Col\u00f4mbia\u201d, informa o site oficial\u00a0www.fatima.pt.<\/span><\/p>\n<p><span style=\"font-family: verdana, geneva, sans-serif; font-size: 12pt; color: #000000;\">Em 2017, a Imagem da Virgem Peregrina fez mais de 30 viagens, levando a sua mensagem de paz a pa\u00edses como Espanha, Fran\u00e7a, It\u00e1lia, Luxemburgo, Holanda, Rep\u00fablica Checa, Eslov\u00e9nia, Brasil, Panam\u00e1, Angola e \u00c1frica do Sul.<\/span><\/p>\n<h5 style=\"padding-left: 90px;\"><strong><span style=\"font-family: verdana, geneva, sans-serif; font-size: 12pt; color: #000080;\"><br \/>\nO Santu\u00e1rio destacou de maneira especial a visita da imagem \u00e0 Venezuela. <\/span><\/strong><\/h5>\n<p><span style=\"font-family: verdana, geneva, sans-serif; font-size: 12pt; color: #000000;\"><br \/>\nPara os respons\u00e1veis pela organiza\u00e7\u00e3o desta visita ao sofrido pa\u00eds sul-americano, a presen\u00e7a da Virgem Peregrina foi \u201csinal de esperan\u00e7a para todos e consolo para levar a\u00a0vida\u00a0por diante\u201d.<\/span><\/p>\n<p><span style=\"font-family: verdana, geneva, sans-serif; font-size: 12pt; color: #000000;\">Na apresenta\u00e7\u00e3o da tem\u00e1tica do novo ano pastoral, em dezembro passado, o reitor do Santu\u00e1rio de F\u00e1tima, padre Carlos Cabecinhas, sublinhou a \u201cespecial aten\u00e7\u00e3o\u201d que ser\u00e1 dada \u00e0 Imagem Peregrina de Nossa Senhora de F\u00e1tima em 2018;<\/span><\/p>\n<p><span style=\"font-family: verdana, geneva, sans-serif; font-size: 12pt; color: #000000;\"> \u201cPara perceber a relev\u00e2ncia pastoral incontorn\u00e1vel para as vidas e os contextos das comunidades \u00e0s quais \u00e9 levada\u201d.<\/span><\/p>\n<p><span style=\"font-family: verdana, geneva, sans-serif; font-size: 12pt; color: #ffffff;\">.<\/span><br \/>\n<em><span style=\"font-family: verdana, geneva, sans-serif; font-size: 10pt; color: #000000;\">Fonte: acidigital.com<\/span><\/em><\/p>\n<p style=\"text-align: center;\"><span style=\"font-family: verdana, geneva, sans-serif; font-size: 12pt; color: #ffffff;\">.<\/span><br \/>\n<span style=\"font-family: verdana, geneva, sans-serif; font-size: 12pt; color: #ffffff;\">.<\/span><br \/>\n<strong><span style=\"font-family: verdana, geneva, sans-serif; font-size: 12pt; color: #000000;\">*\u00a0 *\u00a0 *<\/span><\/strong><\/p>\n<p><span style=\"font-family: verdana, geneva, sans-serif; font-size: 12pt; color: #ffffff;\">.<\/span><br \/>\n<span style=\"font-family: verdana, geneva, sans-serif; font-size: 12pt; color: #ffffff;\">.<\/span><br \/>\n<a href=\"https:\/\/adf.org.br\/apostolosdefatima\/2\/?origem=4547&amp;gift=crise#ChanceUnica\" target=\"_blank\" rel=\"noopener noreferrer\"><img loading=\"lazy\" class=\"aligncenter wp-image-28719\" title=\"Atenda a este important\u00edssimo pedido de Nossa Senhora de F\u00e1tima! Consagre-se ao Imaculado Cora\u00e7\u00e3o de Maria!\" src=\"http:\/\/www.adf.org.br\/home\/wp-content\/uploads\/2014\/12\/consagra\u00e7\u00e3o-ao-imaculado-cora\u00e7\u00e3o-de-maria.8.jpg\" width=\"517\" height=\"265\" \/><\/a><\/p>\n","protected":false},"excerpt":{"rendered":"<p>Este ser\u00e1 um ano de muitas visitas da imagem peregrina de Nossa Senhora de F\u00e1tima, que ir\u00e1 viajar pela Europa, \u00c1frica, Am\u00e9rica do Norte e Am\u00e9rica do Sul este ano. <\/p>\n","protected":false},"author":31,"featured_media":45970,"comment_status":"open","ping_status":"open","sticky":false,"template":"","format":"standard","meta":[],"categories":[20],"tags":[2223,1972,57],"yoast_head":"<!-- This site is optimized with the Yoast SEO plugin v17.4 - https:\/\/yoast.com\/wordpress\/plugins\/seo\/ -->\n<title>Imagem de F\u00e1tima viajar\u00e1 os 4 continentes!<\/title>\n<meta name=\"description\" content=\"Imagem de F\u00e1tima viajar\u00e1 os 4 continentes! Veja a declara\u00e7\u00e3o oficial do site do Santu\u00e1rio de Nossa Senhora de F\u00e1tima.\" \/>\n<meta name=\"robots\" content=\"index, follow, max-snippet:-1, max-image-preview:large, max-video-preview:-1\" \/>\n<link rel=\"canonical\" href=\"https:\/\/www.adf.org.br\/home\/imagem-peregrina-fatima\/\" \/>\n<meta property=\"og:locale\" content=\"pt_BR\" \/>\n<meta property=\"og:type\" content=\"article\" \/>\n<meta property=\"og:title\" content=\"Imagem de F\u00e1tima viajar\u00e1 os 4 continentes!\" \/>\n<meta property=\"og:description\" content=\"Imagem de F\u00e1tima viajar\u00e1 os 4 continentes! Veja a declara\u00e7\u00e3o oficial do site do Santu\u00e1rio de Nossa Senhora de F\u00e1tima.\" \/>\n<meta property=\"og:url\" content=\"https:\/\/www.adf.org.br\/home\/imagem-peregrina-fatima\/\" \/>\n<meta property=\"og:site_name\" content=\"Associa\u00e7\u00e3o Devotos de F\u00e1tima\" \/>\n<meta property=\"article:published_time\" content=\"2018-01-25T02:00:53+00:00\" \/>\n<meta name=\"twitter:card\" content=\"summary_large_image\" \/>\n<meta name=\"twitter:label1\" content=\"Escrito por\" \/>\n\t<meta name=\"twitter:data1\" content=\"Gabriel Barbosa\" \/>\n\t<meta name=\"twitter:label2\" content=\"Est. tempo de leitura\" \/>\n\t<meta name=\"twitter:data2\" content=\"2 minutos\" \/>\n<script type=\"application\/ld+json\" class=\"yoast-schema-graph\">{\"@context\":\"https:\/\/schema.org\",\"@graph\":[{\"@type\":\"WebSite\",\"@id\":\"https:\/\/www.adf.org.br\/home\/#website\",\"url\":\"https:\/\/www.adf.org.br\/home\/\",\"name\":\"Associa\\u00e7\\u00e3o Devotos de F\\u00e1tima\",\"description\":\"Associa\\u00e7\\u00e3o Devotos de F\\u00e1tima\",\"potentialAction\":[{\"@type\":\"SearchAction\",\"target\":{\"@type\":\"EntryPoint\",\"urlTemplate\":\"https:\/\/www.adf.org.br\/home\/?s={search_term_string}\"},\"query-input\":\"required name=search_term_string\"}],\"inLanguage\":\"pt-BR\"},{\"@type\":\"ImageObject\",\"@id\":\"https:\/\/www.adf.org.br\/home\/imagem-peregrina-fatima\/#primaryimage\",\"inLanguage\":\"pt-BR\",\"url\":\"\",\"contentUrl\":\"\"},{\"@type\":\"WebPage\",\"@id\":\"https:\/\/www.adf.org.br\/home\/imagem-peregrina-fatima\/#webpage\",\"url\":\"https:\/\/www.adf.org.br\/home\/imagem-peregrina-fatima\/\",\"name\":\"Imagem de F\\u00e1tima viajar\\u00e1 os 4 continentes!\",\"isPartOf\":{\"@id\":\"https:\/\/www.adf.org.br\/home\/#website\"},\"primaryImageOfPage\":{\"@id\":\"https:\/\/www.adf.org.br\/home\/imagem-peregrina-fatima\/#primaryimage\"},\"datePublished\":\"2018-01-25T02:00:53+00:00\",\"dateModified\":\"2018-01-25T02:00:53+00:00\",\"author\":{\"@id\":\"https:\/\/www.adf.org.br\/home\/#\/schema\/person\/f35a5c5aa7728a3dedf4ea9aa1fc2753\"},\"description\":\"Imagem de F\\u00e1tima viajar\\u00e1 os 4 continentes! Veja a declara\\u00e7\\u00e3o oficial do site do Santu\\u00e1rio de Nossa Senhora de F\\u00e1tima.\",\"breadcrumb\":{\"@id\":\"https:\/\/www.adf.org.br\/home\/imagem-peregrina-fatima\/#breadcrumb\"},\"inLanguage\":\"pt-BR\",\"potentialAction\":[{\"@type\":\"ReadAction\",\"target\":[\"https:\/\/www.adf.org.br\/home\/imagem-peregrina-fatima\/\"]}]},{\"@type\":\"BreadcrumbList\",\"@id\":\"https:\/\/www.adf.org.br\/home\/imagem-peregrina-fatima\/#breadcrumb\",\"itemListElement\":[{\"@type\":\"ListItem\",\"position\":1,\"name\":\"Home\",\"item\":\"https:\/\/www.adf.org.br\/home\/\"},{\"@type\":\"ListItem\",\"position\":2,\"name\":\"Imagem de F\\u00e1tima viajar\\u00e1 os 4 continentes!\"}]},{\"@type\":\"Person\",\"@id\":\"https:\/\/www.adf.org.br\/home\/#\/schema\/person\/f35a5c5aa7728a3dedf4ea9aa1fc2753\",\"name\":\"Gabriel Barbosa\",\"image\":{\"@type\":\"ImageObject\",\"@id\":\"https:\/\/www.adf.org.br\/home\/#personlogo\",\"inLanguage\":\"pt-BR\",\"url\":\"https:\/\/secure.gravatar.com\/avatar\/2b2cb2f4637682c5605e8d36818f51ef?s=96&d=mm&r=g\",\"contentUrl\":\"https:\/\/secure.gravatar.com\/avatar\/2b2cb2f4637682c5605e8d36818f51ef?s=96&d=mm&r=g\",\"caption\":\"Gabriel Barbosa\"},\"url\":\"https:\/\/www.adf.org.br\/home\/author\/gabrielpmk-com-br\/\"}]}<\/script>\n<!-- \/ Yoast SEO plugin. -->","yoast_head_json":{"title":"Imagem de F\u00e1tima viajar\u00e1 os 4 continentes!","description":"Imagem de F\u00e1tima viajar\u00e1 os 4 continentes! Veja a declara\u00e7\u00e3o oficial do site do Santu\u00e1rio de Nossa Senhora de F\u00e1tima.","robots":{"index":"index","follow":"follow","max-snippet":"max-snippet:-1","max-image-preview":"max-image-preview:large","max-video-preview":"max-video-preview:-1"},"canonical":"https:\/\/www.adf.org.br\/home\/imagem-peregrina-fatima\/","og_locale":"pt_BR","og_type":"article","og_title":"Imagem de F\u00e1tima viajar\u00e1 os 4 continentes!","og_description":"Imagem de F\u00e1tima viajar\u00e1 os 4 continentes! Veja a declara\u00e7\u00e3o oficial do site do Santu\u00e1rio de Nossa Senhora de F\u00e1tima.","og_url":"https:\/\/www.adf.org.br\/home\/imagem-peregrina-fatima\/","og_site_name":"Associa\u00e7\u00e3o Devotos de F\u00e1tima","article_published_time":"2018-01-25T02:00:53+00:00","twitter_card":"summary_large_image","twitter_misc":{"Escrito por":"Gabriel Barbosa","Est. tempo de leitura":"2 minutos"},"schema":{"@context":"https:\/\/schema.org","@graph":[{"@type":"WebSite","@id":"https:\/\/www.adf.org.br\/home\/#website","url":"https:\/\/www.adf.org.br\/home\/","name":"Associa\u00e7\u00e3o Devotos de F\u00e1tima","description":"Associa\u00e7\u00e3o Devotos de F\u00e1tima","potentialAction":[{"@type":"SearchAction","target":{"@type":"EntryPoint","urlTemplate":"https:\/\/www.adf.org.br\/home\/?s={search_term_string}"},"query-input":"required name=search_term_string"}],"inLanguage":"pt-BR"},{"@type":"ImageObject","@id":"https:\/\/www.adf.org.br\/home\/imagem-peregrina-fatima\/#primaryimage","inLanguage":"pt-BR","url":"","contentUrl":""},{"@type":"WebPage","@id":"https:\/\/www.adf.org.br\/home\/imagem-peregrina-fatima\/#webpage","url":"https:\/\/www.adf.org.br\/home\/imagem-peregrina-fatima\/","name":"Imagem de F\u00e1tima viajar\u00e1 os 4 continentes!","isPartOf":{"@id":"https:\/\/www.adf.org.br\/home\/#website"},"primaryImageOfPage":{"@id":"https:\/\/www.adf.org.br\/home\/imagem-peregrina-fatima\/#primaryimage"},"datePublished":"2018-01-25T02:00:53+00:00","dateModified":"2018-01-25T02:00:53+00:00","author":{"@id":"https:\/\/www.adf.org.br\/home\/#\/schema\/person\/f35a5c5aa7728a3dedf4ea9aa1fc2753"},"description":"Imagem de F\u00e1tima viajar\u00e1 os 4 continentes! Veja a declara\u00e7\u00e3o oficial do site do Santu\u00e1rio de Nossa Senhora de F\u00e1tima.","breadcrumb":{"@id":"https:\/\/www.adf.org.br\/home\/imagem-peregrina-fatima\/#breadcrumb"},"inLanguage":"pt-BR","potentialAction":[{"@type":"ReadAction","target":["https:\/\/www.adf.org.br\/home\/imagem-peregrina-fatima\/"]}]},{"@type":"BreadcrumbList","@id":"https:\/\/www.adf.org.br\/home\/imagem-peregrina-fatima\/#breadcrumb","itemListElement":[{"@type":"ListItem","position":1,"name":"Home","item":"https:\/\/www.adf.org.br\/home\/"},{"@type":"ListItem","position":2,"name":"Imagem de F\u00e1tima viajar\u00e1 os 4 continentes!"}]},{"@type":"Person","@id":"https:\/\/www.adf.org.br\/home\/#\/schema\/person\/f35a5c5aa7728a3dedf4ea9aa1fc2753","name":"Gabriel Barbosa","image":{"@type":"ImageObject","@id":"https:\/\/www.adf.org.br\/home\/#personlogo","inLanguage":"pt-BR","url":"https:\/\/secure.gravatar.com\/avatar\/2b2cb2f4637682c5605e8d36818f51ef?s=96&d=mm&r=g","contentUrl":"https:\/\/secure.gravatar.com\/avatar\/2b2cb2f4637682c5605e8d36818f51ef?s=96&d=mm&r=g","caption":"Gabriel Barbosa"},"url":"https:\/\/www.adf.org.br\/home\/author\/gabrielpmk-com-br\/"}]}},"_links":{"self":[{"href":"https:\/\/www.adf.org.br\/home\/wp-json\/wp\/v2\/posts\/45968"}],"collection":[{"href":"https:\/\/www.adf.org.br\/home\/wp-json\/wp\/v2\/posts"}],"about":[{"href":"https:\/\/www.adf.org.br\/home\/wp-json\/wp\/v2\/types\/post"}],"author":[{"embeddable":true,"href":"https:\/\/www.adf.org.br\/home\/wp-json\/wp\/v2\/users\/31"}],"replies":[{"embeddable":true,"href":"https:\/\/www.adf.org.br\/home\/wp-json\/wp\/v2\/comments?post=45968"}],"version-history":[{"count":0,"href":"https:\/\/www.adf.org.br\/home\/wp-json\/wp\/v2\/posts\/45968\/revisions"}],"wp:featuredmedia":[{"embeddable":true,"href":"https:\/\/www.adf.org.br\/home\/wp-json\/wp\/v2\/media\/45970"}],"wp:attachment":[{"href":"https:\/\/www.adf.org.br\/home\/wp-json\/wp\/v2\/media?parent=45968"}],"wp:term":[{"taxonomy":"category","embeddable":true,"href":"https:\/\/www.adf.org.br\/home\/wp-json\/wp\/v2\/categories?post=45968"},{"taxonomy":"post_tag","embeddable":true,"href":"https:\/\/www.adf.org.br\/home\/wp-json\/wp\/v2\/tags?post=45968"}],"curies":[{"name":"wp","href":"https:\/\/api.w.org\/{rel}","templated":true}]}}