{"id":45555,"date":"2020-03-23T00:30:53","date_gmt":"2020-03-23T03:30:53","guid":{"rendered":"http:\/\/www.adf.org.br\/home\/?p=45555"},"modified":"2020-03-23T00:30:53","modified_gmt":"2020-03-23T03:30:53","slug":"conselhos-padre-pio","status":"publish","type":"post","link":"https:\/\/www.adf.org.br\/home\/conselhos-padre-pio\/","title":{"rendered":"12 conselhos do Santo Padre Pio para enfrentar o sofrimento!"},"content":{"rendered":"<figure id=\"attachment_45556\" aria-describedby=\"caption-attachment-45556\" style=\"width: 450px\" class=\"wp-caption aligncenter\"><a href=\"https:\/\/go.hotmart.com\/J10798261T\" target=\"_blank\" rel=\"noopener noreferrer\"><img loading=\"lazy\" class=\"wp-image-45556 size-full\" src=\"https:\/\/www.adf.org.br\/home\/wp-content\/uploads\/2017\/11\/Padre-Pio-angelo-Reni-media.jpg\" alt=\"Conselhos de Santo Padre Pio.\" width=\"450\" height=\"253\" \/><\/a><figcaption id=\"caption-attachment-45556\" class=\"wp-caption-text\">Conselhos de Santo Padre Pio.<\/figcaption><\/figure>\n<p style=\"text-align: center;\"><span style=\"font-family: verdana, geneva, sans-serif; font-size: 12pt; color: #ffffff;\">.<\/span><br \/>\n<strong><span style=\"font-family: verdana, geneva, sans-serif; font-size: 12pt; color: #800080;\">S\u00e3o Pio de Pietrelcina foi um religioso capuchinho italiano que recebeu dons especial\u00edssimos de Deus.<\/span><\/strong><\/p>\n<p><span style=\"font-family: verdana, geneva, sans-serif; font-size: 12pt; color: #000000;\"><br \/>\n<span style=\"font-size: 14pt;\"><strong>C<\/strong><\/span>omo o discernimento das almas, a capacidade de ler as consci\u00eancias, as curas milagrosas, a biloca\u00e7\u00e3o, o dom das l\u00e1grimas, o perfume de rosas e, mais extraordin\u00e1rios ainda;<\/span><\/p>\n<p style=\"padding-left: 90px;\"><strong><span style=\"font-family: verdana, geneva, sans-serif; font-size: 12pt; color: #000080;\"><br \/>\nOs estigmas da Paix\u00e3o de Cristo, que ele padeceu durante cinquenta anos.<\/span><\/strong><\/p>\n<p><span style=\"font-family: verdana, geneva, sans-serif; font-size: 12pt; color: #000000;\"><br \/>\nFalecido em 1968, foi canonizado por S\u00e3o Jo\u00e3o Paulo II em 2002 e \u00e9 um dos santos mais venerados do mundo.<\/span><\/p>\n<p><span style=\"font-family: verdana, geneva, sans-serif; font-size: 12pt; color: #000000;\">Ao longo da vida, o Padre Pio escreveu milhares de cartas para as pessoas que procuravam o seu aconselhamento.<\/span><\/p>\n<p><span style=\"font-family: verdana, geneva, sans-serif; font-size: 12pt; color: #000000;\">\u00c9 desses escritos que foi extra\u00edda a pequena sele\u00e7\u00e3o de pensamentos que compartilhamos logo abaixo: <\/span><\/p>\n<p><span style=\"font-family: verdana, geneva, sans-serif; font-size: 12pt; color: #000000;\">Eles podem trazer esperan\u00e7a e conforto espiritual diante do mist\u00e9rio do sofrimento.<\/span><\/p>\n<p>&nbsp;<\/p>\n<blockquote><p><span style=\"font-family: verdana, geneva, sans-serif; font-size: 12pt; color: #000000;\"><span style=\"font-size: 14pt;\"><strong>1. <\/strong><\/span><span style=\"color: #003366;\"><em>O sofrimento suportado de maneira crist\u00e3 \u00e9 a condi\u00e7\u00e3o que Deus, autor de todas as gra\u00e7as e de todos os dons que conduzem \u00e0 salva\u00e7\u00e3o, estabeleceu para conceder-nos a gl\u00f3ria.<\/em><\/span><\/span><\/p>\n<p><span style=\"font-family: verdana, geneva, sans-serif; font-size: 12pt; color: #003366;\"><span style=\"font-size: 14pt;\"><strong><span style=\"color: #000000;\">2.<\/span> <\/strong><\/span><em>Deus quer que a tua incapacidade seja a sede da Sua onipot\u00eancia.<\/em><\/span><\/p>\n<p><span style=\"font-family: verdana, geneva, sans-serif; font-size: 12pt; color: #003366;\"><span style=\"font-size: 14pt; color: #000000;\"><strong>3.<\/strong><\/span> <em>A f\u00e9 \u00e9 a tocha que guia os passos dos esp\u00edritos desolados.<\/em><\/span><\/p>\n<p><span style=\"font-family: verdana, geneva, sans-serif; font-size: 12pt; color: #003366;\"><span style=\"color: #000000;\"><strong><span style=\"font-size: 14pt;\">4. <\/span><\/strong><\/span><em>Na agita\u00e7\u00e3o das paix\u00f5es e das vicissitudes adversas, que a grata esperan\u00e7a da inesgot\u00e1vel miseric\u00f3rdia de Deus nos sustente.<\/em><\/span><\/p>\n<p><span style=\"font-family: verdana, geneva, sans-serif; font-size: 12pt; color: #003366;\"><span style=\"color: #000000;\"><strong><span style=\"font-size: 14pt;\">5. <\/span><\/strong><\/span><em>Coloque toda a sua confian\u00e7a somente em Deus.<\/em><\/span><\/p>\n<p><span style=\"font-family: verdana, geneva, sans-serif; font-size: 12pt; color: #003366;\"><span style=\"color: #000000;\"><strong><span style=\"font-size: 14pt;\">6. <\/span><\/strong><\/span><em>O melhor consolo \u00e9 aquele que vem da ora\u00e7\u00e3o.<\/em><\/span><\/p>\n<p><span style=\"font-family: verdana, geneva, sans-serif; font-size: 12pt; color: #003366;\"><strong><span style=\"font-size: 14pt;\"><span style=\"color: #000000;\">7.<\/span> <\/span><\/strong><em>A ora\u00e7\u00e3o \u00e9 a melhor arma que temos: \u00e9 uma chave que abre o cora\u00e7\u00e3o de Deus.<\/em><\/span><\/p>\n<p><span style=\"font-family: verdana, geneva, sans-serif; font-size: 12pt; color: #003366;\"><span style=\"color: #000000;\"><strong><span style=\"font-size: 14pt;\">8.<\/span><\/strong><\/span> <em>Esta \u00e9 a grande oportunidade do seu progresso espiritual.<\/em><\/span><\/p>\n<p><span style=\"font-family: verdana, geneva, sans-serif; font-size: 12pt; color: #003366;\"><span style=\"color: #000000;\"><strong><span style=\"font-size: 14pt;\">9. <\/span><\/strong><\/span><em>A felicidade s\u00f3 se encontra no c\u00e9u.<\/em><\/span><\/p>\n<p><span style=\"font-family: verdana, geneva, sans-serif; font-size: 12pt; color: #003366;\"><span style=\"color: #000000;\"><strong><span style=\"font-size: 14pt;\">10. <\/span><\/strong><\/span><em>Quanto mais crescem as tenta\u00e7\u00f5es do dem\u00f4nio, mais perto a alma est\u00e1 de Deus.<\/em><\/span><\/p>\n<p><span style=\"font-family: verdana, geneva, sans-serif; font-size: 12pt; color: #003366;\"><span style=\"font-size: 14pt; color: #000000;\"><strong>11.<\/strong><\/span> <em>Bendiga o Senhor pelo sofrimento e aceite beber o c\u00e1lice do Gets\u00eamani.<\/em><\/span><\/p>\n<p><span style=\"font-family: verdana, geneva, sans-serif; font-size: 12pt; color: #003366;\"><span style=\"color: #000000;\"><strong><span style=\"font-size: 14pt;\">12. <\/span><\/strong><\/span><em>Suporte os sofrimentos durante toda a sua vida para poder participar dos sofrimentos de Cristo.<\/em><\/span><\/p><\/blockquote>\n<p style=\"text-align: right;\"><span style=\"font-family: verdana, geneva, sans-serif; font-size: 12pt; color: #ffffff;\">.<\/span><br \/>\n<span style=\"font-size: 10pt;\"><em><span style=\"font-family: verdana, geneva, sans-serif; color: #000000;\"><strong>Fonte:<\/strong> pt.aleteia.org<\/span><\/em><\/span><br \/>\n<span style=\"font-family: verdana, geneva, sans-serif; font-size: 12pt; color: #ffffff;\">.<\/span><\/p>\n<hr \/>\n<h5 style=\"text-align: center;\"><span style=\"font-family: verdana, geneva, sans-serif; font-size: 12pt; color: #ffffff;\">.<\/span><br \/>\n<span style=\"color: #000000;\"><strong><span style=\"font-family: verdana, geneva, sans-serif; font-size: 18pt;\">Tenha mais reflex\u00f5es do Padre Pio Aqui!<\/span><\/strong><\/span><\/h5>\n<p><span style=\"color: #ffffff;\">.<\/span><\/p>\n<p><a href=\"https:\/\/go.hotmart.com\/J10798261T\" target=\"_blank\" rel=\"noopener noreferrer\"><img loading=\"lazy\" class=\"HomeProduto_BookIMG aligncenter\" src=\"http:\/\/livroscatolicos.com.br\/imagens\/produto\/thumb\/59010c0beb567156125949.png\" alt=\"30 dias com Padre Pio\" width=\"383\" height=\"541\" \/><\/a><\/p>\n<p style=\"text-align: center;\"><span style=\"font-family: verdana, geneva, sans-serif; font-size: 12pt; color: #ffffff;\">.<\/span><br \/>\n<span style=\"color: #003366;\"><strong><span style=\"font-family: verdana, geneva, sans-serif; font-size: 14pt;\">Selecionamos cuidadosamente 30 frases e conselhos de Padre Pio e<br \/>\ncolocamos nesse livro para guiar e inspirar o seu dia a dia.<\/span><\/strong><\/span><\/p>\n<p style=\"text-align: center;\"><span style=\"font-family: verdana, geneva, sans-serif; font-size: 12pt; color: #ffffff;\">.<\/span><\/p>\n","protected":false},"excerpt":{"rendered":"<p>S\u00e3o Pio de Pietrelcina foi um religioso capuchinho italiano que recebeu dons especial\u00edssimos de Deus;<\/p>\n","protected":false},"author":31,"featured_media":45557,"comment_status":"open","ping_status":"open","sticky":false,"template":"","format":"standard","meta":[],"categories":[2224,20],"tags":[832,399,1491],"yoast_head":"<!-- This site is optimized with the Yoast SEO plugin v17.4 - https:\/\/yoast.com\/wordpress\/plugins\/seo\/ -->\n<title>12 conselhos de Santo Padre Pio, para enfrentar o sofrimento!<\/title>\n<meta name=\"description\" content=\"12 conselhos de Santo Padre Pio, para enfrentar o sofrimento! Veja aqui algumas reflex\u00f5es que temos certeza te ajudar\u00e1 no dia-a-dia.\" \/>\n<meta name=\"robots\" content=\"index, follow, max-snippet:-1, max-image-preview:large, max-video-preview:-1\" \/>\n<link rel=\"canonical\" href=\"https:\/\/www.adf.org.br\/home\/conselhos-padre-pio\/\" \/>\n<meta property=\"og:locale\" content=\"pt_BR\" \/>\n<meta property=\"og:type\" content=\"article\" \/>\n<meta property=\"og:title\" content=\"12 conselhos de Santo Padre Pio, para enfrentar o sofrimento!\" \/>\n<meta property=\"og:description\" content=\"12 conselhos de Santo Padre Pio, para enfrentar o sofrimento! Veja aqui algumas reflex\u00f5es que temos certeza te ajudar\u00e1 no dia-a-dia.\" \/>\n<meta property=\"og:url\" content=\"https:\/\/www.adf.org.br\/home\/conselhos-padre-pio\/\" \/>\n<meta property=\"og:site_name\" content=\"Associa\u00e7\u00e3o Devotos de F\u00e1tima\" \/>\n<meta property=\"article:published_time\" content=\"2020-03-23T03:30:53+00:00\" \/>\n<meta name=\"twitter:card\" content=\"summary_large_image\" \/>\n<meta name=\"twitter:label1\" content=\"Escrito por\" \/>\n\t<meta name=\"twitter:data1\" content=\"Gabriel Barbosa\" \/>\n\t<meta name=\"twitter:label2\" content=\"Est. tempo de leitura\" \/>\n\t<meta name=\"twitter:data2\" content=\"2 minutos\" \/>\n<script type=\"application\/ld+json\" class=\"yoast-schema-graph\">{\"@context\":\"https:\/\/schema.org\",\"@graph\":[{\"@type\":\"WebSite\",\"@id\":\"https:\/\/www.adf.org.br\/home\/#website\",\"url\":\"https:\/\/www.adf.org.br\/home\/\",\"name\":\"Associa\\u00e7\\u00e3o Devotos de F\\u00e1tima\",\"description\":\"Associa\\u00e7\\u00e3o Devotos de F\\u00e1tima\",\"potentialAction\":[{\"@type\":\"SearchAction\",\"target\":{\"@type\":\"EntryPoint\",\"urlTemplate\":\"https:\/\/www.adf.org.br\/home\/?s={search_term_string}\"},\"query-input\":\"required name=search_term_string\"}],\"inLanguage\":\"pt-BR\"},{\"@type\":\"ImageObject\",\"@id\":\"https:\/\/www.adf.org.br\/home\/conselhos-padre-pio\/#primaryimage\",\"inLanguage\":\"pt-BR\",\"url\":\"\",\"contentUrl\":\"\"},{\"@type\":\"WebPage\",\"@id\":\"https:\/\/www.adf.org.br\/home\/conselhos-padre-pio\/#webpage\",\"url\":\"https:\/\/www.adf.org.br\/home\/conselhos-padre-pio\/\",\"name\":\"12 conselhos de Santo Padre Pio, para enfrentar o sofrimento!\",\"isPartOf\":{\"@id\":\"https:\/\/www.adf.org.br\/home\/#website\"},\"primaryImageOfPage\":{\"@id\":\"https:\/\/www.adf.org.br\/home\/conselhos-padre-pio\/#primaryimage\"},\"datePublished\":\"2020-03-23T03:30:53+00:00\",\"dateModified\":\"2020-03-23T03:30:53+00:00\",\"author\":{\"@id\":\"https:\/\/www.adf.org.br\/home\/#\/schema\/person\/f35a5c5aa7728a3dedf4ea9aa1fc2753\"},\"description\":\"12 conselhos de Santo Padre Pio, para enfrentar o sofrimento! Veja aqui algumas reflex\\u00f5es que temos certeza te ajudar\\u00e1 no dia-a-dia.\",\"breadcrumb\":{\"@id\":\"https:\/\/www.adf.org.br\/home\/conselhos-padre-pio\/#breadcrumb\"},\"inLanguage\":\"pt-BR\",\"potentialAction\":[{\"@type\":\"ReadAction\",\"target\":[\"https:\/\/www.adf.org.br\/home\/conselhos-padre-pio\/\"]}]},{\"@type\":\"BreadcrumbList\",\"@id\":\"https:\/\/www.adf.org.br\/home\/conselhos-padre-pio\/#breadcrumb\",\"itemListElement\":[{\"@type\":\"ListItem\",\"position\":1,\"name\":\"Home\",\"item\":\"https:\/\/www.adf.org.br\/home\/\"},{\"@type\":\"ListItem\",\"position\":2,\"name\":\"12 conselhos do Santo Padre Pio para enfrentar o sofrimento!\"}]},{\"@type\":\"Person\",\"@id\":\"https:\/\/www.adf.org.br\/home\/#\/schema\/person\/f35a5c5aa7728a3dedf4ea9aa1fc2753\",\"name\":\"Gabriel Barbosa\",\"image\":{\"@type\":\"ImageObject\",\"@id\":\"https:\/\/www.adf.org.br\/home\/#personlogo\",\"inLanguage\":\"pt-BR\",\"url\":\"https:\/\/secure.gravatar.com\/avatar\/2b2cb2f4637682c5605e8d36818f51ef?s=96&d=mm&r=g\",\"contentUrl\":\"https:\/\/secure.gravatar.com\/avatar\/2b2cb2f4637682c5605e8d36818f51ef?s=96&d=mm&r=g\",\"caption\":\"Gabriel Barbosa\"},\"url\":\"https:\/\/www.adf.org.br\/home\/author\/gabrielpmk-com-br\/\"}]}<\/script>\n<!-- \/ Yoast SEO plugin. -->","yoast_head_json":{"title":"12 conselhos de Santo Padre Pio, para enfrentar o sofrimento!","description":"12 conselhos de Santo Padre Pio, para enfrentar o sofrimento! Veja aqui algumas reflex\u00f5es que temos certeza te ajudar\u00e1 no dia-a-dia.","robots":{"index":"index","follow":"follow","max-snippet":"max-snippet:-1","max-image-preview":"max-image-preview:large","max-video-preview":"max-video-preview:-1"},"canonical":"https:\/\/www.adf.org.br\/home\/conselhos-padre-pio\/","og_locale":"pt_BR","og_type":"article","og_title":"12 conselhos de Santo Padre Pio, para enfrentar o sofrimento!","og_description":"12 conselhos de Santo Padre Pio, para enfrentar o sofrimento! Veja aqui algumas reflex\u00f5es que temos certeza te ajudar\u00e1 no dia-a-dia.","og_url":"https:\/\/www.adf.org.br\/home\/conselhos-padre-pio\/","og_site_name":"Associa\u00e7\u00e3o Devotos de F\u00e1tima","article_published_time":"2020-03-23T03:30:53+00:00","twitter_card":"summary_large_image","twitter_misc":{"Escrito por":"Gabriel Barbosa","Est. tempo de leitura":"2 minutos"},"schema":{"@context":"https:\/\/schema.org","@graph":[{"@type":"WebSite","@id":"https:\/\/www.adf.org.br\/home\/#website","url":"https:\/\/www.adf.org.br\/home\/","name":"Associa\u00e7\u00e3o Devotos de F\u00e1tima","description":"Associa\u00e7\u00e3o Devotos de F\u00e1tima","potentialAction":[{"@type":"SearchAction","target":{"@type":"EntryPoint","urlTemplate":"https:\/\/www.adf.org.br\/home\/?s={search_term_string}"},"query-input":"required name=search_term_string"}],"inLanguage":"pt-BR"},{"@type":"ImageObject","@id":"https:\/\/www.adf.org.br\/home\/conselhos-padre-pio\/#primaryimage","inLanguage":"pt-BR","url":"","contentUrl":""},{"@type":"WebPage","@id":"https:\/\/www.adf.org.br\/home\/conselhos-padre-pio\/#webpage","url":"https:\/\/www.adf.org.br\/home\/conselhos-padre-pio\/","name":"12 conselhos de Santo Padre Pio, para enfrentar o sofrimento!","isPartOf":{"@id":"https:\/\/www.adf.org.br\/home\/#website"},"primaryImageOfPage":{"@id":"https:\/\/www.adf.org.br\/home\/conselhos-padre-pio\/#primaryimage"},"datePublished":"2020-03-23T03:30:53+00:00","dateModified":"2020-03-23T03:30:53+00:00","author":{"@id":"https:\/\/www.adf.org.br\/home\/#\/schema\/person\/f35a5c5aa7728a3dedf4ea9aa1fc2753"},"description":"12 conselhos de Santo Padre Pio, para enfrentar o sofrimento! Veja aqui algumas reflex\u00f5es que temos certeza te ajudar\u00e1 no dia-a-dia.","breadcrumb":{"@id":"https:\/\/www.adf.org.br\/home\/conselhos-padre-pio\/#breadcrumb"},"inLanguage":"pt-BR","potentialAction":[{"@type":"ReadAction","target":["https:\/\/www.adf.org.br\/home\/conselhos-padre-pio\/"]}]},{"@type":"BreadcrumbList","@id":"https:\/\/www.adf.org.br\/home\/conselhos-padre-pio\/#breadcrumb","itemListElement":[{"@type":"ListItem","position":1,"name":"Home","item":"https:\/\/www.adf.org.br\/home\/"},{"@type":"ListItem","position":2,"name":"12 conselhos do Santo Padre Pio para enfrentar o sofrimento!"}]},{"@type":"Person","@id":"https:\/\/www.adf.org.br\/home\/#\/schema\/person\/f35a5c5aa7728a3dedf4ea9aa1fc2753","name":"Gabriel Barbosa","image":{"@type":"ImageObject","@id":"https:\/\/www.adf.org.br\/home\/#personlogo","inLanguage":"pt-BR","url":"https:\/\/secure.gravatar.com\/avatar\/2b2cb2f4637682c5605e8d36818f51ef?s=96&d=mm&r=g","contentUrl":"https:\/\/secure.gravatar.com\/avatar\/2b2cb2f4637682c5605e8d36818f51ef?s=96&d=mm&r=g","caption":"Gabriel Barbosa"},"url":"https:\/\/www.adf.org.br\/home\/author\/gabrielpmk-com-br\/"}]}},"_links":{"self":[{"href":"https:\/\/www.adf.org.br\/home\/wp-json\/wp\/v2\/posts\/45555"}],"collection":[{"href":"https:\/\/www.adf.org.br\/home\/wp-json\/wp\/v2\/posts"}],"about":[{"href":"https:\/\/www.adf.org.br\/home\/wp-json\/wp\/v2\/types\/post"}],"author":[{"embeddable":true,"href":"https:\/\/www.adf.org.br\/home\/wp-json\/wp\/v2\/users\/31"}],"replies":[{"embeddable":true,"href":"https:\/\/www.adf.org.br\/home\/wp-json\/wp\/v2\/comments?post=45555"}],"version-history":[{"count":0,"href":"https:\/\/www.adf.org.br\/home\/wp-json\/wp\/v2\/posts\/45555\/revisions"}],"wp:featuredmedia":[{"embeddable":true,"href":"https:\/\/www.adf.org.br\/home\/wp-json\/wp\/v2\/media\/45557"}],"wp:attachment":[{"href":"https:\/\/www.adf.org.br\/home\/wp-json\/wp\/v2\/media?parent=45555"}],"wp:term":[{"taxonomy":"category","embeddable":true,"href":"https:\/\/www.adf.org.br\/home\/wp-json\/wp\/v2\/categories?post=45555"},{"taxonomy":"post_tag","embeddable":true,"href":"https:\/\/www.adf.org.br\/home\/wp-json\/wp\/v2\/tags?post=45555"}],"curies":[{"name":"wp","href":"https:\/\/api.w.org\/{rel}","templated":true}]}}