{"id":45134,"date":"2017-09-13T18:06:01","date_gmt":"2017-09-13T21:06:01","guid":{"rendered":"http:\/\/www.adf.org.br\/home\/?p=45134"},"modified":"2017-09-13T18:06:01","modified_gmt":"2017-09-13T21:06:01","slug":"termometro-da-fe","status":"publish","type":"post","link":"https:\/\/www.adf.org.br\/home\/termometro-da-fe\/","title":{"rendered":"Term\u00f4metro da F\u00e9"},"content":{"rendered":"<p>&nbsp;<\/p>\n<p><!-- Div Cabe\u00e7alho--><\/p>\n<div style=\"max-width: 600px; min-width: 200px; position: relative; margin: auto; padding: 0;\"><img style=\"display: block;\" src=\"http:\/\/www.adf.org.br\/home\/emkt\/001_alan\/2017\/09_setembro\/03_semana_de_10_a_16\/00_dom_10_09_redes_sociais\/01_dom_adf_10_09.gif\" alt=\"Saiba mais aqui.\" width=\"100%\" \/><\/div>\n<div style=\"max-width: 600px; min-width: 250px; text-align: left; margin: auto; position: relative; padding-bottom: 0%; background-color: #ecf7f7;\">\n<div style=\"max-width: 600px; min-width: 200px; margin: auto; font-family: Arial, Helvetica, sans-serif; font-size: 18px; text-align: left; padding: 2% 5% 1% 5%;\">\n<p>Responda sinceramente:<\/p>\n<p><strong>Voc\u00ea tem tempo para exercer a sua f\u00e9?<\/strong><\/p>\n<p>Estou perguntando isso, pois ultimamente voc\u00ea deve ter notado que as pessoas est\u00e3o cada vez mais distantes da igreja e de Nossa Senhora.<\/p>\n<p>Pensando nisso, hoje queremos lhe apresentar alguns meios para que voc\u00ea possa manter a chama da sua f\u00e9 sempre acesa. E o melhor: <strong>de uma maneira super f\u00e1cil, que \u00e9 atrav\u00e9s do seu celular, tablet ou computador.<\/strong><\/p>\n<p style=\"margin-left: 10%;\">A primeira forma \u00e9 atrav\u00e9s do aplicativo gratuito &#8220;<strong><a href=\"https:\/\/play.google.com\/store\/apps\/details?id=br.com.centenariodefatima\" target=\"_blank\" rel=\"noopener noreferrer\">Ter\u00e7o do Centen\u00e1rio de F\u00e1tima<\/a><\/strong>&#8220;. Com ele todos poder\u00e3o aprender a rezar o Ter\u00e7o de uma maneira bem simples. <a href=\"https:\/\/play.google.com\/store\/apps\/details?id=br.com.centenariodefatima\" target=\"_blank\" rel=\"noopener noreferrer\">Clique aqui para baixar<\/a>.<\/p>\n<p>Uma outra maneira \u00e9 atrav\u00e9s das redes sociais, principalmente no <a href=\"https:\/\/www.facebook.com\/adfatima\/\" target=\"_blank\" rel=\"noopener noreferrer\">Facebook<\/a>, <a href=\"https:\/\/www.instagram.com\/devotosdefatima\/\" target=\"_blank\" rel=\"noopener noreferrer\">Instagram<\/a> e <a href=\"https:\/\/www.youtube.com\/user\/devotosdefatima\" target=\"_blank\" rel=\"noopener noreferrer\">Youtube<\/a>.<\/p>\n<p>Nesses canais voc\u00ea encontrar\u00e1 fotos de Nossa Senhora, Ora\u00e7\u00f5es, Novenas, Not\u00edcias, Testemunhos, V\u00eddeos, Podcasts e muito mais.<\/p>\n<p><strong>Para participar, clique nas imagens:<\/strong><\/p>\n<table style=\"max-width: 600px; min-width: 200px; margin: auto; font-family: Arial, Helvetica, sans-serif; font-size: 18px; padding-bottom: 1%;\"><!-- Imagens Alinhadas --><\/p>\n<tbody>\n<tr>\n<td width=\"120px\"><a href=\"https:\/\/www.facebook.com\/adfatima\/\" target=\"_blank\" rel=\"noopener noreferrer\"> <img src=\"http:\/\/www.adf.org.br\/home\/emkt\/001_alan\/2017\/09_setembro\/03_semana_de_10_a_16\/00_dom_10_09_redes_sociais\/facebook.png\" width=\"100%\" \/> <\/a><\/td>\n<td width=\"120px\"><a href=\"https:\/\/www.instagram.com\/devotosdefatima\/\" target=\"_blank\" rel=\"noopener noreferrer\"> <img src=\"http:\/\/www.adf.org.br\/home\/emkt\/001_alan\/2017\/09_setembro\/03_semana_de_10_a_16\/00_dom_10_09_redes_sociais\/instagram.png\" width=\"100%\" \/> <\/a><\/td>\n<td width=\"120px\"><a href=\"https:\/\/www.youtube.com\/user\/devotosdefatima\" target=\"_blank\" rel=\"noopener noreferrer\"> <img src=\"http:\/\/www.adf.org.br\/home\/emkt\/001_alan\/2017\/09_setembro\/03_semana_de_10_a_16\/00_dom_10_09_redes_sociais\/youtube.png\" width=\"100%\" \/> <\/a><\/td>\n<\/tr>\n<\/tbody>\n<\/table>\n<p>Viu como \u00e9 f\u00e1cil manter Nossa Senhora presente em sua vida?<\/p>\n<p>Que Nossa Senhora esteja sempre com voc\u00ea e ilumine os seus caminhos.<\/p>\n<\/div>\n<\/div>\n<div style=\"font-family: Arial, Helvetica, sans-serif; font-size: 11px; text-align: center; background-color: #fff;\"><\/div>\n<div style=\"font-family: Arial, Helvetica, sans-serif; font-size: 11px; text-align: center; background-color: #fff;\"><span style=\"font-size: 14pt;\">***<\/span><\/div>\n<p><!-- FIM Div de Visualiza\u00e7\u00e3o de E-mail no Navegador --><\/p>\n","protected":false},"excerpt":{"rendered":"<p>&nbsp; Responda sinceramente: Voc\u00ea tem tempo para exercer a sua f\u00e9? Estou perguntando isso, pois ultimamente voc\u00ea deve ter notado que as pessoas est\u00e3o cada vez mais distantes da igreja e de Nossa Senhora. Pensando nisso, hoje queremos lhe apresentar alguns meios para que voc\u00ea possa manter a chama da sua f\u00e9 sempre acesa. E [&hellip;]<\/p>\n","protected":false},"author":31,"featured_media":45135,"comment_status":"open","ping_status":"open","sticky":false,"template":"","format":"standard","meta":[],"categories":[2245,2238],"tags":[144,2254,57],"yoast_head":"<!-- This site is optimized with the Yoast SEO plugin v17.4 - https:\/\/yoast.com\/wordpress\/plugins\/seo\/ -->\n<title>Term\u00f4metro da F\u00e9 - Associa\u00e7\u00e3o Devotos de F\u00e1tima<\/title>\n<meta name=\"robots\" content=\"index, follow, max-snippet:-1, max-image-preview:large, max-video-preview:-1\" \/>\n<link rel=\"canonical\" href=\"https:\/\/www.adf.org.br\/home\/termometro-da-fe\/\" \/>\n<meta property=\"og:locale\" content=\"pt_BR\" \/>\n<meta property=\"og:type\" content=\"article\" \/>\n<meta property=\"og:title\" content=\"Term\u00f4metro da F\u00e9 - Associa\u00e7\u00e3o Devotos de F\u00e1tima\" \/>\n<meta property=\"og:description\" content=\"&nbsp; Responda sinceramente: Voc\u00ea tem tempo para exercer a sua f\u00e9? Estou perguntando isso, pois ultimamente voc\u00ea deve ter notado que as pessoas est\u00e3o cada vez mais distantes da igreja e de Nossa Senhora. Pensando nisso, hoje queremos lhe apresentar alguns meios para que voc\u00ea possa manter a chama da sua f\u00e9 sempre acesa. E [&hellip;]\" \/>\n<meta property=\"og:url\" content=\"https:\/\/www.adf.org.br\/home\/termometro-da-fe\/\" \/>\n<meta property=\"og:site_name\" content=\"Associa\u00e7\u00e3o Devotos de F\u00e1tima\" \/>\n<meta property=\"article:published_time\" content=\"2017-09-13T21:06:01+00:00\" \/>\n<meta name=\"twitter:card\" content=\"summary_large_image\" \/>\n<meta name=\"twitter:label1\" content=\"Escrito por\" \/>\n\t<meta name=\"twitter:data1\" content=\"Gabriel Barbosa\" \/>\n\t<meta name=\"twitter:label2\" content=\"Est. tempo de leitura\" \/>\n\t<meta name=\"twitter:data2\" content=\"1 minuto\" \/>\n<script type=\"application\/ld+json\" class=\"yoast-schema-graph\">{\"@context\":\"https:\/\/schema.org\",\"@graph\":[{\"@type\":\"WebSite\",\"@id\":\"https:\/\/www.adf.org.br\/home\/#website\",\"url\":\"https:\/\/www.adf.org.br\/home\/\",\"name\":\"Associa\\u00e7\\u00e3o Devotos de F\\u00e1tima\",\"description\":\"Associa\\u00e7\\u00e3o Devotos de F\\u00e1tima\",\"potentialAction\":[{\"@type\":\"SearchAction\",\"target\":{\"@type\":\"EntryPoint\",\"urlTemplate\":\"https:\/\/www.adf.org.br\/home\/?s={search_term_string}\"},\"query-input\":\"required name=search_term_string\"}],\"inLanguage\":\"pt-BR\"},{\"@type\":\"ImageObject\",\"@id\":\"https:\/\/www.adf.org.br\/home\/termometro-da-fe\/#primaryimage\",\"inLanguage\":\"pt-BR\",\"url\":\"\",\"contentUrl\":\"\"},{\"@type\":\"WebPage\",\"@id\":\"https:\/\/www.adf.org.br\/home\/termometro-da-fe\/#webpage\",\"url\":\"https:\/\/www.adf.org.br\/home\/termometro-da-fe\/\",\"name\":\"Term\\u00f4metro da F\\u00e9 - Associa\\u00e7\\u00e3o Devotos de F\\u00e1tima\",\"isPartOf\":{\"@id\":\"https:\/\/www.adf.org.br\/home\/#website\"},\"primaryImageOfPage\":{\"@id\":\"https:\/\/www.adf.org.br\/home\/termometro-da-fe\/#primaryimage\"},\"datePublished\":\"2017-09-13T21:06:01+00:00\",\"dateModified\":\"2017-09-13T21:06:01+00:00\",\"author\":{\"@id\":\"https:\/\/www.adf.org.br\/home\/#\/schema\/person\/f35a5c5aa7728a3dedf4ea9aa1fc2753\"},\"breadcrumb\":{\"@id\":\"https:\/\/www.adf.org.br\/home\/termometro-da-fe\/#breadcrumb\"},\"inLanguage\":\"pt-BR\",\"potentialAction\":[{\"@type\":\"ReadAction\",\"target\":[\"https:\/\/www.adf.org.br\/home\/termometro-da-fe\/\"]}]},{\"@type\":\"BreadcrumbList\",\"@id\":\"https:\/\/www.adf.org.br\/home\/termometro-da-fe\/#breadcrumb\",\"itemListElement\":[{\"@type\":\"ListItem\",\"position\":1,\"name\":\"Home\",\"item\":\"https:\/\/www.adf.org.br\/home\/\"},{\"@type\":\"ListItem\",\"position\":2,\"name\":\"Term\\u00f4metro da F\\u00e9\"}]},{\"@type\":\"Person\",\"@id\":\"https:\/\/www.adf.org.br\/home\/#\/schema\/person\/f35a5c5aa7728a3dedf4ea9aa1fc2753\",\"name\":\"Gabriel Barbosa\",\"image\":{\"@type\":\"ImageObject\",\"@id\":\"https:\/\/www.adf.org.br\/home\/#personlogo\",\"inLanguage\":\"pt-BR\",\"url\":\"https:\/\/secure.gravatar.com\/avatar\/2b2cb2f4637682c5605e8d36818f51ef?s=96&d=mm&r=g\",\"contentUrl\":\"https:\/\/secure.gravatar.com\/avatar\/2b2cb2f4637682c5605e8d36818f51ef?s=96&d=mm&r=g\",\"caption\":\"Gabriel Barbosa\"},\"url\":\"https:\/\/www.adf.org.br\/home\/author\/gabrielpmk-com-br\/\"}]}<\/script>\n<!-- \/ Yoast SEO plugin. -->","yoast_head_json":{"title":"Term\u00f4metro da F\u00e9 - Associa\u00e7\u00e3o Devotos de F\u00e1tima","robots":{"index":"index","follow":"follow","max-snippet":"max-snippet:-1","max-image-preview":"max-image-preview:large","max-video-preview":"max-video-preview:-1"},"canonical":"https:\/\/www.adf.org.br\/home\/termometro-da-fe\/","og_locale":"pt_BR","og_type":"article","og_title":"Term\u00f4metro da F\u00e9 - Associa\u00e7\u00e3o Devotos de F\u00e1tima","og_description":"&nbsp; Responda sinceramente: Voc\u00ea tem tempo para exercer a sua f\u00e9? Estou perguntando isso, pois ultimamente voc\u00ea deve ter notado que as pessoas est\u00e3o cada vez mais distantes da igreja e de Nossa Senhora. Pensando nisso, hoje queremos lhe apresentar alguns meios para que voc\u00ea possa manter a chama da sua f\u00e9 sempre acesa. E [&hellip;]","og_url":"https:\/\/www.adf.org.br\/home\/termometro-da-fe\/","og_site_name":"Associa\u00e7\u00e3o Devotos de F\u00e1tima","article_published_time":"2017-09-13T21:06:01+00:00","twitter_card":"summary_large_image","twitter_misc":{"Escrito por":"Gabriel Barbosa","Est. tempo de leitura":"1 minuto"},"schema":{"@context":"https:\/\/schema.org","@graph":[{"@type":"WebSite","@id":"https:\/\/www.adf.org.br\/home\/#website","url":"https:\/\/www.adf.org.br\/home\/","name":"Associa\u00e7\u00e3o Devotos de F\u00e1tima","description":"Associa\u00e7\u00e3o Devotos de F\u00e1tima","potentialAction":[{"@type":"SearchAction","target":{"@type":"EntryPoint","urlTemplate":"https:\/\/www.adf.org.br\/home\/?s={search_term_string}"},"query-input":"required name=search_term_string"}],"inLanguage":"pt-BR"},{"@type":"ImageObject","@id":"https:\/\/www.adf.org.br\/home\/termometro-da-fe\/#primaryimage","inLanguage":"pt-BR","url":"","contentUrl":""},{"@type":"WebPage","@id":"https:\/\/www.adf.org.br\/home\/termometro-da-fe\/#webpage","url":"https:\/\/www.adf.org.br\/home\/termometro-da-fe\/","name":"Term\u00f4metro da F\u00e9 - Associa\u00e7\u00e3o Devotos de F\u00e1tima","isPartOf":{"@id":"https:\/\/www.adf.org.br\/home\/#website"},"primaryImageOfPage":{"@id":"https:\/\/www.adf.org.br\/home\/termometro-da-fe\/#primaryimage"},"datePublished":"2017-09-13T21:06:01+00:00","dateModified":"2017-09-13T21:06:01+00:00","author":{"@id":"https:\/\/www.adf.org.br\/home\/#\/schema\/person\/f35a5c5aa7728a3dedf4ea9aa1fc2753"},"breadcrumb":{"@id":"https:\/\/www.adf.org.br\/home\/termometro-da-fe\/#breadcrumb"},"inLanguage":"pt-BR","potentialAction":[{"@type":"ReadAction","target":["https:\/\/www.adf.org.br\/home\/termometro-da-fe\/"]}]},{"@type":"BreadcrumbList","@id":"https:\/\/www.adf.org.br\/home\/termometro-da-fe\/#breadcrumb","itemListElement":[{"@type":"ListItem","position":1,"name":"Home","item":"https:\/\/www.adf.org.br\/home\/"},{"@type":"ListItem","position":2,"name":"Term\u00f4metro da F\u00e9"}]},{"@type":"Person","@id":"https:\/\/www.adf.org.br\/home\/#\/schema\/person\/f35a5c5aa7728a3dedf4ea9aa1fc2753","name":"Gabriel Barbosa","image":{"@type":"ImageObject","@id":"https:\/\/www.adf.org.br\/home\/#personlogo","inLanguage":"pt-BR","url":"https:\/\/secure.gravatar.com\/avatar\/2b2cb2f4637682c5605e8d36818f51ef?s=96&d=mm&r=g","contentUrl":"https:\/\/secure.gravatar.com\/avatar\/2b2cb2f4637682c5605e8d36818f51ef?s=96&d=mm&r=g","caption":"Gabriel Barbosa"},"url":"https:\/\/www.adf.org.br\/home\/author\/gabrielpmk-com-br\/"}]}},"_links":{"self":[{"href":"https:\/\/www.adf.org.br\/home\/wp-json\/wp\/v2\/posts\/45134"}],"collection":[{"href":"https:\/\/www.adf.org.br\/home\/wp-json\/wp\/v2\/posts"}],"about":[{"href":"https:\/\/www.adf.org.br\/home\/wp-json\/wp\/v2\/types\/post"}],"author":[{"embeddable":true,"href":"https:\/\/www.adf.org.br\/home\/wp-json\/wp\/v2\/users\/31"}],"replies":[{"embeddable":true,"href":"https:\/\/www.adf.org.br\/home\/wp-json\/wp\/v2\/comments?post=45134"}],"version-history":[{"count":0,"href":"https:\/\/www.adf.org.br\/home\/wp-json\/wp\/v2\/posts\/45134\/revisions"}],"wp:featuredmedia":[{"embeddable":true,"href":"https:\/\/www.adf.org.br\/home\/wp-json\/wp\/v2\/media\/45135"}],"wp:attachment":[{"href":"https:\/\/www.adf.org.br\/home\/wp-json\/wp\/v2\/media?parent=45134"}],"wp:term":[{"taxonomy":"category","embeddable":true,"href":"https:\/\/www.adf.org.br\/home\/wp-json\/wp\/v2\/categories?post=45134"},{"taxonomy":"post_tag","embeddable":true,"href":"https:\/\/www.adf.org.br\/home\/wp-json\/wp\/v2\/tags?post=45134"}],"curies":[{"name":"wp","href":"https:\/\/api.w.org\/{rel}","templated":true}]}}