{"id":45074,"date":"2017-09-07T12:00:36","date_gmt":"2017-09-07T15:00:36","guid":{"rendered":"http:\/\/www.adf.org.br\/home\/?p=45074"},"modified":"2017-09-07T12:00:36","modified_gmt":"2017-09-07T15:00:36","slug":"mundo-de-novidades-no-instagram","status":"publish","type":"post","link":"https:\/\/www.adf.org.br\/home\/mundo-de-novidades-no-instagram\/","title":{"rendered":"Um mundo de novidades pra voc\u00ea!"},"content":{"rendered":"<div style=\"max-width: 600px; min-width: 200px; position: relative; margin: auto; padding: 0;\"><a href=\"http:\/\/www.instagram.com\/devotosdefatima\" target=\"_blank\" rel=\"noopener noreferrer\"><img style=\"display: block;\" src=\"http:\/\/www.adf.org.br\/home\/emkt\/001_alan\/2017\/08_agosto\/outros\/adf_instagram_03_09\/teste_3.gif\" alt=\"Saiba mais aqui.\" width=\"100%\" \/><\/a><\/div>\n<div style=\"max-width: 600px; min-width: 250px; text-align: left; margin: auto; position: relative; padding-bottom: 0%;\">\n<div style=\"max-width: 600px; min-width: 200px; margin: auto; font-family: Arial, Helvetica, sans-serif; font-size: 18px; text-align: left; padding: 2% 5% 1% 5%;\">\n<p>Siga o perfil da <a href=\"http:\/\/www.instagram.com\/devotosdefatima\" target=\"_blank\" rel=\"noopener noreferrer\">Associa\u00e7\u00e3o Devotos de F\u00e1tima<\/a> no Instagram e receba um &#8220;mundo&#8221; de novidades todos os dias.<\/p>\n<p>L\u00e1 voc\u00ea encontrar\u00e1 ora\u00e7\u00f5es, fotos religiosas, mensagens cat\u00f3licas e muito mais!<\/p>\n<p>N\u00e3o fique fora desse &#8220;mundo&#8221;, siga agora mesmo:<\/p>\n<p><a href=\"http:\/\/www.instagram.com\/devotosdefatima\" target=\"_blank\" rel=\"noopener noreferrer\">www.instagram.com\/devotosdefatima<\/a><\/p>\n<p>E mais: Todos que seguirem ter\u00e3o seus nomes inscritos na <strong>Missa das Gra\u00e7as<\/strong>.<\/p>\n<\/div>\n<\/div>\n<p><!-- FIM Div de Visualiza\u00e7\u00e3o de E-mail no Navegador --><\/p>\n<p style=\"text-align: center;\"><span style=\"font-size: 14pt;\">***<\/span><\/p>\n","protected":false},"excerpt":{"rendered":"<p>Siga o perfil da Associa\u00e7\u00e3o Devotos de F\u00e1tima no Instagram e receba um &#8220;mundo&#8221; de novidades todos os dias. L\u00e1 voc\u00ea encontrar\u00e1 ora\u00e7\u00f5es, fotos religiosas, mensagens cat\u00f3licas e muito mais! N\u00e3o fique fora desse &#8220;mundo&#8221;, siga agora mesmo: www.instagram.com\/devotosdefatima E mais: Todos que seguirem ter\u00e3o seus nomes inscritos na Missa das Gra\u00e7as. ***<\/p>\n","protected":false},"author":31,"featured_media":45075,"comment_status":"open","ping_status":"open","sticky":false,"template":"","format":"standard","meta":[],"categories":[2238],"tags":[1757],"yoast_head":"<!-- This site is optimized with the Yoast SEO plugin v17.4 - https:\/\/yoast.com\/wordpress\/plugins\/seo\/ -->\n<title>Um mundo de novidades pra voc\u00ea! - Associa\u00e7\u00e3o Devotos de F\u00e1tima<\/title>\n<meta name=\"robots\" content=\"index, follow, max-snippet:-1, max-image-preview:large, max-video-preview:-1\" \/>\n<link rel=\"canonical\" href=\"https:\/\/www.adf.org.br\/home\/mundo-de-novidades-no-instagram\/\" \/>\n<meta property=\"og:locale\" content=\"pt_BR\" \/>\n<meta property=\"og:type\" content=\"article\" \/>\n<meta property=\"og:title\" content=\"Um mundo de novidades pra voc\u00ea! - Associa\u00e7\u00e3o Devotos de F\u00e1tima\" \/>\n<meta property=\"og:description\" content=\"Siga o perfil da Associa\u00e7\u00e3o Devotos de F\u00e1tima no Instagram e receba um &#8220;mundo&#8221; de novidades todos os dias. L\u00e1 voc\u00ea encontrar\u00e1 ora\u00e7\u00f5es, fotos religiosas, mensagens cat\u00f3licas e muito mais! N\u00e3o fique fora desse &#8220;mundo&#8221;, siga agora mesmo: www.instagram.com\/devotosdefatima E mais: Todos que seguirem ter\u00e3o seus nomes inscritos na Missa das Gra\u00e7as. ***\" \/>\n<meta property=\"og:url\" content=\"https:\/\/www.adf.org.br\/home\/mundo-de-novidades-no-instagram\/\" \/>\n<meta property=\"og:site_name\" content=\"Associa\u00e7\u00e3o Devotos de F\u00e1tima\" \/>\n<meta property=\"article:published_time\" content=\"2017-09-07T15:00:36+00:00\" \/>\n<meta name=\"twitter:card\" content=\"summary_large_image\" \/>\n<meta name=\"twitter:label1\" content=\"Escrito por\" \/>\n\t<meta name=\"twitter:data1\" content=\"Gabriel Barbosa\" \/>\n<script type=\"application\/ld+json\" class=\"yoast-schema-graph\">{\"@context\":\"https:\/\/schema.org\",\"@graph\":[{\"@type\":\"WebSite\",\"@id\":\"https:\/\/www.adf.org.br\/home\/#website\",\"url\":\"https:\/\/www.adf.org.br\/home\/\",\"name\":\"Associa\\u00e7\\u00e3o Devotos de F\\u00e1tima\",\"description\":\"Associa\\u00e7\\u00e3o Devotos de F\\u00e1tima\",\"potentialAction\":[{\"@type\":\"SearchAction\",\"target\":{\"@type\":\"EntryPoint\",\"urlTemplate\":\"https:\/\/www.adf.org.br\/home\/?s={search_term_string}\"},\"query-input\":\"required name=search_term_string\"}],\"inLanguage\":\"pt-BR\"},{\"@type\":\"ImageObject\",\"@id\":\"https:\/\/www.adf.org.br\/home\/mundo-de-novidades-no-instagram\/#primaryimage\",\"inLanguage\":\"pt-BR\",\"url\":\"\",\"contentUrl\":\"\"},{\"@type\":\"WebPage\",\"@id\":\"https:\/\/www.adf.org.br\/home\/mundo-de-novidades-no-instagram\/#webpage\",\"url\":\"https:\/\/www.adf.org.br\/home\/mundo-de-novidades-no-instagram\/\",\"name\":\"Um mundo de novidades pra voc\\u00ea! - Associa\\u00e7\\u00e3o Devotos de F\\u00e1tima\",\"isPartOf\":{\"@id\":\"https:\/\/www.adf.org.br\/home\/#website\"},\"primaryImageOfPage\":{\"@id\":\"https:\/\/www.adf.org.br\/home\/mundo-de-novidades-no-instagram\/#primaryimage\"},\"datePublished\":\"2017-09-07T15:00:36+00:00\",\"dateModified\":\"2017-09-07T15:00:36+00:00\",\"author\":{\"@id\":\"https:\/\/www.adf.org.br\/home\/#\/schema\/person\/f35a5c5aa7728a3dedf4ea9aa1fc2753\"},\"breadcrumb\":{\"@id\":\"https:\/\/www.adf.org.br\/home\/mundo-de-novidades-no-instagram\/#breadcrumb\"},\"inLanguage\":\"pt-BR\",\"potentialAction\":[{\"@type\":\"ReadAction\",\"target\":[\"https:\/\/www.adf.org.br\/home\/mundo-de-novidades-no-instagram\/\"]}]},{\"@type\":\"BreadcrumbList\",\"@id\":\"https:\/\/www.adf.org.br\/home\/mundo-de-novidades-no-instagram\/#breadcrumb\",\"itemListElement\":[{\"@type\":\"ListItem\",\"position\":1,\"name\":\"Home\",\"item\":\"https:\/\/www.adf.org.br\/home\/\"},{\"@type\":\"ListItem\",\"position\":2,\"name\":\"Um mundo de novidades pra voc\\u00ea!\"}]},{\"@type\":\"Person\",\"@id\":\"https:\/\/www.adf.org.br\/home\/#\/schema\/person\/f35a5c5aa7728a3dedf4ea9aa1fc2753\",\"name\":\"Gabriel Barbosa\",\"image\":{\"@type\":\"ImageObject\",\"@id\":\"https:\/\/www.adf.org.br\/home\/#personlogo\",\"inLanguage\":\"pt-BR\",\"url\":\"https:\/\/secure.gravatar.com\/avatar\/2b2cb2f4637682c5605e8d36818f51ef?s=96&d=mm&r=g\",\"contentUrl\":\"https:\/\/secure.gravatar.com\/avatar\/2b2cb2f4637682c5605e8d36818f51ef?s=96&d=mm&r=g\",\"caption\":\"Gabriel Barbosa\"},\"url\":\"https:\/\/www.adf.org.br\/home\/author\/gabrielpmk-com-br\/\"}]}<\/script>\n<!-- \/ Yoast SEO plugin. -->","yoast_head_json":{"title":"Um mundo de novidades pra voc\u00ea! - Associa\u00e7\u00e3o Devotos de F\u00e1tima","robots":{"index":"index","follow":"follow","max-snippet":"max-snippet:-1","max-image-preview":"max-image-preview:large","max-video-preview":"max-video-preview:-1"},"canonical":"https:\/\/www.adf.org.br\/home\/mundo-de-novidades-no-instagram\/","og_locale":"pt_BR","og_type":"article","og_title":"Um mundo de novidades pra voc\u00ea! - Associa\u00e7\u00e3o Devotos de F\u00e1tima","og_description":"Siga o perfil da Associa\u00e7\u00e3o Devotos de F\u00e1tima no Instagram e receba um &#8220;mundo&#8221; de novidades todos os dias. L\u00e1 voc\u00ea encontrar\u00e1 ora\u00e7\u00f5es, fotos religiosas, mensagens cat\u00f3licas e muito mais! N\u00e3o fique fora desse &#8220;mundo&#8221;, siga agora mesmo: www.instagram.com\/devotosdefatima E mais: Todos que seguirem ter\u00e3o seus nomes inscritos na Missa das Gra\u00e7as. ***","og_url":"https:\/\/www.adf.org.br\/home\/mundo-de-novidades-no-instagram\/","og_site_name":"Associa\u00e7\u00e3o Devotos de F\u00e1tima","article_published_time":"2017-09-07T15:00:36+00:00","twitter_card":"summary_large_image","twitter_misc":{"Escrito por":"Gabriel Barbosa"},"schema":{"@context":"https:\/\/schema.org","@graph":[{"@type":"WebSite","@id":"https:\/\/www.adf.org.br\/home\/#website","url":"https:\/\/www.adf.org.br\/home\/","name":"Associa\u00e7\u00e3o Devotos de F\u00e1tima","description":"Associa\u00e7\u00e3o Devotos de F\u00e1tima","potentialAction":[{"@type":"SearchAction","target":{"@type":"EntryPoint","urlTemplate":"https:\/\/www.adf.org.br\/home\/?s={search_term_string}"},"query-input":"required name=search_term_string"}],"inLanguage":"pt-BR"},{"@type":"ImageObject","@id":"https:\/\/www.adf.org.br\/home\/mundo-de-novidades-no-instagram\/#primaryimage","inLanguage":"pt-BR","url":"","contentUrl":""},{"@type":"WebPage","@id":"https:\/\/www.adf.org.br\/home\/mundo-de-novidades-no-instagram\/#webpage","url":"https:\/\/www.adf.org.br\/home\/mundo-de-novidades-no-instagram\/","name":"Um mundo de novidades pra voc\u00ea! - Associa\u00e7\u00e3o Devotos de F\u00e1tima","isPartOf":{"@id":"https:\/\/www.adf.org.br\/home\/#website"},"primaryImageOfPage":{"@id":"https:\/\/www.adf.org.br\/home\/mundo-de-novidades-no-instagram\/#primaryimage"},"datePublished":"2017-09-07T15:00:36+00:00","dateModified":"2017-09-07T15:00:36+00:00","author":{"@id":"https:\/\/www.adf.org.br\/home\/#\/schema\/person\/f35a5c5aa7728a3dedf4ea9aa1fc2753"},"breadcrumb":{"@id":"https:\/\/www.adf.org.br\/home\/mundo-de-novidades-no-instagram\/#breadcrumb"},"inLanguage":"pt-BR","potentialAction":[{"@type":"ReadAction","target":["https:\/\/www.adf.org.br\/home\/mundo-de-novidades-no-instagram\/"]}]},{"@type":"BreadcrumbList","@id":"https:\/\/www.adf.org.br\/home\/mundo-de-novidades-no-instagram\/#breadcrumb","itemListElement":[{"@type":"ListItem","position":1,"name":"Home","item":"https:\/\/www.adf.org.br\/home\/"},{"@type":"ListItem","position":2,"name":"Um mundo de novidades pra voc\u00ea!"}]},{"@type":"Person","@id":"https:\/\/www.adf.org.br\/home\/#\/schema\/person\/f35a5c5aa7728a3dedf4ea9aa1fc2753","name":"Gabriel Barbosa","image":{"@type":"ImageObject","@id":"https:\/\/www.adf.org.br\/home\/#personlogo","inLanguage":"pt-BR","url":"https:\/\/secure.gravatar.com\/avatar\/2b2cb2f4637682c5605e8d36818f51ef?s=96&d=mm&r=g","contentUrl":"https:\/\/secure.gravatar.com\/avatar\/2b2cb2f4637682c5605e8d36818f51ef?s=96&d=mm&r=g","caption":"Gabriel Barbosa"},"url":"https:\/\/www.adf.org.br\/home\/author\/gabrielpmk-com-br\/"}]}},"_links":{"self":[{"href":"https:\/\/www.adf.org.br\/home\/wp-json\/wp\/v2\/posts\/45074"}],"collection":[{"href":"https:\/\/www.adf.org.br\/home\/wp-json\/wp\/v2\/posts"}],"about":[{"href":"https:\/\/www.adf.org.br\/home\/wp-json\/wp\/v2\/types\/post"}],"author":[{"embeddable":true,"href":"https:\/\/www.adf.org.br\/home\/wp-json\/wp\/v2\/users\/31"}],"replies":[{"embeddable":true,"href":"https:\/\/www.adf.org.br\/home\/wp-json\/wp\/v2\/comments?post=45074"}],"version-history":[{"count":0,"href":"https:\/\/www.adf.org.br\/home\/wp-json\/wp\/v2\/posts\/45074\/revisions"}],"wp:featuredmedia":[{"embeddable":true,"href":"https:\/\/www.adf.org.br\/home\/wp-json\/wp\/v2\/media\/45075"}],"wp:attachment":[{"href":"https:\/\/www.adf.org.br\/home\/wp-json\/wp\/v2\/media?parent=45074"}],"wp:term":[{"taxonomy":"category","embeddable":true,"href":"https:\/\/www.adf.org.br\/home\/wp-json\/wp\/v2\/categories?post=45074"},{"taxonomy":"post_tag","embeddable":true,"href":"https:\/\/www.adf.org.br\/home\/wp-json\/wp\/v2\/tags?post=45074"}],"curies":[{"name":"wp","href":"https:\/\/api.w.org\/{rel}","templated":true}]}}