{"id":44919,"date":"2017-08-22T12:00:42","date_gmt":"2017-08-22T15:00:42","guid":{"rendered":"http:\/\/www.adf.org.br\/home\/?p=44919"},"modified":"2017-08-22T12:00:42","modified_gmt":"2017-08-22T15:00:42","slug":"voce-pode-conversa-com-nossa-senhora","status":"publish","type":"post","link":"https:\/\/www.adf.org.br\/home\/voce-pode-conversa-com-nossa-senhora\/","title":{"rendered":"Voc\u00ea pode \u201cconversar\u201d com Nossa Senhora"},"content":{"rendered":"<p>&nbsp;<\/p>\n<div style=\"max-width: 600px; min-width: 200px; position: relative; margin: auto; padding: 0;\"><a href=\"https:\/\/chatclub.me\/lp\/adfatima?lang=pt\" target=\"_blank\" rel=\"noopener noreferrer\"><img style=\"display: block;\" src=\"http:\/\/www.adf.org.br\/home\/emkt\/001_alan\/2017\/08_agosto\/outros\/adf_chat_13_08\/cabecalho_adf_chat_13_08.png\" alt=\"Saiba mais aqui.\" width=\"100%\" \/><\/a><\/div>\n<div style=\"max-width: 600px; min-width: 250px; text-align: left; margin: auto; position: relative; padding-bottom: 0%; background-color: #eeecec;\">\n<div style=\"max-width: 600px; min-width: 200px; margin: auto; font-family: Arial, Helvetica, sans-serif; font-size: 18px; text-align: left; padding: 2% 5% 1% 5%;\">\n<p>Ol\u00e1,<\/p>\n<p>Agora existe uma maneira muito f\u00e1cil e pr\u00e1tica para &#8220;conversar&#8221; com Nossa Senhora, que \u00e9 atrav\u00e9s do <a href=\"https:\/\/chatclub.me\/lp\/adfatima?lang=pt\" target=\"_blank\" rel=\"noopener noreferrer\">Messenger da Associa\u00e7\u00e3o<\/a>.<\/p>\n<p>Para fazer a sua inscri\u00e7\u00e3o, basta seguir os seguintes passos:<\/p>\n<p>1\u00b0 <a href=\"https:\/\/www.facebook.com\/adfatima\" target=\"_blank\" rel=\"noopener noreferrer\">Curtir aqui nossa p\u00e1gina no Facebook<\/a>.<br \/>\n2\u00b0 <a href=\"https:\/\/chatclub.me\/lp\/adfatima?lang=pt\" target=\"_blank\" rel=\"noopener noreferrer\">Clique aqui, ir\u00e1 aparecer uma p\u00e1gina igual a essa<\/a>:<\/p>\n<p>&nbsp;<\/p>\n<table style=\"max-width: 350px; max-height: 200px; position: relative; margin: auto;\">\n<tbody>\n<tr>\n<td><a href=\"https:\/\/chatclub.me\/lp\/adfatima?lang=pt\" target=\"_blank\" rel=\"noopener noreferrer\"> <img src=\"http:\/\/www.adf.org.br\/home\/emkt\/001_alan\/2017\/08_agosto\/outros\/adf_chat_13_08\/chat_pc_adf.gif\" width=\"100%\" \/> <\/a><\/td>\n<\/tr>\n<\/tbody>\n<\/table>\n<p>&nbsp;<\/p>\n<p>3\u00b0 <a href=\"https:\/\/chatclub.me\/lp\/adfatima?lang=pt\" target=\"_blank\" rel=\"noopener noreferrer\">Clique no bot\u00e3o azul<\/a> da p\u00e1gina que voc\u00ea ir\u00e1 acessar e pronto!<\/p>\n<p>E o principal: <strong>\u00c9 GRATUITO!<\/strong><\/p>\n<p>Que Nossa Senhora de F\u00e1tima sempre te ilumine e guarde.<\/p>\n<p style=\"text-align: center;\"><strong>* \u00a0* \u00a0*<\/strong><\/p>\n<\/div>\n<p><!-- FIM Div que Diagrama o texto --><\/p>\n<\/div>\n<p>&nbsp;<\/p>\n<p><!-- FIM Div de direcionamento para Facebook --><\/p>\n","protected":false},"excerpt":{"rendered":"<p>&nbsp; Ol\u00e1, Agora existe uma maneira muito f\u00e1cil e pr\u00e1tica para &#8220;conversar&#8221; com Nossa Senhora, que \u00e9 atrav\u00e9s do Messenger da Associa\u00e7\u00e3o. Para fazer a sua inscri\u00e7\u00e3o, basta seguir os seguintes passos: 1\u00b0 Curtir aqui nossa p\u00e1gina no Facebook. 2\u00b0 Clique aqui, ir\u00e1 aparecer uma p\u00e1gina igual a essa: &nbsp; &nbsp; 3\u00b0 Clique no bot\u00e3o [&hellip;]<\/p>\n","protected":false},"author":31,"featured_media":44920,"comment_status":"open","ping_status":"open","sticky":false,"template":"","format":"standard","meta":[],"categories":[2238],"tags":[2240,1579,2241],"yoast_head":"<!-- This site is optimized with the Yoast SEO plugin v17.4 - https:\/\/yoast.com\/wordpress\/plugins\/seo\/ -->\n<title>Voc\u00ea pode \u201cconversar\u201d com Nossa Senhora - Associa\u00e7\u00e3o Devotos de F\u00e1tima<\/title>\n<meta name=\"robots\" content=\"index, follow, max-snippet:-1, max-image-preview:large, max-video-preview:-1\" \/>\n<link rel=\"canonical\" href=\"https:\/\/www.adf.org.br\/home\/voce-pode-conversa-com-nossa-senhora\/\" \/>\n<meta property=\"og:locale\" content=\"pt_BR\" \/>\n<meta property=\"og:type\" content=\"article\" \/>\n<meta property=\"og:title\" content=\"Voc\u00ea pode \u201cconversar\u201d com Nossa Senhora - Associa\u00e7\u00e3o Devotos de F\u00e1tima\" \/>\n<meta property=\"og:description\" content=\"&nbsp; Ol\u00e1, Agora existe uma maneira muito f\u00e1cil e pr\u00e1tica para &#8220;conversar&#8221; com Nossa Senhora, que \u00e9 atrav\u00e9s do Messenger da Associa\u00e7\u00e3o. Para fazer a sua inscri\u00e7\u00e3o, basta seguir os seguintes passos: 1\u00b0 Curtir aqui nossa p\u00e1gina no Facebook. 2\u00b0 Clique aqui, ir\u00e1 aparecer uma p\u00e1gina igual a essa: &nbsp; &nbsp; 3\u00b0 Clique no bot\u00e3o [&hellip;]\" \/>\n<meta property=\"og:url\" content=\"https:\/\/www.adf.org.br\/home\/voce-pode-conversa-com-nossa-senhora\/\" \/>\n<meta property=\"og:site_name\" content=\"Associa\u00e7\u00e3o Devotos de F\u00e1tima\" \/>\n<meta property=\"article:published_time\" content=\"2017-08-22T15:00:42+00:00\" \/>\n<meta name=\"twitter:card\" content=\"summary_large_image\" \/>\n<meta name=\"twitter:label1\" content=\"Escrito por\" \/>\n\t<meta name=\"twitter:data1\" content=\"Gabriel Barbosa\" \/>\n<script type=\"application\/ld+json\" class=\"yoast-schema-graph\">{\"@context\":\"https:\/\/schema.org\",\"@graph\":[{\"@type\":\"WebSite\",\"@id\":\"https:\/\/www.adf.org.br\/home\/#website\",\"url\":\"https:\/\/www.adf.org.br\/home\/\",\"name\":\"Associa\\u00e7\\u00e3o Devotos de F\\u00e1tima\",\"description\":\"Associa\\u00e7\\u00e3o Devotos de F\\u00e1tima\",\"potentialAction\":[{\"@type\":\"SearchAction\",\"target\":{\"@type\":\"EntryPoint\",\"urlTemplate\":\"https:\/\/www.adf.org.br\/home\/?s={search_term_string}\"},\"query-input\":\"required name=search_term_string\"}],\"inLanguage\":\"pt-BR\"},{\"@type\":\"ImageObject\",\"@id\":\"https:\/\/www.adf.org.br\/home\/voce-pode-conversa-com-nossa-senhora\/#primaryimage\",\"inLanguage\":\"pt-BR\",\"url\":\"\",\"contentUrl\":\"\"},{\"@type\":\"WebPage\",\"@id\":\"https:\/\/www.adf.org.br\/home\/voce-pode-conversa-com-nossa-senhora\/#webpage\",\"url\":\"https:\/\/www.adf.org.br\/home\/voce-pode-conversa-com-nossa-senhora\/\",\"name\":\"Voc\\u00ea pode \\u201cconversar\\u201d com Nossa Senhora - Associa\\u00e7\\u00e3o Devotos de F\\u00e1tima\",\"isPartOf\":{\"@id\":\"https:\/\/www.adf.org.br\/home\/#website\"},\"primaryImageOfPage\":{\"@id\":\"https:\/\/www.adf.org.br\/home\/voce-pode-conversa-com-nossa-senhora\/#primaryimage\"},\"datePublished\":\"2017-08-22T15:00:42+00:00\",\"dateModified\":\"2017-08-22T15:00:42+00:00\",\"author\":{\"@id\":\"https:\/\/www.adf.org.br\/home\/#\/schema\/person\/f35a5c5aa7728a3dedf4ea9aa1fc2753\"},\"breadcrumb\":{\"@id\":\"https:\/\/www.adf.org.br\/home\/voce-pode-conversa-com-nossa-senhora\/#breadcrumb\"},\"inLanguage\":\"pt-BR\",\"potentialAction\":[{\"@type\":\"ReadAction\",\"target\":[\"https:\/\/www.adf.org.br\/home\/voce-pode-conversa-com-nossa-senhora\/\"]}]},{\"@type\":\"BreadcrumbList\",\"@id\":\"https:\/\/www.adf.org.br\/home\/voce-pode-conversa-com-nossa-senhora\/#breadcrumb\",\"itemListElement\":[{\"@type\":\"ListItem\",\"position\":1,\"name\":\"Home\",\"item\":\"https:\/\/www.adf.org.br\/home\/\"},{\"@type\":\"ListItem\",\"position\":2,\"name\":\"Voc\\u00ea pode \\u201cconversar\\u201d com Nossa Senhora\"}]},{\"@type\":\"Person\",\"@id\":\"https:\/\/www.adf.org.br\/home\/#\/schema\/person\/f35a5c5aa7728a3dedf4ea9aa1fc2753\",\"name\":\"Gabriel Barbosa\",\"image\":{\"@type\":\"ImageObject\",\"@id\":\"https:\/\/www.adf.org.br\/home\/#personlogo\",\"inLanguage\":\"pt-BR\",\"url\":\"https:\/\/secure.gravatar.com\/avatar\/2b2cb2f4637682c5605e8d36818f51ef?s=96&d=mm&r=g\",\"contentUrl\":\"https:\/\/secure.gravatar.com\/avatar\/2b2cb2f4637682c5605e8d36818f51ef?s=96&d=mm&r=g\",\"caption\":\"Gabriel Barbosa\"},\"url\":\"https:\/\/www.adf.org.br\/home\/author\/gabrielpmk-com-br\/\"}]}<\/script>\n<!-- \/ Yoast SEO plugin. -->","yoast_head_json":{"title":"Voc\u00ea pode \u201cconversar\u201d com Nossa Senhora - Associa\u00e7\u00e3o Devotos de F\u00e1tima","robots":{"index":"index","follow":"follow","max-snippet":"max-snippet:-1","max-image-preview":"max-image-preview:large","max-video-preview":"max-video-preview:-1"},"canonical":"https:\/\/www.adf.org.br\/home\/voce-pode-conversa-com-nossa-senhora\/","og_locale":"pt_BR","og_type":"article","og_title":"Voc\u00ea pode \u201cconversar\u201d com Nossa Senhora - Associa\u00e7\u00e3o Devotos de F\u00e1tima","og_description":"&nbsp; Ol\u00e1, Agora existe uma maneira muito f\u00e1cil e pr\u00e1tica para &#8220;conversar&#8221; com Nossa Senhora, que \u00e9 atrav\u00e9s do Messenger da Associa\u00e7\u00e3o. Para fazer a sua inscri\u00e7\u00e3o, basta seguir os seguintes passos: 1\u00b0 Curtir aqui nossa p\u00e1gina no Facebook. 2\u00b0 Clique aqui, ir\u00e1 aparecer uma p\u00e1gina igual a essa: &nbsp; &nbsp; 3\u00b0 Clique no bot\u00e3o [&hellip;]","og_url":"https:\/\/www.adf.org.br\/home\/voce-pode-conversa-com-nossa-senhora\/","og_site_name":"Associa\u00e7\u00e3o Devotos de F\u00e1tima","article_published_time":"2017-08-22T15:00:42+00:00","twitter_card":"summary_large_image","twitter_misc":{"Escrito por":"Gabriel Barbosa"},"schema":{"@context":"https:\/\/schema.org","@graph":[{"@type":"WebSite","@id":"https:\/\/www.adf.org.br\/home\/#website","url":"https:\/\/www.adf.org.br\/home\/","name":"Associa\u00e7\u00e3o Devotos de F\u00e1tima","description":"Associa\u00e7\u00e3o Devotos de F\u00e1tima","potentialAction":[{"@type":"SearchAction","target":{"@type":"EntryPoint","urlTemplate":"https:\/\/www.adf.org.br\/home\/?s={search_term_string}"},"query-input":"required name=search_term_string"}],"inLanguage":"pt-BR"},{"@type":"ImageObject","@id":"https:\/\/www.adf.org.br\/home\/voce-pode-conversa-com-nossa-senhora\/#primaryimage","inLanguage":"pt-BR","url":"","contentUrl":""},{"@type":"WebPage","@id":"https:\/\/www.adf.org.br\/home\/voce-pode-conversa-com-nossa-senhora\/#webpage","url":"https:\/\/www.adf.org.br\/home\/voce-pode-conversa-com-nossa-senhora\/","name":"Voc\u00ea pode \u201cconversar\u201d com Nossa Senhora - Associa\u00e7\u00e3o Devotos de F\u00e1tima","isPartOf":{"@id":"https:\/\/www.adf.org.br\/home\/#website"},"primaryImageOfPage":{"@id":"https:\/\/www.adf.org.br\/home\/voce-pode-conversa-com-nossa-senhora\/#primaryimage"},"datePublished":"2017-08-22T15:00:42+00:00","dateModified":"2017-08-22T15:00:42+00:00","author":{"@id":"https:\/\/www.adf.org.br\/home\/#\/schema\/person\/f35a5c5aa7728a3dedf4ea9aa1fc2753"},"breadcrumb":{"@id":"https:\/\/www.adf.org.br\/home\/voce-pode-conversa-com-nossa-senhora\/#breadcrumb"},"inLanguage":"pt-BR","potentialAction":[{"@type":"ReadAction","target":["https:\/\/www.adf.org.br\/home\/voce-pode-conversa-com-nossa-senhora\/"]}]},{"@type":"BreadcrumbList","@id":"https:\/\/www.adf.org.br\/home\/voce-pode-conversa-com-nossa-senhora\/#breadcrumb","itemListElement":[{"@type":"ListItem","position":1,"name":"Home","item":"https:\/\/www.adf.org.br\/home\/"},{"@type":"ListItem","position":2,"name":"Voc\u00ea pode \u201cconversar\u201d com Nossa Senhora"}]},{"@type":"Person","@id":"https:\/\/www.adf.org.br\/home\/#\/schema\/person\/f35a5c5aa7728a3dedf4ea9aa1fc2753","name":"Gabriel Barbosa","image":{"@type":"ImageObject","@id":"https:\/\/www.adf.org.br\/home\/#personlogo","inLanguage":"pt-BR","url":"https:\/\/secure.gravatar.com\/avatar\/2b2cb2f4637682c5605e8d36818f51ef?s=96&d=mm&r=g","contentUrl":"https:\/\/secure.gravatar.com\/avatar\/2b2cb2f4637682c5605e8d36818f51ef?s=96&d=mm&r=g","caption":"Gabriel Barbosa"},"url":"https:\/\/www.adf.org.br\/home\/author\/gabrielpmk-com-br\/"}]}},"_links":{"self":[{"href":"https:\/\/www.adf.org.br\/home\/wp-json\/wp\/v2\/posts\/44919"}],"collection":[{"href":"https:\/\/www.adf.org.br\/home\/wp-json\/wp\/v2\/posts"}],"about":[{"href":"https:\/\/www.adf.org.br\/home\/wp-json\/wp\/v2\/types\/post"}],"author":[{"embeddable":true,"href":"https:\/\/www.adf.org.br\/home\/wp-json\/wp\/v2\/users\/31"}],"replies":[{"embeddable":true,"href":"https:\/\/www.adf.org.br\/home\/wp-json\/wp\/v2\/comments?post=44919"}],"version-history":[{"count":0,"href":"https:\/\/www.adf.org.br\/home\/wp-json\/wp\/v2\/posts\/44919\/revisions"}],"wp:featuredmedia":[{"embeddable":true,"href":"https:\/\/www.adf.org.br\/home\/wp-json\/wp\/v2\/media\/44920"}],"wp:attachment":[{"href":"https:\/\/www.adf.org.br\/home\/wp-json\/wp\/v2\/media?parent=44919"}],"wp:term":[{"taxonomy":"category","embeddable":true,"href":"https:\/\/www.adf.org.br\/home\/wp-json\/wp\/v2\/categories?post=44919"},{"taxonomy":"post_tag","embeddable":true,"href":"https:\/\/www.adf.org.br\/home\/wp-json\/wp\/v2\/tags?post=44919"}],"curies":[{"name":"wp","href":"https:\/\/api.w.org\/{rel}","templated":true}]}}