{"id":44665,"date":"2018-08-28T00:00:01","date_gmt":"2018-08-28T03:00:01","guid":{"rendered":"http:\/\/www.adf.org.br\/home\/?p=44665"},"modified":"2018-08-28T00:00:01","modified_gmt":"2018-08-28T03:00:01","slug":"nossa-senhora-descansou","status":"publish","type":"post","link":"https:\/\/www.adf.org.br\/home\/nossa-senhora-descansou\/","title":{"rendered":"Esquecido pelo tempo! Lugar onde Nossa Senhora descansou no caminho de Bel\u00e9m."},"content":{"rendered":"<figure id=\"attachment_44667\" aria-describedby=\"caption-attachment-44667\" style=\"width: 560px\" class=\"wp-caption aligncenter\"><img loading=\"lazy\" class=\"wp-image-44667\" src=\"http:\/\/www.adf.org.br\/home\/wp-content\/uploads\/2017\/07\/escavacoes-igreja-descanso-de-maria.jpg\" alt=\"Escava\u00e7\u00f5es das ru\u00ednas da Igreja em honra ao lugar onde Maria &quot;descansou&quot;. Igreja de Kathisma.\" width=\"560\" height=\"280\" \/><figcaption id=\"caption-attachment-44667\" class=\"wp-caption-text\">Escava\u00e7\u00f5es das ru\u00ednas da Igreja em honra ao lugar onde Maria &#8220;descansou&#8221;.<\/figcaption><\/figure>\n<p style=\"padding-left: 90px;\"><span style=\"font-family: verdana, geneva, sans-serif; font-size: 12pt; color: #ffffff;\">.<\/span><br \/>\n<strong><span style=\"font-family: verdana, geneva, sans-serif; font-size: 12pt; color: #800080;\">Em meio \u00e0 estrada que liga as cidades de Jerusal\u00e9m e Bel\u00e9m na Terra Santa;<\/span><\/strong><\/p>\n<p><span style=\"font-family: verdana, geneva, sans-serif; font-size: 12pt; color: #000000;\"><br \/>\n<span style=\"font-size: 14pt;\"><strong>E<\/strong><\/span>ncontram-se as ru\u00ednas \u201cesquecidas\u201d de uma\u00a0igreja\u00a0que foi constru\u00edda sobre a pedra;<\/span><\/p>\n<p><span style=\"font-family: verdana, geneva, sans-serif; font-size: 12pt; color: #000000;\">Onde, segundo a tradi\u00e7\u00e3o, a\u00a0Virgem Maria\u00a0descansou antes de chegar ao lugar onde deu \u00e0 luz Jesus Cristo.<\/span><\/p>\n<p style=\"padding-left: 90px;\"><strong><span style=\"font-family: verdana, geneva, sans-serif; font-size: 12pt; color: #000080;\"><br \/>\nA Igreja do Kathisma foi edificada no s\u00e9culo V, por encomenda de uma vi\u00fava rica chamada Ikelia, pois muitos crist\u00e3os peregrinavam a esse lugar na Terra Santa.<\/span><\/strong><\/p>\n<p><span style=\"font-family: verdana, geneva, sans-serif; font-size: 12pt; color: #000000;\"><br \/>\nEm declara\u00e7\u00f5es ao \u2018Christian Media Center\u2019;<\/span><\/p>\n<p><span style=\"font-family: verdana, geneva, sans-serif; font-size: 12pt; color: #000000;\"> Pe. Eug\u00eanio Alliata, um sacerdote franciscano especialista em arqueologia crist\u00e3, explicou que a palavra grega \u201ckathisma\u201d significa <strong>\u201clugar onde Maria se sentou\u201d<\/strong>.<\/span><\/p>\n<p><span style=\"font-family: verdana, geneva, sans-serif; font-size: 12pt; color: #000000;\">O tamb\u00e9m membro do Studium Biblicum Franciscanum da Cust\u00f3dia da terra Santa assinalou que:<\/span><\/p>\n<p><span style=\"font-family: verdana, geneva, sans-serif; font-size: 12pt; color: #000000;\"> \u201cA igreja tem uma forma especial, octogonal. Na verdade, dois oct\u00f3gonos\u2026 um menor e outro maior, em torno de uma rocha e no mesmo n\u00edvel do ch\u00e3o\u201d.<\/span><\/p>\n<p style=\"padding-left: 90px;\"><strong><span style=\"font-family: verdana, geneva, sans-serif; font-size: 12pt; color: #000080;\"><br \/>\nNo s\u00e9culo VIII, este templo foi transformado em uma mesquita e foi destru\u00eddo no s\u00e9culo XI. <\/span><\/strong><\/p>\n<p><span style=\"font-family: verdana, geneva, sans-serif; font-size: 12pt; color: #000000;\"><br \/>\nCom o passar do tempo, perdeu-se a localiza\u00e7\u00e3o da igreja, embora se saiba da sua exist\u00eancia gra\u00e7as a alguns antigos escritos bizantinos.<\/span><\/p>\n<p><span style=\"font-family: verdana, geneva, sans-serif; font-size: 12pt; color: #000000;\">As ru\u00ednas do templo foram descobertas em 1992, enquanto realizava-se uma escava\u00e7\u00e3o para construir uma estrada.<\/span><\/p>\n<p><span style=\"font-family: verdana, geneva, sans-serif; font-size: 12pt; color: #000000;\">Ap\u00f3s a descoberta, o Patriarcado Ortodoxo Grego de Jerusal\u00e9m, dentro de cujos dom\u00ednios se encontra este templo;<\/span><\/p>\n<p><span style=\"font-family: verdana, geneva, sans-serif; font-size: 12pt; color: #000000;\">E a Universidade de Atenas prosseguiram com os trabalhos de escava\u00e7\u00e3o e limpeza das ru\u00ednas a fim de que este lugar volte a ser visitado por peregrinos.<\/span><\/p>\n<p><span style=\"font-family: verdana, geneva, sans-serif; font-size: 12pt; color: #000000;\">Pe. Alliata indicou que as escava\u00e7\u00f5es arqueol\u00f3gicas tamb\u00e9m revelaram que em volta do templo havia outras capelas que estavam decoradas com mosaicos.<br \/>\n<span style=\"color: #ffffff;\">.<\/span><\/span><\/p>\n<figure id=\"attachment_44666\" aria-describedby=\"caption-attachment-44666\" style=\"width: 450px\" class=\"wp-caption aligncenter\"><img loading=\"lazy\" class=\"wp-image-44666 size-full\" src=\"http:\/\/www.adf.org.br\/home\/wp-content\/uploads\/2017\/07\/mosaico-terra-santa.jpg\" alt=\"Mosaico encontrado nas proximidades da Igreja.\" width=\"450\" height=\"463\" \/><figcaption id=\"caption-attachment-44666\" class=\"wp-caption-text\">Mosaico encontrado nas proximidades da Igreja.<\/figcaption><\/figure>\n<p><span style=\"font-family: verdana, geneva, sans-serif; font-size: 12pt; color: #000000;\"><span style=\"color: #ffffff;\">.<\/span><br \/>\nAtualmente, as\u00a0imagens\u00a0foram cobertas com areia para sua prote\u00e7\u00e3o.<\/span><\/p>\n<p><span style=\"font-family: verdana, geneva, sans-serif; font-size: 12pt; color: #000000;\">Entretanto, o presb\u00edtero expressou que, atualmente, este templo \u201cinfelizmente ficou esquecido e foi mal conservado\u201d.<\/span><\/p>\n<p><span style=\"font-family: verdana, geneva, sans-serif; font-size: 12pt; color: #000000;\"><strong><br \/>\nO \u201cdescanso da Virgem\u201d<\/strong><\/span><\/p>\n<p><span style=\"font-family: verdana, geneva, sans-serif; font-size: 12pt; color: #000000;\"><br \/>\nPe. Alliata comentou que a hist\u00f3ria \u00e9:<\/span><\/p>\n<p style=\"padding-left: 90px;\"><strong><span style=\"font-family: verdana, geneva, sans-serif; font-size: 12pt; color: #800080;\"><br \/>\n\u201cA hist\u00f3ria que encontramos \u00e9 narrada em um Evangelho ap\u00f3crifo atribu\u00eddo a S\u00e3o Tiago. <\/span><\/strong><\/p>\n<p style=\"padding-left: 90px;\"><strong><span style=\"font-family: verdana, geneva, sans-serif; font-size: 12pt; color: #800080;\">O texto narra a ida de Jos\u00e9 e Maria gr\u00e1vida\u00a0a Bel\u00e9m\u201d.<\/span><\/strong><\/p>\n<p><span style=\"font-family: verdana, geneva, sans-serif; font-size: 12pt; color: #000000;\"><br \/>\n\u201cMaria, montada no jumentinho, teve duas vis\u00f5es: viu dois povos, um que ria e outro que chorava. <\/span><\/p>\n<p><span style=\"font-family: verdana, geneva, sans-serif; font-size: 12pt; color: #000000;\">A interpreta\u00e7\u00e3o \u00e9 que os que choram s\u00e3o os judeus, por n\u00e3o terem acreditado no Messias.<\/span><\/p>\n<p><span style=\"font-family: verdana, geneva, sans-serif; font-size: 12pt; color: #000000;\"> O povo que ri s\u00e3o os crist\u00e3os que acreditaram no Messias\u201d, prosseguiu.<\/span><\/p>\n<p><span style=\"font-family: verdana, geneva, sans-serif; font-size: 12pt; color: #000000;\">Ap\u00f3s a vis\u00e3o, \u201ccansada da viagem, Maria desce do jumentinho e \u00e9 levada por Jos\u00e9 a uma gruta\u201d.<\/span><\/p>\n<h5 style=\"padding-left: 90px;\"><strong><span style=\"font-family: verdana, geneva, sans-serif; font-size: 12pt; color: #000080;\"><br \/>\nPe. Alliata destacou que a Virgem teria se sentado para descansar sobre uma pedra e que em torno desta foi constru\u00edda a Igreja do Kathisma.<\/span><\/strong><\/h5>\n<p><span style=\"font-family: verdana, geneva, sans-serif; font-size: 12pt; color: #000000;\"><br \/>\n<span style=\"color: #ffffff;\">.<\/span><\/span><br \/>\n<em><span style=\"font-family: verdana, geneva, sans-serif; font-size: 10pt; color: #000000;\">Fonte: pt.aleteia.org<\/span><\/em><\/p>\n<p style=\"text-align: center;\"><span style=\"font-family: verdana, geneva, sans-serif; font-size: 12pt; color: #ffffff;\">.<\/span><br \/>\n<span style=\"font-family: verdana, geneva, sans-serif; font-size: 12pt; color: #ffffff;\">.<\/span><br \/>\n<strong><span style=\"font-family: verdana, geneva, sans-serif; font-size: 12pt; color: #000000;\">* \u00a0* \u00a0*<\/span><\/strong><\/p>\n<p><span style=\"font-family: verdana, geneva, sans-serif; font-size: 12pt; color: #ffffff;\">.<\/span><br \/>\n<em><a href=\"https:\/\/play.google.com\/store\/apps\/details?id=br.com.centenariodefatima\" target=\"_blank\" rel=\"noopener noreferrer\"><img loading=\"lazy\" class=\"aligncenter wp-image-44035\" src=\"http:\/\/www.adf.org.br\/home\/wp-content\/uploads\/2017\/05\/TESTEIRA-EMKT-TERCO-3.gif\" alt=\"TESTEIRA-EMKT-TERCO\" width=\"560\" height=\"315\" \/><\/a><\/em><span style=\"color: #ffffff;\">.<\/span><br \/>\n<span style=\"color: #ffffff;\">.<\/span><\/p>\n","protected":false},"excerpt":{"rendered":"<p>Em meio \u00e0 estrada que liga as cidades de Jerusal\u00e9m e Bel\u00e9m na Terra Santa;<\/p>\n","protected":false},"author":31,"featured_media":44668,"comment_status":"open","ping_status":"open","sticky":false,"template":"","format":"standard","meta":[],"categories":[20],"tags":[751,1100,2246],"yoast_head":"<!-- This site is optimized with the Yoast SEO plugin v17.4 - https:\/\/yoast.com\/wordpress\/plugins\/seo\/ -->\n<title>Esquecido no tempo! Lugar que Maria descansou no caminho de Bel\u00e9m<\/title>\n<meta name=\"description\" content=\"Esquecido pelo tempo! Lugar onde Nossa Senhora descansou no caminho de Bel\u00e9m. Conhe\u00e7a a Igreja de Kathisma.\" \/>\n<meta name=\"robots\" content=\"index, follow, max-snippet:-1, max-image-preview:large, max-video-preview:-1\" \/>\n<link rel=\"canonical\" href=\"https:\/\/www.adf.org.br\/home\/nossa-senhora-descansou\/\" \/>\n<meta property=\"og:locale\" content=\"pt_BR\" \/>\n<meta property=\"og:type\" content=\"article\" \/>\n<meta property=\"og:title\" content=\"Esquecido no tempo! Lugar que Maria descansou no caminho de Bel\u00e9m\" \/>\n<meta property=\"og:description\" content=\"Esquecido pelo tempo! Lugar onde Nossa Senhora descansou no caminho de Bel\u00e9m. Conhe\u00e7a a Igreja de Kathisma.\" \/>\n<meta property=\"og:url\" content=\"https:\/\/www.adf.org.br\/home\/nossa-senhora-descansou\/\" \/>\n<meta property=\"og:site_name\" content=\"Associa\u00e7\u00e3o Devotos de F\u00e1tima\" \/>\n<meta property=\"article:published_time\" content=\"2018-08-28T03:00:01+00:00\" \/>\n<meta name=\"twitter:card\" content=\"summary_large_image\" \/>\n<meta name=\"twitter:label1\" content=\"Escrito por\" \/>\n\t<meta name=\"twitter:data1\" content=\"Gabriel Barbosa\" \/>\n\t<meta name=\"twitter:label2\" content=\"Est. tempo de leitura\" \/>\n\t<meta name=\"twitter:data2\" content=\"2 minutos\" \/>\n<script type=\"application\/ld+json\" class=\"yoast-schema-graph\">{\"@context\":\"https:\/\/schema.org\",\"@graph\":[{\"@type\":\"WebSite\",\"@id\":\"https:\/\/www.adf.org.br\/home\/#website\",\"url\":\"https:\/\/www.adf.org.br\/home\/\",\"name\":\"Associa\\u00e7\\u00e3o Devotos de F\\u00e1tima\",\"description\":\"Associa\\u00e7\\u00e3o Devotos de F\\u00e1tima\",\"potentialAction\":[{\"@type\":\"SearchAction\",\"target\":{\"@type\":\"EntryPoint\",\"urlTemplate\":\"https:\/\/www.adf.org.br\/home\/?s={search_term_string}\"},\"query-input\":\"required name=search_term_string\"}],\"inLanguage\":\"pt-BR\"},{\"@type\":\"ImageObject\",\"@id\":\"https:\/\/www.adf.org.br\/home\/nossa-senhora-descansou\/#primaryimage\",\"inLanguage\":\"pt-BR\",\"url\":\"\",\"contentUrl\":\"\"},{\"@type\":\"WebPage\",\"@id\":\"https:\/\/www.adf.org.br\/home\/nossa-senhora-descansou\/#webpage\",\"url\":\"https:\/\/www.adf.org.br\/home\/nossa-senhora-descansou\/\",\"name\":\"Esquecido no tempo! Lugar que Maria descansou no caminho de Bel\\u00e9m\",\"isPartOf\":{\"@id\":\"https:\/\/www.adf.org.br\/home\/#website\"},\"primaryImageOfPage\":{\"@id\":\"https:\/\/www.adf.org.br\/home\/nossa-senhora-descansou\/#primaryimage\"},\"datePublished\":\"2018-08-28T03:00:01+00:00\",\"dateModified\":\"2018-08-28T03:00:01+00:00\",\"author\":{\"@id\":\"https:\/\/www.adf.org.br\/home\/#\/schema\/person\/f35a5c5aa7728a3dedf4ea9aa1fc2753\"},\"description\":\"Esquecido pelo tempo! Lugar onde Nossa Senhora descansou no caminho de Bel\\u00e9m. Conhe\\u00e7a a Igreja de Kathisma.\",\"breadcrumb\":{\"@id\":\"https:\/\/www.adf.org.br\/home\/nossa-senhora-descansou\/#breadcrumb\"},\"inLanguage\":\"pt-BR\",\"potentialAction\":[{\"@type\":\"ReadAction\",\"target\":[\"https:\/\/www.adf.org.br\/home\/nossa-senhora-descansou\/\"]}]},{\"@type\":\"BreadcrumbList\",\"@id\":\"https:\/\/www.adf.org.br\/home\/nossa-senhora-descansou\/#breadcrumb\",\"itemListElement\":[{\"@type\":\"ListItem\",\"position\":1,\"name\":\"Home\",\"item\":\"https:\/\/www.adf.org.br\/home\/\"},{\"@type\":\"ListItem\",\"position\":2,\"name\":\"Esquecido pelo tempo! Lugar onde Nossa Senhora descansou no caminho de Bel\\u00e9m.\"}]},{\"@type\":\"Person\",\"@id\":\"https:\/\/www.adf.org.br\/home\/#\/schema\/person\/f35a5c5aa7728a3dedf4ea9aa1fc2753\",\"name\":\"Gabriel Barbosa\",\"image\":{\"@type\":\"ImageObject\",\"@id\":\"https:\/\/www.adf.org.br\/home\/#personlogo\",\"inLanguage\":\"pt-BR\",\"url\":\"https:\/\/secure.gravatar.com\/avatar\/2b2cb2f4637682c5605e8d36818f51ef?s=96&d=mm&r=g\",\"contentUrl\":\"https:\/\/secure.gravatar.com\/avatar\/2b2cb2f4637682c5605e8d36818f51ef?s=96&d=mm&r=g\",\"caption\":\"Gabriel Barbosa\"},\"url\":\"https:\/\/www.adf.org.br\/home\/author\/gabrielpmk-com-br\/\"}]}<\/script>\n<!-- \/ Yoast SEO plugin. -->","yoast_head_json":{"title":"Esquecido no tempo! Lugar que Maria descansou no caminho de Bel\u00e9m","description":"Esquecido pelo tempo! Lugar onde Nossa Senhora descansou no caminho de Bel\u00e9m. Conhe\u00e7a a Igreja de Kathisma.","robots":{"index":"index","follow":"follow","max-snippet":"max-snippet:-1","max-image-preview":"max-image-preview:large","max-video-preview":"max-video-preview:-1"},"canonical":"https:\/\/www.adf.org.br\/home\/nossa-senhora-descansou\/","og_locale":"pt_BR","og_type":"article","og_title":"Esquecido no tempo! Lugar que Maria descansou no caminho de Bel\u00e9m","og_description":"Esquecido pelo tempo! Lugar onde Nossa Senhora descansou no caminho de Bel\u00e9m. Conhe\u00e7a a Igreja de Kathisma.","og_url":"https:\/\/www.adf.org.br\/home\/nossa-senhora-descansou\/","og_site_name":"Associa\u00e7\u00e3o Devotos de F\u00e1tima","article_published_time":"2018-08-28T03:00:01+00:00","twitter_card":"summary_large_image","twitter_misc":{"Escrito por":"Gabriel Barbosa","Est. tempo de leitura":"2 minutos"},"schema":{"@context":"https:\/\/schema.org","@graph":[{"@type":"WebSite","@id":"https:\/\/www.adf.org.br\/home\/#website","url":"https:\/\/www.adf.org.br\/home\/","name":"Associa\u00e7\u00e3o Devotos de F\u00e1tima","description":"Associa\u00e7\u00e3o Devotos de F\u00e1tima","potentialAction":[{"@type":"SearchAction","target":{"@type":"EntryPoint","urlTemplate":"https:\/\/www.adf.org.br\/home\/?s={search_term_string}"},"query-input":"required name=search_term_string"}],"inLanguage":"pt-BR"},{"@type":"ImageObject","@id":"https:\/\/www.adf.org.br\/home\/nossa-senhora-descansou\/#primaryimage","inLanguage":"pt-BR","url":"","contentUrl":""},{"@type":"WebPage","@id":"https:\/\/www.adf.org.br\/home\/nossa-senhora-descansou\/#webpage","url":"https:\/\/www.adf.org.br\/home\/nossa-senhora-descansou\/","name":"Esquecido no tempo! Lugar que Maria descansou no caminho de Bel\u00e9m","isPartOf":{"@id":"https:\/\/www.adf.org.br\/home\/#website"},"primaryImageOfPage":{"@id":"https:\/\/www.adf.org.br\/home\/nossa-senhora-descansou\/#primaryimage"},"datePublished":"2018-08-28T03:00:01+00:00","dateModified":"2018-08-28T03:00:01+00:00","author":{"@id":"https:\/\/www.adf.org.br\/home\/#\/schema\/person\/f35a5c5aa7728a3dedf4ea9aa1fc2753"},"description":"Esquecido pelo tempo! Lugar onde Nossa Senhora descansou no caminho de Bel\u00e9m. Conhe\u00e7a a Igreja de Kathisma.","breadcrumb":{"@id":"https:\/\/www.adf.org.br\/home\/nossa-senhora-descansou\/#breadcrumb"},"inLanguage":"pt-BR","potentialAction":[{"@type":"ReadAction","target":["https:\/\/www.adf.org.br\/home\/nossa-senhora-descansou\/"]}]},{"@type":"BreadcrumbList","@id":"https:\/\/www.adf.org.br\/home\/nossa-senhora-descansou\/#breadcrumb","itemListElement":[{"@type":"ListItem","position":1,"name":"Home","item":"https:\/\/www.adf.org.br\/home\/"},{"@type":"ListItem","position":2,"name":"Esquecido pelo tempo! Lugar onde Nossa Senhora descansou no caminho de Bel\u00e9m."}]},{"@type":"Person","@id":"https:\/\/www.adf.org.br\/home\/#\/schema\/person\/f35a5c5aa7728a3dedf4ea9aa1fc2753","name":"Gabriel Barbosa","image":{"@type":"ImageObject","@id":"https:\/\/www.adf.org.br\/home\/#personlogo","inLanguage":"pt-BR","url":"https:\/\/secure.gravatar.com\/avatar\/2b2cb2f4637682c5605e8d36818f51ef?s=96&d=mm&r=g","contentUrl":"https:\/\/secure.gravatar.com\/avatar\/2b2cb2f4637682c5605e8d36818f51ef?s=96&d=mm&r=g","caption":"Gabriel Barbosa"},"url":"https:\/\/www.adf.org.br\/home\/author\/gabrielpmk-com-br\/"}]}},"_links":{"self":[{"href":"https:\/\/www.adf.org.br\/home\/wp-json\/wp\/v2\/posts\/44665"}],"collection":[{"href":"https:\/\/www.adf.org.br\/home\/wp-json\/wp\/v2\/posts"}],"about":[{"href":"https:\/\/www.adf.org.br\/home\/wp-json\/wp\/v2\/types\/post"}],"author":[{"embeddable":true,"href":"https:\/\/www.adf.org.br\/home\/wp-json\/wp\/v2\/users\/31"}],"replies":[{"embeddable":true,"href":"https:\/\/www.adf.org.br\/home\/wp-json\/wp\/v2\/comments?post=44665"}],"version-history":[{"count":0,"href":"https:\/\/www.adf.org.br\/home\/wp-json\/wp\/v2\/posts\/44665\/revisions"}],"wp:featuredmedia":[{"embeddable":true,"href":"https:\/\/www.adf.org.br\/home\/wp-json\/wp\/v2\/media\/44668"}],"wp:attachment":[{"href":"https:\/\/www.adf.org.br\/home\/wp-json\/wp\/v2\/media?parent=44665"}],"wp:term":[{"taxonomy":"category","embeddable":true,"href":"https:\/\/www.adf.org.br\/home\/wp-json\/wp\/v2\/categories?post=44665"},{"taxonomy":"post_tag","embeddable":true,"href":"https:\/\/www.adf.org.br\/home\/wp-json\/wp\/v2\/tags?post=44665"}],"curies":[{"name":"wp","href":"https:\/\/api.w.org\/{rel}","templated":true}]}}