{"id":44054,"date":"2018-05-12T00:00:49","date_gmt":"2018-05-12T03:00:49","guid":{"rendered":"http:\/\/www.adf.org.br\/home\/?p=44054"},"modified":"2018-05-12T00:00:49","modified_gmt":"2018-05-12T03:00:49","slug":"aparicao-fatima","status":"publish","type":"post","link":"https:\/\/www.adf.org.br\/home\/aparicao-fatima\/","title":{"rendered":"A 3\u00aa Apari\u00e7\u00e3o de Nossa Senhora de  F\u00e1tima: vis\u00e3o do Inferno."},"content":{"rendered":"<figure id=\"attachment_44055\" aria-describedby=\"caption-attachment-44055\" style=\"width: 453px\" class=\"wp-caption aligncenter\"><img loading=\"lazy\" class=\"wp-image-44055\" title=\"Representa\u00e7\u00e3o do inferno - Tr\u00e8s Riches Heures du Duc de Berry\" src=\"http:\/\/www.adf.org.br\/home\/wp-content\/uploads\/2017\/05\/Inferno_Tres_Riches_Heures.png\" alt=\"Representa\u00e7\u00e3o do inferno - Tr\u00e8s Riches Heures du Duc de Berry\" width=\"453\" height=\"560\" \/><figcaption id=\"caption-attachment-44055\" class=\"wp-caption-text\">Representa\u00e7\u00e3o do inferno &#8211; Tr\u00e8s Riches Heures du Duc de Berry<\/figcaption><\/figure>\n<p style=\"padding-left: 90px;\"><span style=\"font-family: verdana, geneva, sans-serif; font-size: 12pt; color: #000000;\"><span style=\"color: #ffffff;\">.<\/span><br \/>\n<span style=\"color: #800080;\"><strong>Nossa Senhora acabara de recomendar a ora\u00e7\u00e3o pelos pecadores, [e] apareceu a vis\u00e3o do inferno.<\/strong><\/span><\/span><\/p>\n<p>&nbsp;<\/p>\n<blockquote>\n<blockquote><p><span style=\"font-family: verdana, geneva, sans-serif; font-size: 12pt; color: #000080;\"><i>\u201cAo dizer estas palavras &#8211; a favor dos pecadores, repara\u00e7\u00e3o, etc., <\/i>narra L\u00facia <i>&#8211; abriu Nossa Senhora as m\u00e3os como nos dois meses anteriores\u201d.<\/i><\/span><\/p><\/blockquote>\n<\/blockquote>\n<p><span style=\"font-family: verdana, geneva, sans-serif; font-size: 12pt; color: #000000;\"><br \/>\n<span style=\"font-size: 14pt;\"><strong>N<\/strong><\/span>aquele gesto pr\u00f3prio \u00e0 imagem de Nossa Senhora das Gra\u00e7as, as m\u00e3os inclinadas para baixo, um jorro de luz saindo das m\u00e3os.<\/span><\/p>\n<p>&nbsp;<\/p>\n<blockquote>\n<blockquote><p><span style=\"font-family: verdana, geneva, sans-serif; font-size: 12pt; color: #000080;\">\u201cO reflexo que elas expediam, parecia penetrar na terra e vimos como que um mar de fogo e mergulhados nesse fogo os dem\u00f4nios e as almas como se fossem brasas transparentes e negras, com forma humana\u201d.<\/span><\/p><\/blockquote>\n<\/blockquote>\n<p><span style=\"font-family: verdana, geneva, sans-serif; font-size: 12pt; color: #000000;\"><br \/>\n\u00c9 preciso notar que sabemos, para termos uma ideia do que \u00e9 esse fogo do inferno;<\/span><\/p>\n<p><span style=\"font-family: verdana, geneva, sans-serif; font-size: 12pt; color: #000000;\">Pela f\u00e9, que se trata de um verdadeiro fogo. <\/span><\/p>\n<p><span style=\"font-family: verdana, geneva, sans-serif; font-size: 12pt; color: #000000;\">\u00c9 preciso, portanto, <b>excluir a ideia, de que o fogo do inferno \u00e9 uma express\u00e3o simb\u00f3lica<\/b>, que retrata os sofrimentos de car\u00e1ter moral.<\/span><\/p>\n<p><span style=\"font-family: verdana, geneva, sans-serif; font-size: 12pt; color: #000000;\"> <b>Existe no inferno o sofrimento de car\u00e1ter moral <\/b>e esse sofrimento \u00e9 terr\u00edvel.<\/span><\/p>\n<p><span style=\"font-family: verdana, geneva, sans-serif; font-size: 12pt; color: #000000;\"> <b>\u00c9 a priva\u00e7\u00e3o de Deus<\/b>, \u00e9 o desespero eterno, a pessoa se sente colocada completamente fora de sua pr\u00f3pria natureza, posta num pavoroso conflito consigo mesma.<\/span><\/p>\n<p><span style=\"font-family: verdana, geneva, sans-serif; font-size: 12pt; color: #000000;\"> Mas <b>ao lado desse sofrimento moral, existe um sofrimento de ordem f\u00edsica,<\/b> que se exerce sobre a alma. <\/span><\/p>\n<p style=\"padding-left: 90px;\"><strong><span style=\"font-family: verdana, geneva, sans-serif; font-size: 12pt; color: #000080;\"><br \/>\nH\u00e1 um fogo verdadeiro no inferno, que \u00e9 fogo realmente e esse fogo queima a alma.<\/span><\/strong><\/p>\n<p>&nbsp;<\/p>\n<figure id=\"attachment_44056\" aria-describedby=\"caption-attachment-44056\" style=\"width: 254px\" class=\"wp-caption alignleft\"><img loading=\"lazy\" class=\"wp-image-44056 size-medium\" src=\"http:\/\/www.adf.org.br\/home\/wp-content\/uploads\/2017\/05\/Videntes_de_Fatima_apos_visao_do_Inferno-254x300.jpg\" alt=\"Videntes de F\u00e1tima ap\u00f3s a vis\u00e3o do inferno.\" width=\"254\" height=\"300\" \/><figcaption id=\"caption-attachment-44056\" class=\"wp-caption-text\">Videntes de F\u00e1tima ap\u00f3s a vis\u00e3o do inferno.<\/figcaption><\/figure>\n<p><span style=\"font-family: verdana, geneva, sans-serif; font-size: 12pt; color: #000000;\"><br \/>\nAlgu\u00e9m poder\u00e1 dizer: <\/span><\/p>\n<p><span style=\"font-family: verdana, geneva, sans-serif; font-size: 12pt; color: #000000;\">\u201cMas n\u00e3o posso compreender como sendo a alma espiritual, possa ser queimada pelo fogo\u201d.<\/span><\/p>\n<p><span style=\"font-family: verdana, geneva, sans-serif; font-size: 12pt; color: #000000;\"> \u00c9 muito f\u00e1cil compreender: <strong><span style=\"color: #000080;\">a alma espiritual n\u00e3o est\u00e1 ligada ao corpo? <\/span><\/strong><\/span><\/p>\n<p><span style=\"font-family: verdana, geneva, sans-serif; font-size: 12pt; color: #000000;\">Ela n\u00e3o est\u00e1 ligada, portanto, a algo de car\u00e1ter material? <\/span><\/p>\n<p style=\"padding-left: 90px;\"><strong><span style=\"font-family: verdana, geneva, sans-serif; font-size: 12pt; color: #000080;\"><br \/>\nSe ela est\u00e1 ligada \u00e0 mat\u00e9ria, por que ent\u00e3o n\u00e3o pode ser queimada por algo material? \u00c9 evidente!<\/span><\/strong><\/p>\n<p>&nbsp;<\/p>\n<p><span style=\"font-family: verdana, geneva, sans-serif; font-size: 12pt; color: #000000;\"><br \/>\nDesse fogo<b> Santo Afonso de Lig\u00f3rio diz <\/b>o seguinte:<\/span><\/p>\n<p><span style=\"font-family: verdana, geneva, sans-serif; font-size: 12pt; color: #000000;\">Que \u00e9 t\u00e3o terr\u00edvel, que <b>a pior chama da terra queima t\u00e3o pouco em compara\u00e7\u00e3o com esse fogo;<\/b><\/span><\/p>\n<p><span style=\"font-family: verdana, geneva, sans-serif; font-size: 12pt; color: #000000;\"><b>Como uma chama de pintura queima pouco, em compara\u00e7\u00e3o com uma chama real <\/b>da terra.<\/span><\/p>\n<p><span style=\"font-family: verdana, geneva, sans-serif; font-size: 12pt; color: #000000;\">Compreende-se, portanto, o seguinte: os piores fogos que aqui se v\u00eaem, n\u00e3o s\u00e3o t\u00e3o terr\u00edveis quanto o inferno.<\/span><\/p>\n<p style=\"padding-left: 90px;\"><strong><span style=\"font-family: verdana, geneva, sans-serif; font-size: 12pt; color: #000080;\"><br \/>\n\u00c9 uma medita\u00e7\u00e3o muito boa para ser feita. <\/span><\/strong><\/p>\n<p><span style=\"font-family: verdana, geneva, sans-serif; font-size: 12pt; color: #000000;\"><br \/>\nPor isto \u00e9 que Nossa Senhora quis que aparecesse esse fogo para os pecadores de hoje. <\/span><\/p>\n<p><span style=\"font-family: verdana, geneva, sans-serif; font-size: 12pt; color: #000000;\">Eu costumo, quando vejo alguma chama mais impressionante, lembrar-me do inferno e \u00e9 uma coisa que faz bem. <\/span><\/p>\n<p><span style=\"font-family: verdana, geneva, sans-serif; font-size: 12pt; color: #000000;\">Quando des\u00e7o, por exemplo, para Santos e vejo aquela chamin\u00e9 de Cubat\u00e3o;<\/span><\/p>\n<p><span style=\"font-family: verdana, geneva, sans-serif; font-size: 12pt; color: #000000;\">Com aquela impressionante labareda que sai, eu me agrado em pensar um pouco no inferno.<\/span><\/p>\n<p style=\"padding-left: 90px;\"><span style=\"font-family: verdana, geneva, sans-serif; font-size: 12pt; color: #800080;\"><br \/>\n<b>Aquele fogo est\u00e1 preparado para mim, est\u00e1 preparado para cada um, se n\u00e3o formos fi\u00e9is.<\/b><\/span><\/p>\n<p><span style=\"font-family: verdana, geneva, sans-serif; font-size: 12pt; color: #000000;\"><br \/>\nSanta Teresa de Jesus teve a gra\u00e7a de ver o lugar que estava reservado para ela no inferno, se n\u00e3o fosse fiel.<\/span><\/p>\n<p><span style=\"font-family: verdana, geneva, sans-serif; font-size: 12pt; color: #000000;\"> E era um lugar tremendo, como uma esp\u00e9cie de nicho de forno, de sepultura;<\/span><\/p>\n<p><span style=\"font-family: verdana, geneva, sans-serif; font-size: 12pt; color: #000000;\">Onde ela devia entrar dobrada, e ficar dobrada durante toda a eternidade, com o corpo dela, quando se desse a Ressurrei\u00e7\u00e3o dos mortos. <\/span><\/p>\n<p><span style=\"font-family: verdana, geneva, sans-serif; font-size: 12pt; color: #000000;\"><b>E faz bem, por exemplo<\/b>, quando a gente passa por nessas ruas que est\u00e3o em conserto;<\/span><\/p>\n<p><span style=\"font-family: verdana, geneva, sans-serif; font-size: 12pt; color: #000000;\">E que t\u00eam um piche ardendo dentro de uma esp\u00e9cie de balde;<\/span><\/p>\n<p><span style=\"font-family: verdana, geneva, sans-serif; font-size: 12pt; color: #000000;\">E que a gente v\u00ea aquele fogo saindo como uma chuva de piche, \u00e9 interessante <b>a gente pensar:<\/b><\/span><\/p>\n<p style=\"padding-left: 90px;\"><strong><span style=\"font-family: verdana, geneva, sans-serif; font-size: 12pt; color: #800080;\"><br \/>\n\u201cSe eu tivesse que ficar a noite inteira somente com um dedo queimando aqui;<\/span><\/strong><\/p>\n<p style=\"padding-left: 90px;\"><strong><span style=\"font-family: verdana, geneva, sans-serif; font-size: 12pt; color: #800080;\">Eu talvez amanhecesse morto de desespero e de dor!<span lang=\"it\">&#8220;<\/span><\/span><\/strong><\/p>\n<p><span style=\"font-family: verdana, geneva, sans-serif; font-size: 12pt; color: #000000;\"><span lang=\"PT-BR\"><br \/>\nAgora, isto com um fogo que \u00e9 uma coisinha, perto do fogo do inferno.<\/span><\/span><\/p>\n<p><span style=\"font-family: verdana, geneva, sans-serif; font-size: 12pt; color: #000000;\">O fogo do inferno \u00e9 terr\u00edvel e entra por toda a eternidade.<\/span><\/p>\n<p><span style=\"font-family: verdana, geneva, sans-serif; font-size: 12pt; color: #000000;\"> Vale a pena pensar nisto!<\/span><\/p>\n<p style=\"padding-left: 90px;\"><span style=\"font-family: verdana, geneva, sans-serif; font-size: 12pt; color: #000080;\"><br \/>\n<b>\u201cMedita nos nov\u00edssimos e n\u00e3o pecar\u00e1s eternamente\u201d<\/b>. <\/span><\/p>\n<p><span style=\"font-family: verdana, geneva, sans-serif; font-size: 12pt; color: #000000;\"><br \/>\nOra, os Nov\u00edssimos s\u00e3o: morte, ju\u00edzo, inferno e para\u00edso. <\/span><\/p>\n<p><span style=\"font-family: verdana, geneva, sans-serif; font-size: 12pt; color: #000000;\">Temos que pensar nessas quatro verdades, todas elas nos s\u00e3o necess\u00e1rias e aqui n\u00f3s vemos como Nossa Senhora estimula a medita\u00e7\u00e3o do inferno.<\/span><\/p>\n<p><span style=\"font-family: verdana, geneva, sans-serif; font-size: 12pt; color: #000000;\">E a\u00ed continua:<\/span><\/p>\n<p>&nbsp;<\/p>\n<blockquote>\n<blockquote><p><span style=\"font-family: verdana, geneva, sans-serif; font-size: 12pt; color: #000080;\"><i>\u201cUm mar de fogo e mergulhados nesse fogo do horror e das trevas\u201d.<\/i><\/span><\/p><\/blockquote>\n<blockquote><p><span style=\"font-family: verdana, geneva, sans-serif; font-size: 12pt; color: #000080;\">Ent\u00e3o, as figuras <i>\u201cque flutuavam no inc\u00eandio, levadas pelas chamas que delas mesmas sa\u00edam&#8230;\u201d<\/i><\/span><i><\/i><\/p><\/blockquote>\n<p>&nbsp;<\/p><\/blockquote>\n<p><span style=\"font-family: verdana, geneva, sans-serif; font-size: 12pt; color: #000000;\"><br \/>\nQue coisa horrorosa: s\u00e3o movidos pelas chamas que saem de dentro deles.<\/span><\/p>\n<p><span style=\"font-family: verdana, geneva, sans-serif; font-size: 12pt; color: #000000;\"> Queimam tanto, que deles saem labaredas! <\/span><\/p>\n<p style=\"padding-left: 90px;\"><strong><span style=\"font-family: verdana, geneva, sans-serif; font-size: 12pt; color: #000080;\"><br \/>\nIsto \u00e9 diferente de queimar de fora para dentro. <\/span><\/strong><\/p>\n<p><span style=\"font-family: verdana, geneva, sans-serif; font-size: 12pt; color: #000000;\"><br \/>\n\u00c9 ter nas pr\u00f3prias entranhas um fogo que queima de um modo horroroso, n\u00e3o devora nada, e andam pelo impulso desse calor.<\/span><\/p>\n<p><span style=\"font-family: verdana, geneva, sans-serif; font-size: 12pt; color: #000000;\">Imagine o tormento que isto representa.<\/span><\/p>\n<p>&nbsp;<\/p>\n<blockquote><p>&nbsp;<\/p>\n<blockquote><p><i><\/i><span style=\"font-family: verdana, geneva, sans-serif; font-size: 12pt; color: #800080;\"><i>\u201c&#8230;juntamente com nuvens de fumo, caindo para todos os lados&#8230;\u201d<\/i><\/span><\/p><\/blockquote>\n<\/blockquote>\n<p><span style=\"font-family: verdana, geneva, sans-serif; font-size: 12pt; color: #000000;\"><br \/>\nImagine uma doen\u00e7a na qual a pessoa come\u00e7asse a deitar nuvens de fuma\u00e7a e chamas;<\/span><\/p>\n<p><span style=\"font-family: verdana, geneva, sans-serif; font-size: 12pt; color: #000000;\">E que a pessoa depois fosse cambaleando entre as chamas e andando. <\/span><\/p>\n<p><span style=\"font-family: verdana, geneva, sans-serif; font-size: 12pt; color: #000000;\">Podem imaginar o medo que todos teriam desse cont\u00e1gio? <\/span><\/p>\n<p><span style=\"font-family: verdana, geneva, sans-serif; font-size: 12pt; color: #000000;\">Se houvesse um comprimido para evitar essa doen\u00e7a, como esse comprimido seria \u00f3timo neg\u00f3cio e todos queriam compr\u00e1-lo?<\/span><\/p>\n<p><span style=\"font-family: verdana, geneva, sans-serif; font-size: 12pt; color: #000000;\"><b>Entretanto, vejam como estamos:<\/b><\/span><\/p>\n<p style=\"padding-left: 90px;\"><span style=\"font-family: verdana, geneva, sans-serif; font-size: 12pt; color: #800080;\"><b><br \/>\nO homem \u00e9 t\u00e3o cego, que n\u00e3o tem medo de fazer frente ao pior sofrimento por toda eternidade.<\/b><\/span><\/p>\n<p><span style=\"font-family: verdana, geneva, sans-serif; font-size: 12pt; color: #000000;\"><br \/>\nMas <b>essa vis\u00e3o foi um dom de Nossa Senhora<\/b>. <\/span><\/p>\n<p><span style=\"font-family: verdana, geneva, sans-serif; font-size: 12pt; color: #000000;\">Se <b>Nossa Senhora<\/b> quis dar essa vis\u00e3o, quis que ela tivesse se dado, <b>quis para o bem de nossa alma<\/b>. <\/span><\/p>\n<p><span style=\"font-family: verdana, geneva, sans-serif; font-size: 12pt; color: #000000;\">N\u00f3s devemos fazer disso um tesouro e devemos meditar nestas coisas ponto por ponto, pois isto nos auxilia e nos aproxima d&#8217;Ela.<\/span><\/p>\n<p><span style=\"font-family: verdana, geneva, sans-serif; font-size: 12pt; color: #000000;\"> Depois, para o pecador empedernido que se move pela considera\u00e7\u00e3o do inferno. <\/span><\/p>\n<p style=\"padding-left: 90px;\"><span style=\"font-family: verdana, geneva, sans-serif; font-size: 12pt; color: #800080;\"><b><br \/>\nOs filhos da Revolu\u00e7\u00e3o s\u00e3o empedernidos por defini\u00e7\u00e3o e sem a considera\u00e7\u00e3o do inferno, eles n\u00e3o se salvam.<\/b> <\/span><\/p>\n<p><span style=\"font-family: verdana, geneva, sans-serif; font-size: 12pt; color: #000000;\"><br \/>\n\u00c9 por causa disto que <b>temos que tomar uma vis\u00e3o dessa e medit\u00e1-la ponto por ponto<\/b>, pedindo a Nossa Senhora a virtude do <b>temor de Deus<\/b>.<\/span><\/p>\n<p><span style=\"font-family: verdana, geneva, sans-serif; font-size: 12pt; color: #000000;\">H\u00e1 algum tempo atr\u00e1s, um m\u00e9dico me dizia que para morrer, uma pessoa n\u00e3o precisa estar doente h\u00e1 tempos. <\/span><\/p>\n<p style=\"padding-left: 90px;\"><strong><span style=\"font-family: verdana, geneva, sans-serif; font-size: 12pt; color: #000080;\"><br \/>\nH\u00e1 certas formas de doen\u00e7a que acometem a pessoa de um momento para outro e matam. <\/span><\/strong><\/p>\n<p><span style=\"font-family: verdana, geneva, sans-serif; font-size: 12pt; color: #000000;\"><br \/>\nN\u00e3o \u00e9 um enfarte. <\/span><\/p>\n<p><span style=\"font-family: verdana, geneva, sans-serif; font-size: 12pt; color: #000000;\">O enfarte tem causas mais ou menos pr\u00f3ximas ou remotas; ele \u00e9 repentino, mas tem uma longa g\u00eanese no organismo. <\/span><\/p>\n<p><span style=\"font-family: verdana, geneva, sans-serif; font-size: 12pt; color: #000000;\">H\u00e1 uma doen\u00e7a chamada embolia, que parece ser uma part\u00edcula que se desprende de algum lugar do organismo, que mata o homem instantaneamente.<\/span><\/p>\n<p><span style=\"font-family: verdana, geneva, sans-serif; font-size: 12pt; color: #000000;\"> E d\u00e1 de um momento para outro; pode dar em qualquer um de n\u00f3s. <\/span><\/p>\n<p style=\"padding-left: 90px;\"><strong><span style=\"font-family: verdana, geneva, sans-serif; font-size: 12pt; color: #000080;\"><br \/>\nQuem sabe se um de n\u00f3s amanhece morto amanh\u00e3? <\/span><\/strong><\/p>\n<p style=\"padding-left: 90px;\"><strong><span style=\"font-family: verdana, geneva, sans-serif; font-size: 12pt; color: #000080;\">Quem de n\u00f3s sabe se vai estar vivo quando se levantar? <\/span><\/strong><\/p>\n<p><span style=\"font-family: verdana, geneva, sans-serif; font-size: 12pt; color: #000000;\"><br \/>\nFato comum: Fulano morreu! Bateram na porta, ele n\u00e3o respondeu. <\/span><\/p>\n<p><span style=\"font-family: verdana, geneva, sans-serif; font-size: 12pt; color: #000000;\">A criada ficou nervosa, chamou o pai, chamou a m\u00e3e&#8230; entraram, ele estava morto! N\u00e3o \u00e9 imposs\u00edvel!<\/span><\/p>\n<p><span style=\"font-family: verdana, geneva, sans-serif; font-size: 12pt; color: #000000;\">Ent\u00e3o:<\/span><\/p>\n<p>&nbsp;<\/p>\n<blockquote>\n<blockquote><p><span style=\"font-family: verdana, geneva, sans-serif; font-size: 12pt; color: #800080;\"><i>\u201c&#8230;entre gritos de desespero que nos horrorizavam e enchiam de pavor. <\/i><\/span><\/p><\/blockquote>\n<blockquote><p><span style=\"font-family: verdana, geneva, sans-serif; font-size: 12pt; color: #800080;\"><i>Os dem\u00f4nios se apresentavam como figuras asquerosas de animais espantosos e desconhecidos, transparentes como negros carv\u00f5es em brasa\u201d.<\/i><\/span><i><\/i><\/p><\/blockquote>\n<p>&nbsp;<\/p><\/blockquote>\n<p><span style=\"font-family: verdana, geneva, sans-serif; font-size: 12pt; color: #000000;\"><br \/>\nMuito nojento \u00e9 esmagar alguma taturana ou algum bicho desses. <\/span><\/p>\n<p><span style=\"font-family: verdana, geneva, sans-serif; font-size: 12pt; color: #000000;\">Sai uma gosma horrorosa de dentro. Fica-se com pavor daquilo. <\/span><\/p>\n<p><span style=\"font-family: verdana, geneva, sans-serif; font-size: 12pt; color: #000000;\">Imagine um homem que tivesse que passar a eternidade banhado inteiro no suco asqueroso de uma taturana! <\/span><\/p>\n<p><span style=\"font-family: verdana, geneva, sans-serif; font-size: 12pt; color: #000000;\">Seria uma vis\u00e3o horr\u00edvel! <\/span><\/p>\n<p><span style=\"font-family: verdana, geneva, sans-serif; font-size: 12pt; color: #000000;\">\u00c9 menos que o nojo do dem\u00f4nio, porque o dem\u00f4nio \u00e9 asqueroso, \u00e9 porco, \u00e9 todo deformado, \u00e9 monstruoso em todos os aspectos.<\/span><\/p>\n<p style=\"padding-left: 90px;\"><span style=\"font-family: verdana, geneva, sans-serif; font-size: 12pt; color: #800080;\"><br \/>\n<b>E \u00e9 esse um inimigo que nos atrai a si e \u00e9 por causa de tantos \u201cbarrab\u00e1s\u201d, que n\u00f3s o preferimos <\/b><b><span lang=\"it\">a<\/span><span lang=\"PT-BR\"> Nosso Senhor Jesus Cristo.<\/span><\/b><\/span><\/p>\n<p><span style=\"font-family: verdana, geneva, sans-serif; font-size: 12pt; color: #000000;\"><sup><br \/>\n<\/sup><sup>Nossa Senhora disse \u00e0 L\u00facia:<\/sup><\/span><\/p>\n<p>&nbsp;<\/p>\n<blockquote><p>&nbsp;<\/p>\n<blockquote><p><i><\/i><span style=\"font-family: verdana, geneva, sans-serif; font-size: 12pt; color: #000080;\"><i>\u00a0\u201cVistes o inferno para onde v\u00e3o as almas dos pobres pecadores. <\/i><\/span><\/p><\/blockquote>\n<blockquote><p><span style=\"font-family: verdana, geneva, sans-serif; font-size: 12pt; color: #000080;\"><i>Para as salvar, Deus quer estabelecer no mundo a devo\u00e7\u00e3o ao meu Imaculado Cora\u00e7\u00e3o\u201d.<\/i><\/span><\/p><\/blockquote>\n<\/blockquote>\n<p><span style=\"font-family: verdana, geneva, sans-serif; font-size: 12pt; color: #000000;\"><br \/>\nPortanto:<\/span><\/p>\n<p style=\"padding-left: 90px;\"><span style=\"font-family: verdana, geneva, sans-serif; font-size: 12pt; color: #800080;\"><b><br \/>\nSe queremos nos salvar, dependemos da devo\u00e7\u00e3o ao Imaculado Cora\u00e7\u00e3o de Maria<\/b>.<\/span><\/p>\n<blockquote>\n<blockquote><p><span style=\"font-family: verdana, geneva, sans-serif; font-size: 12pt; color: #000000;\"><br \/>\n<span style=\"color: #800080;\">\u201cSe fizerem o que eu disser, salvar-se-\u00e3o muitas almas e ter\u00e3o paz.<\/span><\/span><\/p><\/blockquote>\n<blockquote><p><span style=\"font-family: verdana, geneva, sans-serif; font-size: 12pt; color: #800080;\"> A guerra vai acabar\u201d etc.,<\/span><\/p><\/blockquote>\n<\/blockquote>\n<p><span style=\"font-family: verdana, geneva, sans-serif; font-size: 12pt; color: #000000;\"><br \/>\nChamo aten\u00e7\u00e3o para Nossa Senhora ter dado <b>\u00eanfase especial \u00e0 devo\u00e7\u00e3o ao Imaculado Cora\u00e7\u00e3o d&#8217;Ela;<\/b><\/span><\/p>\n<p><span style=\"font-family: verdana, geneva, sans-serif; font-size: 12pt; color: #000000;\">Que era uma devo\u00e7\u00e3o relativamente pouco espalhada na Igreja.<\/span><\/p>\n<p style=\"padding-left: 90px;\"><strong><span style=\"font-family: verdana, geneva, sans-serif; font-size: 12pt; color: #800080;\"><br \/>\nEssa devo\u00e7\u00e3o \u00e9 pouco espalhada na Igreja. <\/span><\/strong><\/p>\n<p><span style=\"font-family: verdana, geneva, sans-serif; font-size: 12pt; color: #000000;\"><br \/>\nA bem dizer, ela data do s\u00e9culo XVI.<\/span><\/p>\n<p><span style=\"font-family: verdana, geneva, sans-serif; font-size: 12pt; color: #000000;\"> <b>V\u00ea-se ent\u00e3o que \u00e9 uma dessas maravilhas de gra\u00e7a, que Nossa Senhora reservou para esse tempo de afli\u00e7\u00e3o.<\/b><\/span><\/p>\n<p><span style=\"font-family: verdana, geneva, sans-serif; font-size: 12pt; color: #000000;\"><b> <\/b>E Ela especialmente indica que:<\/span><\/p>\n<p style=\"padding-left: 90px;\"><span style=\"font-family: verdana, geneva, sans-serif; font-size: 12pt; color: #800080;\"><b><br \/>\nDevemos ter devo\u00e7\u00e3o ao Imaculado Cora\u00e7\u00e3o d&#8217;Ela para nos salvar dos nossos pecados e;<\/b><\/span><\/p>\n<p style=\"padding-left: 90px;\"><span style=\"font-family: verdana, geneva, sans-serif; font-size: 12pt; color: #800080;\"><b>Em especial do pecado da Revolu\u00e7\u00e3o, das ra\u00edzes do pecado da Revolu\u00e7\u00e3o, que s\u00e3o o orgulho e a impureza.<\/b><\/span><\/p>\n<p><span style=\"font-family: verdana, geneva, sans-serif; font-size: 12pt; color: #000000;\"><b><br \/>\nSe algu\u00e9m quer vencer o dem\u00f4nio do orgulho, o dem\u00f4nio da impureza<\/b>, <b>consagre-se ao Imaculado Cora\u00e7\u00e3o de Maria;<\/b><\/span><\/p>\n<p><span style=\"font-family: verdana, geneva, sans-serif; font-size: 12pt; color: #000000;\">E fa\u00e7a uma jaculat\u00f3ria, por exemplo, ao Cora\u00e7\u00e3o de Maria, an\u00e1loga \u00e0 que se faz ao Sagrado Cora\u00e7\u00e3o de Jesus. <\/span><\/p>\n<p><span style=\"font-family: verdana, geneva, sans-serif; font-size: 12pt; color: #000000;\">H\u00e1 aquela jaculat\u00f3ria muito bonita:<\/span><\/p>\n<p style=\"padding-left: 90px;\"><strong><span style=\"font-family: verdana, geneva, sans-serif; font-size: 12pt; color: #000080;\"><br \/>\n\u201c\u00d3 Jesus, manso e humilde de cora\u00e7\u00e3o, fazei meu cora\u00e7\u00e3o semelhante ao Vosso\u201d.<\/span><\/strong><\/p>\n<p><span style=\"font-family: verdana, geneva, sans-serif; font-size: 12pt; color: #000000;\"><br \/>\nPodemos dizer isto a Nossa Senhora:<\/span><\/p>\n<p style=\"padding-left: 90px;\"><strong><span style=\"font-family: verdana, geneva, sans-serif; font-size: 12pt; color: #800080;\"><br \/>\n\u201c\u00d3 Maria, mansa e humilde de cora\u00e7\u00e3o, fazei nosso cora\u00e7\u00e3o contra-revolucion\u00e1rio e humilde semelhante ao Vosso\u201d.<\/span><\/strong><\/p>\n<p><span style=\"font-family: verdana, geneva, sans-serif; font-size: 12pt; color: #000000;\"><br \/>\nOu \u201c\u00d3 Maria, combativa e humilde de Cora\u00e7\u00e3o, fazei nosso cora\u00e7\u00e3o combativo e humilde como o Vosso\u201d.<\/span><\/p>\n<p><span style=\"font-family: verdana, geneva, sans-serif; font-size: 12pt; color: #000000;\">E essa me parece que seria a jaculat\u00f3ria melhor: <\/span><\/p>\n<h5 style=\"padding-left: 90px;\"><span style=\"font-family: verdana, geneva, sans-serif; font-size: 12pt; color: #000000;\"><b><br \/>\n\u201c\u00d3 Imaculado Cora\u00e7\u00e3o de Maria, que sois sem mancha, fazei-me sem mancha como sois V\u00f3s mesmo\u201d<\/b>.<\/span><\/h5>\n<p><span style=\"font-family: verdana, geneva, sans-serif; font-size: 12pt; color: #000000;\"><br \/>\nA\u00ed est\u00e3o <span style=\"color: #000080;\"><b>jaculat\u00f3rias para extirpar em n\u00f3s o dem\u00f4nio da Revolu\u00e7\u00e3o<\/b><\/span>.<\/span><\/p>\n<p>&nbsp;<\/p>\n<p><span style=\"font-size: 10pt;\"><em><span style=\"font-family: verdana, geneva, sans-serif; color: #000000;\">\u00a0&#8211; Artigo baseado sobre o original, de uma confer\u00eancia do Prof. Plinio Corr\u00eaa de Oliveira, no dia 15 de julho de 1967, sem revis\u00e3o do autor.<\/span><\/em><\/span><\/p>\n<p><span style=\"font-size: 10pt;\"><em><span style=\"font-family: verdana, geneva, sans-serif; color: #000000;\">\u00a0&#8211; As palavras<strong> Revolu\u00e7\u00e3o<\/strong> e <strong>Contra-Revolu\u00e7\u00e3o<\/strong>, est\u00e3o empregas no sentido dado pelo Prof. Plinio Corr\u00eaa de Oliveira, na Obra: <strong>&#8220;Revolu\u00e7\u00e3o e Contra-Revolu\u00e7\u00e3o&#8221;<\/strong>.<\/span><\/em><\/span><\/p>\n<p><span style=\"font-family: verdana, geneva, sans-serif; font-size: 12pt; color: #ffffff;\">.<\/span><br \/>\n<span style=\"font-size: 10pt;\"><em><span style=\"font-family: verdana, geneva, sans-serif; color: #000000;\">Fonte: pliniocorreadeoliveira.inf<\/span><\/em><\/span><\/p>\n<p style=\"text-align: center;\"><span style=\"font-family: verdana, geneva, sans-serif; font-size: 12pt; color: #ffffff;\">.<\/span><br \/>\n<span style=\"font-family: verdana, geneva, sans-serif; font-size: 12pt; color: #ffffff;\">.<\/span><br \/>\n<strong><span style=\"font-family: verdana, geneva, sans-serif; font-size: 12pt; color: #000000;\">* \u00a0* \u00a0*<\/span><\/strong><\/p>\n<p style=\"text-align: center;\"><span style=\"color: #ffffff;\">.<\/span><br \/>\n<a href=\"https:\/\/adf.org.br\/minhaoferta\/?origem=6667\" target=\"_blank\" rel=\"noopener noreferrer\"><img loading=\"lazy\" class=\"aligncenter wp-image-46710 size-full\" title=\"bot\u00e3o sacolinha adf\" src=\"http:\/\/www.adf.org.br\/home\/wp-content\/uploads\/2017\/05\/bt_oferta_ADF-3-1-1.png\" alt=\"bt_oferta_ADF-3 (1)\" width=\"600\" height=\"190\" \/><\/a><\/p>\n","protected":false},"excerpt":{"rendered":"<p>Nossa Senhora acabara de recomendar a ora\u00e7\u00e3o pelos pecadores, [e] apareceu a vis\u00e3o do inferno.<\/p>\n","protected":false},"author":31,"featured_media":46712,"comment_status":"open","ping_status":"open","sticky":false,"template":"","format":"standard","meta":[],"categories":[20],"tags":[2150,2223,1972,282,1195,563],"yoast_head":"<!-- This site is optimized with the Yoast SEO plugin v17.4 - https:\/\/yoast.com\/wordpress\/plugins\/seo\/ -->\n<title>A 3\u00aa Apari\u00e7\u00e3o de Nossa Senhora de F\u00e1tima: vis\u00e3o do Inferno<\/title>\n<meta name=\"description\" content=\"A 3\u00aa Apari\u00e7\u00e3o de Nossa Senhora de F\u00e1tima: vis\u00e3o do Inferno, uma explica\u00e7\u00e3o do Prof. Plinio Corr\u00eaa de Oliveira sobre esta vis\u00e3o.\" \/>\n<meta name=\"robots\" content=\"index, follow, max-snippet:-1, max-image-preview:large, max-video-preview:-1\" \/>\n<link rel=\"canonical\" href=\"https:\/\/www.adf.org.br\/home\/aparicao-fatima\/\" \/>\n<meta property=\"og:locale\" content=\"pt_BR\" \/>\n<meta property=\"og:type\" content=\"article\" \/>\n<meta property=\"og:title\" content=\"A 3\u00aa Apari\u00e7\u00e3o de Nossa Senhora de F\u00e1tima: vis\u00e3o do Inferno\" \/>\n<meta property=\"og:description\" content=\"A 3\u00aa Apari\u00e7\u00e3o de Nossa Senhora de F\u00e1tima: vis\u00e3o do Inferno, uma explica\u00e7\u00e3o do Prof. Plinio Corr\u00eaa de Oliveira sobre esta vis\u00e3o.\" \/>\n<meta property=\"og:url\" content=\"https:\/\/www.adf.org.br\/home\/aparicao-fatima\/\" \/>\n<meta property=\"og:site_name\" content=\"Associa\u00e7\u00e3o Devotos de F\u00e1tima\" \/>\n<meta property=\"article:published_time\" content=\"2018-05-12T03:00:49+00:00\" \/>\n<meta name=\"twitter:card\" content=\"summary_large_image\" \/>\n<meta name=\"twitter:label1\" content=\"Escrito por\" \/>\n\t<meta name=\"twitter:data1\" content=\"Gabriel Barbosa\" \/>\n\t<meta name=\"twitter:label2\" content=\"Est. tempo de leitura\" \/>\n\t<meta name=\"twitter:data2\" content=\"8 minutos\" \/>\n<script type=\"application\/ld+json\" class=\"yoast-schema-graph\">{\"@context\":\"https:\/\/schema.org\",\"@graph\":[{\"@type\":\"WebSite\",\"@id\":\"https:\/\/www.adf.org.br\/home\/#website\",\"url\":\"https:\/\/www.adf.org.br\/home\/\",\"name\":\"Associa\\u00e7\\u00e3o Devotos de F\\u00e1tima\",\"description\":\"Associa\\u00e7\\u00e3o Devotos de F\\u00e1tima\",\"potentialAction\":[{\"@type\":\"SearchAction\",\"target\":{\"@type\":\"EntryPoint\",\"urlTemplate\":\"https:\/\/www.adf.org.br\/home\/?s={search_term_string}\"},\"query-input\":\"required name=search_term_string\"}],\"inLanguage\":\"pt-BR\"},{\"@type\":\"ImageObject\",\"@id\":\"https:\/\/www.adf.org.br\/home\/aparicao-fatima\/#primaryimage\",\"inLanguage\":\"pt-BR\",\"url\":\"\",\"contentUrl\":\"\"},{\"@type\":\"WebPage\",\"@id\":\"https:\/\/www.adf.org.br\/home\/aparicao-fatima\/#webpage\",\"url\":\"https:\/\/www.adf.org.br\/home\/aparicao-fatima\/\",\"name\":\"A 3\\u00aa Apari\\u00e7\\u00e3o de Nossa Senhora de F\\u00e1tima: vis\\u00e3o do Inferno\",\"isPartOf\":{\"@id\":\"https:\/\/www.adf.org.br\/home\/#website\"},\"primaryImageOfPage\":{\"@id\":\"https:\/\/www.adf.org.br\/home\/aparicao-fatima\/#primaryimage\"},\"datePublished\":\"2018-05-12T03:00:49+00:00\",\"dateModified\":\"2018-05-12T03:00:49+00:00\",\"author\":{\"@id\":\"https:\/\/www.adf.org.br\/home\/#\/schema\/person\/f35a5c5aa7728a3dedf4ea9aa1fc2753\"},\"description\":\"A 3\\u00aa Apari\\u00e7\\u00e3o de Nossa Senhora de F\\u00e1tima: vis\\u00e3o do Inferno, uma explica\\u00e7\\u00e3o do Prof. Plinio Corr\\u00eaa de Oliveira sobre esta vis\\u00e3o.\",\"breadcrumb\":{\"@id\":\"https:\/\/www.adf.org.br\/home\/aparicao-fatima\/#breadcrumb\"},\"inLanguage\":\"pt-BR\",\"potentialAction\":[{\"@type\":\"ReadAction\",\"target\":[\"https:\/\/www.adf.org.br\/home\/aparicao-fatima\/\"]}]},{\"@type\":\"BreadcrumbList\",\"@id\":\"https:\/\/www.adf.org.br\/home\/aparicao-fatima\/#breadcrumb\",\"itemListElement\":[{\"@type\":\"ListItem\",\"position\":1,\"name\":\"Home\",\"item\":\"https:\/\/www.adf.org.br\/home\/\"},{\"@type\":\"ListItem\",\"position\":2,\"name\":\"A 3\\u00aa Apari\\u00e7\\u00e3o de Nossa Senhora de F\\u00e1tima: vis\\u00e3o do Inferno.\"}]},{\"@type\":\"Person\",\"@id\":\"https:\/\/www.adf.org.br\/home\/#\/schema\/person\/f35a5c5aa7728a3dedf4ea9aa1fc2753\",\"name\":\"Gabriel Barbosa\",\"image\":{\"@type\":\"ImageObject\",\"@id\":\"https:\/\/www.adf.org.br\/home\/#personlogo\",\"inLanguage\":\"pt-BR\",\"url\":\"https:\/\/secure.gravatar.com\/avatar\/2b2cb2f4637682c5605e8d36818f51ef?s=96&d=mm&r=g\",\"contentUrl\":\"https:\/\/secure.gravatar.com\/avatar\/2b2cb2f4637682c5605e8d36818f51ef?s=96&d=mm&r=g\",\"caption\":\"Gabriel Barbosa\"},\"url\":\"https:\/\/www.adf.org.br\/home\/author\/gabrielpmk-com-br\/\"}]}<\/script>\n<!-- \/ Yoast SEO plugin. -->","yoast_head_json":{"title":"A 3\u00aa Apari\u00e7\u00e3o de Nossa Senhora de F\u00e1tima: vis\u00e3o do Inferno","description":"A 3\u00aa Apari\u00e7\u00e3o de Nossa Senhora de F\u00e1tima: vis\u00e3o do Inferno, uma explica\u00e7\u00e3o do Prof. Plinio Corr\u00eaa de Oliveira sobre esta vis\u00e3o.","robots":{"index":"index","follow":"follow","max-snippet":"max-snippet:-1","max-image-preview":"max-image-preview:large","max-video-preview":"max-video-preview:-1"},"canonical":"https:\/\/www.adf.org.br\/home\/aparicao-fatima\/","og_locale":"pt_BR","og_type":"article","og_title":"A 3\u00aa Apari\u00e7\u00e3o de Nossa Senhora de F\u00e1tima: vis\u00e3o do Inferno","og_description":"A 3\u00aa Apari\u00e7\u00e3o de Nossa Senhora de F\u00e1tima: vis\u00e3o do Inferno, uma explica\u00e7\u00e3o do Prof. Plinio Corr\u00eaa de Oliveira sobre esta vis\u00e3o.","og_url":"https:\/\/www.adf.org.br\/home\/aparicao-fatima\/","og_site_name":"Associa\u00e7\u00e3o Devotos de F\u00e1tima","article_published_time":"2018-05-12T03:00:49+00:00","twitter_card":"summary_large_image","twitter_misc":{"Escrito por":"Gabriel Barbosa","Est. tempo de leitura":"8 minutos"},"schema":{"@context":"https:\/\/schema.org","@graph":[{"@type":"WebSite","@id":"https:\/\/www.adf.org.br\/home\/#website","url":"https:\/\/www.adf.org.br\/home\/","name":"Associa\u00e7\u00e3o Devotos de F\u00e1tima","description":"Associa\u00e7\u00e3o Devotos de F\u00e1tima","potentialAction":[{"@type":"SearchAction","target":{"@type":"EntryPoint","urlTemplate":"https:\/\/www.adf.org.br\/home\/?s={search_term_string}"},"query-input":"required name=search_term_string"}],"inLanguage":"pt-BR"},{"@type":"ImageObject","@id":"https:\/\/www.adf.org.br\/home\/aparicao-fatima\/#primaryimage","inLanguage":"pt-BR","url":"","contentUrl":""},{"@type":"WebPage","@id":"https:\/\/www.adf.org.br\/home\/aparicao-fatima\/#webpage","url":"https:\/\/www.adf.org.br\/home\/aparicao-fatima\/","name":"A 3\u00aa Apari\u00e7\u00e3o de Nossa Senhora de F\u00e1tima: vis\u00e3o do Inferno","isPartOf":{"@id":"https:\/\/www.adf.org.br\/home\/#website"},"primaryImageOfPage":{"@id":"https:\/\/www.adf.org.br\/home\/aparicao-fatima\/#primaryimage"},"datePublished":"2018-05-12T03:00:49+00:00","dateModified":"2018-05-12T03:00:49+00:00","author":{"@id":"https:\/\/www.adf.org.br\/home\/#\/schema\/person\/f35a5c5aa7728a3dedf4ea9aa1fc2753"},"description":"A 3\u00aa Apari\u00e7\u00e3o de Nossa Senhora de F\u00e1tima: vis\u00e3o do Inferno, uma explica\u00e7\u00e3o do Prof. Plinio Corr\u00eaa de Oliveira sobre esta vis\u00e3o.","breadcrumb":{"@id":"https:\/\/www.adf.org.br\/home\/aparicao-fatima\/#breadcrumb"},"inLanguage":"pt-BR","potentialAction":[{"@type":"ReadAction","target":["https:\/\/www.adf.org.br\/home\/aparicao-fatima\/"]}]},{"@type":"BreadcrumbList","@id":"https:\/\/www.adf.org.br\/home\/aparicao-fatima\/#breadcrumb","itemListElement":[{"@type":"ListItem","position":1,"name":"Home","item":"https:\/\/www.adf.org.br\/home\/"},{"@type":"ListItem","position":2,"name":"A 3\u00aa Apari\u00e7\u00e3o de Nossa Senhora de F\u00e1tima: vis\u00e3o do Inferno."}]},{"@type":"Person","@id":"https:\/\/www.adf.org.br\/home\/#\/schema\/person\/f35a5c5aa7728a3dedf4ea9aa1fc2753","name":"Gabriel Barbosa","image":{"@type":"ImageObject","@id":"https:\/\/www.adf.org.br\/home\/#personlogo","inLanguage":"pt-BR","url":"https:\/\/secure.gravatar.com\/avatar\/2b2cb2f4637682c5605e8d36818f51ef?s=96&d=mm&r=g","contentUrl":"https:\/\/secure.gravatar.com\/avatar\/2b2cb2f4637682c5605e8d36818f51ef?s=96&d=mm&r=g","caption":"Gabriel Barbosa"},"url":"https:\/\/www.adf.org.br\/home\/author\/gabrielpmk-com-br\/"}]}},"_links":{"self":[{"href":"https:\/\/www.adf.org.br\/home\/wp-json\/wp\/v2\/posts\/44054"}],"collection":[{"href":"https:\/\/www.adf.org.br\/home\/wp-json\/wp\/v2\/posts"}],"about":[{"href":"https:\/\/www.adf.org.br\/home\/wp-json\/wp\/v2\/types\/post"}],"author":[{"embeddable":true,"href":"https:\/\/www.adf.org.br\/home\/wp-json\/wp\/v2\/users\/31"}],"replies":[{"embeddable":true,"href":"https:\/\/www.adf.org.br\/home\/wp-json\/wp\/v2\/comments?post=44054"}],"version-history":[{"count":0,"href":"https:\/\/www.adf.org.br\/home\/wp-json\/wp\/v2\/posts\/44054\/revisions"}],"wp:featuredmedia":[{"embeddable":true,"href":"https:\/\/www.adf.org.br\/home\/wp-json\/wp\/v2\/media\/46712"}],"wp:attachment":[{"href":"https:\/\/www.adf.org.br\/home\/wp-json\/wp\/v2\/media?parent=44054"}],"wp:term":[{"taxonomy":"category","embeddable":true,"href":"https:\/\/www.adf.org.br\/home\/wp-json\/wp\/v2\/categories?post=44054"},{"taxonomy":"post_tag","embeddable":true,"href":"https:\/\/www.adf.org.br\/home\/wp-json\/wp\/v2\/tags?post=44054"}],"curies":[{"name":"wp","href":"https:\/\/api.w.org\/{rel}","templated":true}]}}